{"id":17576,"date":"2017-02-01T17:43:43","date_gmt":"2017-02-01T14:43:43","guid":{"rendered":"http:\/\/balcilar-blog.com\/?p=17576"},"modified":"2017-02-01T18:28:37","modified_gmt":"2017-02-01T15:28:37","slug":"bu-sehir-arkandan-gelecek-ali-ile-derin-ask-sarhosu","status":"publish","type":"post","link":"https:\/\/balcilar-blog.com\/?p=17576","title":{"rendered":"Bu \u015eehir Arkandan Gelecek \/ Ali ile Derin a\u015fk sarho\u015fu!"},"content":{"rendered":"<div tabindex=\"-1\">\n<div tabindex=\"-1\">\n<div tabindex=\"0\">\n<div class=\"_rp_65\" tabindex=\"-1\">\n<div class=\"_rp_J4 ms-border-color-neutralLight ShowReferenceAttachmentsLinks ShowConsesusSchedulingLink\" tabindex=\"-1\">\n<div class=\"_rp_V4\">\n<div>\n<div id=\"Item.MessagePartBody\" class=\"_rp_L4\">\n<div id=\"Item.MessageUniqueBody\" class=\"_rp_M4 ms-font-weight-regular ms-font-color-neutralDark rpHighlightAllClass rpHighlightBodyClass\" tabindex=\"0\">\n<div class=\"rps_8820\">\n<div dir=\"ltr\">\n<p><img loading=\"lazy\" decoding=\"async\" class=\"alignnone size-full wp-image-17580\" src=\"http:\/\/balcilar-blog.com\/wp-content\/uploads\/2017\/02\/5-4.jpg\" alt=\"5 (4)\" width=\"640\" height=\"360\" srcset=\"https:\/\/balcilar-blog.com\/wp-content\/uploads\/2017\/02\/5-4.jpg 640w, https:\/\/balcilar-blog.com\/wp-content\/uploads\/2017\/02\/5-4-300x169.jpg 300w\" sizes=\"auto, (max-width: 640px) 100vw, 640px\" \/><\/p>\n<p>Ay Yap\u0131m imzal\u0131, ba\u015f rollerini Kerem B\u00fcrsin, Leyla Lydia Tu\u011futlu, G\u00fcrkan U\u011fur ve Defne Kayalar\u0131n oynad\u0131\u011f\u0131 Bu \u015eehir Arkandan Gelecek bu ak\u015fam Atv ekranlar\u0131nda olacak.<\/p>\n<p><strong>\u015eAMP\u0130YON&#8217;UN \u015eARTLI TAHL\u0130YES\u0130 SONA MI ER\u0130YOR!<\/strong><\/p>\n<p>\u015eahin, Ali&#8217;yi kanunsuz bir boks kar\u015f\u0131la\u015fmas\u0131nda can\u0131ndan etmek isteyen Tekin&#8217;in evine gidecek.<\/p>\n<p>Sert ge\u00e7ecek y\u00fczle\u015fmenin ard\u0131ndan \u015eahin&#8217;den \u015fikayet\u00e7i olan Tekin, onun g\u00f6zalt\u0131na al\u0131nmas\u0131 i\u00e7in \u015fikayet\u00e7i olacak. Ali&#8217;nin, \u015eahin&#8217;in \u00f6z o\u011flu oldu\u011funu \u00f6\u011frenen Tekin, ge\u00e7mi\u015fte ya\u015fananlar\u0131 k\u0131z\u0131 Derin&#8217;in \u00f6\u011frenmemesi i\u00e7in \u00e7ok korkacak ve \u015eahin&#8217;in \u015fartl\u0131 tahliyesini yakarak parmakl\u0131klar ard\u0131na geri d\u00f6nmesi i\u00e7in g\u00f6z\u00fcn\u00fc karartacak.<\/p>\n<p><img loading=\"lazy\" decoding=\"async\" class=\"alignnone size-full wp-image-17578\" src=\"http:\/\/balcilar-blog.com\/wp-content\/uploads\/2017\/02\/5-2.jpg\" alt=\"5 (2)\" width=\"640\" height=\"427\" srcset=\"https:\/\/balcilar-blog.com\/wp-content\/uploads\/2017\/02\/5-2.jpg 640w, https:\/\/balcilar-blog.com\/wp-content\/uploads\/2017\/02\/5-2-300x200.jpg 300w\" sizes=\"auto, (max-width: 640px) 100vw, 640px\" \/><\/p>\n<p>\u015eahin hapishaneye geri d\u00f6nmekten kurtulabilecek mi?, Tekin, \u015fikayetini nas\u0131l geri al\u0131r?<\/p>\n<p>Bu \u015eehir Arkandan Gelecek&#8217;in bu ak\u015fam yay\u0131nlanacak yeni b\u00f6l\u00fcm\u00fcne Ali ve Derin&#8217;in romantik sahneleri damga vuracak. Ali ve Derin a\u015fk sarho\u015fu mu oldular!<\/p>\n<p><img loading=\"lazy\" decoding=\"async\" class=\"alignnone size-full wp-image-17579\" src=\"http:\/\/balcilar-blog.com\/wp-content\/uploads\/2017\/02\/5-3.jpg\" alt=\"5 (3)\" width=\"640\" height=\"427\" srcset=\"https:\/\/balcilar-blog.com\/wp-content\/uploads\/2017\/02\/5-3.jpg 640w, https:\/\/balcilar-blog.com\/wp-content\/uploads\/2017\/02\/5-3-300x200.jpg 300w\" sizes=\"auto, (max-width: 640px) 100vw, 640px\" \/><\/p>\n<p>Dizinin yeni b\u00f6l\u00fcm\u00fcnde Derin, ya\u015fad\u0131\u011f\u0131 olaylardan etkilenen Ali&#8217;ye s\u00fcrpriz bir ak\u015fam yeme\u011fi d\u00fczenleyecek. B\u00f6l\u00fcmde ikilinin \u015eampiyon Spor Salonu&#8217;ndaki romantik sahneleri b\u00fcy\u00fck be\u011feni toplayacak.<\/p>\n<p><img loading=\"lazy\" decoding=\"async\" class=\"alignnone size-full wp-image-17577\" src=\"http:\/\/balcilar-blog.com\/wp-content\/uploads\/2017\/02\/5-1.jpg\" alt=\"5 (1)\" width=\"640\" height=\"427\" srcset=\"https:\/\/balcilar-blog.com\/wp-content\/uploads\/2017\/02\/5-1.jpg 640w, https:\/\/balcilar-blog.com\/wp-content\/uploads\/2017\/02\/5-1-300x200.jpg 300w\" sizes=\"auto, (max-width: 640px) 100vw, 640px\" \/><\/p>\n<p>Ali ve Derin, \u015eahin&#8217;i kurtarmak i\u00e7in ne yapabilir? gibi sorular dizinin 1 \u015eubat \u00c7ar\u015famba g\u00fcn\u00fc (Bu ak\u015fam) yay\u0131nlanacak yeni b\u00f6l\u00fcm\u00fcnde cevap bulacak.<\/p>\n<p>&nbsp;<\/p>\n<p class=\"x_MsoNormal\" align=\"center\"><b>FRAGMAN<\/b>: <b><u><a href=\"http:\/\/www.atv.com.tr\/webtv\/bu-sehir-arkandan-gelecek\/fragman\/5?id=af4544b6-aee7-4219-b734-d72bb55f6252\" target=\"_blank\">http:\/\/www.atv.com.tr\/webtv\/bu-sehir-arkandan-gelecek\/fragman\/5?id=af4544b6-aee7-4219-b734-d72bb55f6252<\/a><\/u><\/b><\/p>\n<\/div>\n<\/div>\n<\/div>\n<\/div>\n<div class=\"_pe_d _pe_12\" tabindex=\"-1\"><\/div>\n<\/div>\n<div class=\"_rp_Q4\">\u00a0Keyifli Seyirler.<\/div>\n<div class=\"_rp_Q4\">\n<p>Sayg\u0131lar ve sevgiler.<\/p>\n<p>Abdurrahman Balc\u0131lar<\/p>\n<p>Twitter:\u00a0<a href=\"https:\/\/twitter.com\/abbalcilar\">abdurrahman balc\u0131lar<\/a><a href=\"https:\/\/twitter.com\/abbalcilar\"><strong>@abbalcilar<\/strong><\/a><\/p>\n<p>Mail :\u00a0<a href=\"mailto:ab.balcilar@hotmail.com\">ab.balcilar@hotmail.com<\/a><\/p>\n<p>Blog:\u00a0<a href=\"http:\/\/t.co\/znqmIZgIqn\">blog.milliyet.com.tr\/cansever<\/a><\/p>\n<p>Blog:\u00a0<strong>balcilar-blog.com<\/strong><\/p>\n<p>Not: Haber ve g\u00f6rseller Persona Sanat Bas\u0131n B\u00fclteni.<\/p>\n<\/div>\n<\/div>\n<\/div>\n<\/div>\n<\/div>\n<\/div>\n<div class=\"_rp_f\" tabindex=\"-1\">\n<div class=\"_qc_F ms-bg-color-white _qc_G\">\n<hr class=\"_qc_B\" \/>\n<div class=\"_qc_y ms-border-color-neutralLight _qc_z\" tabindex=\"-1\"><\/div>\n<\/div>\n<\/div>\n<\/div>\n","protected":false},"excerpt":{"rendered":"<p>Ay Yap\u0131m imzal\u0131, ba\u015f rollerini Kerem B\u00fcrsin, Leyla Lydia Tu\u011futlu, G\u00fcrkan U\u011fur ve Defne Kayalar\u0131n oynad\u0131\u011f\u0131 Bu \u015eehir Arkandan Gelecek bu ak\u015fam Atv ekranlar\u0131nda olacak. \u015eAMP\u0130YON&#8217;UN \u015eARTLI TAHL\u0130YES\u0130 SONA MI ER\u0130YOR! \u015eahin, Ali&#8217;yi kanunsuz bir boks kar\u015f\u0131la\u015fmas\u0131nda can\u0131ndan etmek isteyen Tekin&#8217;in evine gidecek. Sert ge\u00e7ecek y\u00fczle\u015fmenin ard\u0131ndan \u015eahin&#8217;den \u015fikayet\u00e7i olan Tekin, onun g\u00f6zalt\u0131na al\u0131nmas\u0131 i\u00e7in [&hellip;]<\/p>\n","protected":false},"author":3,"featured_media":17580,"comment_status":"open","ping_status":"open","sticky":false,"template":"","format":"standard","meta":{"footnotes":""},"categories":[2],"tags":[26,1289,673,745],"class_list":["post-17576","post","type-post","status-publish","format-standard","has-post-thumbnail","hentry","category-tv-programlari","tag-ay-yapim","tag-bu-sehir-arkandan-gelecek","tag-kerem-bursin","tag-leyla-lydia-tugutlu"],"views":2998,"blog_post_layout_featured_media_urls":{"thumbnail":["https:\/\/balcilar-blog.com\/wp-content\/uploads\/2017\/02\/5-4-150x150.jpg",150,150,true],"full":["https:\/\/balcilar-blog.com\/wp-content\/uploads\/2017\/02\/5-4.jpg",640,360,false]},"categories_names":{"2":{"name":"TV Programlar\u0131","link":"https:\/\/balcilar-blog.com\/?cat=2"}},"tags_names":{"26":{"name":"Ay Yap\u0131m","link":"https:\/\/balcilar-blog.com\/?tag=ay-yapim"},"1289":{"name":"Bu \u015eehir Arkandan Gelecek","link":"https:\/\/balcilar-blog.com\/?tag=bu-sehir-arkandan-gelecek"},"673":{"name":"Kerem Bursin","link":"https:\/\/balcilar-blog.com\/?tag=kerem-bursin"},"745":{"name":"Leyla Lydia Tu\u011futlu","link":"https:\/\/balcilar-blog.com\/?tag=leyla-lydia-tugutlu"}},"comments_number":"0","wpmagazine_modules_lite_featured_media_urls":{"thumbnail":["https:\/\/balcilar-blog.com\/wp-content\/uploads\/2017\/02\/5-4-150x150.jpg",150,150,true],"cvmm-medium":["https:\/\/balcilar-blog.com\/wp-content\/uploads\/2017\/02\/5-4.jpg",300,169,false],"cvmm-medium-plus":["https:\/\/balcilar-blog.com\/wp-content\/uploads\/2017\/02\/5-4.jpg",305,172,false],"cvmm-portrait":["https:\/\/balcilar-blog.com\/wp-content\/uploads\/2017\/02\/5-4.jpg",400,225,false],"cvmm-medium-square":["https:\/\/balcilar-blog.com\/wp-content\/uploads\/2017\/02\/5-4.jpg",600,338,false],"cvmm-large":["https:\/\/balcilar-blog.com\/wp-content\/uploads\/2017\/02\/5-4.jpg",640,360,false],"cvmm-small":["https:\/\/balcilar-blog.com\/wp-content\/uploads\/2017\/02\/5-4.jpg",130,73,false],"full":["https:\/\/balcilar-blog.com\/wp-content\/uploads\/2017\/02\/5-4.jpg",640,360,false]},"_links":{"self":[{"href":"https:\/\/balcilar-blog.com\/index.php?rest_route=\/wp\/v2\/posts\/17576","targetHints":{"allow":["GET"]}}],"collection":[{"href":"https:\/\/balcilar-blog.com\/index.php?rest_route=\/wp\/v2\/posts"}],"about":[{"href":"https:\/\/balcilar-blog.com\/index.php?rest_route=\/wp\/v2\/types\/post"}],"author":[{"embeddable":true,"href":"https:\/\/balcilar-blog.com\/index.php?rest_route=\/wp\/v2\/users\/3"}],"replies":[{"embeddable":true,"href":"https:\/\/balcilar-blog.com\/index.php?rest_route=%2Fwp%2Fv2%2Fcomments&post=17576"}],"version-history":[{"count":3,"href":"https:\/\/balcilar-blog.com\/index.php?rest_route=\/wp\/v2\/posts\/17576\/revisions"}],"predecessor-version":[{"id":17583,"href":"https:\/\/balcilar-blog.com\/index.php?rest_route=\/wp\/v2\/posts\/17576\/revisions\/17583"}],"wp:featuredmedia":[{"embeddable":true,"href":"https:\/\/balcilar-blog.com\/index.php?rest_route=\/wp\/v2\/media\/17580"}],"wp:attachment":[{"href":"https:\/\/balcilar-blog.com\/index.php?rest_route=%2Fwp%2Fv2%2Fmedia&parent=17576"}],"wp:term":[{"taxonomy":"category","embeddable":true,"href":"https:\/\/balcilar-blog.com\/index.php?rest_route=%2Fwp%2Fv2%2Fcategories&post=17576"},{"taxonomy":"post_tag","embeddable":true,"href":"https:\/\/balcilar-blog.com\/index.php?rest_route=%2Fwp%2Fv2%2Ftags&post=17576"}],"curies":[{"name":"wp","href":"https:\/\/api.w.org\/{rel}","templated":true}]}}