{"id":17543,"date":"2017-01-30T17:46:50","date_gmt":"2017-01-30T14:46:50","guid":{"rendered":"http:\/\/balcilar-blog.com\/?p=17543"},"modified":"2017-01-30T17:53:19","modified_gmt":"2017-01-30T14:53:19","slug":"bana-sevmeyi-anlat-final-bolumunde-butun-sirlar-aciga-cikiyor","status":"publish","type":"post","link":"https:\/\/balcilar-blog.com\/?p=17543","title":{"rendered":"Bana Sevmeyi Anlat  Final : Sonunda b\u00fct\u00fcn s\u0131rlar a\u00e7\u0131\u011fa \u00e7\u0131k\u0131yor!"},"content":{"rendered":"<div id=\"Item.MessagePartBody\" class=\"_rp_L4\">\n<div id=\"Item.MessageUniqueBody\" class=\"_rp_M4 ms-font-weight-regular ms-font-color-neutralDark rpHighlightAllClass rpHighlightBodyClass\" tabindex=\"0\">\n<div class=\"rps_1a7b\">\n<div dir=\"ltr\">\n<p><img loading=\"lazy\" decoding=\"async\" class=\"alignnone size-full wp-image-17545\" src=\"http:\/\/balcilar-blog.com\/wp-content\/uploads\/2017\/01\/22-1.jpg\" alt=\"22-1\" width=\"640\" height=\"371\" srcset=\"https:\/\/balcilar-blog.com\/wp-content\/uploads\/2017\/01\/22-1.jpg 640w, https:\/\/balcilar-blog.com\/wp-content\/uploads\/2017\/01\/22-1-300x174.jpg 300w\" sizes=\"auto, (max-width: 640px) 100vw, 640px\" \/><\/p>\n<p>Kadir Do\u011fulu, Seda Bakan ve Mustafa \u00dcst\u00fcnda\u011f&#8217;\u0131n rol ald\u0131\u011f\u0131 &#8220;Bana Sevmeyi Anlat&#8221;\u0131n haf\u0131zalardan silinmeyecek final b\u00f6l\u00fcm\u00fcnde izleyicilerin merakla bekledi\u011fi t\u00fcm sorular yan\u0131t bulacak.<\/p>\n<p>Dizinin heyecan dolu final b\u00f6l\u00fcm\u00fcnde Ha\u015fmet, kendisini aklamak ve Leyla ile evlenebilmek i\u00e7in harekete ge\u00e7ecek. Ezgi&#8217;yi ka\u00e7\u0131ran Ha\u015fmet, Engin&#8217;den en zor karar\u0131 vermesini isteyecek. Ezgi ya da Alper&#8217;in hayat\u0131 aras\u0131nda se\u00e7im yapmaya zorlanan Engin&#8217;in karar\u0131 ne olacak? Bir yandan Leyla&#8217;y\u0131 da Ezgi&#8217;nin hayat\u0131yla tehdit eden Ha\u015fmet, amac\u0131na ula\u015f\u0131p Leyla&#8217;y\u0131 evlenmeye ikna edebilecek mi?<\/p>\n<p>&nbsp;<\/p>\n<p><strong>ALPER HAP\u0130SHANEDE!<\/strong><\/p>\n<p><img loading=\"lazy\" decoding=\"async\" class=\"alignnone size-full wp-image-17547\" src=\"http:\/\/balcilar-blog.com\/wp-content\/uploads\/2017\/01\/22-3.jpg\" alt=\"22-3\" width=\"640\" height=\"404\" srcset=\"https:\/\/balcilar-blog.com\/wp-content\/uploads\/2017\/01\/22-3.jpg 640w, https:\/\/balcilar-blog.com\/wp-content\/uploads\/2017\/01\/22-3-300x189.jpg 300w\" sizes=\"auto, (max-width: 640px) 100vw, 640px\" \/><\/p>\n<p>Tutuklu yarg\u0131lanan Alper, cezaevinde hayat\u0131n\u0131n en zor g\u00fcnlerini ya\u015farken pes etti\u011fi i\u00e7in Leyla&#8217;ya \u00f6fkelenecek. Ha\u015fmet&#8217;in hapishanede Alper&#8217;i ziyaret edece\u011fi b\u00f6l\u00fcmde iki d\u00fc\u015fman\u0131n ilk y\u00fczle\u015fmesi unutulmaz anlara sahne olacak.<\/p>\n<p>Yolun sonunda kazanan Alper mi yoksa Ha\u015fmet mi olacak?, Ha\u015fmet yapt\u0131\u011f\u0131 hain planda ba\u015far\u0131l\u0131 olacak m\u0131?, Leyla ve Engin; Alper ve Ezgi&#8217;yi kurtarmay\u0131 ba\u015farabilecek mi?<\/p>\n<p><strong>Leyla ile Annesi Canan Han\u0131m\u0131n y\u00fczle\u015fmesi ilgin\u00e7 olacak!<\/strong><\/p>\n<p><img loading=\"lazy\" decoding=\"async\" class=\"alignnone size-full wp-image-17544\" src=\"http:\/\/balcilar-blog.com\/wp-content\/uploads\/2017\/01\/22-4.jpg\" alt=\"22-4\" width=\"640\" height=\"391\" srcset=\"https:\/\/balcilar-blog.com\/wp-content\/uploads\/2017\/01\/22-4.jpg 640w, https:\/\/balcilar-blog.com\/wp-content\/uploads\/2017\/01\/22-4-300x183.jpg 300w\" sizes=\"auto, (max-width: 640px) 100vw, 640px\" \/><\/p>\n<p>Mesude Eraslan&#8217;\u0131n y\u00f6netmenli\u011fini, Deniz Ak\u00e7ay&#8217;\u0131n senaristli\u011fini \u00fcstlendi\u011fi Bana Sevmeyi Anlat s\u00fcrprizlerle dolu final b\u00f6l\u00fcm\u00fcyle 30 Ocak Pazartesi g\u00fcn\u00fc saat 20:00&#8217;da Fox&#8217;ta ekrana gelecek.<\/p>\n<p><img loading=\"lazy\" decoding=\"async\" class=\"alignnone size-full wp-image-17546\" src=\"http:\/\/balcilar-blog.com\/wp-content\/uploads\/2017\/01\/22-2.jpg\" alt=\"22-2\" width=\"640\" height=\"427\" srcset=\"https:\/\/balcilar-blog.com\/wp-content\/uploads\/2017\/01\/22-2.jpg 640w, https:\/\/balcilar-blog.com\/wp-content\/uploads\/2017\/01\/22-2-300x200.jpg 300w\" sizes=\"auto, (max-width: 640px) 100vw, 640px\" \/><\/p>\n<p>Foto\u011fraf alt\u0131: Dizinin oyuncular\u0131 bir araya geldikleri son set g\u00fcn\u00fcnde hat\u0131ra foto\u011fraflar\u0131 \u00e7ektirdi.<b>\u00a0<\/b><\/p>\n<p class=\"x_MsoNormal\" align=\"center\"><b>FRAGMAN: <u><a href=\"https:\/\/www.youtube.com\/watch?v=Cl1K5mA_1-A\" target=\"_blank\">https:\/\/www.youtube.com\/watch?v=Cl1K5mA_1-A<\/a><\/u><\/b><\/p>\n<\/div>\n<\/div>\n<\/div>\n<\/div>\n<div class=\"_pe_d _pe_12\" tabindex=\"-1\">\u00a0Benim keyifle izledi\u011fim bir diziydi. Bana g\u00f6re erken final yapt\u0131. Mustafa \u00dcst\u00fcnda\u011f&#8217;\u0131n oyunculu\u011fu harikayd\u0131. T\u00fcm eme\u011fi ge\u00e7enlere te\u015fekk\u00fcrler. Bundan sonraki dizilerinde ba\u015far\u0131lar.<\/div>\n<div class=\"_pe_d _pe_12\" tabindex=\"-1\"><\/div>\n<div class=\"_pe_d _pe_12\" tabindex=\"-1\">\u0130yi Seyirler.<\/div>\n<div class=\"_pe_d _pe_12\" tabindex=\"-1\">\n<p>Sayg\u0131lar ve sevgiler.<\/p>\n<p>Abdurrahman Balc\u0131lar<\/p>\n<p>Twitter:\u00a0<a href=\"https:\/\/twitter.com\/abbalcilar\">abdurrahman balc\u0131lar<\/a><a href=\"https:\/\/twitter.com\/abbalcilar\"><strong>@abbalcilar<\/strong><\/a><\/p>\n<p>Mail :\u00a0<a href=\"mailto:ab.balcilar@hotmail.com\">ab.balcilar@hotmail.com<\/a><\/p>\n<p>Blog:\u00a0<a href=\"http:\/\/t.co\/znqmIZgIqn\">blog.milliyet.com.tr\/cansever<\/a><\/p>\n<p>Blog:\u00a0<strong>balcilar-blog.com<\/strong><\/p>\n<p>Not: Kaynak haber ve g\u00f6rseller, Persona Sanat Bas\u0131n B\u00fclteni.<\/p>\n<\/div>\n","protected":false},"excerpt":{"rendered":"<p>Kadir Do\u011fulu, Seda Bakan ve Mustafa \u00dcst\u00fcnda\u011f&#8217;\u0131n rol ald\u0131\u011f\u0131 &#8220;Bana Sevmeyi Anlat&#8221;\u0131n haf\u0131zalardan silinmeyecek final b\u00f6l\u00fcm\u00fcnde izleyicilerin merakla bekledi\u011fi t\u00fcm sorular yan\u0131t bulacak. Dizinin heyecan dolu final b\u00f6l\u00fcm\u00fcnde Ha\u015fmet, kendisini aklamak ve Leyla ile evlenebilmek i\u00e7in harekete ge\u00e7ecek. Ezgi&#8217;yi ka\u00e7\u0131ran Ha\u015fmet, Engin&#8217;den en zor karar\u0131 vermesini isteyecek. Ezgi ya da Alper&#8217;in hayat\u0131 aras\u0131nda se\u00e7im yapmaya [&hellip;]<\/p>\n","protected":false},"author":3,"featured_media":17545,"comment_status":"open","ping_status":"open","sticky":false,"template":"","format":"standard","meta":{"footnotes":""},"categories":[2],"tags":[1206,118,95,1025],"class_list":["post-17543","post","type-post","status-publish","format-standard","has-post-thumbnail","hentry","category-tv-programlari","tag-bana-sevmeyi-anlat","tag-kadir-dogulu","tag-mustafa-ustundag","tag-seda-bakan"],"views":3144,"blog_post_layout_featured_media_urls":{"thumbnail":["https:\/\/balcilar-blog.com\/wp-content\/uploads\/2017\/01\/22-1-150x150.jpg",150,150,true],"full":["https:\/\/balcilar-blog.com\/wp-content\/uploads\/2017\/01\/22-1.jpg",640,371,false]},"categories_names":{"2":{"name":"TV Programlar\u0131","link":"https:\/\/balcilar-blog.com\/?cat=2"}},"tags_names":{"1206":{"name":"Bana Sevmeyi Anlat","link":"https:\/\/balcilar-blog.com\/?tag=bana-sevmeyi-anlat"},"118":{"name":"Kadir Do\u011fulu","link":"https:\/\/balcilar-blog.com\/?tag=kadir-dogulu"},"95":{"name":"Mustafa \u00dcst\u00fcnda\u011f","link":"https:\/\/balcilar-blog.com\/?tag=mustafa-ustundag"},"1025":{"name":"Seda Bakan","link":"https:\/\/balcilar-blog.com\/?tag=seda-bakan"}},"comments_number":"0","wpmagazine_modules_lite_featured_media_urls":{"thumbnail":["https:\/\/balcilar-blog.com\/wp-content\/uploads\/2017\/01\/22-1-150x150.jpg",150,150,true],"cvmm-medium":["https:\/\/balcilar-blog.com\/wp-content\/uploads\/2017\/01\/22-1.jpg",300,174,false],"cvmm-medium-plus":["https:\/\/balcilar-blog.com\/wp-content\/uploads\/2017\/01\/22-1.jpg",305,177,false],"cvmm-portrait":["https:\/\/balcilar-blog.com\/wp-content\/uploads\/2017\/01\/22-1.jpg",400,232,false],"cvmm-medium-square":["https:\/\/balcilar-blog.com\/wp-content\/uploads\/2017\/01\/22-1.jpg",600,348,false],"cvmm-large":["https:\/\/balcilar-blog.com\/wp-content\/uploads\/2017\/01\/22-1.jpg",640,371,false],"cvmm-small":["https:\/\/balcilar-blog.com\/wp-content\/uploads\/2017\/01\/22-1.jpg",130,75,false],"full":["https:\/\/balcilar-blog.com\/wp-content\/uploads\/2017\/01\/22-1.jpg",640,371,false]},"_links":{"self":[{"href":"https:\/\/balcilar-blog.com\/index.php?rest_route=\/wp\/v2\/posts\/17543","targetHints":{"allow":["GET"]}}],"collection":[{"href":"https:\/\/balcilar-blog.com\/index.php?rest_route=\/wp\/v2\/posts"}],"about":[{"href":"https:\/\/balcilar-blog.com\/index.php?rest_route=\/wp\/v2\/types\/post"}],"author":[{"embeddable":true,"href":"https:\/\/balcilar-blog.com\/index.php?rest_route=\/wp\/v2\/users\/3"}],"replies":[{"embeddable":true,"href":"https:\/\/balcilar-blog.com\/index.php?rest_route=%2Fwp%2Fv2%2Fcomments&post=17543"}],"version-history":[{"count":3,"href":"https:\/\/balcilar-blog.com\/index.php?rest_route=\/wp\/v2\/posts\/17543\/revisions"}],"predecessor-version":[{"id":17550,"href":"https:\/\/balcilar-blog.com\/index.php?rest_route=\/wp\/v2\/posts\/17543\/revisions\/17550"}],"wp:featuredmedia":[{"embeddable":true,"href":"https:\/\/balcilar-blog.com\/index.php?rest_route=\/wp\/v2\/media\/17545"}],"wp:attachment":[{"href":"https:\/\/balcilar-blog.com\/index.php?rest_route=%2Fwp%2Fv2%2Fmedia&parent=17543"}],"wp:term":[{"taxonomy":"category","embeddable":true,"href":"https:\/\/balcilar-blog.com\/index.php?rest_route=%2Fwp%2Fv2%2Fcategories&post=17543"},{"taxonomy":"post_tag","embeddable":true,"href":"https:\/\/balcilar-blog.com\/index.php?rest_route=%2Fwp%2Fv2%2Ftags&post=17543"}],"curies":[{"name":"wp","href":"https:\/\/api.w.org\/{rel}","templated":true}]}}