{"id":17516,"date":"2017-01-28T19:56:11","date_gmt":"2017-01-28T16:56:11","guid":{"rendered":"http:\/\/balcilar-blog.com\/?p=17516"},"modified":"2017-01-28T20:30:25","modified_gmt":"2017-01-28T17:30:25","slug":"cagatay-ulusoy-medcezirde-iki-yil-yasadigi-kosku-ziyaret-etti","status":"publish","type":"post","link":"https:\/\/balcilar-blog.com\/?p=17516","title":{"rendered":"\u00c7a\u011fatay Ulusoy; Medcezir dizi an\u0131lar\u0131n\u0131 tazeledi!"},"content":{"rendered":"<p><img loading=\"lazy\" decoding=\"async\" class=\"alignnone size-full wp-image-17517\" src=\"http:\/\/balcilar-blog.com\/wp-content\/uploads\/2017\/01\/image-tuzla-villa.jpg\" alt=\"image tuzla villa\" width=\"640\" height=\"480\" srcset=\"https:\/\/balcilar-blog.com\/wp-content\/uploads\/2017\/01\/image-tuzla-villa.jpg 640w, https:\/\/balcilar-blog.com\/wp-content\/uploads\/2017\/01\/image-tuzla-villa-300x225.jpg 300w\" sizes=\"auto, (max-width: 640px) 100vw, 640px\" \/><\/p>\n<p>\u00c7a\u011fatay Ulusoy d\u00fcn ak\u015fam saatlerinde Tuzla&#8217;daki Medcezir&#8217;in \u00e7ekildi\u011fi villaya gitmi\u015f. \u0130ki sezon (Eyl\u00fcl 2013 &#8211; Haziran 2014) boyunca \u00e7ok g\u00fczel an\u0131lar\u0131n\u0131n oldu\u011fu villan\u0131n \u00f6n\u00fcnde resim \u00e7ektirmi\u015f.<\/p>\n<p>O resmi de Instagram sayfas\u0131ndan payla\u015fm\u0131\u015f. Resmin alt\u0131na da \u015fu notu d\u00fc\u015fm\u00fc\u015f.<\/p>\n<p><strong>\u00c7a\u011fatay<\/strong> <strong>Ulusoy<\/strong> Instagram hesab\u0131nda &#8220;Gelmi\u015fken bi bak\u0131y\u0131m dedim ama kimseler yok selam olsun t\u00fcm medcezir ekibine<a class=\"twitter-hashtag pretty-link js-nav\" dir=\"ltr\" href=\"https:\/\/twitter.com\/hashtag\/medcezir?src=hash\" data-query-source=\"hashtag_click\"><s>#<\/s><b>medcezir<\/b><\/a>&#8221; notuyla payla\u015ft\u0131.<\/p>\n<p>\u0130\u015fte o resim:<\/p>\n<p><img loading=\"lazy\" decoding=\"async\" class=\"alignnone size-full wp-image-17518\" src=\"http:\/\/balcilar-blog.com\/wp-content\/uploads\/2017\/01\/C3LjP73WIAE1RgX.jpg\" alt=\"C3LjP73WIAE1RgX\" width=\"619\" height=\"480\" srcset=\"https:\/\/balcilar-blog.com\/wp-content\/uploads\/2017\/01\/C3LjP73WIAE1RgX.jpg 619w, https:\/\/balcilar-blog.com\/wp-content\/uploads\/2017\/01\/C3LjP73WIAE1RgX-300x233.jpg 300w\" sizes=\"auto, (max-width: 619px) 100vw, 619px\" \/><\/p>\n<p>2 sezon boyunca izleyicinin severek izledi\u011fi Medcezir, \u00c7a\u011fatay Ulusoy&#8217;un 2.dizisi&#8230; Dizide, Yaman Koper karakterini can vermi\u015ftir. Dizide; Serenay Sar\u0131kaya, Bar\u0131\u015f Falay, Mine Tugay, \u015eebnem D\u00f6nmezi Murat Aygen, Taner \u00d6lmez, Hazar Erg\u00fc\u00e7l\u00fc ve Can G\u00fcrzap rol \u00a0alm\u0131\u015ft\u0131r. \u0130\u015fte bu oyuncular Alt\u0131nkoy&#8217;daki bu villada bir aile gibi olmu\u015flard\u0131.<\/p>\n<p><img loading=\"lazy\" decoding=\"async\" class=\"alignnone size-full wp-image-17527\" src=\"http:\/\/balcilar-blog.com\/wp-content\/uploads\/2017\/01\/medcezir_1bolum_tanitim_fragmani_h5676.jpg\" alt=\"medcezir_1bolum_tanitim_fragmani_h5676\" width=\"640\" height=\"325\" srcset=\"https:\/\/balcilar-blog.com\/wp-content\/uploads\/2017\/01\/medcezir_1bolum_tanitim_fragmani_h5676.jpg 640w, https:\/\/balcilar-blog.com\/wp-content\/uploads\/2017\/01\/medcezir_1bolum_tanitim_fragmani_h5676-300x152.jpg 300w\" sizes=\"auto, (max-width: 640px) 100vw, 640px\" \/><\/p>\n<p>Medcezir 1.B\u00f6l\u00fcm oyuncu kadrosu, k\u00f6\u015fk\u00fcn ilk misafirleri.<\/p>\n<p><img loading=\"lazy\" decoding=\"async\" class=\"alignnone size-full wp-image-17525\" src=\"http:\/\/balcilar-blog.com\/wp-content\/uploads\/2017\/01\/Ekran-Al\u0131nt\u0131s\u0131MD.F\u0130NAL-VEDA.jpg\" alt=\"Ekran Al\u0131nt\u0131s\u0131MD.F\u0130NAL VEDA\" width=\"640\" height=\"386\" srcset=\"https:\/\/balcilar-blog.com\/wp-content\/uploads\/2017\/01\/Ekran-Al\u0131nt\u0131s\u0131MD.F\u0130NAL-VEDA.jpg 640w, https:\/\/balcilar-blog.com\/wp-content\/uploads\/2017\/01\/Ekran-Al\u0131nt\u0131s\u0131MD.F\u0130NAL-VEDA-300x181.jpg 300w\" sizes=\"auto, (max-width: 640px) 100vw, 640px\" \/><\/p>\n<p>\u00c7a\u011fatay Ulusoy, 13 Haziran 2014 tarihinde Medcezir&#8217;in t\u00fcm oyuncular\u0131n\u0131n kat\u0131ld\u0131\u011f\u0131 veda gecesi \u00e7\u0131k\u0131\u015f\u0131nda, Star Life kameralar\u0131na verdi\u011fi r\u00f6portajda; &#8220;Duygusal anlar ya\u015fad\u0131klar\u0131n\u0131, g\u00fczel bir i\u015fi noktalad\u0131klar\u0131n\u0131, b\u00fct\u00fcn ekipte bir burukluk oldu\u011funu s\u00f6ylemi\u015ftir. \u0130ki sene boyunca, bir nevi ailemizden ayr\u0131ld\u0131k. \u00c7ok g\u00fczel bir ekipti. \u00c7ok g\u00fczel arkada\u015fl\u0131klar, dostluklar kurduk, ama her g\u00fczel \u015fey gibi bu da bitti.&#8221; Demi\u015ftir.<\/p>\n<p>\u00c7a\u011fatay Ulusoy, tabiat\u0131 itibariyle son derece duygusal bir ki\u015fili\u011fe sahiptir. R\u00f6portajda da belirtti\u011fi gibi o g\u00fcnlerin an\u0131s\u0131n\u0131 tazelemek i\u00e7in o villay\u0131 ziyaret etmi\u015f olabilir.<\/p>\n<p>\u015eu s\u0131ralarda Medcezir&#8217;deki Yaman karakterinden \u00e7ok farkl\u0131, yine Ay Yap\u0131m&#8217;\u0131n \u0130\u00e7erde dizisinde Sarp karakterini ba\u015far\u0131 ile canland\u0131rmaktad\u0131r.<\/p>\n<p>Sayg\u0131lar ve sevgiler.<\/p>\n<p>Abdurrahman Balc\u0131lar<\/p>\n<p>Twitter:\u00a0<a href=\"https:\/\/twitter.com\/abbalcilar\">abdurrahman balc\u0131lar<\/a><a href=\"https:\/\/twitter.com\/abbalcilar\"><strong>@abbalcilar<\/strong><\/a><\/p>\n<p>Mail :\u00a0<a href=\"mailto:ab.balcilar@hotmail.com\">ab.balcilar@hotmail.com<\/a><\/p>\n<p>Blog:\u00a0<a href=\"http:\/\/t.co\/znqmIZgIqn\">blog.milliyet.com.tr\/cansever<\/a><\/p>\n<p>Blog:\u00a0<strong>balcilar-blog.com<\/strong><\/p>\n","protected":false},"excerpt":{"rendered":"<p>\u00c7a\u011fatay Ulusoy d\u00fcn ak\u015fam saatlerinde Tuzla&#8217;daki Medcezir&#8217;in \u00e7ekildi\u011fi villaya gitmi\u015f. \u0130ki sezon (Eyl\u00fcl 2013 &#8211; Haziran 2014) boyunca \u00e7ok g\u00fczel an\u0131lar\u0131n\u0131n oldu\u011fu villan\u0131n \u00f6n\u00fcnde resim \u00e7ektirmi\u015f. O resmi de Instagram sayfas\u0131ndan payla\u015fm\u0131\u015f. Resmin alt\u0131na da \u015fu notu d\u00fc\u015fm\u00fc\u015f. \u00c7a\u011fatay Ulusoy Instagram hesab\u0131nda &#8220;Gelmi\u015fken bi bak\u0131y\u0131m dedim ama kimseler yok selam olsun t\u00fcm medcezir ekibine#medcezir&#8221; notuyla [&hellip;]<\/p>\n","protected":false},"author":3,"featured_media":17517,"comment_status":"open","ping_status":"open","sticky":false,"template":"","format":"standard","meta":{"footnotes":""},"categories":[2],"tags":[15,16,220],"class_list":["post-17516","post","type-post","status-publish","format-standard","has-post-thumbnail","hentry","category-tv-programlari","tag-cagatay-ulusoy","tag-medcezir","tag-yaman-koper"],"views":63997,"blog_post_layout_featured_media_urls":{"thumbnail":["https:\/\/balcilar-blog.com\/wp-content\/uploads\/2017\/01\/image-tuzla-villa-150x150.jpg",150,150,true],"full":["https:\/\/balcilar-blog.com\/wp-content\/uploads\/2017\/01\/image-tuzla-villa.jpg",640,480,false]},"categories_names":{"2":{"name":"TV Programlar\u0131","link":"https:\/\/balcilar-blog.com\/?cat=2"}},"tags_names":{"15":{"name":"\u00e7a\u011fatay ulusoy","link":"https:\/\/balcilar-blog.com\/?tag=cagatay-ulusoy"},"16":{"name":"medcezir","link":"https:\/\/balcilar-blog.com\/?tag=medcezir"},"220":{"name":"Yaman Koper","link":"https:\/\/balcilar-blog.com\/?tag=yaman-koper"}},"comments_number":"0","wpmagazine_modules_lite_featured_media_urls":{"thumbnail":["https:\/\/balcilar-blog.com\/wp-content\/uploads\/2017\/01\/image-tuzla-villa-150x150.jpg",150,150,true],"cvmm-medium":["https:\/\/balcilar-blog.com\/wp-content\/uploads\/2017\/01\/image-tuzla-villa.jpg",300,225,false],"cvmm-medium-plus":["https:\/\/balcilar-blog.com\/wp-content\/uploads\/2017\/01\/image-tuzla-villa.jpg",276,207,false],"cvmm-portrait":["https:\/\/balcilar-blog.com\/wp-content\/uploads\/2017\/01\/image-tuzla-villa.jpg",400,300,false],"cvmm-medium-square":["https:\/\/balcilar-blog.com\/wp-content\/uploads\/2017\/01\/image-tuzla-villa.jpg",600,450,false],"cvmm-large":["https:\/\/balcilar-blog.com\/wp-content\/uploads\/2017\/01\/image-tuzla-villa.jpg",640,480,false],"cvmm-small":["https:\/\/balcilar-blog.com\/wp-content\/uploads\/2017\/01\/image-tuzla-villa.jpg",127,95,false],"full":["https:\/\/balcilar-blog.com\/wp-content\/uploads\/2017\/01\/image-tuzla-villa.jpg",640,480,false]},"_links":{"self":[{"href":"https:\/\/balcilar-blog.com\/index.php?rest_route=\/wp\/v2\/posts\/17516","targetHints":{"allow":["GET"]}}],"collection":[{"href":"https:\/\/balcilar-blog.com\/index.php?rest_route=\/wp\/v2\/posts"}],"about":[{"href":"https:\/\/balcilar-blog.com\/index.php?rest_route=\/wp\/v2\/types\/post"}],"author":[{"embeddable":true,"href":"https:\/\/balcilar-blog.com\/index.php?rest_route=\/wp\/v2\/users\/3"}],"replies":[{"embeddable":true,"href":"https:\/\/balcilar-blog.com\/index.php?rest_route=%2Fwp%2Fv2%2Fcomments&post=17516"}],"version-history":[{"count":5,"href":"https:\/\/balcilar-blog.com\/index.php?rest_route=\/wp\/v2\/posts\/17516\/revisions"}],"predecessor-version":[{"id":17531,"href":"https:\/\/balcilar-blog.com\/index.php?rest_route=\/wp\/v2\/posts\/17516\/revisions\/17531"}],"wp:featuredmedia":[{"embeddable":true,"href":"https:\/\/balcilar-blog.com\/index.php?rest_route=\/wp\/v2\/media\/17517"}],"wp:attachment":[{"href":"https:\/\/balcilar-blog.com\/index.php?rest_route=%2Fwp%2Fv2%2Fmedia&parent=17516"}],"wp:term":[{"taxonomy":"category","embeddable":true,"href":"https:\/\/balcilar-blog.com\/index.php?rest_route=%2Fwp%2Fv2%2Fcategories&post=17516"},{"taxonomy":"post_tag","embeddable":true,"href":"https:\/\/balcilar-blog.com\/index.php?rest_route=%2Fwp%2Fv2%2Ftags&post=17516"}],"curies":[{"name":"wp","href":"https:\/\/api.w.org\/{rel}","templated":true}]}}