{"id":17408,"date":"2017-01-23T17:15:41","date_gmt":"2017-01-23T14:15:41","guid":{"rendered":"http:\/\/balcilar-blog.com\/?p=17408"},"modified":"2017-01-23T17:15:41","modified_gmt":"2017-01-23T14:15:41","slug":"bana-sevmeyi-anlat-hasmet-leylayi-kaciriyor","status":"publish","type":"post","link":"https:\/\/balcilar-blog.com\/?p=17408","title":{"rendered":"Bana Sevmeyi Anlat \/ Ha\u015fmet Leyla&#8217;y\u0131 ka\u00e7\u0131r\u0131yor!"},"content":{"rendered":"<p><img loading=\"lazy\" decoding=\"async\" class=\"alignnone size-full wp-image-17409\" src=\"http:\/\/balcilar-blog.com\/wp-content\/uploads\/2017\/01\/21-4.jpg\" alt=\"21-4\" width=\"640\" height=\"360\" srcset=\"https:\/\/balcilar-blog.com\/wp-content\/uploads\/2017\/01\/21-4.jpg 640w, https:\/\/balcilar-blog.com\/wp-content\/uploads\/2017\/01\/21-4-300x169.jpg 300w\" sizes=\"auto, (max-width: 640px) 100vw, 640px\" \/><\/p>\n<p>Ay Yap\u0131m imzal\u0131 Bana Sevmeyi Anlat&#8217;ta bu hafta Ha\u015fmet&#8217;in Leyla&#8217;y\u0131 ka\u00e7\u0131rmas\u0131 b\u00f6l\u00fcme damga vuracak. Benim ilgi ile izledi\u011fim dizilerden biri olan &#8220;Bana Sevmeyi Anlat&#8221; olduk\u00e7a heyecanl\u0131 bir b\u00f6l\u00fcm ile bu ak\u015fam ekranlar\u0131n\u0131zda olacak!<\/p>\n<p>Kadir Do\u011fulu, Seda Bakan ve Mustafa \u00dcst\u00fcnda\u011f&#8217;\u0131n rol ald\u0131\u011f\u0131 dizinin yeni b\u00f6l\u00fcm\u00fcnde Ha\u015fmet&#8217;in, Leyla&#8217;ya sunaca\u011f\u0131 \u015fartlar tansiyonu y\u00fckseltecek.<\/p>\n<p>Leyla ve Alper k\u00f6\u015feye s\u0131k\u0131\u015f\u0131yor!<\/p>\n<p>Yeni b\u00f6l\u00fcmde Leyla, Ha\u015fmet&#8217;in tehdidiyle hayat\u0131n\u0131 en zor karar\u0131n\u0131 vermeye \u00e7al\u0131\u015facak. Leyla&#8217;n\u0131n kay\u0131p haberiyle sars\u0131lan Alper \u00f6te yandan bo\u015fanma a\u015famas\u0131na geldi\u011fi Berna&#8217;yla da ipler gerilecek. Bu olay b\u00fct\u00fcn aileyi peri\u015fan edecek!<\/p>\n<p><img loading=\"lazy\" decoding=\"async\" class=\"alignnone size-full wp-image-17411\" src=\"http:\/\/balcilar-blog.com\/wp-content\/uploads\/2017\/01\/21-2.jpg\" alt=\"21-2\" width=\"640\" height=\"398\" srcset=\"https:\/\/balcilar-blog.com\/wp-content\/uploads\/2017\/01\/21-2.jpg 640w, https:\/\/balcilar-blog.com\/wp-content\/uploads\/2017\/01\/21-2-300x187.jpg 300w\" sizes=\"auto, (max-width: 640px) 100vw, 640px\" \/><\/p>\n<p>Leyla ve Alper cephesinde zor zamanlar\u0131n ekrana gelece\u011fi b\u00f6l\u00fcmde Leyla&#8217;n\u0131n yapmak zorunda kalaca\u011f\u0131 se\u00e7im herkesi derinden etkileyecek.<\/p>\n<p><img loading=\"lazy\" decoding=\"async\" class=\"alignnone size-full wp-image-17412\" src=\"http:\/\/balcilar-blog.com\/wp-content\/uploads\/2017\/01\/21-3.jpg\" alt=\"21-3\" width=\"640\" height=\"423\" srcset=\"https:\/\/balcilar-blog.com\/wp-content\/uploads\/2017\/01\/21-3.jpg 640w, https:\/\/balcilar-blog.com\/wp-content\/uploads\/2017\/01\/21-3-300x198.jpg 300w\" sizes=\"auto, (max-width: 640px) 100vw, 640px\" \/><\/p>\n<p>En \u00e7ok da Alper \u00fcz\u00fclecek!<\/p>\n<p><img loading=\"lazy\" decoding=\"async\" class=\"alignnone size-full wp-image-17410\" src=\"http:\/\/balcilar-blog.com\/wp-content\/uploads\/2017\/01\/21-1.jpg\" alt=\"21-1\" width=\"640\" height=\"432\" srcset=\"https:\/\/balcilar-blog.com\/wp-content\/uploads\/2017\/01\/21-1.jpg 640w, https:\/\/balcilar-blog.com\/wp-content\/uploads\/2017\/01\/21-1-300x203.jpg 300w\" sizes=\"auto, (max-width: 640px) 100vw, 640px\" \/><\/p>\n<p class=\"x_MsoNormal\" align=\"center\"><b>\u00a0<\/b><\/p>\n<p class=\"x_MsoNormal\" align=\"center\">\n<p class=\"x_MsoNormal\" align=\"center\">FRAGMAN: <b><u><a href=\"https:\/\/www.youtube.com\/watch?v=sxyE0Dt5hj4\" target=\"_blank\">https:\/\/www.youtube.com\/watch?v=sxyE0Dt5hj4<\/a><\/u><\/b><\/p>\n<p class=\"x_MsoNormal\" align=\"center\">Y\u00f6netmenli\u011fini Mesude Eraslan&#8217;\u0131n senaristli\u011fini Deniz Ak\u00e7ay&#8217;\u0131n \u00fcstlendi\u011fi Bana Sevmeyi Anlat s\u00fcrprizlerle dolu yeni b\u00f6l\u00fcm\u00fcyle 23 Ocak Pazartesi g\u00fcn\u00fc (Bu ak\u015fam) saat 20:00&#8217;de Fox&#8217;ta ekrana gelecek.<\/p>\n<p class=\"x_MsoNormal\" align=\"center\">\n<p>\u0130yi Seyirler.<\/p>\n<p>Sayg\u0131lar ve sevgiler.<\/p>\n<p>Abdurrahman Balc\u0131lar<\/p>\n<p>Twitter:\u00a0<a href=\"https:\/\/twitter.com\/abbalcilar\">abdurrahman balc\u0131lar<\/a><a href=\"https:\/\/twitter.com\/abbalcilar\"><strong>@abbalcilar<\/strong><\/a><\/p>\n<p>Mail :\u00a0<a href=\"mailto:ab.balcilar@hotmail.com\">ab.balcilar@hotmail.com<\/a><\/p>\n<p>Blog:\u00a0<a href=\"http:\/\/t.co\/znqmIZgIqn\">blog.milliyet.com.tr\/cansever<\/a><\/p>\n<p>Blog:\u00a0<strong>balcilar-blog.com<\/strong><\/p>\n<p>Not: Haber ve g\u00f6rseller Persona Sanat Bas\u0131n B\u00fclteni.<\/p>\n","protected":false},"excerpt":{"rendered":"<p>Ay Yap\u0131m imzal\u0131 Bana Sevmeyi Anlat&#8217;ta bu hafta Ha\u015fmet&#8217;in Leyla&#8217;y\u0131 ka\u00e7\u0131rmas\u0131 b\u00f6l\u00fcme damga vuracak. Benim ilgi ile izledi\u011fim dizilerden biri olan &#8220;Bana Sevmeyi Anlat&#8221; olduk\u00e7a heyecanl\u0131 bir b\u00f6l\u00fcm ile bu ak\u015fam ekranlar\u0131n\u0131zda olacak! Kadir Do\u011fulu, Seda Bakan ve Mustafa \u00dcst\u00fcnda\u011f&#8217;\u0131n rol ald\u0131\u011f\u0131 dizinin yeni b\u00f6l\u00fcm\u00fcnde Ha\u015fmet&#8217;in, Leyla&#8217;ya sunaca\u011f\u0131 \u015fartlar tansiyonu y\u00fckseltecek. Leyla ve Alper k\u00f6\u015feye [&hellip;]<\/p>\n","protected":false},"author":3,"featured_media":17409,"comment_status":"open","ping_status":"open","sticky":false,"template":"","format":"standard","meta":{"footnotes":""},"categories":[2],"tags":[26,1206,118,1235,95,1025],"class_list":["post-17408","post","type-post","status-publish","format-standard","has-post-thumbnail","hentry","category-tv-programlari","tag-ay-yapim","tag-bana-sevmeyi-anlat","tag-kadir-dogulu","tag-mesude-eraslan","tag-mustafa-ustundag","tag-seda-bakan"],"views":3145,"blog_post_layout_featured_media_urls":{"thumbnail":["https:\/\/balcilar-blog.com\/wp-content\/uploads\/2017\/01\/21-4-150x150.jpg",150,150,true],"full":["https:\/\/balcilar-blog.com\/wp-content\/uploads\/2017\/01\/21-4.jpg",640,360,false]},"categories_names":{"2":{"name":"TV Programlar\u0131","link":"https:\/\/balcilar-blog.com\/?cat=2"}},"tags_names":{"26":{"name":"Ay Yap\u0131m","link":"https:\/\/balcilar-blog.com\/?tag=ay-yapim"},"1206":{"name":"Bana Sevmeyi Anlat","link":"https:\/\/balcilar-blog.com\/?tag=bana-sevmeyi-anlat"},"118":{"name":"Kadir Do\u011fulu","link":"https:\/\/balcilar-blog.com\/?tag=kadir-dogulu"},"1235":{"name":"Mesude Eraslan","link":"https:\/\/balcilar-blog.com\/?tag=mesude-eraslan"},"95":{"name":"Mustafa \u00dcst\u00fcnda\u011f","link":"https:\/\/balcilar-blog.com\/?tag=mustafa-ustundag"},"1025":{"name":"Seda Bakan","link":"https:\/\/balcilar-blog.com\/?tag=seda-bakan"}},"comments_number":"0","wpmagazine_modules_lite_featured_media_urls":{"thumbnail":["https:\/\/balcilar-blog.com\/wp-content\/uploads\/2017\/01\/21-4-150x150.jpg",150,150,true],"cvmm-medium":["https:\/\/balcilar-blog.com\/wp-content\/uploads\/2017\/01\/21-4.jpg",300,169,false],"cvmm-medium-plus":["https:\/\/balcilar-blog.com\/wp-content\/uploads\/2017\/01\/21-4.jpg",305,172,false],"cvmm-portrait":["https:\/\/balcilar-blog.com\/wp-content\/uploads\/2017\/01\/21-4.jpg",400,225,false],"cvmm-medium-square":["https:\/\/balcilar-blog.com\/wp-content\/uploads\/2017\/01\/21-4.jpg",600,338,false],"cvmm-large":["https:\/\/balcilar-blog.com\/wp-content\/uploads\/2017\/01\/21-4.jpg",640,360,false],"cvmm-small":["https:\/\/balcilar-blog.com\/wp-content\/uploads\/2017\/01\/21-4.jpg",130,73,false],"full":["https:\/\/balcilar-blog.com\/wp-content\/uploads\/2017\/01\/21-4.jpg",640,360,false]},"_links":{"self":[{"href":"https:\/\/balcilar-blog.com\/index.php?rest_route=\/wp\/v2\/posts\/17408","targetHints":{"allow":["GET"]}}],"collection":[{"href":"https:\/\/balcilar-blog.com\/index.php?rest_route=\/wp\/v2\/posts"}],"about":[{"href":"https:\/\/balcilar-blog.com\/index.php?rest_route=\/wp\/v2\/types\/post"}],"author":[{"embeddable":true,"href":"https:\/\/balcilar-blog.com\/index.php?rest_route=\/wp\/v2\/users\/3"}],"replies":[{"embeddable":true,"href":"https:\/\/balcilar-blog.com\/index.php?rest_route=%2Fwp%2Fv2%2Fcomments&post=17408"}],"version-history":[{"count":1,"href":"https:\/\/balcilar-blog.com\/index.php?rest_route=\/wp\/v2\/posts\/17408\/revisions"}],"predecessor-version":[{"id":17413,"href":"https:\/\/balcilar-blog.com\/index.php?rest_route=\/wp\/v2\/posts\/17408\/revisions\/17413"}],"wp:featuredmedia":[{"embeddable":true,"href":"https:\/\/balcilar-blog.com\/index.php?rest_route=\/wp\/v2\/media\/17409"}],"wp:attachment":[{"href":"https:\/\/balcilar-blog.com\/index.php?rest_route=%2Fwp%2Fv2%2Fmedia&parent=17408"}],"wp:term":[{"taxonomy":"category","embeddable":true,"href":"https:\/\/balcilar-blog.com\/index.php?rest_route=%2Fwp%2Fv2%2Fcategories&post=17408"},{"taxonomy":"post_tag","embeddable":true,"href":"https:\/\/balcilar-blog.com\/index.php?rest_route=%2Fwp%2Fv2%2Ftags&post=17408"}],"curies":[{"name":"wp","href":"https:\/\/api.w.org\/{rel}","templated":true}]}}