{"id":17338,"date":"2017-01-19T17:09:40","date_gmt":"2017-01-19T14:09:40","guid":{"rendered":"http:\/\/balcilar-blog.com\/?p=17338"},"modified":"2017-01-19T17:19:55","modified_gmt":"2017-01-19T14:19:55","slug":"cesur-ve-guzel-cesur-suhanin-ask-kacamagi","status":"publish","type":"post","link":"https:\/\/balcilar-blog.com\/?p=17338","title":{"rendered":"Cesur ve G\u00fczel \/ Cesur &#038; S\u00fcha&#8217;n\u0131n a\u015fk ka\u00e7ama\u011f\u0131!"},"content":{"rendered":"<div tabindex=\"-1\">\n<div tabindex=\"-1\">\n<div tabindex=\"0\">\n<div class=\"_rp_65\" tabindex=\"-1\">\n<div class=\"_rp_J4 ms-border-color-neutralLight ShowConsesusSchedulingLink ShowReferenceAttachmentsLinks\" tabindex=\"-1\">\n<div class=\"_rp_V4\">\n<div>\n<div id=\"Item.MessagePartBody\" class=\"_rp_L4\">\n<div id=\"Item.MessageUniqueBody\" class=\"_rp_M4 ms-font-weight-regular ms-font-color-neutralDark rpHighlightAllClass rpHighlightBodyClass\" tabindex=\"0\">\n<div class=\"rps_38d4\">\n<div dir=\"ltr\">\n<p class=\"x_MsoNormal\" align=\"center\"><b><img loading=\"lazy\" decoding=\"async\" class=\"alignnone size-full wp-image-17339\" src=\"http:\/\/balcilar-blog.com\/wp-content\/uploads\/2017\/01\/10-1-cesur-ve-g\u00fczel.jpg\" alt=\"10 (1) cesur ve g\u00fczel\" width=\"640\" height=\"373\" srcset=\"https:\/\/balcilar-blog.com\/wp-content\/uploads\/2017\/01\/10-1-cesur-ve-g\u00fczel.jpg 640w, https:\/\/balcilar-blog.com\/wp-content\/uploads\/2017\/01\/10-1-cesur-ve-g\u00fczel-300x175.jpg 300w\" sizes=\"auto, (max-width: 640px) 100vw, 640px\" \/><\/b><\/p>\n<p>Ay Yap\u0131m imzal\u0131, K\u0131van\u00e7 Tatl\u0131tu\u011f ve Tuba B\u00fcy\u00fck\u00fcst\u00fcn&#8217;\u00fcn rol ald\u0131\u011f\u0131 Cesur ve G\u00fczel&#8217;de bu hafta ikilinin a\u015fk ka\u00e7ama\u011f\u0131 \u00e7ok konu\u015fulacak.<\/p>\n<p>Ya\u015fad\u0131klar\u0131 trafik kazas\u0131n\u0131n \u015fokuyla Korluda\u011f&#8217;a d\u00f6nmek yerine butik otele s\u0131\u011f\u0131nan Cesur ve S\u00fchan&#8217;\u0131n a\u015fk dolu g\u00fcn\u00fc b\u00f6l\u00fcme damga vuracak. Romantik ka\u00e7amakta kald\u0131klar\u0131 otelde ya\u015fad\u0131klar\u0131 gerginlikleri \u00fczerlerinden atmak isteyen a\u015f\u0131klar havuz keyfi yapacaklar. S\u00fchan, mum \u0131\u015f\u0131\u011f\u0131nda yedikleri ak\u015fam yeme\u011finde art\u0131k kartlar\u0131n\u0131 a\u00e7\u0131k oynayan Cesur&#8217;un a\u015fk\u0131na inanmak isteyecek.<\/p>\n<p><img loading=\"lazy\" decoding=\"async\" class=\"alignnone size-full wp-image-17342\" src=\"http:\/\/balcilar-blog.com\/wp-content\/uploads\/2017\/01\/10-4.jpg\" alt=\"10 (4)\" width=\"640\" height=\"396\" srcset=\"https:\/\/balcilar-blog.com\/wp-content\/uploads\/2017\/01\/10-4.jpg 640w, https:\/\/balcilar-blog.com\/wp-content\/uploads\/2017\/01\/10-4-300x186.jpg 300w\" sizes=\"auto, (max-width: 640px) 100vw, 640px\" \/><\/p>\n<p>Ak\u015fam yemekten sonra ba\u015fba\u015fa dans edecekler.<\/p>\n<p><img loading=\"lazy\" decoding=\"async\" class=\"alignnone size-full wp-image-17341\" src=\"http:\/\/balcilar-blog.com\/wp-content\/uploads\/2017\/01\/10-3-.jpg\" alt=\"10 (3)-\" width=\"640\" height=\"393\" srcset=\"https:\/\/balcilar-blog.com\/wp-content\/uploads\/2017\/01\/10-3-.jpg 640w, https:\/\/balcilar-blog.com\/wp-content\/uploads\/2017\/01\/10-3--300x184.jpg 300w\" sizes=\"auto, (max-width: 640px) 100vw, 640px\" \/><\/p>\n<p>Korluda\u011f cephesinde ise S\u00fchan&#8217;\u0131n, Cesur&#8217;la oldu\u011funu \u00f6\u011frenen Tahsin, Cesur&#8217;dan tamamen kurtulmak i\u00e7in yeni plan\u0131n\u0131 devreye sokacak.<\/p>\n<p><img loading=\"lazy\" decoding=\"async\" class=\"alignnone size-full wp-image-17340\" src=\"http:\/\/balcilar-blog.com\/wp-content\/uploads\/2017\/01\/10-2.jpg\" alt=\"10 (2)\" width=\"640\" height=\"393\" srcset=\"https:\/\/balcilar-blog.com\/wp-content\/uploads\/2017\/01\/10-2.jpg 640w, https:\/\/balcilar-blog.com\/wp-content\/uploads\/2017\/01\/10-2-300x184.jpg 300w\" sizes=\"auto, (max-width: 640px) 100vw, 640px\" \/><\/p>\n<p class=\"x_MsoNormal\" align=\"center\">FRAGMAN: <b><u><a href=\"https:\/\/www.youtube.com\/watch?v=gjSey5IP5RI\" target=\"_blank\">https:\/\/www.youtube.com\/watch?v=gjSey5IP5RI<\/a><\/u><\/b><\/p>\n<\/div>\n<\/div>\n<\/div>\n<\/div>\n<div class=\"_pe_d _pe_12\" tabindex=\"-1\">\u00a0Ece Y\u00f6ren\u00e7&#8217;in senaristli\u011fini, Ali Bilgin&#8217;in y\u00f6netmenli\u011fini \u00fcstlendi\u011fi Cesur ve G\u00fczel yeni b\u00f6l\u00fcm\u00fcyle 19 Ocak Per\u015fembe g\u00fcn\u00fc (Bu ak\u015fam) saat 20:00&#8217;de Star TV&#8217;de ekrana gelecek.<\/div>\n<div class=\"_pe_d _pe_12\" tabindex=\"-1\"><\/div>\n<div class=\"_pe_d _pe_12\" tabindex=\"-1\">Keyifli Seyirler.<\/div>\n<div class=\"_pe_d _pe_12\" tabindex=\"-1\">\n<p>Sayg\u0131lar ve sevgiler.<\/p>\n<p>Abdurrahman Balc\u0131lar<\/p>\n<p>Twitter:\u00a0<a href=\"https:\/\/twitter.com\/abbalcilar\">abdurrahman balc\u0131lar<\/a><a href=\"https:\/\/twitter.com\/abbalcilar\"><strong>@abbalcilar<\/strong><\/a><\/p>\n<p>Mail :\u00a0<a href=\"mailto:ab.balcilar@hotmail.com\">ab.balcilar@hotmail.com<\/a><\/p>\n<p>Blog:\u00a0<a href=\"http:\/\/t.co\/znqmIZgIqn\">blog.milliyet.com.tr\/cansever<\/a><\/p>\n<p>Blog:\u00a0<strong>balcilar-blog.com<\/strong><\/p>\n<p>&nbsp;<\/p>\n<p>Not: Haber ve g\u00f6rseller, Persona Bas\u0131n B\u00fclteni.<\/p>\n<\/div>\n<\/div>\n<div class=\"_rp_Q4\"><\/div>\n<\/div>\n<\/div>\n<\/div>\n<\/div>\n<\/div>\n<div class=\"_rp_f\" tabindex=\"-1\">\n<div class=\"_qc_F ms-bg-color-white _qc_G\">\n<hr class=\"_qc_B\" \/>\n<div class=\"_qc_y ms-border-color-neutralLight _qc_z\" tabindex=\"-1\"><\/div>\n<\/div>\n<\/div>\n<\/div>\n","protected":false},"excerpt":{"rendered":"<p>Ay Yap\u0131m imzal\u0131, K\u0131van\u00e7 Tatl\u0131tu\u011f ve Tuba B\u00fcy\u00fck\u00fcst\u00fcn&#8217;\u00fcn rol ald\u0131\u011f\u0131 Cesur ve G\u00fczel&#8217;de bu hafta ikilinin a\u015fk ka\u00e7ama\u011f\u0131 \u00e7ok konu\u015fulacak. Ya\u015fad\u0131klar\u0131 trafik kazas\u0131n\u0131n \u015fokuyla Korluda\u011f&#8217;a d\u00f6nmek yerine butik otele s\u0131\u011f\u0131nan Cesur ve S\u00fchan&#8217;\u0131n a\u015fk dolu g\u00fcn\u00fc b\u00f6l\u00fcme damga vuracak. Romantik ka\u00e7amakta kald\u0131klar\u0131 otelde ya\u015fad\u0131klar\u0131 gerginlikleri \u00fczerlerinden atmak isteyen a\u015f\u0131klar havuz keyfi yapacaklar. S\u00fchan, mum \u0131\u015f\u0131\u011f\u0131nda [&hellip;]<\/p>\n","protected":false},"author":3,"featured_media":17339,"comment_status":"open","ping_status":"open","sticky":false,"template":"","format":"standard","meta":{"footnotes":""},"categories":[2],"tags":[31,26,1340,29,80,25,305],"class_list":["post-17338","post","type-post","status-publish","format-standard","has-post-thumbnail","hentry","category-tv-programlari","tag-ali-bilgin","tag-ay-yapim","tag-cersur-ve-guzel","tag-ece-yorenc","tag-kivanc-tatlitug","tag-star-tv","tag-tuba-buyukustun"],"views":3256,"blog_post_layout_featured_media_urls":{"thumbnail":["https:\/\/balcilar-blog.com\/wp-content\/uploads\/2017\/01\/10-1-cesur-ve-g\u00fczel-150x150.jpg",150,150,true],"full":["https:\/\/balcilar-blog.com\/wp-content\/uploads\/2017\/01\/10-1-cesur-ve-g\u00fczel.jpg",640,373,false]},"categories_names":{"2":{"name":"TV Programlar\u0131","link":"https:\/\/balcilar-blog.com\/?cat=2"}},"tags_names":{"31":{"name":"Ali Bilgin","link":"https:\/\/balcilar-blog.com\/?tag=ali-bilgin"},"26":{"name":"Ay Yap\u0131m","link":"https:\/\/balcilar-blog.com\/?tag=ay-yapim"},"1340":{"name":"Cersur ve G\u00fczel","link":"https:\/\/balcilar-blog.com\/?tag=cersur-ve-guzel"},"29":{"name":"Ece Y\u00f6ren\u00e7","link":"https:\/\/balcilar-blog.com\/?tag=ece-yorenc"},"80":{"name":"K\u0131van\u00e7 Tatl\u0131tu\u011f","link":"https:\/\/balcilar-blog.com\/?tag=kivanc-tatlitug"},"25":{"name":"Star Tv","link":"https:\/\/balcilar-blog.com\/?tag=star-tv"},"305":{"name":"Tuba B\u00fcy\u00fck\u00fcst\u00fcn","link":"https:\/\/balcilar-blog.com\/?tag=tuba-buyukustun"}},"comments_number":"0","wpmagazine_modules_lite_featured_media_urls":{"thumbnail":["https:\/\/balcilar-blog.com\/wp-content\/uploads\/2017\/01\/10-1-cesur-ve-g\u00fczel-150x150.jpg",150,150,true],"cvmm-medium":["https:\/\/balcilar-blog.com\/wp-content\/uploads\/2017\/01\/10-1-cesur-ve-g\u00fczel.jpg",300,175,false],"cvmm-medium-plus":["https:\/\/balcilar-blog.com\/wp-content\/uploads\/2017\/01\/10-1-cesur-ve-g\u00fczel.jpg",305,178,false],"cvmm-portrait":["https:\/\/balcilar-blog.com\/wp-content\/uploads\/2017\/01\/10-1-cesur-ve-g\u00fczel.jpg",400,233,false],"cvmm-medium-square":["https:\/\/balcilar-blog.com\/wp-content\/uploads\/2017\/01\/10-1-cesur-ve-g\u00fczel.jpg",600,350,false],"cvmm-large":["https:\/\/balcilar-blog.com\/wp-content\/uploads\/2017\/01\/10-1-cesur-ve-g\u00fczel.jpg",640,373,false],"cvmm-small":["https:\/\/balcilar-blog.com\/wp-content\/uploads\/2017\/01\/10-1-cesur-ve-g\u00fczel.jpg",130,76,false],"full":["https:\/\/balcilar-blog.com\/wp-content\/uploads\/2017\/01\/10-1-cesur-ve-g\u00fczel.jpg",640,373,false]},"_links":{"self":[{"href":"https:\/\/balcilar-blog.com\/index.php?rest_route=\/wp\/v2\/posts\/17338","targetHints":{"allow":["GET"]}}],"collection":[{"href":"https:\/\/balcilar-blog.com\/index.php?rest_route=\/wp\/v2\/posts"}],"about":[{"href":"https:\/\/balcilar-blog.com\/index.php?rest_route=\/wp\/v2\/types\/post"}],"author":[{"embeddable":true,"href":"https:\/\/balcilar-blog.com\/index.php?rest_route=\/wp\/v2\/users\/3"}],"replies":[{"embeddable":true,"href":"https:\/\/balcilar-blog.com\/index.php?rest_route=%2Fwp%2Fv2%2Fcomments&post=17338"}],"version-history":[{"count":3,"href":"https:\/\/balcilar-blog.com\/index.php?rest_route=\/wp\/v2\/posts\/17338\/revisions"}],"predecessor-version":[{"id":17345,"href":"https:\/\/balcilar-blog.com\/index.php?rest_route=\/wp\/v2\/posts\/17338\/revisions\/17345"}],"wp:featuredmedia":[{"embeddable":true,"href":"https:\/\/balcilar-blog.com\/index.php?rest_route=\/wp\/v2\/media\/17339"}],"wp:attachment":[{"href":"https:\/\/balcilar-blog.com\/index.php?rest_route=%2Fwp%2Fv2%2Fmedia&parent=17338"}],"wp:term":[{"taxonomy":"category","embeddable":true,"href":"https:\/\/balcilar-blog.com\/index.php?rest_route=%2Fwp%2Fv2%2Fcategories&post=17338"},{"taxonomy":"post_tag","embeddable":true,"href":"https:\/\/balcilar-blog.com\/index.php?rest_route=%2Fwp%2Fv2%2Ftags&post=17338"}],"curies":[{"name":"wp","href":"https:\/\/api.w.org\/{rel}","templated":true}]}}