{"id":17226,"date":"2017-01-14T13:14:58","date_gmt":"2017-01-14T10:14:58","guid":{"rendered":"http:\/\/balcilar-blog.com\/?p=17226"},"modified":"2017-01-14T13:21:13","modified_gmt":"2017-01-14T10:21:13","slug":"icerde-17-bolum-celal-babaya-karsi-sarpin-inanilmaz-rus-ruleti","status":"publish","type":"post","link":"https:\/\/balcilar-blog.com\/?p=17226","title":{"rendered":"\u0130\u00e7erde 17.B\u00f6l\u00fcm \/ Celal Baba&#8217;n\u0131n Sarp&#8217;a Rus ruleti ile imtihan\u0131!"},"content":{"rendered":"<p><img loading=\"lazy\" decoding=\"async\" class=\"alignnone size-full wp-image-17227\" src=\"http:\/\/balcilar-blog.com\/wp-content\/uploads\/2017\/01\/icerde-cb842e06f85f46a6dff6bffdb643866c.jpg\" alt=\"icerde-cb842e06f85f46a6dff6bffdb643866c\" width=\"640\" height=\"372\" srcset=\"https:\/\/balcilar-blog.com\/wp-content\/uploads\/2017\/01\/icerde-cb842e06f85f46a6dff6bffdb643866c.jpg 640w, https:\/\/balcilar-blog.com\/wp-content\/uploads\/2017\/01\/icerde-cb842e06f85f46a6dff6bffdb643866c-300x174.jpg 300w\" sizes=\"auto, (max-width: 640px) 100vw, 640px\" \/><\/p>\n<p>Ay Yap\u0131m&#8217;\u0131n yap\u0131mc\u0131l\u0131\u011f\u0131n\u0131 \u00fcstlendi\u011fi, Show Tv&#8217;nin fenomen dizisi \u0130\u00e7erde 17.B\u00f6l\u00fcm\u00fc ile 16 Ocak Pazartesi ak\u015fam\u0131 Saat:20.00&#8217;de heyecanl\u0131 bir b\u00f6l\u00fcm\u00fc ile yine ekranlar\u0131n\u0131zda olacak!<\/p>\n<p>\u0130ki karde\u015fin birbirini bulma hikayesini anlatan dizide; \u00c7a\u011fatay Ulusoy, Aras Bulut \u0130ynemli, \u00c7etin Tekindor, Bensu Soral, Damla Colbay, Mustafa U\u011furlu, R\u0131za Kocao\u011flu, Nihal Kolda\u015f, G\u00f6zde Kansu ve Y\u0131ld\u0131ray \u015eahinler rol al\u0131yor.<\/p>\n<p>\u0130\u00e7erde: 17. B\u00f6l\u00fcm\u00fcnde neler olacak?<\/p>\n<p>Ge\u00e7en b\u00f6l\u00fcm sonunda Mert Sarp&#8217;\u0131 evinde a\u00e7\u0131k bilgisayar\u0131n ba\u015f\u0131nda yakalam\u0131\u015f, tabancas\u0131n\u0131 \u00e7ekmi\u015fti. \u0130ki karde\u015f olduklar\u0131n\u0131 hala bilmeyen iki rakip, ayn\u0131 zamanda birbirlerine d\u00fc\u015fman olmu\u015flard\u0131r.<\/p>\n<p><img loading=\"lazy\" decoding=\"async\" class=\"alignnone size-full wp-image-17257\" src=\"http:\/\/balcilar-blog.com\/wp-content\/uploads\/2017\/01\/icerde-593d6d376db61530ba23e7f3f2bc1e4e.jpg\" alt=\"icerde-593d6d376db61530ba23e7f3f2bc1e4e\" width=\"640\" height=\"372\" srcset=\"https:\/\/balcilar-blog.com\/wp-content\/uploads\/2017\/01\/icerde-593d6d376db61530ba23e7f3f2bc1e4e.jpg 640w, https:\/\/balcilar-blog.com\/wp-content\/uploads\/2017\/01\/icerde-593d6d376db61530ba23e7f3f2bc1e4e-300x174.jpg 300w\" sizes=\"auto, (max-width: 640px) 100vw, 640px\" \/><\/p>\n<p>Mert ile Sarp, kamera kay\u0131tlar\u0131 konusunda y\u00fczle\u015firler. Sarp Leyla&#8217;n\u0131n evine Celal Baba i\u00e7in gitti\u011fini s\u00f6yler.<\/p>\n<p><img loading=\"lazy\" decoding=\"async\" class=\"alignnone size-full wp-image-17255\" src=\"http:\/\/balcilar-blog.com\/wp-content\/uploads\/2017\/01\/icerde-80a59eae67a77afcf07be89784c01004.jpg\" alt=\"icerde-80a59eae67a77afcf07be89784c01004\" width=\"640\" height=\"372\" srcset=\"https:\/\/balcilar-blog.com\/wp-content\/uploads\/2017\/01\/icerde-80a59eae67a77afcf07be89784c01004.jpg 640w, https:\/\/balcilar-blog.com\/wp-content\/uploads\/2017\/01\/icerde-80a59eae67a77afcf07be89784c01004-300x174.jpg 300w\" sizes=\"auto, (max-width: 640px) 100vw, 640px\" \/><\/p>\n<p>Sarp, Mert&#8217;ten \u015f\u00fcphelenir, durumu Yusuf M\u00fcd\u00fcre anlat\u0131r. Yusuf M\u00fcd\u00fcr de Mert&#8217;i ekibin ba\u015f\u0131ndan al\u0131r.<\/p>\n<p><img loading=\"lazy\" decoding=\"async\" class=\"alignnone size-full wp-image-17266\" src=\"http:\/\/balcilar-blog.com\/wp-content\/uploads\/2017\/01\/Ekran-Al\u0131nt\u0131s\u0131\u0130\u00c7ERDE-17.1.jpg\" alt=\"Ekran Al\u0131nt\u0131s\u0131\u0130\u00c7ERDE 17.1\" width=\"640\" height=\"367\" srcset=\"https:\/\/balcilar-blog.com\/wp-content\/uploads\/2017\/01\/Ekran-Al\u0131nt\u0131s\u0131\u0130\u00c7ERDE-17.1.jpg 640w, https:\/\/balcilar-blog.com\/wp-content\/uploads\/2017\/01\/Ekran-Al\u0131nt\u0131s\u0131\u0130\u00c7ERDE-17.1-300x172.jpg 300w\" sizes=\"auto, (max-width: 640px) 100vw, 640px\" \/><\/p>\n<p>Eylem, Mert\u2019i s\u0131k\u0131\u015ft\u0131r\u0131r. Sarp\u2019\u0131n gizli kamera g\u00f6r\u00fcnt\u00fclerinin kendisinde ne i\u015fi oldu\u011funu sorar.<\/p>\n<p><img decoding=\"async\" src=\"http:\/\/balcilar-blog.com\/wp-content\/uploads\/2017\/01\/icerde-dbd15219e3a1cf2c8d944d9ac7e502dd.jpg\" alt=\"icerde-dbd15219e3a1cf2c8d944d9ac7e502dd\" \/><\/p>\n<p>Co\u015fkun, Ya\u015far ad\u0131nda bir adama gider. Bu adam hakk\u0131nda bildikleriyle Celal\u2019e kar\u015f\u0131 i\u015fbirli\u011fi yapabilece\u011fini d\u00fc\u015f\u00fcnmektedir. Celal&#8217;i s\u0131k\u0131\u015ft\u0131rmak i\u00e7in tek \u00e7are k\u0131z\u0131 Melek&#8217;i ka\u00e7\u0131rmakt\u0131r. Co\u015fkun&#8217;u g\u00f6ren Melek; \u015eeytan diye seslenir. Co\u015fkun; &#8220;Sen Melek, ben \u015feytan, sonunda kavu\u015ftuk.&#8221;<\/p>\n<p><img loading=\"lazy\" decoding=\"async\" class=\"alignnone size-full wp-image-17254\" src=\"http:\/\/balcilar-blog.com\/wp-content\/uploads\/2017\/01\/icerde-71e8ee0f3348a181bddca6488ed56747.jpg\" alt=\"icerde-71e8ee0f3348a181bddca6488ed56747\" width=\"640\" height=\"372\" srcset=\"https:\/\/balcilar-blog.com\/wp-content\/uploads\/2017\/01\/icerde-71e8ee0f3348a181bddca6488ed56747.jpg 640w, https:\/\/balcilar-blog.com\/wp-content\/uploads\/2017\/01\/icerde-71e8ee0f3348a181bddca6488ed56747-300x174.jpg 300w\" sizes=\"auto, (max-width: 640px) 100vw, 640px\" \/><\/p>\n<p>Ye\u015fim, Celal\u2019e DNA testi yapt\u0131rd\u0131\u011f\u0131n\u0131, Melek\u2019le aras\u0131ndaki ger\u00e7e\u011fi bildi\u011fini s\u00f6yler. Ye\u015fim bu s\u0131rr\u0131 y\u0131llard\u0131r saklad\u0131\u011f\u0131 i\u00e7in Celal\u2019e \u00e7ok \u00f6fkelidir. Melek\u2019in Celal ile aras\u0131n\u0131 bozmak ister ve Sarp\u2019la Melek\u2019in ili\u015fkisini s\u00f6yler.<\/p>\n<p><img loading=\"lazy\" decoding=\"async\" class=\"alignnone size-full wp-image-17258\" src=\"http:\/\/balcilar-blog.com\/wp-content\/uploads\/2017\/01\/icerde-6640428a3d3622790753a45ca8eea236.jpg\" alt=\"icerde-6640428a3d3622790753a45ca8eea236\" width=\"640\" height=\"372\" srcset=\"https:\/\/balcilar-blog.com\/wp-content\/uploads\/2017\/01\/icerde-6640428a3d3622790753a45ca8eea236.jpg 640w, https:\/\/balcilar-blog.com\/wp-content\/uploads\/2017\/01\/icerde-6640428a3d3622790753a45ca8eea236-300x174.jpg 300w\" sizes=\"auto, (max-width: 640px) 100vw, 640px\" \/><\/p>\n<p>Celal duyduklar\u0131na inanamaz \u00e7\u0131lg\u0131na d\u00f6ner, Sarp\u2019\u0131n derhal Davut\u2019un deposuna getirilmesini emreder.<\/p>\n<p><img loading=\"lazy\" decoding=\"async\" class=\"alignnone size-full wp-image-17250\" src=\"http:\/\/balcilar-blog.com\/wp-content\/uploads\/2017\/01\/icerde-5a99e2735296fa6501daeb109cf5a73d.jpg\" alt=\"icerde-5a99e2735296fa6501daeb109cf5a73d\" width=\"640\" height=\"372\" srcset=\"https:\/\/balcilar-blog.com\/wp-content\/uploads\/2017\/01\/icerde-5a99e2735296fa6501daeb109cf5a73d.jpg 640w, https:\/\/balcilar-blog.com\/wp-content\/uploads\/2017\/01\/icerde-5a99e2735296fa6501daeb109cf5a73d-300x174.jpg 300w\" sizes=\"auto, (max-width: 640px) 100vw, 640px\" \/><\/p>\n<p>Melek bavullar\u0131n\u0131 toplam\u0131\u015f seyahate \u00e7\u0131kmak \u00fczeredir. Celal\u2019le ya\u015fananlardan sonra uzakla\u015fmaya ihtiyac\u0131 vard\u0131r. Sarp&#8217;\u0131 arar iki bileti oldu\u011funu s\u00f6yler kendisiyle birlikte gelmesini ister. Ancak Melek\u2019in tahmin etmedi\u011fi geli\u015fmeler olur ve yolda ka\u00e7\u0131r\u0131l\u0131r.<\/p>\n<p><img loading=\"lazy\" decoding=\"async\" class=\"alignnone size-full wp-image-17253\" src=\"http:\/\/balcilar-blog.com\/wp-content\/uploads\/2017\/01\/icerde-63b9b30b63aa23f43a1f4936dc1e64e2.jpg\" alt=\"icerde-63b9b30b63aa23f43a1f4936dc1e64e2\" width=\"640\" height=\"372\" srcset=\"https:\/\/balcilar-blog.com\/wp-content\/uploads\/2017\/01\/icerde-63b9b30b63aa23f43a1f4936dc1e64e2.jpg 640w, https:\/\/balcilar-blog.com\/wp-content\/uploads\/2017\/01\/icerde-63b9b30b63aa23f43a1f4936dc1e64e2-300x174.jpg 300w\" sizes=\"auto, (max-width: 640px) 100vw, 640px\" \/><\/p>\n<p>Ba\u015f\u0131na geleceklerden habersiz olan Sarp Davut\u2019un deposuna getirilir.<\/p>\n<p><img loading=\"lazy\" decoding=\"async\" class=\"alignnone size-full wp-image-17262\" src=\"http:\/\/balcilar-blog.com\/wp-content\/uploads\/2017\/01\/icerde-dcb111deec74f4da5ad22494dc976116.jpg\" alt=\"icerde-dcb111deec74f4da5ad22494dc976116\" width=\"640\" height=\"372\" srcset=\"https:\/\/balcilar-blog.com\/wp-content\/uploads\/2017\/01\/icerde-dcb111deec74f4da5ad22494dc976116.jpg 640w, https:\/\/balcilar-blog.com\/wp-content\/uploads\/2017\/01\/icerde-dcb111deec74f4da5ad22494dc976116-300x174.jpg 300w\" sizes=\"auto, (max-width: 640px) 100vw, 640px\" \/><\/p>\n<p>Celal Baba Sarp&#8217;\u0131 sorguya \u00e7eker. \u0130\u00e7erideki herkesi d\u0131\u015far\u0131 \u00e7\u0131kart\u0131r. Sadece Davut kal\u0131r. Sarp&#8217;\u0131n ensesinden tutarak; Sarp, sana g\u00fcvendim, sana ailemi a\u00e7t\u0131m. Benim en has adam\u0131m dedim. Ama sen tutup ne yapt\u0131n? Sarp; Ne yapm\u0131\u015f\u0131m Celal Baba. S\u00f6yle de bileyim g\u00fcnah\u0131m\u0131. Celal; senin g\u00fcnah\u0131n b\u00fcy\u00fck&#8230;<\/p>\n<p><img loading=\"lazy\" decoding=\"async\" class=\"alignnone size-full wp-image-17249\" src=\"http:\/\/balcilar-blog.com\/wp-content\/uploads\/2017\/01\/C2DiSKQWIAAwJAK.jpg\" alt=\"C2DiSKQWIAAwJAK\" width=\"640\" height=\"372\" srcset=\"https:\/\/balcilar-blog.com\/wp-content\/uploads\/2017\/01\/C2DiSKQWIAAwJAK.jpg 640w, https:\/\/balcilar-blog.com\/wp-content\/uploads\/2017\/01\/C2DiSKQWIAAwJAK-300x174.jpg 300w\" sizes=\"auto, (max-width: 640px) 100vw, 640px\" \/><\/p>\n<p>K\u0131z\u0131 Melek ile ili\u015fkisinin derecesini sorar.<\/p>\n<p><img loading=\"lazy\" decoding=\"async\" class=\"alignnone size-full wp-image-17252\" src=\"http:\/\/balcilar-blog.com\/wp-content\/uploads\/2017\/01\/icerde-34a9530d912f2c7c2d76d69741bbe74e.jpg\" alt=\"icerde-34a9530d912f2c7c2d76d69741bbe74e\" width=\"640\" height=\"372\" srcset=\"https:\/\/balcilar-blog.com\/wp-content\/uploads\/2017\/01\/icerde-34a9530d912f2c7c2d76d69741bbe74e.jpg 640w, https:\/\/balcilar-blog.com\/wp-content\/uploads\/2017\/01\/icerde-34a9530d912f2c7c2d76d69741bbe74e-300x174.jpg 300w\" sizes=\"auto, (max-width: 640px) 100vw, 640px\" \/><\/p>\n<p>Sarp bir t\u00fcrl\u00fc Babay\u0131 ikna edemez. Celal&#8217;in akl\u0131na \u015feytanca bir fikir gelir. Sarp&#8217;\u0131 tehlikeli bir oyuna davet eder. Tabancas\u0131n\u0131 \u00e7\u0131kart\u0131r, Sarp&#8217;\u0131n eline verir.<\/p>\n<p><img loading=\"lazy\" decoding=\"async\" class=\"alignnone size-full wp-image-17245\" src=\"http:\/\/balcilar-blog.com\/wp-content\/uploads\/2017\/01\/C2DigaEXcAAbvI8.jpg\" alt=\"C2DigaEXcAAbvI8\" width=\"640\" height=\"372\" srcset=\"https:\/\/balcilar-blog.com\/wp-content\/uploads\/2017\/01\/C2DigaEXcAAbvI8.jpg 640w, https:\/\/balcilar-blog.com\/wp-content\/uploads\/2017\/01\/C2DigaEXcAAbvI8-300x174.jpg 300w\" sizes=\"auto, (max-width: 640px) 100vw, 640px\" \/><\/p>\n<p>Tabancadaki b\u00fct\u00fcn mermileri bo\u015falt\u0131r. K\u0131z\u0131 i\u00e7in istersen her \u015feyim ona&#8230; Ama k\u0131zama asla yakla\u015famazs\u0131n. Bir tek mermi koyar. Bu bir Rus ruleti oyunudur. Sarp g\u00f6z\u00fcn\u00fc k\u0131rpmadan tabancay\u0131 al\u0131r, \u015faka\u011f\u0131na dayar, teti\u011fi \u00e7eker. Bo\u015f. Sarp sorar, devam m\u0131? Celal: S\u0131k diye hiddetle ba\u011f\u0131r\u0131r. Sarp, ikici defa teti\u011fi \u00e7eker. Etti iki&#8230; Baba; Devam&#8230; Eder \u00dc\u00e7. Sarp, a\u015fk\u0131 u\u011fruna cesaretini babaya g\u00f6stermi\u015ftir.<\/p>\n<p><img loading=\"lazy\" decoding=\"async\" class=\"alignnone size-full wp-image-17248\" src=\"http:\/\/balcilar-blog.com\/wp-content\/uploads\/2017\/01\/C2DigaJXcAAlj09.jpg\" alt=\"C2DigaJXcAAlj09\" width=\"640\" height=\"372\" srcset=\"https:\/\/balcilar-blog.com\/wp-content\/uploads\/2017\/01\/C2DigaJXcAAlj09.jpg 640w, https:\/\/balcilar-blog.com\/wp-content\/uploads\/2017\/01\/C2DigaJXcAAlj09-300x174.jpg 300w\" sizes=\"auto, (max-width: 640px) 100vw, 640px\" \/><\/p>\n<p>Tam bu s\u0131rada Celal Baya gelen telefonda k\u0131z\u0131n\u0131n ka\u00e7\u0131r\u0131ld\u0131\u011f\u0131n\u0131 haberi gelir. Sarp, Mele\u011fi Co\u015fkun&#8217;un elinden kurtarabilece\u011fi s\u00f6z\u00fcn\u00fc verir. Baba, Sarp&#8217;\u0131n can\u0131n\u0131 ba\u011f\u0131\u015flar ve b\u0131rak\u0131r. B\u00fct\u00fcn bu olanlar\u0131 kenardan Davut seyreder.<\/p>\n<p><img loading=\"lazy\" decoding=\"async\" class=\"alignnone size-full wp-image-17251\" src=\"http:\/\/balcilar-blog.com\/wp-content\/uploads\/2017\/01\/icerde-6f331fbcbf42afa08de714206f7ccf4e.jpg\" alt=\"icerde-6f331fbcbf42afa08de714206f7ccf4e\" width=\"640\" height=\"372\" srcset=\"https:\/\/balcilar-blog.com\/wp-content\/uploads\/2017\/01\/icerde-6f331fbcbf42afa08de714206f7ccf4e.jpg 640w, https:\/\/balcilar-blog.com\/wp-content\/uploads\/2017\/01\/icerde-6f331fbcbf42afa08de714206f7ccf4e-300x174.jpg 300w\" sizes=\"auto, (max-width: 640px) 100vw, 640px\" \/><\/p>\n<p>Celal Baba, Sarp&#8217;\u0131n can\u0131n\u0131 ba\u011f\u0131\u015flad\u0131. Kar\u015f\u0131l\u0131\u011f\u0131nda Co\u015fkun&#8217;un elinden Melek&#8217;i kurtarabilecek mi? B\u00fct\u00fcn bu heyecan dolu b\u00f6l\u00fcm\u00fc 16 Ocak Pazartesi ak\u015fam\u0131 Show Tv ekranlar\u0131nda izleyece\u011fiz.<\/p>\n<p>&nbsp;<\/p>\n<p><iframe loading=\"lazy\" title=\"\u0130\u00e7erde 17. B\u00f6l\u00fcm Fragman\" width=\"640\" height=\"360\" src=\"https:\/\/www.youtube.com\/embed\/3nvTU1j7qYE?feature=oembed\" frameborder=\"0\" allow=\"accelerometer; autoplay; clipboard-write; encrypted-media; gyroscope; picture-in-picture; web-share\" referrerpolicy=\"strict-origin-when-cross-origin\" allowfullscreen><\/iframe><\/p>\n<p><iframe loading=\"lazy\" title=\"\u0130\u00e7erde 17. B\u00f6l\u00fcm 2. Fragman\" width=\"640\" height=\"360\" src=\"https:\/\/www.youtube.com\/embed\/rZmvjPw5WHw?feature=oembed\" frameborder=\"0\" allow=\"accelerometer; autoplay; clipboard-write; encrypted-media; gyroscope; picture-in-picture; web-share\" referrerpolicy=\"strict-origin-when-cross-origin\" allowfullscreen><\/iframe><\/p>\n<p>\u0130yi Seyirler.<\/p>\n<p>Sayg\u0131lar ve sevgiler.<\/p>\n<p>Abdurrahman Balc\u0131lar<\/p>\n<p>Twitter:\u00a0<a href=\"https:\/\/twitter.com\/abbalcilar\">abdurrahman balc\u0131lar<\/a><a href=\"https:\/\/twitter.com\/abbalcilar\"><strong>@abbalcilar<\/strong><\/a><\/p>\n<p>Mail :\u00a0<a href=\"mailto:ab.balcilar@hotmail.com\">ab.balcilar@hotmail.com<\/a><\/p>\n<p>Blog:\u00a0<a href=\"http:\/\/t.co\/znqmIZgIqn\">blog.milliyet.com.tr\/cansever<\/a><\/p>\n<p>Blog:\u00a0<strong>balcilar-blog.com<\/strong><\/p>\n","protected":false},"excerpt":{"rendered":"<p>Ay Yap\u0131m&#8217;\u0131n yap\u0131mc\u0131l\u0131\u011f\u0131n\u0131 \u00fcstlendi\u011fi, Show Tv&#8217;nin fenomen dizisi \u0130\u00e7erde 17.B\u00f6l\u00fcm\u00fc ile 16 Ocak Pazartesi ak\u015fam\u0131 Saat:20.00&#8217;de heyecanl\u0131 bir b\u00f6l\u00fcm\u00fc ile yine ekranlar\u0131n\u0131zda olacak! \u0130ki karde\u015fin birbirini bulma hikayesini anlatan dizide; \u00c7a\u011fatay Ulusoy, Aras Bulut \u0130ynemli, \u00c7etin Tekindor, Bensu Soral, Damla Colbay, Mustafa U\u011furlu, R\u0131za Kocao\u011flu, Nihal Kolda\u015f, G\u00f6zde Kansu ve Y\u0131ld\u0131ray \u015eahinler rol al\u0131yor. \u0130\u00e7erde: [&hellip;]<\/p>\n","protected":false},"author":3,"featured_media":17259,"comment_status":"open","ping_status":"open","sticky":false,"template":"","format":"standard","meta":{"footnotes":""},"categories":[2],"tags":[533,26,1224,15,693,1219,35],"class_list":["post-17226","post","type-post","status-publish","format-standard","has-post-thumbnail","hentry","category-tv-programlari","tag-aras-bulut-iynemli","tag-ay-yapim","tag-bensu-soral","tag-cagatay-ulusoy","tag-cetin-tekindor","tag-icerde","tag-show-tv"],"views":4223,"blog_post_layout_featured_media_urls":{"thumbnail":["https:\/\/balcilar-blog.com\/wp-content\/uploads\/2017\/01\/icerde-cb842e06f85f46a6dff6bffdb643866c-1-150x150.jpg",150,150,true],"full":["https:\/\/balcilar-blog.com\/wp-content\/uploads\/2017\/01\/icerde-cb842e06f85f46a6dff6bffdb643866c-1.jpg",640,372,false]},"categories_names":{"2":{"name":"TV Programlar\u0131","link":"https:\/\/balcilar-blog.com\/?cat=2"}},"tags_names":{"533":{"name":"Aras Bulut \u0130ynemli","link":"https:\/\/balcilar-blog.com\/?tag=aras-bulut-iynemli"},"26":{"name":"Ay Yap\u0131m","link":"https:\/\/balcilar-blog.com\/?tag=ay-yapim"},"1224":{"name":"Bensu Soral","link":"https:\/\/balcilar-blog.com\/?tag=bensu-soral"},"15":{"name":"\u00e7a\u011fatay ulusoy","link":"https:\/\/balcilar-blog.com\/?tag=cagatay-ulusoy"},"693":{"name":"\u00c7etin Tekindor","link":"https:\/\/balcilar-blog.com\/?tag=cetin-tekindor"},"1219":{"name":"\u0130\u00c7ERDE","link":"https:\/\/balcilar-blog.com\/?tag=icerde"},"35":{"name":"Show Tv","link":"https:\/\/balcilar-blog.com\/?tag=show-tv"}},"comments_number":"0","wpmagazine_modules_lite_featured_media_urls":{"thumbnail":["https:\/\/balcilar-blog.com\/wp-content\/uploads\/2017\/01\/icerde-cb842e06f85f46a6dff6bffdb643866c-1-150x150.jpg",150,150,true],"cvmm-medium":["https:\/\/balcilar-blog.com\/wp-content\/uploads\/2017\/01\/icerde-cb842e06f85f46a6dff6bffdb643866c-1.jpg",300,174,false],"cvmm-medium-plus":["https:\/\/balcilar-blog.com\/wp-content\/uploads\/2017\/01\/icerde-cb842e06f85f46a6dff6bffdb643866c-1.jpg",305,177,false],"cvmm-portrait":["https:\/\/balcilar-blog.com\/wp-content\/uploads\/2017\/01\/icerde-cb842e06f85f46a6dff6bffdb643866c-1.jpg",400,233,false],"cvmm-medium-square":["https:\/\/balcilar-blog.com\/wp-content\/uploads\/2017\/01\/icerde-cb842e06f85f46a6dff6bffdb643866c-1.jpg",600,349,false],"cvmm-large":["https:\/\/balcilar-blog.com\/wp-content\/uploads\/2017\/01\/icerde-cb842e06f85f46a6dff6bffdb643866c-1.jpg",640,372,false],"cvmm-small":["https:\/\/balcilar-blog.com\/wp-content\/uploads\/2017\/01\/icerde-cb842e06f85f46a6dff6bffdb643866c-1.jpg",130,76,false],"full":["https:\/\/balcilar-blog.com\/wp-content\/uploads\/2017\/01\/icerde-cb842e06f85f46a6dff6bffdb643866c-1.jpg",640,372,false]},"_links":{"self":[{"href":"https:\/\/balcilar-blog.com\/index.php?rest_route=\/wp\/v2\/posts\/17226","targetHints":{"allow":["GET"]}}],"collection":[{"href":"https:\/\/balcilar-blog.com\/index.php?rest_route=\/wp\/v2\/posts"}],"about":[{"href":"https:\/\/balcilar-blog.com\/index.php?rest_route=\/wp\/v2\/types\/post"}],"author":[{"embeddable":true,"href":"https:\/\/balcilar-blog.com\/index.php?rest_route=\/wp\/v2\/users\/3"}],"replies":[{"embeddable":true,"href":"https:\/\/balcilar-blog.com\/index.php?rest_route=%2Fwp%2Fv2%2Fcomments&post=17226"}],"version-history":[{"count":5,"href":"https:\/\/balcilar-blog.com\/index.php?rest_route=\/wp\/v2\/posts\/17226\/revisions"}],"predecessor-version":[{"id":17269,"href":"https:\/\/balcilar-blog.com\/index.php?rest_route=\/wp\/v2\/posts\/17226\/revisions\/17269"}],"wp:featuredmedia":[{"embeddable":true,"href":"https:\/\/balcilar-blog.com\/index.php?rest_route=\/wp\/v2\/media\/17259"}],"wp:attachment":[{"href":"https:\/\/balcilar-blog.com\/index.php?rest_route=%2Fwp%2Fv2%2Fmedia&parent=17226"}],"wp:term":[{"taxonomy":"category","embeddable":true,"href":"https:\/\/balcilar-blog.com\/index.php?rest_route=%2Fwp%2Fv2%2Fcategories&post=17226"},{"taxonomy":"post_tag","embeddable":true,"href":"https:\/\/balcilar-blog.com\/index.php?rest_route=%2Fwp%2Fv2%2Ftags&post=17226"}],"curies":[{"name":"wp","href":"https:\/\/api.w.org\/{rel}","templated":true}]}}