{"id":17214,"date":"2017-01-13T14:42:46","date_gmt":"2017-01-13T11:42:46","guid":{"rendered":"http:\/\/balcilar-blog.com\/?p=17214"},"modified":"2017-01-13T19:46:07","modified_gmt":"2017-01-13T16:46:07","slug":"cagatay-ulusoy-delibal-ile-2016nin-en-iyi-erkek-sinema-oyuncusu","status":"publish","type":"post","link":"https:\/\/balcilar-blog.com\/?p=17214","title":{"rendered":"\u00c7a\u011fatay Ulusoy &#8220;Delibal&#8221; ile 2016&#8217;n\u0131n En \u0130yi Erkek Sinema Oyuncusu!"},"content":{"rendered":"<p>&nbsp;<\/p>\n<div class=\"container\"><\/div>\n<div data-type=\"2\" data-fb=\"https:\/\/www.facebook.com\/marmaragztsi\/\" data-twitter=\"https:\/\/twitter.com\/MarmaraGazetesi\" data-gplus=\"\"><img loading=\"lazy\" decoding=\"async\" class=\"alignnone size-full wp-image-17222\" src=\"http:\/\/balcilar-blog.com\/wp-content\/uploads\/2017\/01\/cats-delibal-bar\u0131\u015f.jpg\" alt=\"cats delibal - bar\u0131\u015f\" width=\"640\" height=\"363\" srcset=\"https:\/\/balcilar-blog.com\/wp-content\/uploads\/2017\/01\/cats-delibal-bar\u0131\u015f.jpg 640w, https:\/\/balcilar-blog.com\/wp-content\/uploads\/2017\/01\/cats-delibal-bar\u0131\u015f-300x170.jpg 300w\" sizes=\"auto, (max-width: 640px) 100vw, 640px\" \/><\/div>\n<div data-type=\"2\" data-fb=\"https:\/\/www.facebook.com\/marmaragztsi\/\" data-twitter=\"https:\/\/twitter.com\/MarmaraGazetesi\" data-gplus=\"\">\n<p>T\u00fcrkiye\u2019nin en prestijli \u00f6d\u00fcl t\u00f6reni olan Y\u0131l\u0131n Y\u0131ld\u0131zlar\u0131 \u00d6d\u00fcl T\u00f6reni, her y\u0131l Y\u0131ld\u0131z \u0130\u015fletme Kul\u00fcb\u00fc taraf\u0131ndan haz\u0131rlanmakta olup Y\u0131ld\u0131z Teknik \u00dcniversitesi \u00f6\u011frencilerinin kat\u0131l\u0131m\u0131yla ger\u00e7ekle\u015fmektedir.<\/p>\n<p>Y\u0131l\u0131n Y\u0131ld\u0131zlar\u0131 \u00f6d\u00fclleri 2002 y\u0131l\u0131ndan beri, kategoriler \u015feklinde d\u00fczenlenen anketler sayesinde binlerce Y\u0131ld\u0131z Teknik \u00dcniversitesi \u00f6\u011frencisinin verdi\u011fi oylarla sahiplerini bulmaktad\u0131r.<\/p>\n<p>Her y\u0131l Ocak ay\u0131n\u0131n ilk haftas\u0131 ger\u00e7ekle\u015fen t\u00f6ren; bas\u0131n, medya, sanat ve i\u015f d\u00fcnyas\u0131n\u0131n en \u00fcnl\u00fc isimlerini Y\u0131ld\u0131z Teknik \u00dcniversitesi \u00e7at\u0131s\u0131 alt\u0131nda birle\u015ftiren alan\u0131nda tart\u0131\u015fmas\u0131z en kapsaml\u0131 ve en g\u00f6rkemli \u00f6\u011frenci \u00f6d\u00fcl t\u00f6renidir.<\/p>\n<p>2002-2012 y\u0131llar\u0131 aras\u0131nda Y\u0131ld\u0131z Teknik \u00dcniversitesi Be\u015fikta\u015f Kamp\u00fcs\u00fc Oditoryum Salonu\u2019nda d\u00fczenlenen Y\u0131l\u0131n Y\u0131ld\u0131zlar\u0131 \u00d6d\u00fcl T\u00f6reni, 10 Ocak 2013 tarihinden itibaren Davutpa\u015fa Kamp\u00fcs\u00fc Kongre Merkezi\u2019nde ger\u00e7ekle\u015ftirilmeye ba\u015flanm\u0131\u015ft\u0131r.<\/p>\n<p><img loading=\"lazy\" decoding=\"async\" class=\"alignnone size-full wp-image-17215\" src=\"http:\/\/balcilar-blog.com\/wp-content\/uploads\/2017\/01\/yy24.jpg\" alt=\"yy24\" width=\"640\" height=\"234\" srcset=\"https:\/\/balcilar-blog.com\/wp-content\/uploads\/2017\/01\/yy24.jpg 640w, https:\/\/balcilar-blog.com\/wp-content\/uploads\/2017\/01\/yy24-300x110.jpg 300w\" sizes=\"auto, (max-width: 640px) 100vw, 640px\" \/><\/p>\n<p>Y\u0131ld\u0131z Teknik \u00dcniversitesi\u2019nin bu y\u0131l 15 \u2018incisini ger\u00e7ekle\u015ftirdi\u011fi \u201cY\u0131l\u0131n Y\u0131ld\u0131zlar\u0131 \u00d6d\u00fclleri\u201d d\u00fczenlenen t\u00f6renle d\u00fcn ak\u015fam (12 Ocak 2017) sahiplerini buldu. T\u00f6rene Acun Il\u0131cal\u0131, R\u0131dvan Dilmen, Soner Sar\u0131kabaday\u0131, Kenan Sofuo\u011flu, Nazl\u0131 \u00c7elik, \u0130lber Ortayl\u0131 gibi medya, sanat, ekonomi ve spor d\u00fcnyas\u0131ndan \u00e7ok say\u0131da \u00fcnl\u00fc isim kat\u0131ld\u0131.<\/p>\n<p>Y\u0131ld\u0131z Teknik \u00dcniversitesi (YT\u00dc) \u0130\u015fletme Kul\u00fcb\u00fc taraf\u0131ndan bu y\u0131l 15\u2019incisi d\u00fczenlenen \u201cY\u0131l\u0131n Y\u0131ld\u0131zlar\u0131 \u00d6d\u00fclleri\u201d ger\u00e7ekle\u015ftirilen t\u00f6renle sahiplerini buldu. Y\u0131ld\u0131z Teknik \u00dcniversitesi Davutpa\u015fa Kamp\u00fcs\u00fc Kongre ve K\u00fclt\u00fcr Merkezi\u2019nde d\u00fczenlenen T\u00fcrkiye\u2019nin \u00f6nde gelen isimlerini bir araya getiren geceye Acun Il\u0131cal\u0131, R\u0131dvan Dilmen, Simge Sa\u011f\u0131n, Soner Sar\u0131kabaday\u0131, Kenan Sofuo\u011flu, Nazl\u0131 \u00c7elik, \u0130lber Ortayl\u0131 gibi medya, sanat, ekonomi ve spor d\u00fcnyas\u0131ndan \u00e7ok say\u0131da \u00fcnl\u00fc isim kat\u0131ld\u0131. 2016 y\u0131l\u0131n\u0131n en be\u011fenilenlerinin \u00f6d\u00fcllerini ald\u0131\u011f\u0131 gece \u00f6d\u00fcllerle ilgili tan\u0131t\u0131m filmiyle ba\u015flad\u0131. T\u00fcrkiye\u2019nin en prestijli \u00f6\u011frenci \u00f6d\u00fclleri olarak g\u00f6sterilen \u00f6d\u00fcl t\u00f6renine kat\u0131lan \u00fcnl\u00fc isimler ve gecenin sunuculu\u011funu yapan Yunus G\u00fcn\u00e7e\u2019nin aras\u0131nda ge\u00e7en diyaloglar \u00f6\u011frencileri kahkahalara bo\u011fdu. T\u00f6rende, kimi isimler \u00f6d\u00fclleri kendileri al\u0131rken \u0130lker Kaleli ve Bur\u00e7in Terzio\u011flu gibi baz\u0131 isimlerde geceye kat\u0131lamayarak videolar\u0131n\u0131 yollad\u0131.<\/p>\n<\/div>\n<div data-type=\"2\" data-fb=\"https:\/\/www.facebook.com\/marmaragztsi\/\" data-twitter=\"https:\/\/twitter.com\/MarmaraGazetesi\" data-gplus=\"\"><\/div>\n<div data-type=\"2\" data-fb=\"https:\/\/www.facebook.com\/marmaragztsi\/\" data-twitter=\"https:\/\/twitter.com\/MarmaraGazetesi\" data-gplus=\"\">\u00c7a\u011fatay Ulusoy, 2015 yaz aylar\u0131nda oynad\u0131\u011f\u0131, 2016 y\u0131l\u0131nda sinemalarda g\u00f6sterimde olan Sinema filmi Delibal&#8217;daki Bar\u0131\u015f Ayaz rol\u00fc ile, <strong>2016 Y\u0131l\u0131n\u0131n En Be\u011fenilen Erkek Sinema Oyuncusu<\/strong> \u00f6d\u00fcl\u00fcne lay\u0131k g\u00f6r\u00fcld\u00fc.<\/div>\n<div data-type=\"2\" data-fb=\"https:\/\/www.facebook.com\/marmaragztsi\/\" data-twitter=\"https:\/\/twitter.com\/MarmaraGazetesi\" data-gplus=\"\"><\/div>\n<div data-type=\"2\" data-fb=\"https:\/\/www.facebook.com\/marmaragztsi\/\" data-twitter=\"https:\/\/twitter.com\/MarmaraGazetesi\" data-gplus=\"\"><img loading=\"lazy\" decoding=\"async\" class=\"alignnone size-full wp-image-17220\" src=\"http:\/\/balcilar-blog.com\/wp-content\/uploads\/2017\/01\/C2AQtYzW8AAkBQn.jpg\" alt=\"C2AQtYzW8AAkBQn\" width=\"480\" height=\"480\" srcset=\"https:\/\/balcilar-blog.com\/wp-content\/uploads\/2017\/01\/C2AQtYzW8AAkBQn.jpg 480w, https:\/\/balcilar-blog.com\/wp-content\/uploads\/2017\/01\/C2AQtYzW8AAkBQn-150x150.jpg 150w, https:\/\/balcilar-blog.com\/wp-content\/uploads\/2017\/01\/C2AQtYzW8AAkBQn-300x300.jpg 300w\" sizes=\"auto, (max-width: 480px) 100vw, 480px\" \/><\/div>\n<div data-type=\"2\" data-fb=\"https:\/\/www.facebook.com\/marmaragztsi\/\" data-twitter=\"https:\/\/twitter.com\/MarmaraGazetesi\" data-gplus=\"\"><\/div>\n<div data-type=\"2\" data-fb=\"https:\/\/www.facebook.com\/marmaragztsi\/\" data-twitter=\"https:\/\/twitter.com\/MarmaraGazetesi\" data-gplus=\"\">\u00c7a\u011fatay Ulusoy&#8217;un Eyl\u00fcl 2016&#8217;da ba\u015flayan yeni dizi Filmi \u0130\u00e7erde, 2016 Y\u0131l\u0131n\u0131n En Be\u011fenilen Dizi Filmi se\u00e7ilmi\u015ftir.<\/div>\n<div data-type=\"2\" data-fb=\"https:\/\/www.facebook.com\/marmaragztsi\/\" data-twitter=\"https:\/\/twitter.com\/MarmaraGazetesi\" data-gplus=\"\"><\/div>\n<div data-type=\"2\" data-fb=\"https:\/\/www.facebook.com\/marmaragztsi\/\" data-twitter=\"https:\/\/twitter.com\/MarmaraGazetesi\" data-gplus=\"\"><img loading=\"lazy\" decoding=\"async\" class=\"alignnone size-full wp-image-17221\" src=\"http:\/\/balcilar-blog.com\/wp-content\/uploads\/2017\/01\/C16L2osXUAA35fv.jpg\" alt=\"C16L2osXUAA35fv\" width=\"480\" height=\"480\" srcset=\"https:\/\/balcilar-blog.com\/wp-content\/uploads\/2017\/01\/C16L2osXUAA35fv.jpg 480w, https:\/\/balcilar-blog.com\/wp-content\/uploads\/2017\/01\/C16L2osXUAA35fv-150x150.jpg 150w, https:\/\/balcilar-blog.com\/wp-content\/uploads\/2017\/01\/C16L2osXUAA35fv-300x300.jpg 300w\" sizes=\"auto, (max-width: 480px) 100vw, 480px\" \/><\/div>\n<div data-type=\"2\" data-fb=\"https:\/\/www.facebook.com\/marmaragztsi\/\" data-twitter=\"https:\/\/twitter.com\/MarmaraGazetesi\" data-gplus=\"\"><\/div>\n<div data-type=\"2\" data-fb=\"https:\/\/www.facebook.com\/marmaragztsi\/\" data-twitter=\"https:\/\/twitter.com\/MarmaraGazetesi\" data-gplus=\"\">\u0130\u00e7erde&#8217;nin \u00f6d\u00fcl\u00fcn\u00fc dizide rol olan Eylem karakteri (Damla Colbay) ile Ye\u015fim karakterini oynayan (G\u00f6zde Kansu) birlikte \u00f6d\u00fcl\u00fc alm\u0131\u015flard\u0131r.<\/div>\n<div data-type=\"2\" data-fb=\"https:\/\/www.facebook.com\/marmaragztsi\/\" data-twitter=\"https:\/\/twitter.com\/MarmaraGazetesi\" data-gplus=\"\"><\/div>\n<div data-type=\"2\" data-fb=\"https:\/\/www.facebook.com\/marmaragztsi\/\" data-twitter=\"https:\/\/twitter.com\/MarmaraGazetesi\" data-gplus=\"\"><img loading=\"lazy\" decoding=\"async\" class=\"alignnone size-full wp-image-17217\" src=\"http:\/\/balcilar-blog.com\/wp-content\/uploads\/2017\/01\/C1_8DBNXUAAqpK6.jpg\" alt=\"C1_8DBNXUAAqpK6\" width=\"480\" height=\"599\" srcset=\"https:\/\/balcilar-blog.com\/wp-content\/uploads\/2017\/01\/C1_8DBNXUAAqpK6.jpg 480w, https:\/\/balcilar-blog.com\/wp-content\/uploads\/2017\/01\/C1_8DBNXUAAqpK6-240x300.jpg 240w\" sizes=\"auto, (max-width: 480px) 100vw, 480px\" \/><\/div>\n<div data-type=\"2\" data-fb=\"https:\/\/www.facebook.com\/marmaragztsi\/\" data-twitter=\"https:\/\/twitter.com\/MarmaraGazetesi\" data-gplus=\"\"><\/div>\n<div data-type=\"2\" data-fb=\"https:\/\/www.facebook.com\/marmaragztsi\/\" data-twitter=\"https:\/\/twitter.com\/MarmaraGazetesi\" data-gplus=\"\">Ayr\u0131ca dizinin m\u00fcziklerini yapan Toygar I\u015f\u0131kl\u0131, 2016 Y\u0131l\u0131n\u0131n En Be\u011fenilen Dizi &#8211; Film M\u00fczi\u011fi dal\u0131nda \u00f6d\u00fcle lay\u0131k g\u00f6r\u00fclm\u00fc\u015ft\u00fcr.<\/div>\n<div data-type=\"2\" data-fb=\"https:\/\/www.facebook.com\/marmaragztsi\/\" data-twitter=\"https:\/\/twitter.com\/MarmaraGazetesi\" data-gplus=\"\"><\/div>\n<div data-type=\"2\" data-fb=\"https:\/\/www.facebook.com\/marmaragztsi\/\" data-twitter=\"https:\/\/twitter.com\/MarmaraGazetesi\" data-gplus=\"\"><img loading=\"lazy\" decoding=\"async\" class=\"alignnone size-full wp-image-17218\" src=\"http:\/\/balcilar-blog.com\/wp-content\/uploads\/2017\/01\/C1_foejW8AAPF44.jpg\" alt=\"C1_foejW8AAPF44\" width=\"608\" height=\"480\" srcset=\"https:\/\/balcilar-blog.com\/wp-content\/uploads\/2017\/01\/C1_foejW8AAPF44.jpg 608w, https:\/\/balcilar-blog.com\/wp-content\/uploads\/2017\/01\/C1_foejW8AAPF44-300x237.jpg 300w\" sizes=\"auto, (max-width: 608px) 100vw, 608px\" \/><\/div>\n<div data-type=\"2\" data-fb=\"https:\/\/www.facebook.com\/marmaragztsi\/\" data-twitter=\"https:\/\/twitter.com\/MarmaraGazetesi\" data-gplus=\"\"><\/div>\n<div data-type=\"2\" data-fb=\"https:\/\/www.facebook.com\/marmaragztsi\/\" data-twitter=\"https:\/\/twitter.com\/MarmaraGazetesi\" data-gplus=\"\">\n<p>Bur\u00e7in Terzio\u011flu, En Be\u011fenilen Kad\u0131n Dizi Film Oyuncusu ve \u0130lker Kaleli, En Be\u011fenilen Erkek Dizi Oyuncusu \u00f6d\u00fcl\u00fcne lay\u0131k g\u00f6r\u00fclm\u00fc\u015ft\u00fcr.<\/p>\n<p>\u0130\u015fte 32 Dalda Kazanalar:<\/p>\n<p>2016 Y\u0131l\u0131n\u0131n En Be\u011fenilen \u0130\u015f Kad\u0131n\u0131: Arzuhan Do\u011fan Yal\u00e7\u0131nda\u011f<br \/>\n2016 Y\u0131l\u0131n\u0131n En Be\u011fenilen \u0130\u015f Adam\u0131: B\u00fclent Eczac\u0131ba\u015f\u0131<br \/>\n2016 Y\u0131l\u0131n\u0131n En Be\u011fenilen Ekonomisti: C\u00fcneyt Ba\u015faran<br \/>\n2016 Y\u0131l\u0131n\u0131n En Be\u011fenilen \u015eirketi: T\u00fcrkiye \u0130\u015f Bankas\u0131<br \/>\n2016 Y\u0131l\u0131n\u0131n <strong>En Be\u011fenilen Dizi &#8211; Film M\u00fczi\u011fi: \u0130\u00e7erde &#8211; Toygar I\u015f\u0131kl\u0131<\/strong><br \/>\n2016 Y\u0131l\u0131n\u0131n En Be\u011fenilen \u015eark\u0131s\u0131: Yank\u0131 &#8211; Simge Sa\u011f\u0131n<br \/>\n2016 Y\u0131l\u0131n\u0131n En Be\u011fenilen M\u00fczik Grubu: Athena<br \/>\n2016 Y\u0131l\u0131n\u0131n En Be\u011fenilen Kad\u0131n \u015eark\u0131c\u0131s\u0131: S\u0131la Gen\u00e7o\u011flu<br \/>\n2016 Y\u0131l\u0131n\u0131n En Be\u011fenilen Erkek \u015eark\u0131c\u0131s\u0131: Murat Boz<br \/>\n2016 Y\u0131l\u0131n\u0131n En Be\u011fenilen Tiyatro Oyunu: En K\u0131sa Gecenin R\u00fcyas\u0131<br \/>\n2016 Y\u0131l\u0131n\u0131n En Be\u011fenilen Kad\u0131n Tiyatro Oyuncusu: Didem Bal\u00e7\u0131n<br \/>\n2016 Y\u0131l\u0131n\u0131n En Be\u011fenilen Erkek Tiyatro Oyuncusu: Erdal Be\u015fik\u00e7io\u011flu<br \/>\n2016 Y\u0131l\u0131n\u0131n En Be\u011fenilen TV Kanal\u0131: TV8<br \/>\n2016 Y\u0131l\u0131n\u0131n En Be\u011fenilen Haber Spikeri: Nazl\u0131 \u00c7elik<br \/>\n2016 Y\u0131l\u0131n\u0131n En Be\u011fenilen Sinema Filmi: Da\u011f 2<br \/>\n2016 Y\u0131l\u0131n\u0131n <strong>En Be\u011fenilen Kad\u0131n Sinema Oyuncusu: Asl\u0131 Enver<\/strong><br \/>\n2016 Y\u0131l\u0131n\u0131n <strong>En Be\u011fenilen Erkek Sinema Oyuncusu: \u00c7a\u011fatay Ulusoy<\/strong><br \/>\n2016 Y\u0131l\u0131n\u0131n En Be\u011fenilen Gazetesi: H\u00fcrriyet<br \/>\n2016 Y\u0131l\u0131n\u0131n En Be\u011fenilen Yazar\u0131: Buket Uzuner<br \/>\n2016 Y\u0131l\u0131n\u0131n <strong>En Be\u011fenilen Dizi Filmi: \u0130\u00e7erde<\/strong><br \/>\n2016 Y\u0131l\u0131n\u0131n <strong>En Be\u011fenilen Kad\u0131n Dizi Film Oyuncusu: Bur\u00e7in Terzio\u011flu<\/strong><br \/>\n2016 Y\u0131l\u0131n\u0131n <strong>En Be\u011fenilen Erkek Dizi Film Oyuncusu: \u0130lker Kaleli<\/strong><br \/>\n2016 Y\u0131l\u0131n\u0131n En Be\u011fenilen Reklam Filmi: Thy &#8211; Memleketin Her Yeni \u015eimdi Ne G\u00fczeldir<br \/>\n2016 Y\u0131l\u0131n\u0131n En Be\u011fenilen Sporcusu: Kenan Sofuo\u011flu<br \/>\n2016 Y\u0131l\u0131n\u0131n En Be\u011fenilen Spor Program\u0131: %100 Futbol<br \/>\n2016 Y\u0131l\u0131n\u0131n En Be\u011fenilen Radyo Program\u0131: Matrax &#8211; Zeki Kayahan Co\u015fkun<br \/>\n2016 Y\u0131l\u0131n\u0131n En Be\u011fenilen Sabah Haber Program\u0131: \u0130smail K\u00fc\u00e7\u00fckkaya ile \u00c7alar Saat<br \/>\n2016 Y\u0131l\u0131n\u0131n En Be\u011fenilen K\u00fclt\u00fcr Sanat Program\u0131: Gel Zaman Git Zaman &#8211; \u0130lber Ortayl\u0131<br \/>\n2016 Y\u0131l\u0131n\u0131n En Be\u011fenilen Show Program\u0131: G\u00fcld\u00fcr G\u00fcld\u00fcr Show<br \/>\n2016 Y\u0131l\u0131n\u0131n En Be\u011fenilen Sosyal Sorumluluk Projesi: Dar\u00fc\u015f\u015fafaka &#8211; Olmasa da Olur<br \/>\n2016 Y\u0131l\u0131n\u0131n En Be\u011fenilen Sivil Toplum Kurulu\u015fu: L\u00d6SEV<br \/>\n2016 Y\u0131l\u0131n\u0131n En Be\u011fenilen Dergisi: National Geographic<\/p>\n<\/div>\n<div data-type=\"2\" data-fb=\"https:\/\/www.facebook.com\/marmaragztsi\/\" data-twitter=\"https:\/\/twitter.com\/MarmaraGazetesi\" data-gplus=\"\"><img loading=\"lazy\" decoding=\"async\" class=\"alignnone size-full wp-image-17216\" src=\"http:\/\/balcilar-blog.com\/wp-content\/uploads\/2017\/01\/C1_2kZFWIAAgfQ7.jpg\" alt=\"C1_2kZFWIAAgfQ7\" width=\"480\" height=\"543\" srcset=\"https:\/\/balcilar-blog.com\/wp-content\/uploads\/2017\/01\/C1_2kZFWIAAgfQ7.jpg 480w, https:\/\/balcilar-blog.com\/wp-content\/uploads\/2017\/01\/C1_2kZFWIAAgfQ7-265x300.jpg 265w\" sizes=\"auto, (max-width: 480px) 100vw, 480px\" \/><\/div>\n<div data-type=\"2\" data-fb=\"https:\/\/www.facebook.com\/marmaragztsi\/\" data-twitter=\"https:\/\/twitter.com\/MarmaraGazetesi\" data-gplus=\"\">\n<p>2016 y\u0131l\u0131n\u0131n dizi m\u00fczi\u011fi \u00f6d\u00fcl\u00fcn\u00fc almak i\u00e7in t\u00f6rene kat\u0131lan \u00fcnl\u00fc sanat\u00e7\u0131 <strong>Toygar I\u015f\u0131kl\u0131<\/strong>, \u201cJ\u00fcriyle olan \u00f6d\u00fcl t\u00f6renleri de oluyor ama \u00fcniversite insanlar\u0131n\u0131n aktif olarak, m\u00fczikte, televizyonda olan insanlar\u0131n i\u00e7 i\u00e7e oldu\u011fu bir t\u00f6ren. Bu t\u00f6rende ger\u00e7ekten bizi takip eden ki\u015filerin yani \u00f6\u011frencilerin bu \u00f6d\u00fcl\u00fc vermesinin gururu ve mutlulu\u011fu ba\u015fka bir duygu, ben \u00f6\u011frencilerin hepsine te\u015fekk\u00fcr ediyorum\u201d dedi.<\/p>\n<p><strong>\u00c7a\u011fatay Ulusoy<\/strong>&#8216;un yo\u011fun dizi \u00e7al\u0131\u015fmalar\u0131ndan ve biraz da rahats\u0131zl\u0131\u011f\u0131 nedeniyle geceye kat\u0131lamam\u0131\u015ft\u0131r. Ulusoy, \u00f6d\u00fcl t\u00f6renine g\u00f6nderdi\u011fi g\u00f6r\u00fcnt\u00fcl\u00fc k\u0131sa bant kayd\u0131nda \u015f\u00f6yle seslenmi\u015ftir;<\/p>\n<p><img loading=\"lazy\" decoding=\"async\" class=\"alignnone size-full wp-image-17229\" src=\"http:\/\/balcilar-blog.com\/wp-content\/uploads\/2017\/01\/Ekran-Al\u0131nt\u0131s\u0131YILDIZ.CU_..jpg\" alt=\"Ekran Al\u0131nt\u0131s\u0131YILDIZ.CU.\" width=\"640\" height=\"368\" srcset=\"https:\/\/balcilar-blog.com\/wp-content\/uploads\/2017\/01\/Ekran-Al\u0131nt\u0131s\u0131YILDIZ.CU_..jpg 640w, https:\/\/balcilar-blog.com\/wp-content\/uploads\/2017\/01\/Ekran-Al\u0131nt\u0131s\u0131YILDIZ.CU_.-300x173.jpg 300w\" sizes=\"auto, (max-width: 640px) 100vw, 640px\" \/><\/p>\n<p>&#8220;<strong>Arkada\u015flar selamlar. Y\u0131ld\u0131z Teknik \u00dcniversitesi \u00f6\u011frencilerine ve \u0130\u015fleme Kul\u00fcb\u00fcne beni bu \u00f6d\u00fcle lay\u0131k g\u00f6rd\u00fckleri i\u00e7in \u00e7ook te\u015fekk\u00fcr ederim. Yo\u011funluktan dolay\u0131 aran\u0131za kat\u0131lam\u0131yorum. Umar\u0131m bir g\u00fcn bir araya geliriz.<\/strong>&#8221;<\/p>\n<p>\u00c7a\u011fatay Ulusoy \u00f6d\u00fcl toplamaya devam ediyor. \u0130\u00e7erde dizisindeki performans\u0131 ve dizisi \u0130\u00c7ERDE ile \u00f6n\u00fcm\u00fczdeki g\u00fcnlerde bir \u00e7ok \u00f6d\u00fcle daha lay\u0131k g\u00f6r\u00fclece\u011fini tahmin ediyorum.<\/p>\n<p><strong>\u00c7a\u011fatay Ulusoy<\/strong>&#8216;a ve <strong>\u0130\u00e7erde<\/strong> dizi ekibine ve de b\u00fct\u00fcn \u00f6d\u00fcl alan sanat\u00e7\u0131lar\u0131m\u0131za tebrik eder, ba\u015far\u0131lar\u0131n\u0131n devam\u0131n\u0131 dilerim.<\/p>\n<\/div>\n<div data-type=\"2\" data-fb=\"https:\/\/www.facebook.com\/marmaragztsi\/\" data-twitter=\"https:\/\/twitter.com\/MarmaraGazetesi\" data-gplus=\"\"><\/div>\n<div data-type=\"2\" data-fb=\"https:\/\/www.facebook.com\/marmaragztsi\/\" data-twitter=\"https:\/\/twitter.com\/MarmaraGazetesi\" data-gplus=\"\">\n<p>Sayg\u0131lar ve sevgiler.<\/p>\n<p>Abdurrahman Balc\u0131lar<\/p>\n<p>Twitter:\u00a0<a href=\"https:\/\/twitter.com\/abbalcilar\">abdurrahman balc\u0131lar<\/a><a href=\"https:\/\/twitter.com\/abbalcilar\"><strong>@abbalcilar<\/strong><\/a><\/p>\n<p>Mail :\u00a0<a href=\"mailto:ab.balcilar@hotmail.com\">ab.balcilar@hotmail.com<\/a><\/p>\n<p>Blog:\u00a0<a href=\"http:\/\/t.co\/znqmIZgIqn\">blog.milliyet.com.tr\/cansever<\/a><\/p>\n<p>Blog:\u00a0<strong>balcilar-blog.com<\/strong><\/p>\n<\/div>\n<div data-type=\"2\" data-fb=\"https:\/\/www.facebook.com\/marmaragztsi\/\" data-twitter=\"https:\/\/twitter.com\/MarmaraGazetesi\" data-gplus=\"\"><\/div>\n<p>Not: Kaynak haber ve g\u00f6rseller \u0130T\u00dc Y\u0131l\u0131n Y\u0131ld\u0131zlar\u0131 \u00d6d\u00fclleri ve \u00c7a\u011fatay Ulusoy Twitter sayfas\u0131.<\/p>\n","protected":false},"excerpt":{"rendered":"<p>&nbsp; T\u00fcrkiye\u2019nin en prestijli \u00f6d\u00fcl t\u00f6reni olan Y\u0131l\u0131n Y\u0131ld\u0131zlar\u0131 \u00d6d\u00fcl T\u00f6reni, her y\u0131l Y\u0131ld\u0131z \u0130\u015fletme Kul\u00fcb\u00fc taraf\u0131ndan haz\u0131rlanmakta olup Y\u0131ld\u0131z Teknik \u00dcniversitesi \u00f6\u011frencilerinin kat\u0131l\u0131m\u0131yla ger\u00e7ekle\u015fmektedir. Y\u0131l\u0131n Y\u0131ld\u0131zlar\u0131 \u00f6d\u00fclleri 2002 y\u0131l\u0131ndan beri, kategoriler \u015feklinde d\u00fczenlenen anketler sayesinde binlerce Y\u0131ld\u0131z Teknik \u00dcniversitesi \u00f6\u011frencisinin verdi\u011fi oylarla sahiplerini bulmaktad\u0131r. Her y\u0131l Ocak ay\u0131n\u0131n ilk haftas\u0131 ger\u00e7ekle\u015fen t\u00f6ren; bas\u0131n, medya, [&hellip;]<\/p>\n","protected":false},"author":3,"featured_media":17222,"comment_status":"open","ping_status":"open","sticky":false,"template":"","format":"standard","meta":{"footnotes":""},"categories":[918],"tags":[15,752,1219,81,1335,1336],"class_list":["post-17214","post","type-post","status-publish","format-standard","has-post-thumbnail","hentry","category-kultur-sanat","tag-cagatay-ulusoy","tag-delibal","tag-icerde","tag-toygar-isikli","tag-yildiz-teknik-universitesi","tag-yilin-yildizlari-odulleri"],"views":5085,"blog_post_layout_featured_media_urls":{"thumbnail":["https:\/\/balcilar-blog.com\/wp-content\/uploads\/2017\/01\/cats-delibal-bar\u0131\u015f-150x150.jpg",150,150,true],"full":["https:\/\/balcilar-blog.com\/wp-content\/uploads\/2017\/01\/cats-delibal-bar\u0131\u015f.jpg",640,363,false]},"categories_names":{"918":{"name":"K\u00fclt\u00fcr - Sanat","link":"https:\/\/balcilar-blog.com\/?cat=918"}},"tags_names":{"15":{"name":"\u00e7a\u011fatay ulusoy","link":"https:\/\/balcilar-blog.com\/?tag=cagatay-ulusoy"},"752":{"name":"Delibal","link":"https:\/\/balcilar-blog.com\/?tag=delibal"},"1219":{"name":"\u0130\u00c7ERDE","link":"https:\/\/balcilar-blog.com\/?tag=icerde"},"81":{"name":"Toygar I\u015f\u0131kl\u0131","link":"https:\/\/balcilar-blog.com\/?tag=toygar-isikli"},"1335":{"name":"Y\u0131ld\u0131z Teknik \u00dcniversitesi","link":"https:\/\/balcilar-blog.com\/?tag=yildiz-teknik-universitesi"},"1336":{"name":"Y\u0131l\u0131n Y\u0131ld\u0131zlar\u0131 \u00d6d\u00fclleri","link":"https:\/\/balcilar-blog.com\/?tag=yilin-yildizlari-odulleri"}},"comments_number":"0","wpmagazine_modules_lite_featured_media_urls":{"thumbnail":["https:\/\/balcilar-blog.com\/wp-content\/uploads\/2017\/01\/cats-delibal-bar\u0131\u015f-150x150.jpg",150,150,true],"cvmm-medium":["https:\/\/balcilar-blog.com\/wp-content\/uploads\/2017\/01\/cats-delibal-bar\u0131\u015f.jpg",300,170,false],"cvmm-medium-plus":["https:\/\/balcilar-blog.com\/wp-content\/uploads\/2017\/01\/cats-delibal-bar\u0131\u015f.jpg",305,173,false],"cvmm-portrait":["https:\/\/balcilar-blog.com\/wp-content\/uploads\/2017\/01\/cats-delibal-bar\u0131\u015f.jpg",400,227,false],"cvmm-medium-square":["https:\/\/balcilar-blog.com\/wp-content\/uploads\/2017\/01\/cats-delibal-bar\u0131\u015f.jpg",600,340,false],"cvmm-large":["https:\/\/balcilar-blog.com\/wp-content\/uploads\/2017\/01\/cats-delibal-bar\u0131\u015f.jpg",640,363,false],"cvmm-small":["https:\/\/balcilar-blog.com\/wp-content\/uploads\/2017\/01\/cats-delibal-bar\u0131\u015f.jpg",130,74,false],"full":["https:\/\/balcilar-blog.com\/wp-content\/uploads\/2017\/01\/cats-delibal-bar\u0131\u015f.jpg",640,363,false]},"_links":{"self":[{"href":"https:\/\/balcilar-blog.com\/index.php?rest_route=\/wp\/v2\/posts\/17214","targetHints":{"allow":["GET"]}}],"collection":[{"href":"https:\/\/balcilar-blog.com\/index.php?rest_route=\/wp\/v2\/posts"}],"about":[{"href":"https:\/\/balcilar-blog.com\/index.php?rest_route=\/wp\/v2\/types\/post"}],"author":[{"embeddable":true,"href":"https:\/\/balcilar-blog.com\/index.php?rest_route=\/wp\/v2\/users\/3"}],"replies":[{"embeddable":true,"href":"https:\/\/balcilar-blog.com\/index.php?rest_route=%2Fwp%2Fv2%2Fcomments&post=17214"}],"version-history":[{"count":4,"href":"https:\/\/balcilar-blog.com\/index.php?rest_route=\/wp\/v2\/posts\/17214\/revisions"}],"predecessor-version":[{"id":17230,"href":"https:\/\/balcilar-blog.com\/index.php?rest_route=\/wp\/v2\/posts\/17214\/revisions\/17230"}],"wp:featuredmedia":[{"embeddable":true,"href":"https:\/\/balcilar-blog.com\/index.php?rest_route=\/wp\/v2\/media\/17222"}],"wp:attachment":[{"href":"https:\/\/balcilar-blog.com\/index.php?rest_route=%2Fwp%2Fv2%2Fmedia&parent=17214"}],"wp:term":[{"taxonomy":"category","embeddable":true,"href":"https:\/\/balcilar-blog.com\/index.php?rest_route=%2Fwp%2Fv2%2Fcategories&post=17214"},{"taxonomy":"post_tag","embeddable":true,"href":"https:\/\/balcilar-blog.com\/index.php?rest_route=%2Fwp%2Fv2%2Ftags&post=17214"}],"curies":[{"name":"wp","href":"https:\/\/api.w.org\/{rel}","templated":true}]}}