{"id":17151,"date":"2017-01-12T16:12:44","date_gmt":"2017-01-12T13:12:44","guid":{"rendered":"http:\/\/balcilar-blog.com\/?p=17151"},"modified":"2017-01-12T16:29:09","modified_gmt":"2017-01-12T13:29:09","slug":"icerde-yine-zirvede-mertin-adini-ogrenemedigi-umutsuzlugu","status":"publish","type":"post","link":"https:\/\/balcilar-blog.com\/?p=17151","title":{"rendered":"\u0130\u00e7erde yine zirvede! Mert&#8217;in ad\u0131n\u0131 \u00f6\u011frenemedi\u011fi Umut&#8217;suzlu\u011fu&#8230;"},"content":{"rendered":"<p><img loading=\"lazy\" decoding=\"async\" class=\"alignnone size-full wp-image-17155\" src=\"http:\/\/balcilar-blog.com\/wp-content\/uploads\/2017\/01\/C1veOFzW8AERR70.jpg\" alt=\"c1veofzw8aerr70\" width=\"640\" height=\"320\" srcset=\"https:\/\/balcilar-blog.com\/wp-content\/uploads\/2017\/01\/C1veOFzW8AERR70.jpg 640w, https:\/\/balcilar-blog.com\/wp-content\/uploads\/2017\/01\/C1veOFzW8AERR70-300x150.jpg 300w\" sizes=\"auto, (max-width: 640px) 100vw, 640px\" \/><\/p>\n<p>Ay Yap\u0131m&#8217;\u0131n yap\u0131mc\u0131s\u0131 oldu\u011fu, Show Tv&#8217;nin fenomen dizisi \u0130\u00c7ERDE her hafta oldu\u011fu gibi yine rakipsiz ve zirvedeydi. Pazartesi ak\u015fam\u0131 ekranlara gelen 2017&#8217;nin ilk b\u00f6l\u00fcm\u00fc olan 16.b\u00f6l\u00fcm\u00fc soluksuz izledik. Zaman zaman nefes almakta zorland\u0131k.<\/p>\n<p>Yay\u0131nland\u0131\u011f\u0131 ilk g\u00fcnden itibaren herkesi ekran ba\u015f\u0131na kilitleyen &#8216;<strong>\u0130\u00e7erde<\/strong>&#8216; dizisi, d\u00fcn ak\u015fam da birincili\u011fi kapt\u0131rmad\u0131.<\/p>\n<p>9 Ocak Pazartesi gecesinin reyting s\u0131ralamas\u0131nda; <strong>AB\u2019de 12,86<\/strong> izlenme oran\u0131 (<strong>rating<\/strong>), 28,09 izlenme pay\u0131 (share), ABC1 20+&#8217;da 12,48 izlenme oran\u0131, 25,74 izlenme pay\u0131, <strong>Total\u2019de 9,91<\/strong> izlenme oran\u0131, 21,74 izlenme pay\u0131 ile rakiplerini geride b\u0131rakt\u0131.<\/p>\n<p>Ayr\u0131ca &#8216;icerde&#8217; etiketi ile 26 bin 189 tweet at\u0131l\u0131rken, <strong>Twitter<\/strong>&#8216;\u0131n T\u00fcrkiye g\u00fcndeminde 15 saat 50 dakika, d\u00fcnya g\u00fcndeminde ise 5 saat 35 dakika kalmay\u0131 ba\u015fard\u0131.<\/p>\n<p><img loading=\"lazy\" decoding=\"async\" class=\"alignnone size-full wp-image-17153\" src=\"http:\/\/balcilar-blog.com\/wp-content\/uploads\/2017\/01\/C1y4Gn5XEAA0jrM.jpg\" alt=\"c1y4gn5xeaa0jrm\" width=\"480\" height=\"504\" srcset=\"https:\/\/balcilar-blog.com\/wp-content\/uploads\/2017\/01\/C1y4Gn5XEAA0jrM.jpg 480w, https:\/\/balcilar-blog.com\/wp-content\/uploads\/2017\/01\/C1y4Gn5XEAA0jrM-286x300.jpg 286w\" sizes=\"auto, (max-width: 480px) 100vw, 480px\" \/><\/p>\n<p>Ge\u00e7en b\u00f6l\u00fcm sonunda, Melek y\u00fcz\u00fcnden Sarp ile Davut amans\u0131z bir kavgaya girmi\u015flerdi. Melek iki tabanca aras\u0131na ba\u015f\u0131n\u0131 koyarak, \u00f6l\u00fcm\u00fcne kavgay\u0131 sonland\u0131rm\u0131\u015ft\u0131.<\/p>\n<p><strong>16.B\u00f6l\u00fcm yine bu kavga ile ba\u015flad\u0131:<\/strong><\/p>\n<p><img loading=\"lazy\" decoding=\"async\" class=\"alignnone size-full wp-image-17185\" src=\"http:\/\/balcilar-blog.com\/wp-content\/uploads\/2017\/01\/Ekran-Al\u0131nt\u0131s\u0131\u0130\u00c7ERDE.16.1.jpg\" alt=\"Ekran Al\u0131nt\u0131s\u0131\u0130\u00c7ERDE.16.1\" width=\"640\" height=\"363\" srcset=\"https:\/\/balcilar-blog.com\/wp-content\/uploads\/2017\/01\/Ekran-Al\u0131nt\u0131s\u0131\u0130\u00c7ERDE.16.1.jpg 640w, https:\/\/balcilar-blog.com\/wp-content\/uploads\/2017\/01\/Ekran-Al\u0131nt\u0131s\u0131\u0130\u00c7ERDE.16.1-300x170.jpg 300w\" sizes=\"auto, (max-width: 640px) 100vw, 640px\" \/><\/p>\n<p>Sarp, son hamle ile Davut&#8217;u yere serer, pes ettirir. Sarp; &#8220;Bu k\u0131z ne isterse onu yapacak, Celal Babaya gitmek istiyorsa ben g\u00f6t\u00fcrece\u011fim.&#8221; Melek&#8217;e sorar, girmek istiyor musun? Melek; &#8220;Hay\u0131r Sarp, beni kendi evime g\u00f6t\u00fcr. Celal Baban\u0131n evine d\u00f6nmeyece\u011fim, hele silah zoruyla, hi\u00e7&#8230;&#8221;<\/p>\n<p>Sarp ile Melek eve giderler, Melek Sarp&#8217;\u0131n yaralar\u0131n\u0131 temizler, Davut&#8217;tan uzak durmas\u0131n\u0131 ister. Bundan sonra \u00e7ok dikkatli olmam\u0131z gerekiyor. Celal Baba telefon eder, Sarp&#8217;\u0131 evine \u00e7a\u011f\u0131r\u0131r. Melek gitme der, Sarp&#8217;a sar\u0131l\u0131r, dudaklar\u0131ndan \u00f6per.<\/p>\n<p><img loading=\"lazy\" decoding=\"async\" class=\"alignnone size-full wp-image-17186\" src=\"http:\/\/balcilar-blog.com\/wp-content\/uploads\/2017\/01\/Ekran-Al\u0131nt\u0131s\u0131\u0130\u00c7ERDE.16.2.jpg\" alt=\"Ekran Al\u0131nt\u0131s\u0131\u0130\u00c7ERDE.16.2\" width=\"640\" height=\"358\" srcset=\"https:\/\/balcilar-blog.com\/wp-content\/uploads\/2017\/01\/Ekran-Al\u0131nt\u0131s\u0131\u0130\u00c7ERDE.16.2.jpg 640w, https:\/\/balcilar-blog.com\/wp-content\/uploads\/2017\/01\/Ekran-Al\u0131nt\u0131s\u0131\u0130\u00c7ERDE.16.2-300x168.jpg 300w\" sizes=\"auto, (max-width: 640px) 100vw, 640px\" \/><\/p>\n<p>Di\u011fer tarafta Mert, kamera kay\u0131t g\u00f6r\u00fcnt\u00fclerini silip, silmemekte karars\u0131z kal\u0131r. Co\u015fkun, bana Celal&#8217;i ver, ben de sana aileni s\u00f6yleyeyim diye tehdit eder. Sonra k\u0131rar kalemi, ailemi bulmak i\u00e7in ailem dedi\u011fim adama nas\u0131l ele veririm diyerek kay\u0131tlar\u0131 silmeye karar verir. Celal Baba tel eder, bul bir yolunu sil, kay\u0131tlar\u0131 geri getiremesinler. Mert, &#8216;\u015eeytan\u0131m Co\u015fkun&#8217; diyerek gere\u011fini yapar.<\/p>\n<p>Celal Baba, Sarp&#8217;\u0131 kar\u015f\u0131s\u0131na oturtur, sorguya \u00e7eker. Melek&#8217;in annenin yan\u0131nda ne i\u015fi var? K\u0131z\u0131mdan uzak duracaks\u0131n. Adamlar\u0131ndan birini Melek&#8217;in pe\u015fine takar. Yak\u0131n\u0131nda Sarp&#8217;\u0131 g\u00f6r\u00fcrsen bana bildir, onun defterini ben d\u00fcrece\u011fim. Sarp&#8217;a kay\u0131tlar\u0131n bo\u015f \u00e7\u0131kt\u0131\u011f\u0131n\u0131 sorar. Sarp, avukat\u0131n daha g\u00fcvenli bir yerde yedeklerinin olabilece\u011fini, hayat\u0131n\u0131n tehlikede oldu\u011funu s\u00f6yler. Davut&#8217;u Leyla&#8217;n\u0131n evine g\u00f6nderir. Baba Sarp ile ba\u015f ba\u015fa kal\u0131nca; &#8220;Sarp, durmadan at\u0131yorsun on ikiden vuruyorsun, \u00e7ok mu zekisin, \u015fans\u0131n m\u0131 yaver gidiyor. Yoksa ba\u015fka bir \u015fey mi var sende&#8230;&#8221;<\/p>\n<p><img loading=\"lazy\" decoding=\"async\" class=\"alignnone size-full wp-image-17187\" src=\"http:\/\/balcilar-blog.com\/wp-content\/uploads\/2017\/01\/Ekran-Al\u0131nt\u0131s\u0131\u0130\u00c7ERDE.16.3.jpg\" alt=\"Ekran Al\u0131nt\u0131s\u0131\u0130\u00c7ERDE.16.3\" width=\"640\" height=\"383\" srcset=\"https:\/\/balcilar-blog.com\/wp-content\/uploads\/2017\/01\/Ekran-Al\u0131nt\u0131s\u0131\u0130\u00c7ERDE.16.3.jpg 640w, https:\/\/balcilar-blog.com\/wp-content\/uploads\/2017\/01\/Ekran-Al\u0131nt\u0131s\u0131\u0130\u00c7ERDE.16.3-300x180.jpg 300w\" sizes=\"auto, (max-width: 640px) 100vw, 640px\" \/><\/p>\n<p>Sarp, bana k\u0131zg\u0131ns\u0131n, ama sebebini anlayamad\u0131m, e\u011fer bir cezam varsa boynum k\u0131ldan ince, bilesin der ve \u00e7\u0131kar. Melek&#8217;e telefon eder, dikkatli olamalar\u0131 gerekti\u011fini s\u00f6yler.<\/p>\n<p>Yusuf M\u00fcd\u00fcr\u00fcn eski kar\u0131s\u0131 hastaneye ziyarete gelir. Eski bo\u015fand\u0131\u011f\u0131 kar\u0131s\u0131n\u0131n sesini duyan Yusuf g\u00f6zlerini a\u00e7ar, kendine gelir. Bunun i\u00e7in buraya gelece\u011fini bilseydim daha \u00f6nce vurulurdum diye espri yapar. Derhal hem\u015fire gelir.<\/p>\n<p><img loading=\"lazy\" decoding=\"async\" class=\"alignnone size-full wp-image-17188\" src=\"http:\/\/balcilar-blog.com\/wp-content\/uploads\/2017\/01\/Ekran-Al\u0131nt\u0131s\u0131\u0130\u00c7ERDE.16.4.jpg\" alt=\"Ekran Al\u0131nt\u0131s\u0131\u0130\u00c7ERDE.16.4\" width=\"640\" height=\"370\" srcset=\"https:\/\/balcilar-blog.com\/wp-content\/uploads\/2017\/01\/Ekran-Al\u0131nt\u0131s\u0131\u0130\u00c7ERDE.16.4.jpg 640w, https:\/\/balcilar-blog.com\/wp-content\/uploads\/2017\/01\/Ekran-Al\u0131nt\u0131s\u0131\u0130\u00c7ERDE.16.4-300x173.jpg 300w\" sizes=\"auto, (max-width: 640px) 100vw, 640px\" \/><\/p>\n<p>Sarp d\u00f6n\u00fc\u015fte annesine u\u011frar, halini hat\u0131r\u0131n\u0131 sorar. Melek ile g\u00f6r\u00fc\u015fmemesini s\u00f6yler, Celal Baba bizden \u015f\u00fcpheleniyor. Bar\u0131\u015f, kebap\u00e7\u0131n\u0131n da ne k\u0131ymetli k\u0131z\u0131 varm\u0131\u015f, abi senden iyisini mi bulacak&#8230;<\/p>\n<p><img loading=\"lazy\" decoding=\"async\" class=\"alignnone size-medium wp-image-17189\" src=\"http:\/\/balcilar-blog.com\/wp-content\/uploads\/2017\/01\/Ekran-Al\u0131nt\u0131s\u0131\u0130\u00c7ERDE.16.5-300x224.jpg\" alt=\"Ekran Al\u0131nt\u0131s\u0131\u0130\u00c7ERDE.16.5\" width=\"300\" height=\"224\" srcset=\"https:\/\/balcilar-blog.com\/wp-content\/uploads\/2017\/01\/Ekran-Al\u0131nt\u0131s\u0131\u0130\u00c7ERDE.16.5-300x224.jpg 300w, https:\/\/balcilar-blog.com\/wp-content\/uploads\/2017\/01\/Ekran-Al\u0131nt\u0131s\u0131\u0130\u00c7ERDE.16.5.jpg 640w\" sizes=\"auto, (max-width: 300px) 100vw, 300px\" \/>\u00a0<img loading=\"lazy\" decoding=\"async\" class=\"alignnone size-medium wp-image-17190\" src=\"http:\/\/balcilar-blog.com\/wp-content\/uploads\/2017\/01\/Ekran-Al\u0131nt\u0131s\u0131\u0130\u00c7ERDE.16.6-300x217.jpg\" alt=\"Ekran Al\u0131nt\u0131s\u0131\u0130\u00c7ERDE.16.6\" width=\"300\" height=\"217\" srcset=\"https:\/\/balcilar-blog.com\/wp-content\/uploads\/2017\/01\/Ekran-Al\u0131nt\u0131s\u0131\u0130\u00c7ERDE.16.6-300x217.jpg 300w, https:\/\/balcilar-blog.com\/wp-content\/uploads\/2017\/01\/Ekran-Al\u0131nt\u0131s\u0131\u0130\u00c7ERDE.16.6.jpg 640w\" sizes=\"auto, (max-width: 300px) 100vw, 300px\" \/><\/p>\n<p>Sarp, Melek&#8217;in evine gider. Oturup uzun uzun ili\u015fkilerini konu\u015furlar. Melek ayr\u0131lmam\u0131z laz\u0131m, Celal sana zarar vermesinden korkuyorum. Sarp, ben senden ayr\u0131lamam, b\u0131rakmam seni&#8230; \u00d6per evden ayr\u0131l\u0131r.<\/p>\n<p>Mert, kay\u0131tlar\u0131 silmeden yedeklerini al\u0131r. Celal Baba telefon eder, ne yapt\u0131n diye sorar. Ne kurtulmu\u015f ki senin elinden, senin ad\u0131n Mert. Bildi\u011fim kadar\u0131yla benim ad\u0131m Mert, Co\u015fkun baba bu s\u0131ralar ger\u00e7ek ismim ne ona takt\u0131m kafaya. Celal, sen benim o\u011flum Mert&#8217;sin, ke\u015fke kay\u0131tlar\u0131 silmeden seyretseydin Co\u015fkun i\u00e7in bir \u015feyler bulabilirdik. Mert, silmeden g\u00f6r\u00fcnt\u00fclerin yedeklerini ald\u0131m, onlara tekrar bak\u0131cam. G\u00f6r\u00fcnt\u00fcler seyreder, Sarp&#8217;\u0131 g\u00f6r\u00fcnce \u015fa\u015f\u0131r\u0131r. O s\u0131rada kap\u0131 \u00e7alar Eylem gelir. Birlikte \u00e7ay i\u00e7erler, Mert lavaboya ge\u00e7er. Eylem&#8217;e gelen telefonda Yusuf M\u00fcd\u00fcr\u00fcn hastanede yatt\u0131\u011f\u0131n\u0131 \u00f6\u011frenir. Mert&#8217;in bilgisayar\u0131ndan bakmak ister. Sarp&#8217;\u0131n g\u00f6r\u00fcnt\u00fcleri g\u00f6r\u00fcr, hemen fotosunu \u00e7eker. Durumu Sarp&#8217;a telefonla ula\u015ft\u0131r\u0131r.<\/p>\n<p>Sarp ile Eylem bulu\u015fur. Sarp g\u00f6r\u00fcnt\u00fcleri seyreder, Mert&#8217;in evine girip o bilgisayar\u0131 almas\u0131 gereklidir.<\/p>\n<p>Celal Banan\u0131n kar\u0131s\u0131 Ye\u015fim&#8217;in i\u00e7ini kemiren konu, Melek ger\u00e7ek k\u0131z\u0131 olabilir mi? Kocas\u0131n\u0131n k\u0131z\u0131 ile aras\u0131n\u0131 bulmak amac\u0131yla Melek&#8217;in evine gider. Melek&#8217;i ikna edemez ama, amac\u0131na ula\u015f\u0131r. Birlikte i\u00e7tikleri cay sonunda onun i\u00e7ti\u011fi barda\u011f\u0131 \u00e7antas\u0131na indiriverir. Celal&#8217;inki ile birlikte DNA yapt\u0131r\u0131r, \u00e7\u0131kan sonun kar\u015f\u0131s\u0131nda adeta y\u0131k\u0131l\u0131r. Melek Celal&#8217;im \u00f6z k\u0131z\u0131d\u0131r.<\/p>\n<p><img loading=\"lazy\" decoding=\"async\" class=\"alignnone size-full wp-image-17192\" src=\"http:\/\/balcilar-blog.com\/wp-content\/uploads\/2017\/01\/Ekran-Al\u0131nt\u0131s\u0131\u0130\u00c7ERDE.16.8.jpg\" alt=\"Ekran Al\u0131nt\u0131s\u0131\u0130\u00c7ERDE.16.8\" width=\"640\" height=\"371\" srcset=\"https:\/\/balcilar-blog.com\/wp-content\/uploads\/2017\/01\/Ekran-Al\u0131nt\u0131s\u0131\u0130\u00c7ERDE.16.8.jpg 640w, https:\/\/balcilar-blog.com\/wp-content\/uploads\/2017\/01\/Ekran-Al\u0131nt\u0131s\u0131\u0130\u00c7ERDE.16.8-300x174.jpg 300w\" sizes=\"auto, (max-width: 640px) 100vw, 640px\" \/><\/p>\n<p>Sarp, Mert&#8217;in evine kap\u0131y\u0131 bir \u00e7ilingir gibi a\u00e7ar ve girer. Laptopu a\u00e7ar, g\u00f6r\u00fcnt\u00fcleri g\u00f6r\u00fcr. O s\u0131rada asans\u00f6r \u00e7al\u0131\u015f\u0131r, Sarp tela\u015flan\u0131r, tabancas\u0131n\u0131 \u00e7eker bekler, Allah&#8217;tan asans\u00f6r bir \u00fcst kata \u00e7\u0131kar. Laptopu \u00e7antas\u0131na koyar ve evi terk eder. Telefonu \u00e7alar, arayan Yusuf M\u00fcd\u00fcrd\u00fcr. Konu\u015fmak i\u00e7in hastaneye \u00e7a\u011f\u0131r\u0131r. \u00c7\u0131k\u0131\u015fta gelen Mert onu g\u00f6r\u00fcr pe\u015fine tak\u0131l\u0131r.<\/p>\n<p><img loading=\"lazy\" decoding=\"async\" class=\"alignnone size-full wp-image-17120\" src=\"http:\/\/balcilar-blog.com\/wp-content\/uploads\/2017\/01\/71937fb2ea912b3dd6443890ef3562a8_840.jpg\" alt=\"71937fb2ea912b3dd6443890ef3562a8_840\" width=\"640\" height=\"408\" srcset=\"https:\/\/balcilar-blog.com\/wp-content\/uploads\/2017\/01\/71937fb2ea912b3dd6443890ef3562a8_840.jpg 640w, https:\/\/balcilar-blog.com\/wp-content\/uploads\/2017\/01\/71937fb2ea912b3dd6443890ef3562a8_840-300x191.jpg 300w\" sizes=\"auto, (max-width: 640px) 100vw, 640px\" \/><\/p>\n<p>Sarp&#8217;\u0131 beklerken Yusuf M\u00fcd\u00fcr\u00fcn eski kar\u0131s\u0131 Serap tekrar gelir. Yusuf&#8217;un \u0131srar\u0131yla s\u0131k\u0131nt\u0131s\u0131n\u0131 anlat\u0131r. O\u011flu esrar i\u015fine kar\u0131\u015fm\u0131\u015ft\u0131r. Hem de al\u0131p sat\u0131c\u0131. Yusuf&#8217;tan yard\u0131m ister. \u0130yile\u015fti\u011finde yard\u0131m yapaca\u011f\u0131n\u0131 s\u00f6yler, g\u00f6nderir.<\/p>\n<p><img loading=\"lazy\" decoding=\"async\" class=\"alignnone size-full wp-image-17193\" src=\"http:\/\/balcilar-blog.com\/wp-content\/uploads\/2017\/01\/Ekran-Al\u0131nt\u0131s\u0131\u0130\u00c7ERDE.16.9.jpg\" alt=\"Ekran Al\u0131nt\u0131s\u0131\u0130\u00c7ERDE.16.9\" width=\"640\" height=\"354\" srcset=\"https:\/\/balcilar-blog.com\/wp-content\/uploads\/2017\/01\/Ekran-Al\u0131nt\u0131s\u0131\u0130\u00c7ERDE.16.9.jpg 640w, https:\/\/balcilar-blog.com\/wp-content\/uploads\/2017\/01\/Ekran-Al\u0131nt\u0131s\u0131\u0130\u00c7ERDE.16.9-300x166.jpg 300w\" sizes=\"auto, (max-width: 640px) 100vw, 640px\" \/><\/p>\n<p>Sarp Beyo\u011flu&#8217;nun ara sokaklar\u0131na girer, Mert&#8217;in pe\u015finden onu takip etti\u011finin fark\u0131ndad\u0131r. Onu ekmeye \u00e7al\u0131\u015f\u0131r. Sonra da eker.<\/p>\n<p>Alyanak, Sar\u0131 H\u00fcsn\u00fc\u2019n\u00fcn mahallesine \u00e7\u00f6km\u00fc\u015ft\u00fcr. Oradakilerin kendisine biat etmesini sa\u011flamaya \u00e7al\u0131\u015f\u0131yordur. Kendisini Celal\u2019in bitiremedi\u011fi adam, bir numaral\u0131 d\u00fc\u015fman\u0131 ilan eder. Tuttu\u011fu bir adam g\u00f6stermelik tokatlar.<\/p>\n<p><img loading=\"lazy\" decoding=\"async\" class=\"alignnone size-full wp-image-17200\" src=\"http:\/\/balcilar-blog.com\/wp-content\/uploads\/2017\/01\/Ekran-Al\u0131nt\u0131s\u0131\u0130\u00c7ERDE16.10.jpg\" alt=\"Ekran Al\u0131nt\u0131s\u0131\u0130\u00c7ERDE16.10\" width=\"640\" height=\"358\" srcset=\"https:\/\/balcilar-blog.com\/wp-content\/uploads\/2017\/01\/Ekran-Al\u0131nt\u0131s\u0131\u0130\u00c7ERDE16.10.jpg 640w, https:\/\/balcilar-blog.com\/wp-content\/uploads\/2017\/01\/Ekran-Al\u0131nt\u0131s\u0131\u0130\u00c7ERDE16.10-300x168.jpg 300w\" sizes=\"auto, (max-width: 640px) 100vw, 640px\" \/><\/p>\n<p>Celal Baba, k\u0131z\u0131 Melek ile konu\u015fmak i\u00e7in evden \u00e7\u0131kar. Mert, Melek&#8217;in evinde, Sarp&#8217;\u0131n g\u00f6r\u00fcnt\u00fclerini Mert ile birlikte seyrederler. Bu \u00f6r\u00fcnt\u00fcleri Celal Babaya g\u00f6sterirsem, Sarp, F\u00fcsun Teyze \u00f6l\u00fcr. Melek sen baya ciddisin deyince, ben sana s\u00f6yleyeyim; Bu Sarp, F\u00fcsun Teyze, Eylem yok mu? biz onlarla ya has\u0131m olaca\u011f\u0131z, ya da h\u0131s\u0131m. S\u00f6ylemedi deme&#8230; Bir g\u00fcn se\u00e7im yapmak zorunda kalabilirim. Ya Celal Baba, ya onlar. Melek \u00e7ok tedirgin olur.<\/p>\n<p><img loading=\"lazy\" decoding=\"async\" class=\"alignnone size-full wp-image-17194\" src=\"http:\/\/balcilar-blog.com\/wp-content\/uploads\/2017\/01\/Ekran-Al\u0131nt\u0131s\u0131\u0130\u00c7ERDE.16.11.jpg\" alt=\"Ekran Al\u0131nt\u0131s\u0131\u0130\u00c7ERDE.16.11\" width=\"640\" height=\"367\" srcset=\"https:\/\/balcilar-blog.com\/wp-content\/uploads\/2017\/01\/Ekran-Al\u0131nt\u0131s\u0131\u0130\u00c7ERDE.16.11.jpg 640w, https:\/\/balcilar-blog.com\/wp-content\/uploads\/2017\/01\/Ekran-Al\u0131nt\u0131s\u0131\u0130\u00c7ERDE.16.11-300x172.jpg 300w\" sizes=\"auto, (max-width: 640px) 100vw, 640px\" \/><\/p>\n<p>Sarp Yusuf M\u00fcd\u00fcre hatabak\u0131c\u0131 k\u0131l\u0131\u011f\u0131 ile ziyarete gider. Yusuf onu \u00e7ok iyi kar\u015f\u0131lar, yanaklar\u0131n\u0131 ok\u015far.<\/p>\n<p><img loading=\"lazy\" decoding=\"async\" class=\"alignnone size-full wp-image-17195\" src=\"http:\/\/balcilar-blog.com\/wp-content\/uploads\/2017\/01\/Ekran-Al\u0131nt\u0131s\u0131\u0130\u00c7ERDE.16.12.jpg\" alt=\"Ekran Al\u0131nt\u0131s\u0131\u0130\u00c7ERDE.16.12\" width=\"640\" height=\"363\" srcset=\"https:\/\/balcilar-blog.com\/wp-content\/uploads\/2017\/01\/Ekran-Al\u0131nt\u0131s\u0131\u0130\u00c7ERDE.16.12.jpg 640w, https:\/\/balcilar-blog.com\/wp-content\/uploads\/2017\/01\/Ekran-Al\u0131nt\u0131s\u0131\u0130\u00c7ERDE.16.12-300x170.jpg 300w\" sizes=\"auto, (max-width: 640px) 100vw, 640px\" \/><\/p>\n<p>Sarp m\u00fcd\u00fcr\u00fcnden af diler, az daha benim y\u00fcz\u00fcmden \u00f6lecektin. Yusuf Emniyet M\u00fcd\u00fcr\u00fc ile konu\u015ftu\u011funu, a\u00e7\u0131\u011fa al\u0131nd\u0131\u011f\u0131n\u0131, seni anlatt\u0131m, g\u00f6revindesin der. Sarp, ben de sana ge\u00e7mi\u015f olsun hediyesi Celal&#8217;i verecektim olmad\u0131. Yusuf biliyorum, bir aya\u011fa kalkay\u0131m, birlikte s\u0131var\u0131z kollar\u0131&#8230; Sarp, i\u015fim var gitmem laz\u0131m diyerek ayr\u0131l\u0131r.<\/p>\n<p><img loading=\"lazy\" decoding=\"async\" class=\"alignnone size-full wp-image-17119\" src=\"http:\/\/balcilar-blog.com\/wp-content\/uploads\/2017\/01\/058956dd24129aedb8ecc30d8fb744b9_840.jpg\" alt=\"058956dd24129aedb8ecc30d8fb744b9_840\" width=\"640\" height=\"400\" srcset=\"https:\/\/balcilar-blog.com\/wp-content\/uploads\/2017\/01\/058956dd24129aedb8ecc30d8fb744b9_840.jpg 640w, https:\/\/balcilar-blog.com\/wp-content\/uploads\/2017\/01\/058956dd24129aedb8ecc30d8fb744b9_840-300x188.jpg 300w\" sizes=\"auto, (max-width: 640px) 100vw, 640px\" \/><\/p>\n<p>Melek&#8217;in kap\u0131s\u0131 \u00e7alar, Mert arka kap\u0131dan ka\u00e7ar. Gelen Celal Babad\u0131r. Melek zoraki i\u00e7eri buyur eder. Celal duygusal laflar eder, y\u00fcz\u00fcne bakmas\u0131n\u0131 ister.<\/p>\n<p><img loading=\"lazy\" decoding=\"async\" class=\"alignnone size-full wp-image-17196\" src=\"http:\/\/balcilar-blog.com\/wp-content\/uploads\/2017\/01\/Ekran-Al\u0131nt\u0131s\u0131\u0130\u00c7ERDE.16.13.jpg\" alt=\"Ekran Al\u0131nt\u0131s\u0131\u0130\u00c7ERDE.16.13\" width=\"640\" height=\"355\" srcset=\"https:\/\/balcilar-blog.com\/wp-content\/uploads\/2017\/01\/Ekran-Al\u0131nt\u0131s\u0131\u0130\u00c7ERDE.16.13.jpg 640w, https:\/\/balcilar-blog.com\/wp-content\/uploads\/2017\/01\/Ekran-Al\u0131nt\u0131s\u0131\u0130\u00c7ERDE.16.13-300x166.jpg 300w\" sizes=\"auto, (max-width: 640px) 100vw, 640px\" \/><\/p>\n<p>Bu ya\u015fl\u0131 adama k\u0131rma, hadi evimize d\u00f6nelim. Melek, benim d\u00f6necek bir evim yok, evimdeyim zaten. D\u00f6nmezsem yine tokat m\u0131 atars\u0131n. Seni kolay kolay af etmeyece\u011fim. Melek kap\u0131y\u0131 a\u00e7ar, Celal a\u011flamakl\u0131 evi terk eder. Arabada Mert arar, yolun \u00fcst\u00fcndeki depoya gel.<\/p>\n<p><strong>SEN\u0130 BULACA\u011eIM CO\u015eKUN:<\/strong><\/p>\n<p>Mert Celal Babaya sen Melek&#8217;e el mi kald\u0131rd\u0131n, evdeydim duydum. Nas\u0131l yapars\u0131n k\u0131z\u0131n o senin k\u0131z\u0131n. Baba; Mert can\u0131m \u00e7ok s\u0131kk\u0131n h\u0131rs\u0131m\u0131 senden \u00e7\u0131karmayay\u0131m. Neye yapt\u0131\u011f\u0131n\u0131 da duydum mu? Mert, sert \u00e7\u0131kar, birlikte ya\u015fad\u0131klar\u0131n\u0131, neler \u00e7ekti\u011fini, annesi \u00f6ld\u00fcr\u00fcl\u00fcrken g\u00f6rd\u00fc\u011f\u00fcn\u00fc s\u00f6yler. Baba \u00e7ok k\u0131zar, tam giderken Mert&#8217;in telefonu \u00e7alar. Ar\u0131yan Co\u015fkun&#8217;dur. Gitme&#8230; Sesliye al\u0131r, dinle&#8230; Mert, s\u00f6yle Co\u015fkun derdin ne? Co\u015fkun; Benim ne derdim olur Celal&#8217;den ba\u015fka. Bana Celal&#8217;i ver dedim, aileni vereyim dedim, kulak asmad\u0131n. Sana bir bonus vereyim. Mert asl\u0131nda sen kimsin len. Ger\u00e7ek ismin Mert mi acaba&#8230; Mert, neymi\u015f benim ger\u00e7ek ismim. S\u00f6yleyece\u011fim, yapaca\u011f\u0131m lan bunu&#8230; Co\u015fkun, tam Mert&#8217;e ger\u00e7ek ismini s\u00f6yleyecekken, Celal, bunu engellemek i\u00e7in &#8220;Seni bulaca\u011f\u0131m Co\u015fkun&#8221; diye ba\u011f\u0131r\u0131r. Mert, \u00e7ok k\u0131zar, ne yapt\u0131n baba, ad\u0131m\u0131 s\u00f6yleyecekti. Celal, heyecanland\u0131m i\u015fte&#8230; Mert, bubu yapmayacakt\u0131n Celal Baba diyerek oray\u0131 terk eder.<\/p>\n<p><img loading=\"lazy\" decoding=\"async\" class=\"alignnone size-full wp-image-17197\" src=\"http:\/\/balcilar-blog.com\/wp-content\/uploads\/2017\/01\/Ekran-Al\u0131nt\u0131s\u0131\u0130\u00c7ERDE.16.14.jpg\" alt=\"Ekran Al\u0131nt\u0131s\u0131\u0130\u00c7ERDE.16.14\" width=\"640\" height=\"389\" srcset=\"https:\/\/balcilar-blog.com\/wp-content\/uploads\/2017\/01\/Ekran-Al\u0131nt\u0131s\u0131\u0130\u00c7ERDE.16.14.jpg 640w, https:\/\/balcilar-blog.com\/wp-content\/uploads\/2017\/01\/Ekran-Al\u0131nt\u0131s\u0131\u0130\u00c7ERDE.16.14-300x182.jpg 300w\" sizes=\"auto, (max-width: 640px) 100vw, 640px\" \/><\/p>\n<p>Heyecan\u0131n ve aksiyonun eksik olmad\u0131\u011f\u0131 final b\u00f6l\u00fcmde, Mert&#8217;in evine gelip bilgisayar\u0131n\u0131 a\u00e7\u0131k oldu\u011funu g\u00f6rd\u00fc\u011f\u00fc ve o anda Sarp&#8217;\u0131n Mert&#8217;in kar\u015f\u0131s\u0131na \u00e7\u0131kt\u0131\u011f\u0131 sahne izleyenleri ekran ba\u015f\u0131na kilitledi.<\/p>\n<p>Mert evine girer, bilgisayar\u0131 a\u00e7\u0131k g\u00f6r\u00fcnce tabancas\u0131n\u0131 \u00e7eker. Karanl\u0131kta Laptopun ba\u015f\u0131na gelir, Sarp aniden Laptopun kapa\u011f\u0131n\u0131 kapat\u0131r. Sarp ile kar\u015f\u0131 kar\u015f\u0131ya gelir.<\/p>\n<p><img loading=\"lazy\" decoding=\"async\" class=\"alignnone size-full wp-image-17198\" src=\"http:\/\/balcilar-blog.com\/wp-content\/uploads\/2017\/01\/Ekran-Al\u0131nt\u0131s\u0131\u0130\u00c7ERDE.16.16.jpg\" alt=\"Ekran Al\u0131nt\u0131s\u0131\u0130\u00c7ERDE.16.16\" width=\"640\" height=\"373\" srcset=\"https:\/\/balcilar-blog.com\/wp-content\/uploads\/2017\/01\/Ekran-Al\u0131nt\u0131s\u0131\u0130\u00c7ERDE.16.16.jpg 640w, https:\/\/balcilar-blog.com\/wp-content\/uploads\/2017\/01\/Ekran-Al\u0131nt\u0131s\u0131\u0130\u00c7ERDE.16.16-300x175.jpg 300w\" sizes=\"auto, (max-width: 640px) 100vw, 640px\" \/><\/p>\n<p>Bir an kar\u015f\u0131l\u0131kl\u0131 donar kal\u0131rlar, bak\u0131\u015f\u0131rlar ve 16.b\u00f6l\u00fcm burada sona erer.<\/p>\n<p><img loading=\"lazy\" decoding=\"async\" class=\"alignnone size-full wp-image-17199\" src=\"http:\/\/balcilar-blog.com\/wp-content\/uploads\/2017\/01\/Ekran-Al\u0131nt\u0131s\u0131\u0130\u00c7ERDE.16.SON_.jpg\" alt=\"Ekran Al\u0131nt\u0131s\u0131\u0130\u00c7ERDE.16.SON\" width=\"640\" height=\"365\" srcset=\"https:\/\/balcilar-blog.com\/wp-content\/uploads\/2017\/01\/Ekran-Al\u0131nt\u0131s\u0131\u0130\u00c7ERDE.16.SON_.jpg 640w, https:\/\/balcilar-blog.com\/wp-content\/uploads\/2017\/01\/Ekran-Al\u0131nt\u0131s\u0131\u0130\u00c7ERDE.16.SON_-300x171.jpg 300w\" sizes=\"auto, (max-width: 640px) 100vw, 640px\" \/><\/p>\n<p>Mert ile Sarp ne yapacaklar, konu\u015facaklar m\u0131? Gene kavga m\u0131 edecekler. Haftaya 16 Ocak ak\u015fam\u0131 hep birlikte g\u00f6rece\u011fiz. Bu iki karde\u015f, Sarp ile Mert bu dizide o kadar yak\u0131\u015ft\u0131lar, bir o kadar da, i\u015f \u00e7\u0131kartt\u0131lar ki sormay\u0131n. Her ikisi de oyunculuklar\u0131n\u0131n zirvesinde&#8230; Fazla s\u00f6ze gerek yok, sizlerde, g\u00f6r\u00fcyor, duyuyor, onlarla ya\u015f\u0131yorsunuz. <strong>Hepimiz \u0130\u00e7erde&#8217;yiz.<\/strong><\/p>\n<p>Bu b\u00f6l\u00fcm\u00fc damgas\u0131n\u0131 vuran bence; \u00a0Mert&#8217;in Co\u015fkun ile yapt\u0131\u011f\u0131 son konu\u015fmayd\u0131. Celal Baba da dinledi. S\u0131k\u0131\u015f\u0131nca yapt\u0131 yapaca\u011f\u0131n\u0131&#8230; Mert, \u00e7ocuklu\u011fundaki ad\u0131n\u0131 \u00f6\u011frenemedi. <strong>MERT<\/strong>&#8216;in bu en b\u00fcy\u00fck y\u0131k\u0131m\u0131, <strong>UMUT<\/strong>&#8216;suzlu\u011fu oldu.<\/p>\n<p>\u0130ki karde\u015fin birbirini bulma hikayesini anlatan dizide; \u00c7a\u011fatay Ulusoy, Aras Bulut \u0130ynemli, \u00c7etin Tekindor, Bensu Soral, Damla Colbay, Mustafa U\u011furlu, R\u0131za Kocao\u011flu, Nihal Kolda\u015f, G\u00f6zde Kansu ve Y\u0131ld\u0131ray \u015eahinler rol al\u0131yor.<\/p>\n<p>Keyifli Seyirler.<\/p>\n<p>Sayg\u0131lar ve sevgiler.<\/p>\n<p>Abdurrahman Balc\u0131lar<\/p>\n<p>Twitter:\u00a0<a href=\"https:\/\/twitter.com\/abbalcilar\">abdurrahman balc\u0131lar<\/a><a href=\"https:\/\/twitter.com\/abbalcilar\"><strong>@abbalcilar<\/strong><\/a><\/p>\n<p>Mail :\u00a0<a href=\"mailto:ab.balcilar@hotmail.com\">ab.balcilar@hotmail.com<\/a><\/p>\n<p>Blog:\u00a0<a href=\"http:\/\/t.co\/znqmIZgIqn\">blog.milliyet.com.tr\/cansever<\/a><\/p>\n<p>Blog:\u00a0<strong>balcilar-blog.com<\/strong><\/p>\n<p>&nbsp;<\/p>\n<p>&nbsp;<\/p>\n","protected":false},"excerpt":{"rendered":"<p>Ay Yap\u0131m&#8217;\u0131n yap\u0131mc\u0131s\u0131 oldu\u011fu, Show Tv&#8217;nin fenomen dizisi \u0130\u00c7ERDE her hafta oldu\u011fu gibi yine rakipsiz ve zirvedeydi. Pazartesi ak\u015fam\u0131 ekranlara gelen 2017&#8217;nin ilk b\u00f6l\u00fcm\u00fc olan 16.b\u00f6l\u00fcm\u00fc soluksuz izledik. Zaman zaman nefes almakta zorland\u0131k. Yay\u0131nland\u0131\u011f\u0131 ilk g\u00fcnden itibaren herkesi ekran ba\u015f\u0131na kilitleyen &#8216;\u0130\u00e7erde&#8216; dizisi, d\u00fcn ak\u015fam da birincili\u011fi kapt\u0131rmad\u0131. 9 Ocak Pazartesi gecesinin reyting s\u0131ralamas\u0131nda; AB\u2019de [&hellip;]<\/p>\n","protected":false},"author":3,"featured_media":17155,"comment_status":"open","ping_status":"open","sticky":false,"template":"","format":"standard","meta":{"footnotes":""},"categories":[2],"tags":[533,26,1224,15,693,1219],"class_list":["post-17151","post","type-post","status-publish","format-standard","has-post-thumbnail","hentry","category-tv-programlari","tag-aras-bulut-iynemli","tag-ay-yapim","tag-bensu-soral","tag-cagatay-ulusoy","tag-cetin-tekindor","tag-icerde"],"views":3228,"blog_post_layout_featured_media_urls":{"thumbnail":["https:\/\/balcilar-blog.com\/wp-content\/uploads\/2017\/01\/C1veOFzW8AERR70-150x150.jpg",150,150,true],"full":["https:\/\/balcilar-blog.com\/wp-content\/uploads\/2017\/01\/C1veOFzW8AERR70.jpg",640,320,false]},"categories_names":{"2":{"name":"TV Programlar\u0131","link":"https:\/\/balcilar-blog.com\/?cat=2"}},"tags_names":{"533":{"name":"Aras Bulut \u0130ynemli","link":"https:\/\/balcilar-blog.com\/?tag=aras-bulut-iynemli"},"26":{"name":"Ay Yap\u0131m","link":"https:\/\/balcilar-blog.com\/?tag=ay-yapim"},"1224":{"name":"Bensu Soral","link":"https:\/\/balcilar-blog.com\/?tag=bensu-soral"},"15":{"name":"\u00e7a\u011fatay ulusoy","link":"https:\/\/balcilar-blog.com\/?tag=cagatay-ulusoy"},"693":{"name":"\u00c7etin Tekindor","link":"https:\/\/balcilar-blog.com\/?tag=cetin-tekindor"},"1219":{"name":"\u0130\u00c7ERDE","link":"https:\/\/balcilar-blog.com\/?tag=icerde"}},"comments_number":"0","wpmagazine_modules_lite_featured_media_urls":{"thumbnail":["https:\/\/balcilar-blog.com\/wp-content\/uploads\/2017\/01\/C1veOFzW8AERR70-150x150.jpg",150,150,true],"cvmm-medium":["https:\/\/balcilar-blog.com\/wp-content\/uploads\/2017\/01\/C1veOFzW8AERR70.jpg",300,150,false],"cvmm-medium-plus":["https:\/\/balcilar-blog.com\/wp-content\/uploads\/2017\/01\/C1veOFzW8AERR70.jpg",305,153,false],"cvmm-portrait":["https:\/\/balcilar-blog.com\/wp-content\/uploads\/2017\/01\/C1veOFzW8AERR70.jpg",400,200,false],"cvmm-medium-square":["https:\/\/balcilar-blog.com\/wp-content\/uploads\/2017\/01\/C1veOFzW8AERR70.jpg",600,300,false],"cvmm-large":["https:\/\/balcilar-blog.com\/wp-content\/uploads\/2017\/01\/C1veOFzW8AERR70.jpg",640,320,false],"cvmm-small":["https:\/\/balcilar-blog.com\/wp-content\/uploads\/2017\/01\/C1veOFzW8AERR70.jpg",130,65,false],"full":["https:\/\/balcilar-blog.com\/wp-content\/uploads\/2017\/01\/C1veOFzW8AERR70.jpg",640,320,false]},"_links":{"self":[{"href":"https:\/\/balcilar-blog.com\/index.php?rest_route=\/wp\/v2\/posts\/17151","targetHints":{"allow":["GET"]}}],"collection":[{"href":"https:\/\/balcilar-blog.com\/index.php?rest_route=\/wp\/v2\/posts"}],"about":[{"href":"https:\/\/balcilar-blog.com\/index.php?rest_route=\/wp\/v2\/types\/post"}],"author":[{"embeddable":true,"href":"https:\/\/balcilar-blog.com\/index.php?rest_route=\/wp\/v2\/users\/3"}],"replies":[{"embeddable":true,"href":"https:\/\/balcilar-blog.com\/index.php?rest_route=%2Fwp%2Fv2%2Fcomments&post=17151"}],"version-history":[{"count":9,"href":"https:\/\/balcilar-blog.com\/index.php?rest_route=\/wp\/v2\/posts\/17151\/revisions"}],"predecessor-version":[{"id":17203,"href":"https:\/\/balcilar-blog.com\/index.php?rest_route=\/wp\/v2\/posts\/17151\/revisions\/17203"}],"wp:featuredmedia":[{"embeddable":true,"href":"https:\/\/balcilar-blog.com\/index.php?rest_route=\/wp\/v2\/media\/17155"}],"wp:attachment":[{"href":"https:\/\/balcilar-blog.com\/index.php?rest_route=%2Fwp%2Fv2%2Fmedia&parent=17151"}],"wp:term":[{"taxonomy":"category","embeddable":true,"href":"https:\/\/balcilar-blog.com\/index.php?rest_route=%2Fwp%2Fv2%2Fcategories&post=17151"},{"taxonomy":"post_tag","embeddable":true,"href":"https:\/\/balcilar-blog.com\/index.php?rest_route=%2Fwp%2Fv2%2Ftags&post=17151"}],"curies":[{"name":"wp","href":"https:\/\/api.w.org\/{rel}","templated":true}]}}