{"id":17058,"date":"2017-01-04T11:52:35","date_gmt":"2017-01-04T08:52:35","guid":{"rendered":"http:\/\/balcilar-blog.com\/?p=17058"},"modified":"2017-01-04T12:02:04","modified_gmt":"2017-01-04T09:02:04","slug":"bu-sehir-arkandan-gelecek-bu-aksam-atvde-basliyor","status":"publish","type":"post","link":"https:\/\/balcilar-blog.com\/?p=17058","title":{"rendered":"&#8220;Bu \u015eehir Arkandan Gelecek&#8221; Bu ak\u015fam ATV&#8217;de ba\u015fl\u0131yor!"},"content":{"rendered":"<p><img loading=\"lazy\" decoding=\"async\" class=\"alignnone size-full wp-image-17069\" src=\"http:\/\/balcilar-blog.com\/wp-content\/uploads\/2017\/01\/Bu-Sehir-Arkandan-Gelecek-3.jpg\" alt=\"bu-sehir-arkandan-gelecek-3\" width=\"640\" height=\"360\" srcset=\"https:\/\/balcilar-blog.com\/wp-content\/uploads\/2017\/01\/Bu-Sehir-Arkandan-Gelecek-3.jpg 640w, https:\/\/balcilar-blog.com\/wp-content\/uploads\/2017\/01\/Bu-Sehir-Arkandan-Gelecek-3-300x169.jpg 300w\" sizes=\"auto, (max-width: 640px) 100vw, 640px\" \/><\/p>\n<p>Ba\u015frollerini Kerem B\u00fcrsin, Leyla Lydia Tu\u011futlu ve G\u00fcrkan Uygun&#8217;un payla\u015ft\u0131\u011f\u0131 &#8220;Bu \u015eehir Arkandan Gelecek&#8221; ilk b\u00f6l\u00fcm\u00fcyle 4 Ocak \u00c7ar\u015famba ak\u015fam\u0131 (Bu ak\u015fam) Atv ekranlar\u0131nda ba\u015fl\u0131yor.<\/p>\n<p>Ay Yap\u0131m\u2019\u0131n merakla beklenen yeni projesi &#8220;Bu \u015eehir Arkandan Gelecek&#8221; Bu ak\u015fam 4 Ocak \u00c7ar\u015famba ak\u015fam\u0131 atv\u2019de ba\u015fl\u0131yor. Senaryosunu Ece Y\u00f6ren\u00e7\u2019in yazd\u0131\u011f\u0131, y\u00f6netmenli\u011fini \u00c7a\u011fr\u0131 Vila Lostuval\u0131\u2019n\u0131n \u00fcstlendi\u011fi Bu \u015eehir Arkandan Gelecek dizisinin oyuncu kadrosunda Kerem B\u00fcrsin, Leyla Lydia Tu\u011futlu, G\u00fcrkan Uygun, Osman Alka\u015f, Defne Kayalar, Nilperi \u015eahinkaya, Ali Y\u00f6ren\u00e7, Burak Tamdo\u011fan, Seda Akman, Berrak Ku\u015f, Beng\u00fc Ergin Balta, Hakan \u00c7imenser, Serkan B\u00f6rekyemez, Hazal Benli, Cemre \u00d6ktem, Emir \u00d6zyak\u0131\u015f\u0131r, Selim T\u00fcrko\u011flu ve Bar\u0131\u015f Akkoyun yer al\u0131yor.<\/p>\n<p><strong>YILLARDIR KAPALI DURAN KAPILAR A\u00c7ILIYOR!<\/strong><\/p>\n<p><img loading=\"lazy\" decoding=\"async\" class=\"alignnone size-full wp-image-17063\" src=\"http:\/\/balcilar-blog.com\/wp-content\/uploads\/2017\/01\/4.jpg\" alt=\"4\" width=\"640\" height=\"426\" srcset=\"https:\/\/balcilar-blog.com\/wp-content\/uploads\/2017\/01\/4.jpg 640w, https:\/\/balcilar-blog.com\/wp-content\/uploads\/2017\/01\/4-300x200.jpg 300w\" sizes=\"auto, (max-width: 640px) 100vw, 640px\" \/><\/p>\n<p>Kerem B\u00fcrsin dizide \u0130stanbul\u2019u terketmek zorunda kald\u0131\u011f\u0131 \u00e7ocukluk g\u00fcnlerinin ard\u0131ndan hayat\u0131 y\u00fck gemilerinde ge\u00e7en, kendini \u00e7ok iyi yeti\u015ftirmi\u015f, be\u015f dil bilen ve boksa merakl\u0131 bir karakter olan Ali Smith&#8217;i canland\u0131racak.<\/p>\n<p><img loading=\"lazy\" decoding=\"async\" class=\"alignnone size-full wp-image-17060\" src=\"http:\/\/balcilar-blog.com\/wp-content\/uploads\/2017\/01\/1.jpg\" alt=\"1\" width=\"640\" height=\"426\" srcset=\"https:\/\/balcilar-blog.com\/wp-content\/uploads\/2017\/01\/1.jpg 640w, https:\/\/balcilar-blog.com\/wp-content\/uploads\/2017\/01\/1-300x200.jpg 300w\" sizes=\"auto, (max-width: 640px) 100vw, 640px\" \/><\/p>\n<p>Son bir y\u0131ld\u0131r rol\u00fcne haz\u0131rlanmak i\u00e7in boks antrenmanlar\u0131na devam eden B\u00fcrsin, profesyonel boks\u00f6rleri aratmayacak performans\u0131yla \u015fa\u015f\u0131rtacak.<\/p>\n<p><img loading=\"lazy\" decoding=\"async\" class=\"alignnone size-full wp-image-17064\" src=\"http:\/\/balcilar-blog.com\/wp-content\/uploads\/2017\/01\/5.jpg\" alt=\"5\" width=\"640\" height=\"426\" srcset=\"https:\/\/balcilar-blog.com\/wp-content\/uploads\/2017\/01\/5.jpg 640w, https:\/\/balcilar-blog.com\/wp-content\/uploads\/2017\/01\/5-300x200.jpg 300w\" sizes=\"auto, (max-width: 640px) 100vw, 640px\" \/><\/p>\n<p>Dizinin ilk b\u00f6l\u00fcm\u00fcnde \u015eili&#8217;den hareket eden y\u00fck gemisi Ali&#8217;yi y\u0131llar sonra \u0130stanbul&#8217;a geri getirecek. Ali, uzak durdu\u011fu bu \u015fehre ayak bast\u0131\u011f\u0131 ilk g\u00fcn hayat\u0131n\u0131n a\u015fk\u0131 Derin ve ge\u00e7mi\u015finin s\u0131rlar\u0131yla tan\u0131\u015facak.<\/p>\n<p><img loading=\"lazy\" decoding=\"async\" class=\"alignnone size-full wp-image-17068\" src=\"http:\/\/balcilar-blog.com\/wp-content\/uploads\/2017\/01\/Bu-Sehir-Arkandan-Gelecek-2.jpg\" alt=\"bu-sehir-arkandan-gelecek-2\" width=\"640\" height=\"427\" srcset=\"https:\/\/balcilar-blog.com\/wp-content\/uploads\/2017\/01\/Bu-Sehir-Arkandan-Gelecek-2.jpg 640w, https:\/\/balcilar-blog.com\/wp-content\/uploads\/2017\/01\/Bu-Sehir-Arkandan-Gelecek-2-300x200.jpg 300w\" sizes=\"auto, (max-width: 640px) 100vw, 640px\" \/><\/p>\n<p>Dizide babas\u0131n\u0131n engellemesine ra\u011fmen dans tutkusunun pe\u015fini b\u0131rakmayan Derin karakterine Leyla Lidya Tu\u011futlu hayat veriyor.<\/p>\n<p><img loading=\"lazy\" decoding=\"async\" class=\"alignnone size-full wp-image-17065\" src=\"http:\/\/balcilar-blog.com\/wp-content\/uploads\/2017\/01\/6.jpg\" alt=\"6\" width=\"640\" height=\"360\" srcset=\"https:\/\/balcilar-blog.com\/wp-content\/uploads\/2017\/01\/6.jpg 640w, https:\/\/balcilar-blog.com\/wp-content\/uploads\/2017\/01\/6-300x169.jpg 300w\" sizes=\"auto, (max-width: 640px) 100vw, 640px\" \/><\/p>\n<p>Yay\u0131nlanan tan\u0131t\u0131mda dans performans\u0131yla b\u00fcy\u00fck merak uyand\u0131ran Leyla Lydia Tu\u011futlu, rol\u00fc i\u00e7in 2 aya yak\u0131n s\u00fcredir dans dersleri al\u0131yor.<\/p>\n<p><img loading=\"lazy\" decoding=\"async\" class=\"alignnone size-full wp-image-17059\" src=\"http:\/\/balcilar-blog.com\/wp-content\/uploads\/2017\/01\/Bu-Sehir-Arkandan-Gelecek-4.jpg\" alt=\"bu-sehir-arkandan-gelecek-4\" width=\"640\" height=\"360\" srcset=\"https:\/\/balcilar-blog.com\/wp-content\/uploads\/2017\/01\/Bu-Sehir-Arkandan-Gelecek-4.jpg 640w, https:\/\/balcilar-blog.com\/wp-content\/uploads\/2017\/01\/Bu-Sehir-Arkandan-Gelecek-4-300x169.jpg 300w\" sizes=\"auto, (max-width: 640px) 100vw, 640px\" \/><\/p>\n<p>Bu \u015eehir Arkandan Gelecek dizisinin en \u00f6nemli karakterlerinden biri olan eski boks \u015fampiyonu \u015eahin Varg\u0131 karakterini ise ba\u015far\u0131l\u0131 oyuncu G\u00fcrkan Uygun canland\u0131r\u0131yor.<\/p>\n<p><img loading=\"lazy\" decoding=\"async\" class=\"alignnone size-full wp-image-17066\" src=\"http:\/\/balcilar-blog.com\/wp-content\/uploads\/2017\/01\/7.jpg\" alt=\"7\" width=\"640\" height=\"426\" srcset=\"https:\/\/balcilar-blog.com\/wp-content\/uploads\/2017\/01\/7.jpg 640w, https:\/\/balcilar-blog.com\/wp-content\/uploads\/2017\/01\/7-300x200.jpg 300w\" sizes=\"auto, (max-width: 640px) 100vw, 640px\" \/><\/p>\n<p>Farkl\u0131 hikayesi ve g\u00fc\u00e7l\u00fc oyuncu kadrosuyla merakla beklenen Bu \u015eehir Arkandan Gelecek ilk b\u00f6l\u00fcm\u00fcyle 4 Ocak \u00c7ar\u015famba (Bu ak\u015fam) g\u00fcn\u00fc saat 20:00&#8217;da ATV&#8217;de ekrana gelecek.<\/p>\n<p><img loading=\"lazy\" decoding=\"async\" class=\"alignnone size-full wp-image-17017\" src=\"http:\/\/balcilar-blog.com\/wp-content\/uploads\/2016\/12\/poster-isimli.jpg\" alt=\"poster-isimli\" width=\"478\" height=\"640\" srcset=\"https:\/\/balcilar-blog.com\/wp-content\/uploads\/2016\/12\/poster-isimli.jpg 478w, https:\/\/balcilar-blog.com\/wp-content\/uploads\/2016\/12\/poster-isimli-224x300.jpg 224w\" sizes=\"auto, (max-width: 478px) 100vw, 478px\" \/><\/p>\n<p>Bu hafta y\u0131lba\u015f\u0131 nedeniyle TRT1: Dirili\u015f Ertu\u011frul, Star Tv: Kara Sevda, Kanal D: Poyraz Karayel&#8217;in yeni b\u00f6l\u00fcmleri yay\u0131nlanm\u0131yor. Sadece Fox Tv&#8217;de No:309&#8217;un yeni b\u00f6l\u00fcm\u00fc ekranlara geliyor.<\/p>\n<p>Atv&#8217;deki Kerem B\u00fcrsin&#8217;nin yeni dizinin ilk b\u00f6l\u00fcm\u00fc i\u00e7in b\u00fcy\u00fck \u015fans, rakip yok. Bu nedenle b\u00fcy\u00fck \u00e7o\u011funluk taraf\u0131ndan izlenecektir!<\/p>\n<p>https:\/\/www.youtube.com\/watch?v=XIZjBzEYySI<\/p>\n<p>\u0130yi Seyirler<\/p>\n<p>Sayg\u0131lar ve sevgiler.<\/p>\n<p>Abdurrahman Balc\u0131lar<\/p>\n<p>Twitter:\u00a0<a href=\"https:\/\/twitter.com\/abbalcilar\">abdurrahman balc\u0131lar<\/a><a href=\"https:\/\/twitter.com\/abbalcilar\"><strong>@abbalcilar<\/strong><\/a><\/p>\n<p>Mail :\u00a0<a href=\"mailto:ab.balcilar@hotmail.com\">ab.balcilar@hotmail.com<\/a><\/p>\n<p>Blog:\u00a0<a href=\"http:\/\/t.co\/znqmIZgIqn\">blog.milliyet.com.tr\/cansever<\/a><\/p>\n<p>Blog:\u00a0<strong>balcilar-blog.com<\/strong><\/p>\n<p>Not: Kaynak haber ve g\u00f6rseller Persona Bas\u0131n B\u00fclteni.<\/p>\n<p>&nbsp;<\/p>\n<div tabindex=\"-1\">\n<div tabindex=\"-1\"><\/div>\n<div class=\"_rp_f\" tabindex=\"-1\">\n<div class=\"_qc_F ms-bg-color-white _qc_G\">\n<hr class=\"_qc_B\" \/>\n<div class=\"_qc_y ms-border-color-neutralLight _qc_z\" tabindex=\"-1\"><\/div>\n<\/div>\n<\/div>\n<\/div>\n","protected":false},"excerpt":{"rendered":"<p>Ba\u015frollerini Kerem B\u00fcrsin, Leyla Lydia Tu\u011futlu ve G\u00fcrkan Uygun&#8217;un payla\u015ft\u0131\u011f\u0131 &#8220;Bu \u015eehir Arkandan Gelecek&#8221; ilk b\u00f6l\u00fcm\u00fcyle 4 Ocak \u00c7ar\u015famba ak\u015fam\u0131 (Bu ak\u015fam) Atv ekranlar\u0131nda ba\u015fl\u0131yor. Ay Yap\u0131m\u2019\u0131n merakla beklenen yeni projesi &#8220;Bu \u015eehir Arkandan Gelecek&#8221; Bu ak\u015fam 4 Ocak \u00c7ar\u015famba ak\u015fam\u0131 atv\u2019de ba\u015fl\u0131yor. Senaryosunu Ece Y\u00f6ren\u00e7\u2019in yazd\u0131\u011f\u0131, y\u00f6netmenli\u011fini \u00c7a\u011fr\u0131 Vila Lostuval\u0131\u2019n\u0131n \u00fcstlendi\u011fi Bu \u015eehir Arkandan [&hellip;]<\/p>\n","protected":false},"author":3,"featured_media":17069,"comment_status":"open","ping_status":"open","sticky":false,"template":"","format":"standard","meta":{"footnotes":""},"categories":[2],"tags":[48,26,1289,29,1240,673,745],"class_list":["post-17058","post","type-post","status-publish","format-standard","has-post-thumbnail","hentry","category-tv-programlari","tag-atv","tag-ay-yapim","tag-bu-sehir-arkandan-gelecek","tag-ece-yorenc","tag-gurkan-ugur","tag-kerem-bursin","tag-leyla-lydia-tugutlu"],"views":3133,"blog_post_layout_featured_media_urls":{"thumbnail":["https:\/\/balcilar-blog.com\/wp-content\/uploads\/2017\/01\/Bu-Sehir-Arkandan-Gelecek-3-150x150.jpg",150,150,true],"full":["https:\/\/balcilar-blog.com\/wp-content\/uploads\/2017\/01\/Bu-Sehir-Arkandan-Gelecek-3.jpg",640,360,false]},"categories_names":{"2":{"name":"TV Programlar\u0131","link":"https:\/\/balcilar-blog.com\/?cat=2"}},"tags_names":{"48":{"name":"ATV","link":"https:\/\/balcilar-blog.com\/?tag=atv"},"26":{"name":"Ay Yap\u0131m","link":"https:\/\/balcilar-blog.com\/?tag=ay-yapim"},"1289":{"name":"Bu \u015eehir Arkandan Gelecek","link":"https:\/\/balcilar-blog.com\/?tag=bu-sehir-arkandan-gelecek"},"29":{"name":"Ece Y\u00f6ren\u00e7","link":"https:\/\/balcilar-blog.com\/?tag=ece-yorenc"},"1240":{"name":"G\u00fcrkan U\u011fur","link":"https:\/\/balcilar-blog.com\/?tag=gurkan-ugur"},"673":{"name":"Kerem Bursin","link":"https:\/\/balcilar-blog.com\/?tag=kerem-bursin"},"745":{"name":"Leyla Lydia Tu\u011futlu","link":"https:\/\/balcilar-blog.com\/?tag=leyla-lydia-tugutlu"}},"comments_number":"0","wpmagazine_modules_lite_featured_media_urls":{"thumbnail":["https:\/\/balcilar-blog.com\/wp-content\/uploads\/2017\/01\/Bu-Sehir-Arkandan-Gelecek-3-150x150.jpg",150,150,true],"cvmm-medium":["https:\/\/balcilar-blog.com\/wp-content\/uploads\/2017\/01\/Bu-Sehir-Arkandan-Gelecek-3.jpg",300,169,false],"cvmm-medium-plus":["https:\/\/balcilar-blog.com\/wp-content\/uploads\/2017\/01\/Bu-Sehir-Arkandan-Gelecek-3.jpg",305,172,false],"cvmm-portrait":["https:\/\/balcilar-blog.com\/wp-content\/uploads\/2017\/01\/Bu-Sehir-Arkandan-Gelecek-3.jpg",400,225,false],"cvmm-medium-square":["https:\/\/balcilar-blog.com\/wp-content\/uploads\/2017\/01\/Bu-Sehir-Arkandan-Gelecek-3.jpg",600,338,false],"cvmm-large":["https:\/\/balcilar-blog.com\/wp-content\/uploads\/2017\/01\/Bu-Sehir-Arkandan-Gelecek-3.jpg",640,360,false],"cvmm-small":["https:\/\/balcilar-blog.com\/wp-content\/uploads\/2017\/01\/Bu-Sehir-Arkandan-Gelecek-3.jpg",130,73,false],"full":["https:\/\/balcilar-blog.com\/wp-content\/uploads\/2017\/01\/Bu-Sehir-Arkandan-Gelecek-3.jpg",640,360,false]},"_links":{"self":[{"href":"https:\/\/balcilar-blog.com\/index.php?rest_route=\/wp\/v2\/posts\/17058","targetHints":{"allow":["GET"]}}],"collection":[{"href":"https:\/\/balcilar-blog.com\/index.php?rest_route=\/wp\/v2\/posts"}],"about":[{"href":"https:\/\/balcilar-blog.com\/index.php?rest_route=\/wp\/v2\/types\/post"}],"author":[{"embeddable":true,"href":"https:\/\/balcilar-blog.com\/index.php?rest_route=\/wp\/v2\/users\/3"}],"replies":[{"embeddable":true,"href":"https:\/\/balcilar-blog.com\/index.php?rest_route=%2Fwp%2Fv2%2Fcomments&post=17058"}],"version-history":[{"count":3,"href":"https:\/\/balcilar-blog.com\/index.php?rest_route=\/wp\/v2\/posts\/17058\/revisions"}],"predecessor-version":[{"id":17072,"href":"https:\/\/balcilar-blog.com\/index.php?rest_route=\/wp\/v2\/posts\/17058\/revisions\/17072"}],"wp:featuredmedia":[{"embeddable":true,"href":"https:\/\/balcilar-blog.com\/index.php?rest_route=\/wp\/v2\/media\/17069"}],"wp:attachment":[{"href":"https:\/\/balcilar-blog.com\/index.php?rest_route=%2Fwp%2Fv2%2Fmedia&parent=17058"}],"wp:term":[{"taxonomy":"category","embeddable":true,"href":"https:\/\/balcilar-blog.com\/index.php?rest_route=%2Fwp%2Fv2%2Fcategories&post=17058"},{"taxonomy":"post_tag","embeddable":true,"href":"https:\/\/balcilar-blog.com\/index.php?rest_route=%2Fwp%2Fv2%2Ftags&post=17058"}],"curies":[{"name":"wp","href":"https:\/\/api.w.org\/{rel}","templated":true}]}}