{"id":16846,"date":"2016-12-19T15:45:53","date_gmt":"2016-12-19T12:45:53","guid":{"rendered":"http:\/\/balcilar-blog.com\/?p=16846"},"modified":"2016-12-19T16:24:02","modified_gmt":"2016-12-19T13:24:02","slug":"gecen-haftanin-12-18-aralik-2016-en-cok-izlenen-dizileri","status":"publish","type":"post","link":"https:\/\/balcilar-blog.com\/?p=16846","title":{"rendered":"Ge\u00e7en Haftan\u0131n (12 &#8211; 18 Aral\u0131k 2016) en \u00e7ok izlenen dizileri!"},"content":{"rendered":"<p><img loading=\"lazy\" decoding=\"async\" class=\"alignnone size-full wp-image-16853\" src=\"http:\/\/balcilar-blog.com\/wp-content\/uploads\/2016\/12\/cats-19-ARALIK.jpg\" alt=\"cats-19-aralik\" width=\"640\" height=\"312\" srcset=\"https:\/\/balcilar-blog.com\/wp-content\/uploads\/2016\/12\/cats-19-ARALIK.jpg 640w, https:\/\/balcilar-blog.com\/wp-content\/uploads\/2016\/12\/cats-19-ARALIK-300x146.jpg 300w\" sizes=\"auto, (max-width: 640px) 100vw, 640px\" \/><\/p>\n<p>&nbsp;<\/p>\n<p>TNS \u00f6l\u00e7\u00fcmlerine g\u00f6re haz\u0131rlad\u0131\u011f\u0131m <strong>12 &#8211; 18 Aral\u0131k 2016<\/strong> Tarihleri aras\u0131nda ekranlar\u0131m\u0131za gelen, Total\u2019de ve AB\u2019de ilk ona giren, haftan\u0131n dizi karnesini a\u015fa\u011f\u0131da bilgilerinize sunuyorum.<\/p>\n<p>2016 &#8211; 2017 dizi sezonunda, 2016 sonuna 2 hafta kald\u0131. Bu sezonda bir \u00e7ok yeni dizi yay\u0131na girdi. \u015eu anda muhtelif kanallarda eski &#8211; yeni 34 dizi yay\u0131nda. 4 Dizi de erken final yapm\u0131\u015f oldu. Tatl\u0131 \u0130ntikam, Babam ve Ailesi, Familya ve Alt\u0131nsoylar erken final yapan diziler. Y\u00fcksek Sosyete, Kertenkele Yeniden Do\u011fu\u015f ve Yeter final yayacak diziler.<\/p>\n<p><strong>Vatan\u0131m Sensin<\/strong> g\u00fc\u00e7l\u00fc diziler aras\u0131nda g\u00f6ze \u00e7arp\u0131yor. Vatan\u0131n Sensin dizinde ailesi g\u00f6z\u00fcnde vatan haini g\u00f6z\u00fcken Cevdet&#8217;in s\u0131rr\u0131 bu hafta ortaya \u00e7\u0131kacak. Kar\u0131s\u0131 Azize kocas\u0131 Cevdet&#8217;in Yunan Subay\u0131 \u00fcniformas\u0131 i\u00e7inde vatan\u0131 i\u00e7in \u00e7al\u0131\u015ft\u0131\u011f\u0131n\u0131 \u00f6\u011frenecek.<\/p>\n<p><img loading=\"lazy\" decoding=\"async\" class=\"alignnone size-full wp-image-16817\" src=\"http:\/\/balcilar-blog.com\/wp-content\/uploads\/2016\/12\/Ekran-Al\u0131nt\u0131s\u0131VS.9.FR_.2.jpg\" alt=\"ekran-alintisivs-9-fr-2\" width=\"640\" height=\"373\" srcset=\"https:\/\/balcilar-blog.com\/wp-content\/uploads\/2016\/12\/Ekran-Al\u0131nt\u0131s\u0131VS.9.FR_.2.jpg 640w, https:\/\/balcilar-blog.com\/wp-content\/uploads\/2016\/12\/Ekran-Al\u0131nt\u0131s\u0131VS.9.FR_.2-300x175.jpg 300w\" sizes=\"auto, (max-width: 640px) 100vw, 640px\" \/><\/p>\n<p>G\u00f6sterimdeki haftan\u0131n dizileri: \u0130\u00e7erde, K\u0131rg\u0131n \u00c7i\u00e7ekler, Parampar\u00e7a, Hangimiz Sevmedik, Bana Sevmeyi Anlat, R\u00fczgar\u0131n Kalbi, E\u015fk\u0131ya D\u00fcnyaya H\u00fck\u00fcmdar Olmaz, Y\u00fczy\u0131ll\u0131k M\u00fch\u00fcr, Hayat \u015eark\u0131s\u0131, Anne, G\u00fcl\u00fcmse Yeter, Dirili\u015f Ertu\u011frul, No:309, Kara Sevda, Poyraz Karayel, Umuda Kelep\u00e7e Vurulmaz, A\u015fk Laftan Anlamaz, Ad\u0131n\u0131 Sen Koy, Y\u00fcksek Sosyete, Vatan\u0131m Sensin, Cesur ve G\u00fczel, Cesur Y\u00fcrek, Yeter, Asla Vazge\u00e7mem, Arka Sokaklar, Kiral\u0131k A\u015fk, K\u00f6sem IV.Murad, Kalbimdeki Deniz, A\u015fk ve Mavi, Sevda Ku\u015fun Kanad\u0131nda, Kertenkele Yeniden Do\u011fu\u015f, Seksenler, R\u00fczgar\u0131n Kalbi, \u0130li\u015fki Durumu Kar\u0131\u015f\u0131k, Seviyor Sevmiyor, Baba Cand\u0131r, O hayat Benim, Bodrum Masal\u0131 ve Hayat Bazen Tatl\u0131d\u0131r devam eden diziler.<\/p>\n<p>Ba\u015frollerini B\u00fclent \u0130nal ve Ay\u00e7a Bing\u00f6l&#8217;\u00fcn oynad\u0131\u011f\u0131, Babam ve Ailesini ge\u00e7en hafta 13.b\u00f6l\u00fcmde final yapt\u0131 ve bitti. K\u00f6t\u00fcler cezalar\u0131n\u0131 \u00e7ekti, hapse boylad\u0131. Ba\u015fta Macide Han\u0131m, Tamer Bey ve f\u0131r\u0131ldak Fad\u0131l hapse girdiler. A\u015fka inanan Nilg\u00fcn kocas\u0131 Kemal&#8217;e d\u00f6rt elle sar\u0131ld\u0131 ve mutlu sonla bitti.<\/p>\n<p>Haftan\u0131n dizilerinde Total&#8217;de her hafta oldu\u011fu gibi ilk s\u0131ras\u0131nda bu hafta da, 13,71 reyting puan\u0131 ile; TRT1&#8217;in Dirili\u015f Ertu\u011frul yer al\u0131yor. Total&#8217;in 10.s\u0131ras\u0131nda da Kanal D&#8217;nin Vatan\u0131m Sensin 6,34 puanla yer ald\u0131.<\/p>\n<p>AB&#8217;nin ilk s\u0131ras\u0131nda TRT1&#8217;nin tarihi dizisi Dirili\u015f Ertu\u011frul 16,87 gibi y\u00fcksek reyting puan\u0131 ile zirvede yer almaya devam ediyor. AB&#8217;nin 10.s\u0131ras\u0131nda ise, Show Tv&#8217;nin a\u015fk Laftan Anlamaz 5,06 puanla yer al\u0131yor.<\/p>\n<p>Y\u00fcksek Sosyete Star Tv&#8217;nin sevilen dizileri aras\u0131ndayd\u0131. 26. b\u00f6l\u00fcmde bu hafta ekranlara veda ediyor. Ne yaz\u0131k ki reyting kurban\u0131 olan diziler aras\u0131nda. Hazar Erg\u00fc\u00e7l\u00fc, Engin \u00d6zt\u00fcrk, Meri\u00e7 Aral ve Ozan Dolunay\u2018\u0131n ba\u015frollerini payla\u015ft\u0131\u011f\u0131 Y\u00fcksek Sosyete, 24 Aral\u0131k Cumartesi g\u00fcn\u00fc son kez izleyici kar\u015f\u0131s\u0131na \u00e7\u0131kacak ve daha sonra ekranlara veda edecek.<\/p>\n<p><strong>Reyting Nedir?<\/strong><\/p>\n<p>Reyting, izleyici tercihlerine g\u00f6re ortaya \u00e7\u0131kan izlenme pay\u0131n\u0131n kanallara ve programlara payla\u015ft\u0131r\u0131lmas\u0131 ile olu\u015fan de\u011ferlendirmedir. Reyting de\u011ferlendirmesi kanallar ve reklam \u015firketleri ad\u0131na TNS taraf\u0131ndan ger\u00e7ekle\u015ftirilir. \u00d6l\u00e7me i\u015flemi yakla\u015f\u0131k 2200 haneye yerle\u015ftirilen ve gizli tutulan reyting \u00f6l\u00e7me cihazlar\u0131 ile elde edilir. Reyting sonu\u00e7lar\u0131, t\u00fcm g\u00fcn boyunca izlenen programlar\u0131n listelenmesine imkan verir.<\/p>\n<p><strong>\u00d6l\u00e7\u00fcmler nas\u0131l yap\u0131l\u0131yor ?<\/strong><\/p>\n<p>Ba\u011f\u0131ms\u0131z kurulu\u015f taraf\u0131ndan hesaplanan sonu\u00e7lar 3 kategoride hesaplan\u0131yor AB, Total ve ABC1 kategorileri sonu\u00e7lar\u0131nda share ve rating s\u0131ral\u0131 olarak 100 Tv program\u0131 g\u00fcnl\u00fck olarak payla\u015f\u0131l\u0131yor reklam verenler ve yap\u0131mc\u0131lar i\u00e7in \u00f6nemli yere sahip olan sonu\u00e7lar denek tv&#8217;lerde ki \u00f6l\u00e7\u00fcm cihazlar\u0131 vas\u0131tas\u0131yla istatistiki bilgileri al\u0131n\u0131yor.<\/p>\n<p>Bu hafta en \u00e7ok izlenen ilk ona giren dizlere g\u00f6z atal\u0131m. Bu s\u0131ralama sadece dizilerin reytingler y\u00fczdesine g\u00f6re en \u00e7ok izlenen dizilerin ilk 10\u2019da yer alanlar\u0131n\u0131 s\u0131ralamaya koyuyorum. Yar\u0131\u015fma, e\u011flence ve haber programlar\u0131 y\u00fczdeleri y\u00fcksek olsa da bu s\u0131ralamaya koymuyorum. Bu sadece dizilerin yar\u0131\u015f\u0131d\u0131r, en \u00e7ok izlenen dizilerin s\u0131ralamas\u0131d\u0131r. Bir nevi dizilerin karnesidir.<\/p>\n<p>&nbsp;<\/p>\n<p><strong>Ge\u00e7en Haftan\u0131n En \u00c7ok \u0130zlenen Dizileri:<\/strong><\/p>\n<p><strong>Total ilk 10 :<\/strong><\/p>\n<p>1.Dirili\u015f Ertu\u011frul 69.B\u00f6l\u00fcm (TRT1)&#8230;&#8230;&#8230;&#8230;&#8230;&#8230;&#8230;&#8230;&#8230;&#8230;.13,71 &#8211; 29,18<\/p>\n<p>2.E\u015fk\u0131ya D\u00fcnyaya H\u00fck\u00fcmdar Olmaz 51.B\u00f6l\u00fcm (Atv)..11,01 &#8211; 24,36<\/p>\n<p>3.\u0130\u00e7erde 13.B\u00f6l\u00fcm (Show Tv)&#8230;&#8230;&#8230;&#8230;&#8230;&#8230;&#8230;&#8230;&#8230;&#8230;&#8230;&#8230;&#8230;&#8230;9,78 &#8211; 22,38<\/p>\n<p>4.Anne 8.B\u00f6l\u00fcm (Star Tv)&#8230;&#8230;&#8230;&#8230;&#8230;&#8230;&#8230;&#8230;&#8230;&#8230;&#8230;&#8230;&#8230;&#8230;&#8230;..9,27 &#8211; 20,42<\/p>\n<p>5.Arka Sokaklar 421.B\u00f6l\u00fcm (Kanal D)&#8230;&#8230;&#8230;&#8230;&#8230;&#8230;&#8230;&#8230;&#8230;.9,08 &#8211; 20,26<\/p>\n<p>6.A\u015fk ve Mavi 7.B\u00f6l\u00fcm (Atv)&#8230;&#8230;&#8230;&#8230;&#8230;&#8230;&#8230;&#8230;&#8230;&#8230;&#8230;&#8230;&#8230;&#8230;.8,63 &#8211; 19,77<\/p>\n<p>7.K\u0131rg\u0131n \u00c7i\u00e7ekler 68.B\u00f6l\u00fcm (Atv)&#8230;&#8230;&#8230;&#8230;&#8230;&#8230;&#8230;&#8230;&#8230;&#8230;&#8230;&#8230;8,57 &#8211; 18,78<\/p>\n<p>8.Kalbimdeki Deniz 9.B\u00f6l\u00fcm (Fox Tv)&#8230;&#8230;&#8230;&#8230;&#8230;&#8230;&#8230;&#8230;&#8230;.7,72 &#8211; 17,33<\/p>\n<p>9.Kara Sevda 48.B\u00f6l\u00fcm (Star Tv)&#8230;&#8230;&#8230;&#8230;&#8230;&#8230;&#8230;&#8230;&#8230;&#8230;&#8230;&#8230;6,77 &#8211; 14,41<\/p>\n<p>10.Vatan\u0131m Sensin 8.B\u00f6l\u00fcm (Kanal D)&#8230;&#8230;&#8230;&#8230;&#8230;&#8230;&#8230;&#8230;&#8230;.6,34 &#8211; 14,33<\/p>\n<p>&nbsp;<\/p>\n<p><strong>AB\u2019de ilk 10 :<\/strong><\/p>\n<p>1.Dirili\u015f Ertu\u011frul 69.B\u00f6l\u00fcm (TRT1)&#8230;&#8230;&#8230;&#8230;&#8230;&#8230;&#8230;&#8230;&#8230;&#8230;.16,87 &#8211; 34,84<\/p>\n<p>2.\u0130\u00e7erde 13.B\u00f6l\u00fcm (Show Tv)&#8230;&#8230;&#8230;&#8230;&#8230;&#8230;&#8230;&#8230;&#8230;&#8230;&#8230;&#8230;&#8230;..11,57 &#8211; 26,33<\/p>\n<p>3.Anne 8.B\u00f6l\u00fcm (Star Tv)&#8230;&#8230;&#8230;&#8230;&#8230;&#8230;&#8230;&#8230;&#8230;&#8230;&#8230;&#8230;&#8230;&#8230;&#8230;.10,32 &#8211; 23,42<\/p>\n<p>4.E\u015fk\u0131ya D\u00fcnyaya H\u00fck\u00fcmdar Olmaz 48.B\u00f6l\u00fcm (Atv)&#8230;9,67 &#8211; 22,01<\/p>\n<p>5.Cesur ve G\u00fczel 6.B\u00f6l\u00fcm (Star Tv)&#8230;&#8230;&#8230;&#8230;&#8230;&#8230;&#8230;&#8230;&#8230;&#8230;..8,68 &#8211; 19,81<\/p>\n<p>6.Vatan\u0131m Sensin 8.B\u00f6l\u00fcm (Kanal D)&#8230;&#8230;&#8230;&#8230;&#8230;&#8230;&#8230;&#8230;&#8230;..8,58 &#8211; 19,74<\/p>\n<p>7.Kara Sevda 48.B\u00f6l\u00fcm (Star Tv)&#8230;&#8230;&#8230;&#8230;&#8230;&#8230;&#8230;&#8230;&#8230;&#8230;&#8230;..6,90 &#8211; 14,31<\/p>\n<p>8.Kalbimdeki Deniz 9.B\u00f6l\u00fcm (Fox Tv)&#8230;&#8230;&#8230;&#8230;&#8230;&#8230;&#8230;&#8230;..6,65 &#8211; 16,43<\/p>\n<p>9.No:309 25.B\u00f6l\u00fcm (Fox Tv)&#8230;&#8230;&#8230;&#8230;&#8230;&#8230;&#8230;&#8230;&#8230;&#8230;&#8230;&#8230;&#8230;..5,24 &#8211; 10,87<\/p>\n<p>10.a\u015fk Laftan Anlamaz 23.B\u00f6l\u00fcm (Show Tv)&#8230;&#8230;&#8230;&#8230;&#8230;.5,06 &#8211; 12,59<\/p>\n<p>&nbsp;<\/p>\n<p><strong>TOTAL ve AB Grubunda reytingleri en y\u00fcksek olan Haftan\u0131n ilk 5 s\u0131ralamas\u0131 :<\/strong><\/p>\n<p><strong>1.D\u0130R\u0130L\u0130\u015e ERTU\u011eRUL<\/strong> : TRT1&#8217;in tarihi dizisi &#8220;Dirili\u015f Ertu\u011frul&#8221; 69.b\u00f6l\u00fcm\u00fc ile bu hafta AB&#8217;de ald\u0131\u011f\u0131 16,87 reyting puan\u0131 ile bu hafta da, ilk be\u015fin birinci s\u0131rada yer almaya devam ediyor.<\/p>\n<p><img loading=\"lazy\" decoding=\"async\" class=\"alignnone size-full wp-image-16850\" src=\"http:\/\/balcilar-blog.com\/wp-content\/uploads\/2016\/12\/engin_altan_duzyatan_kimdir.jpg\" alt=\"engin_altan_duzyatan_kimdir\" width=\"640\" height=\"363\" srcset=\"https:\/\/balcilar-blog.com\/wp-content\/uploads\/2016\/12\/engin_altan_duzyatan_kimdir.jpg 640w, https:\/\/balcilar-blog.com\/wp-content\/uploads\/2016\/12\/engin_altan_duzyatan_kimdir-300x170.jpg 300w\" sizes=\"auto, (max-width: 640px) 100vw, 640px\" \/><\/p>\n<p><strong>\u015e\u00fcphesiz her nefis \u00f6l\u00fcm\u00fc tadacakt\u0131r\u2026 Amma zaman\u0131n\u0131 yaln\u0131zca Allah tayin eder\u2026<\/strong><br \/>\nSimon, yapt\u0131\u011f\u0131 plan do\u011frultusunda Turgut\u2019un sadakatini kullanarak Ertu\u011frul\u2019a g\u00f6nderdi\u011fi zehirli mektup hedefini bulmu\u015f ve Ertu\u011frul zehrin etkisiyle kontrolden \u00e7\u0131km\u0131\u015ft\u0131r. \u0130ki oban\u0131n bey ve hatunlar\u0131n\u0131n \u00f6n\u00fcnde ya\u015fanan bu olay herkesi \u015fa\u015f\u0131rtmakla kalmay\u0131p endi\u015feye sevk etmi\u015ftir. Zehirlenen Ertu\u011frul, \u00e7evresindekilere zarar verip birinin \u00f6l\u00fcm\u00fcne sebep olacak m\u0131? Ve as\u0131l soru: Ertu\u011frul \u00f6lecek mi?<\/p>\n<p><strong>Kimi Zaman \u0130yilerin Sadakati, K\u00f6t\u00fclerin Kullanaca\u011f\u0131 En B\u00fcy\u00fck Zaaf Olabilir\u2026<\/strong><br \/>\nGe\u00e7en b\u00f6l\u00fcmde Turgut Alp\u2019\u0131n Ertu\u011frul i\u00e7in \u00e7al\u0131\u015ft\u0131\u011f\u0131n\u0131 tap\u0131nak\u00e7\u0131lar fark etmi\u015fti ve Turgut\u2019un Ertu\u011frul\u2019a olan sadakatini kullanarak Ertu\u011frul\u2019u zehirlemeyi ba\u015farm\u0131\u015flard\u0131. Art\u0131k iki tarafta da hain olarak bilinen Turgut, bu zor durumdan s\u0131yr\u0131labilecek mi?<br \/>\n<strong>Kara Haber Tez Duyulur\u2026<\/strong><br \/>\nErtu\u011frul\u2019un \u00f6l\u00fcm haberinin duyulmas\u0131 ile bir anda beysiz kalan Kay\u0131 Obas\u0131nda yeni geli\u015fmeler ya\u015fan\u0131rken; D\u00fcndar, Ertu\u011frul Bey\u2019in intikam\u0131n\u0131 almak i\u00e7in hem tap\u0131nak\u00e7\u0131lar\u0131n hem de Turgut Alp\u2019\u0131n \u00fczerine gitmeye karar vermi\u015ftir. Ak ve karan\u0131n belli olmad\u0131\u011f\u0131 bu karanl\u0131k ortam hangi sonu\u00e7lar\u0131 do\u011furacak?<\/p>\n<p><strong>Farkl\u0131 Ki\u015filerin Benzer Hali\u2026<\/strong><br \/>\nG\u00f6zlerinin \u00f6n\u00fcnde kontrolden \u00e7\u0131karak Ural\u2019a sald\u0131ran Ertu\u011frul Bey\u2019in bu hali, \u00c7avdar ota\u011f\u0131nda da b\u00fcy\u00fck bir \u015fa\u015fk\u0131nl\u0131kla kar\u015f\u0131lanm\u0131\u015ft\u0131r. Candar Bey, Ertu\u011frul\u2019a Asl\u0131han ile evlilik meselesini a\u00e7acakken bu beklenmedik geli\u015fme evlilik meselesinin bir m\u00fcddet ertelenmesine sebep olmu\u015ftur. \u00d6te yandan Toktam\u0131\u015f\u2019\u0131n \u00f6l\u00fcm\u00fc ile Ertu\u011frul\u2019un zehirlenmesi aras\u0131ndaki benzerlik \u00c7avdar ota\u011f\u0131n\u0131n dikkatinden ka\u00e7mam\u0131\u015ft\u0131r. Peki iki zehir vakas\u0131nda da parma\u011f\u0131 bulunan Ural, bu durumdan s\u0131yr\u0131labilecek mi?<br \/>\n<strong>K\u00f6t\u00fcl\u00fc\u011f\u00fcn K\u0131sa Vadedeki Kazanc\u0131, \u0130yili\u011fin Uzun Vadedeki Kazanc\u0131n\u0131n Ba\u015flang\u0131c\u0131d\u0131r\u2026<\/strong><br \/>\nPlan\u0131n ba\u015far\u0131yla i\u015flemesi Simon\u2019u keyiflendirirken, Kay\u0131lar\u0131n intikam yemini etmesi, Simon\u2019u da harekete ge\u00e7irmi\u015ftir. Art\u0131k kartlar a\u00e7\u0131ktan oynanacak ve kimin g\u00fcc\u00fc kime yeterse mant\u0131\u011f\u0131yla hareket edilecektir\u2026 Peki bu seferberlik halinde kazanan taraf kim olacak?<br \/>\n<strong>2.\u0130\u00c7ERDE<\/strong> : Show Tv&#8217;nin fenomen dizisi olan \u0130\u00e7erde Pazartesi gecesinin reyting rekortmeni olarak yay\u0131n\u0131n\u0131 s\u00fcrd\u00fcr\u00fcyor. AB Grubunda 13.b\u00f6l\u00fcm\u00fcnde ald\u0131\u011f\u0131 11,57 puanla haftan\u0131n dizileri aras\u0131nda bu hafta da, 2.s\u0131rada yer ald\u0131. Sarp (\u00c7a\u011fatay Ulusoy), d\u00f6rt ya\u015f\u0131nda ka\u00e7\u0131r\u0131lan \u00f6ld\u00fc denilen karde\u015fi Umut&#8217;u (Aras Bulut \u0130ynemli) arama hikayesi ele al\u0131n\u0131yor. Kaderin cilvesi her ikisi de polis kolejinde karde\u015f olduklar\u0131n\u0131 bilmeden birlikte okuyor, polis oluyorlar. Mert i\u00e7erde polis ama mafya babas\u0131 Celal&#8217;e \u00e7al\u0131\u015f\u0131yor. A\u011fabey Sarp d\u0131\u015far\u0131da, k\u00f6fteci Celal&#8217;in sa\u011f kolu g\u00f6z\u00fckse de gizli polis, m\u00fcd\u00fcr\u00fc Yusuf&#8217;a \u00e7al\u0131\u015f\u0131yor. Sarp, Celal&#8217;in itimad\u0131n\u0131 iyici kazand\u0131 ve onun sa\u011f kolu olarak g\u00f6z\u00fck\u00fcyor.<\/p>\n<p><img loading=\"lazy\" decoding=\"async\" class=\"alignnone size-full wp-image-16849\" src=\"http:\/\/balcilar-blog.com\/wp-content\/uploads\/2016\/12\/a49cf060dc122071e409746d88efd4c3_840.jpg\" alt=\"a49cf060dc122071e409746d88efd4c3_840\" width=\"640\" height=\"428\" srcset=\"https:\/\/balcilar-blog.com\/wp-content\/uploads\/2016\/12\/a49cf060dc122071e409746d88efd4c3_840.jpg 640w, https:\/\/balcilar-blog.com\/wp-content\/uploads\/2016\/12\/a49cf060dc122071e409746d88efd4c3_840-300x201.jpg 300w\" sizes=\"auto, (max-width: 640px) 100vw, 640px\" \/><\/p>\n<p>\u201c<strong>\u0130\u00e7erde<\/strong>\u201dnin 13. b\u00f6l\u00fcm\u00fcnde; Mert, Kebap\u00e7\u0131 Celal\u2019in kendisinden ve Melek\u2019ten saklad\u0131\u011f\u0131 baz\u0131 ger\u00e7ekler oldu\u011funu d\u00fc\u015f\u00fcn\u00fcr. Bunu Melek\u2019le de payla\u015f\u0131r. Mert \u015f\u00fcphelerinde hakl\u0131 olup olmad\u0131\u011f\u0131n\u0131 \u00f6\u011frenmek i\u00e7in Celal\u2019e bir oyun oynar. Yusuf M\u00fcd\u00fcr, Sarp\u2019\u0131n polislikten vazge\u00e7mesine engel olmak i\u00e7in son bir hamle yapar. Celal, K\u00f6stenceli&#8217;nin mallar\u0131yla ilgili sevkiyat\u0131 polise ihbar edenlerin kimler oldu\u011funu \u00f6\u011frenmeye \u00e7al\u0131\u015f\u0131r. Kar\u015f\u0131s\u0131na \u00e7\u0131kan bir avukat \u201cpatron\u201d diye birinden bahseder. Sarp, Celal ve adamlar\u0131 gizemli patronun pe\u015fine d\u00fc\u015ferler. Ailesi oldu\u011funu \u00f6\u011frenen Mert, Co\u015fkun\u2019un izini s\u00fcrmeye devam eder.<\/p>\n<p><img loading=\"lazy\" decoding=\"async\" class=\"alignnone size-full wp-image-16856\" src=\"http:\/\/balcilar-blog.com\/wp-content\/uploads\/2016\/12\/50eed568719b30fcd3ad783a045baab9_840.jpg\" alt=\"50eed568719b30fcd3ad783a045baab9_840\" width=\"640\" height=\"416\" srcset=\"https:\/\/balcilar-blog.com\/wp-content\/uploads\/2016\/12\/50eed568719b30fcd3ad783a045baab9_840.jpg 640w, https:\/\/balcilar-blog.com\/wp-content\/uploads\/2016\/12\/50eed568719b30fcd3ad783a045baab9_840-300x195.jpg 300w\" sizes=\"auto, (max-width: 640px) 100vw, 640px\" \/><\/p>\n<p>Melek de bu konuda ona yard\u0131mc\u0131 olur. Co\u015fkun yeni planlar kurman\u0131n pe\u015finde Metin\u2019in evini ara\u015ft\u0131rmaya ba\u015flar. F\u00fcsun ve \u00e7ocuklar\u0131na ula\u015fmak istiyordur.<\/p>\n<p>&nbsp;<\/p>\n<p><strong>3.E\u015eKIYA D\u00dcNYAYA H\u00dcK\u00dcMDAR OLMAZ<\/strong> : Oktay Kaynarca&#8217;n\u0131n Atv&#8217;deki iddial\u0131 dizisi bu hafta 51.b\u00f6l\u00fcm\u00fcnde Total&#8217;de ald\u0131\u011f\u0131 11,01 reyting puan\u0131 ile 3.s\u0131raya yer al\u0131yor.<\/p>\n<p><img loading=\"lazy\" decoding=\"async\" class=\"alignnone size-full wp-image-16847\" src=\"http:\/\/balcilar-blog.com\/wp-content\/uploads\/2016\/12\/1_d-e\u015fk\u0131ya-51.b\u00f6l\u00fcm.jpg\" alt=\"1_d-eskiya-51-bolum\" width=\"640\" height=\"405\" srcset=\"https:\/\/balcilar-blog.com\/wp-content\/uploads\/2016\/12\/1_d-e\u015fk\u0131ya-51.b\u00f6l\u00fcm.jpg 640w, https:\/\/balcilar-blog.com\/wp-content\/uploads\/2016\/12\/1_d-e\u015fk\u0131ya-51.b\u00f6l\u00fcm-300x190.jpg 300w\" sizes=\"auto, (max-width: 640px) 100vw, 640px\" \/><\/p>\n<p>\u00d6zkan ve Taner&#8217;in Zeyno \u00fczerinden \u00e7evirdi\u011fi tehlikeli oyunda sona gelinmi\u015ftir. H\u0131z\u0131r Ali olaylara m\u00fcdahalesiyle ger\u00e7ek bir \u00c7ak\u0131rbeyli oldu\u011funu bir kez daha kan\u0131tlar. H\u0131z\u0131r \u00e7ocuklar\u0131n\u0131n gelece\u011finden endi\u015fe duymaktad\u0131r. Davut&#8217;a o\u011flu i\u00e7in yapt\u0131klar\u0131ndan dolay\u0131 minnettard\u0131r ve yak\u0131nlar\u0131n\u0131 koruyabilmek ad\u0131na b\u00fcy\u00fck bir aile olmalar\u0131 gerekti\u011finin fark\u0131ndad\u0131r. Meryem ve Ceylan da bu ailenin bir par\u00e7as\u0131d\u0131r. Enver nihayet intikam arzusuyla yan\u0131p tutu\u015fan \u0130lyas&#8217;\u0131n kuca\u011f\u0131na d\u00fc\u015fm\u00fc\u015ft\u00fcr. \u00d6l\u00fcm\u00fc ise hi\u00e7 kolay olmayacakt\u0131r. O\u011flunu geri isteyen Salih G\u00fclmez, H\u0131z\u0131r&#8217;la pazarl\u0131k yapma pe\u015findedir. H\u0131z\u0131r ise bunun bir oyun oldu\u011funun fark\u0131ndad\u0131r ve verece\u011fi kar\u015f\u0131l\u0131k G\u00fclmezler i\u00e7in felaket olacakt\u0131r.<\/p>\n<p>&nbsp;<\/p>\n<p><strong>4.ANNE<\/strong> : Star Tv&#8217;nin drama dizisi Anne bu hafta Sal\u0131 gecesi 8.b\u00f6l\u00fcm\u00fcnde Total&#8217;de 1.s\u0131ray\u0131 E\u015fk\u0131ya D\u00fcnyaya H\u00fck\u00fcmdar Olmaz dizisine kapt\u0131rd\u0131. AB&#8217;de ald\u0131\u011f\u0131 10,32 puanla haftan\u0131n dizileri aras\u0131nda 4.s\u0131rada kalmay\u0131 ba\u015fard\u0131.<\/p>\n<p><img loading=\"lazy\" decoding=\"async\" class=\"alignnone size-full wp-image-16851\" src=\"http:\/\/balcilar-blog.com\/wp-content\/uploads\/2016\/12\/zeynep-gonulun-gercek-annesi-oldugunu-ogreniyor-anne-8-bolum.jpg\" alt=\"zeynep-gonulun-gercek-annesi-oldugunu-ogreniyor-anne-8-bolum\" width=\"640\" height=\"310\" srcset=\"https:\/\/balcilar-blog.com\/wp-content\/uploads\/2016\/12\/zeynep-gonulun-gercek-annesi-oldugunu-ogreniyor-anne-8-bolum.jpg 640w, https:\/\/balcilar-blog.com\/wp-content\/uploads\/2016\/12\/zeynep-gonulun-gercek-annesi-oldugunu-ogreniyor-anne-8-bolum-300x145.jpg 300w\" sizes=\"auto, (max-width: 640px) 100vw, 640px\" \/><\/p>\n<p>G\u00f6n\u00fcl\u2019\u00fcn ger\u00e7ek annesi oldu\u011funu \u00f6\u011frenen Zeynep, annesine olan nefreti ile kendisine destek olan G\u00f6n\u00fcl\u2019e duydu\u011fu minnetin aras\u0131nda s\u0131k\u0131\u015f\u0131p kal\u0131r. Sonunda Turna\u2019y\u0131 da alarak yeni evlerine ta\u015f\u0131n\u0131r. \u015eule, Melek\u2019in s\u00f6ylediklerinin ac\u0131s\u0131n\u0131 yok saymaya \u00e7al\u0131\u015fsa da bunu ba\u015faramaz. Cengiz\u2019in hoyrat tavr\u0131 ve ya\u015fad\u0131klar\u0131n\u0131n a\u011f\u0131rl\u0131\u011f\u0131 alt\u0131nda ezilen \u015eule, \u0130stanbul\u2019u terk etmeye karar verir. Ancak Cengiz\u2019den kurtulmas\u0131 sand\u0131\u011f\u0131 kadar kolay olmayacakt\u0131r. Her \u015feyden habersiz olan G\u00f6n\u00fcl, y\u0131llar\u0131n hesab\u0131n\u0131 sormak i\u00e7in kar\u015f\u0131s\u0131na dikilen Zeynep\u2019i g\u00f6r\u00fcnce ne yapaca\u011f\u0131n\u0131 \u015fa\u015f\u0131r\u0131r. G\u00f6n\u00fcl, Zeynep\u2019in can\u0131n\u0131 daha \u00e7ok yakmamak i\u00e7in sordu\u011fu sorulara cevap vermez. Ancak Cahide\u2019nin de olaya dahil olmas\u0131yla alevlenen tart\u0131\u015fman\u0131n sonu\u00e7lar\u0131, G\u00f6n\u00fcl i\u00e7in \u00e7ok a\u011f\u0131r olur. Melek\u2019ten vazge\u00e7en \u015eule, ge\u00e7mi\u015fini hat\u0131rlatan bir telefon konu\u015fmas\u0131yla anneli\u011fini yeniden hat\u0131rlay\u0131nca alt \u00fcst olur.<\/p>\n<p><strong>5.ARKA SOKAKLAR<\/strong> : Kanal D&#8217;nin k\u0131demli dizisi Arka Sokaklar, bu hafta 421.b\u00f6l\u00fcm\u00fc ile Haftan\u0131n Dizileri aras\u0131na tekrar 5.s\u0131radan girdi. Total&#8217;de ald\u0131\u011f\u0131 9,08 reyting puan\u0131 ile 5.s\u0131rada yer al\u0131yor.<\/p>\n<p><img loading=\"lazy\" decoding=\"async\" class=\"alignnone size-full wp-image-16852\" src=\"http:\/\/balcilar-blog.com\/wp-content\/uploads\/2016\/12\/arka-sokaklar-421..jpg\" alt=\"arka-sokaklar-421\" width=\"640\" height=\"424\" srcset=\"https:\/\/balcilar-blog.com\/wp-content\/uploads\/2016\/12\/arka-sokaklar-421..jpg 640w, https:\/\/balcilar-blog.com\/wp-content\/uploads\/2016\/12\/arka-sokaklar-421.-300x199.jpg 300w\" sizes=\"auto, (max-width: 640px) 100vw, 640px\" \/><\/p>\n<p>Arka Sokaklar 421. B\u00f6l\u00fcm&#8217;de; Mehmet Komiser yaralan\u0131yor; ekip, Sezgin\u2019in pe\u015fine d\u00fc\u015f\u00fcyor! Komiser muavini Mehmet ekibe al\u0131\u015fmaya \u00e7al\u0131\u015fmaktad\u0131r. Ekibin tamam\u0131 bu s\u00fcre\u00e7te Mehmet\u2019e fazlas\u0131yla destek olurlar. Mesut, Ali ve Mehmet\u2019in bulundu\u011fu ekip gelen bilgi \u00fczerine Sezgin\u2019in ka\u00e7aca\u011f\u0131 nokta olan sahile gelirler. H\u00fcsn\u00fc, Hakan, Selin, Arda\u2019n\u0131n bulundu\u011fu ekip ise Sezgin\u2019in k\u0131r evine bask\u0131n yaparak Sezgin\u2019in adamlar\u0131 olan \u015eevki ve Hayri\u2019yi tutuklarlar. Fakat, operasyonda beklenmeyen bir geli\u015fme ya\u015fan\u0131r ve Mehmet yaralan\u0131r. Ekip, Mehmet\u2019i hemen hastaneye kald\u0131r\u0131r ve Mehmet ameliyata al\u0131n\u0131r. Ekip ise yine Sezgin\u2019in pe\u015fine d\u00fc\u015fer. Sezgin\u2019in plan\u0131 g\u00f6zbebe\u011fi e\u015fi Sema ve k\u0131zlar\u0131 Melek\u2019i de al\u0131p deniz yoluyla ka\u00e7makt\u0131r. Sema \u00fczerinden Sezgin\u2019e ula\u015fmaya \u00e7al\u0131\u015fan ekibimiz do\u011fru yol \u00fczerindedir, fakat Sezgin fazlas\u0131yla g\u00fc\u00e7l\u00fc ve zeki bir adamd\u0131r. Mesut ve Selin, Sezgin ile kar\u015f\u0131 kar\u015f\u0131ya gelse de Sezgin\u2019in hi\u00e7 ac\u0131mas\u0131 yoktur.<br \/>\n<strong>Her iki kategorinin ilk on&#8217;da yer alan dizileri :<\/strong><\/p>\n<p>\u0130\u00e7erde, Anne, E\u015fk\u0131ya D\u00fcnyaya H\u00fck\u00fcmdar Olmaz, Dirili\u015f Ertu\u011frul, Kara Sevda, Vatan\u0131m Sensin ve Kalbimdeki Deniz her iki grupta yer alan diziler olmu\u015ftur.<\/p>\n<p>&nbsp;<\/p>\n<p><strong>Kanallara g\u00f6re s\u0131ralamaya g\u00f6z atarsak :<\/strong><\/p>\n<p>Total grubunda: Atv 3 dizi. Star ve Kanal D 2 dizi. TRT1, Show Tv ve Fox birer dizi ile yer ald\u0131lar.<\/p>\n<p>AB\u2019de ilk onda: Star Tv 3 dizi. Fox ve Show 2 dizi. TRT1, Kanal D ve Atv birer dizi ile yer alm\u0131\u015ft\u0131r.<\/p>\n<p>Bu haftan\u0131n kanal\u0131; AB&#8217;de 3, Total&#8217;de 2 dizi ile Star olmu\u015ftur. Total&#8217;de 3, AB&#8217;de 1 Dizi ile Atv 2.s\u0131rada yer alm\u0131\u015ft\u0131r.<\/p>\n<p>&nbsp;<\/p>\n<p><strong>&#8220;K\u0131rlang\u0131\u00e7 F\u0131rt\u0131nas\u0131&#8221; Fox&#8217;tan yeni Dizi:<\/strong><\/p>\n<p><img loading=\"lazy\" decoding=\"async\" class=\"alignnone size-full wp-image-16854\" src=\"http:\/\/balcilar-blog.com\/wp-content\/uploads\/2016\/12\/meltem-cumbul-.jpg\" alt=\"meltem-cumbul\" width=\"640\" height=\"330\" srcset=\"https:\/\/balcilar-blog.com\/wp-content\/uploads\/2016\/12\/meltem-cumbul-.jpg 640w, https:\/\/balcilar-blog.com\/wp-content\/uploads\/2016\/12\/meltem-cumbul--300x155.jpg 300w\" sizes=\"auto, (max-width: 640px) 100vw, 640px\" \/><\/p>\n<p>Fox tv ekranlar\u0131nda beklenen yeni dizi olan K\u0131rlang\u0131\u00e7 F\u0131rt\u0131nas\u0131\u2019n\u0131n senaryosunu Erkan Birg\u00f6ren yaz\u0131yor. Daha \u00f6nce Karag\u00fcl dizisinin senaryosunu da yazm\u0131\u015ft\u0131. Y\u00f6netmenli\u011fini ise Alt\u0131n Portakal \u00f6d\u00fcll\u00fc \u00fcnl\u00fc y\u00f6netmen \u00d6zcan Alper yap\u0131yor. \u00c7ekimler Nev\u015fehir\u2019in \u00dcrg\u00fcp il\u00e7esinde ba\u015flayacak, \u0130stanbul&#8217;da devam edecek. Ba\u015f rollerini Meltem cumbul, Fikret Ku\u015fkan, Ekin Mert Daymaz ve Bestemsu \u00d6zdemir gibi oyuncular\u0131n rol al\u0131yor. Ocak 2017 son haftalar\u0131nda Fox Tv ekranlar\u0131nda yer alacak.<\/p>\n<p>&nbsp;<\/p>\n<p><img loading=\"lazy\" decoding=\"async\" class=\"alignnone size-full wp-image-16855\" src=\"http:\/\/balcilar-blog.com\/wp-content\/uploads\/2016\/12\/images-engin-aky\u00fcrek.jpg\" alt=\"images-engin-akyurek\" width=\"640\" height=\"328\" srcset=\"https:\/\/balcilar-blog.com\/wp-content\/uploads\/2016\/12\/images-engin-aky\u00fcrek.jpg 640w, https:\/\/balcilar-blog.com\/wp-content\/uploads\/2016\/12\/images-engin-aky\u00fcrek-300x154.jpg 300w\" sizes=\"auto, (max-width: 640px) 100vw, 640px\" \/><\/p>\n<p><strong>Engin Aky\u00fcrek<\/strong>, Fahriye Evcen ve Sarp Levedo\u011flu yeni dizide bulu\u015fuyor. \u00dczerine kurulan kirli bir oyunla haks\u0131z yere hapse giren bir adamla, idealist bir avukat\u0131n m\u00fcebbet a\u015fk\u0131 anlat\u0131l\u0131yor. Proje &#8216;<strong>\u00d6lene Kadar<\/strong>&#8216; ad\u0131yla yay\u0131mlanacak. Yap\u0131mc\u0131l\u0131\u011f\u0131n\u0131 TIMS Productions\u2019un \u00fcstlendi\u011fi, senaryosunu Elif Usman Erg\u00fcden\u2019in kaleme ald\u0131\u011f\u0131, y\u00f6netmenli\u011fini Umur Turagay\u2019\u0131n yapt\u0131\u011f\u0131 \u00d6lene Kadar dizisinin Ocak 2017&#8217;de ATV\u2019de ekrana gelmesi bekleniyor.<\/p>\n<p>Sayg\u0131lar ve sevgiler.<\/p>\n<p>Abdurrahman Balc\u0131lar<\/p>\n<p>Twitter:\u00a0<a href=\"https:\/\/twitter.com\/abbalcilar\">abdurrahman balc\u0131lar<\/a><a href=\"https:\/\/twitter.com\/abbalcilar\"><strong>@abbalcilar<\/strong><\/a><\/p>\n<p>Mail :\u00a0<a href=\"mailto:ab.balcilar@hotmail.com\">ab.balcilar@hotmail.com<\/a><\/p>\n<p>Blog:\u00a0<a href=\"http:\/\/t.co\/znqmIZgIqn\">blog.milliyet.com.tr\/cansever<\/a><\/p>\n<p>Blog:\u00a0<strong>balcilar-blog.com<\/strong><\/p>\n<p>Not: G\u00f6rseller ve dizi \u00f6zetleri ilgili kanallar\u0131n dizi ana sayfalar\u0131ndan al\u0131nm\u0131\u015ft\u0131r. S\u0131ralamalar dizi reytinglerine g\u00f6re yap\u0131lm\u0131\u015ft\u0131r.<\/p>\n","protected":false},"excerpt":{"rendered":"<p>&nbsp; TNS \u00f6l\u00e7\u00fcmlerine g\u00f6re haz\u0131rlad\u0131\u011f\u0131m 12 &#8211; 18 Aral\u0131k 2016 Tarihleri aras\u0131nda ekranlar\u0131m\u0131za gelen, Total\u2019de ve AB\u2019de ilk ona giren, haftan\u0131n dizi karnesini a\u015fa\u011f\u0131da bilgilerinize sunuyorum. 2016 &#8211; 2017 dizi sezonunda, 2016 sonuna 2 hafta kald\u0131. Bu sezonda bir \u00e7ok yeni dizi yay\u0131na girdi. \u015eu anda muhtelif kanallarda eski &#8211; yeni 34 dizi yay\u0131nda. 4 [&hellip;]<\/p>\n","protected":false},"author":3,"featured_media":16853,"comment_status":"open","ping_status":"open","sticky":false,"template":"","format":"standard","meta":{"footnotes":""},"categories":[2],"tags":[1293,1104,15,570,712,82,801,1219,800,530],"class_list":["post-16846","post","type-post","status-publish","format-standard","has-post-thumbnail","hentry","category-tv-programlari","tag-anne","tag-arka-sokaklar","tag-cagatay-ulusoy","tag-dirilis-ertugrul","tag-dizi-reytingleri","tag-engin-akyurek","tag-eskiya-dunyaya-hukumdar-olmaz","tag-icerde","tag-oktay-kaynarca","tag-tns-olcumleri"],"views":2949,"blog_post_layout_featured_media_urls":{"thumbnail":["https:\/\/balcilar-blog.com\/wp-content\/uploads\/2016\/12\/cats-19-ARALIK-150x150.jpg",150,150,true],"full":["https:\/\/balcilar-blog.com\/wp-content\/uploads\/2016\/12\/cats-19-ARALIK.jpg",640,312,false]},"categories_names":{"2":{"name":"TV Programlar\u0131","link":"https:\/\/balcilar-blog.com\/?cat=2"}},"tags_names":{"1293":{"name":"Anne","link":"https:\/\/balcilar-blog.com\/?tag=anne"},"1104":{"name":"Arka Sokaklar","link":"https:\/\/balcilar-blog.com\/?tag=arka-sokaklar"},"15":{"name":"\u00e7a\u011fatay ulusoy","link":"https:\/\/balcilar-blog.com\/?tag=cagatay-ulusoy"},"570":{"name":"dirili\u015f Ertu\u011frul","link":"https:\/\/balcilar-blog.com\/?tag=dirilis-ertugrul"},"712":{"name":"Dizi reytingleri","link":"https:\/\/balcilar-blog.com\/?tag=dizi-reytingleri"},"82":{"name":"Engin Aky\u00fcrek","link":"https:\/\/balcilar-blog.com\/?tag=engin-akyurek"},"801":{"name":"E\u015fk\u0131ya D\u00fcnya'ya H\u00fck\u00fcmdar Olmaz","link":"https:\/\/balcilar-blog.com\/?tag=eskiya-dunyaya-hukumdar-olmaz"},"1219":{"name":"\u0130\u00c7ERDE","link":"https:\/\/balcilar-blog.com\/?tag=icerde"},"800":{"name":"Oktay Kaynarca","link":"https:\/\/balcilar-blog.com\/?tag=oktay-kaynarca"},"530":{"name":"TNS \u00f6l\u00e7\u00fcmleri","link":"https:\/\/balcilar-blog.com\/?tag=tns-olcumleri"}},"comments_number":"0","wpmagazine_modules_lite_featured_media_urls":{"thumbnail":["https:\/\/balcilar-blog.com\/wp-content\/uploads\/2016\/12\/cats-19-ARALIK-150x150.jpg",150,150,true],"cvmm-medium":["https:\/\/balcilar-blog.com\/wp-content\/uploads\/2016\/12\/cats-19-ARALIK.jpg",300,146,false],"cvmm-medium-plus":["https:\/\/balcilar-blog.com\/wp-content\/uploads\/2016\/12\/cats-19-ARALIK.jpg",305,149,false],"cvmm-portrait":["https:\/\/balcilar-blog.com\/wp-content\/uploads\/2016\/12\/cats-19-ARALIK.jpg",400,195,false],"cvmm-medium-square":["https:\/\/balcilar-blog.com\/wp-content\/uploads\/2016\/12\/cats-19-ARALIK.jpg",600,293,false],"cvmm-large":["https:\/\/balcilar-blog.com\/wp-content\/uploads\/2016\/12\/cats-19-ARALIK.jpg",640,312,false],"cvmm-small":["https:\/\/balcilar-blog.com\/wp-content\/uploads\/2016\/12\/cats-19-ARALIK.jpg",130,63,false],"full":["https:\/\/balcilar-blog.com\/wp-content\/uploads\/2016\/12\/cats-19-ARALIK.jpg",640,312,false]},"_links":{"self":[{"href":"https:\/\/balcilar-blog.com\/index.php?rest_route=\/wp\/v2\/posts\/16846","targetHints":{"allow":["GET"]}}],"collection":[{"href":"https:\/\/balcilar-blog.com\/index.php?rest_route=\/wp\/v2\/posts"}],"about":[{"href":"https:\/\/balcilar-blog.com\/index.php?rest_route=\/wp\/v2\/types\/post"}],"author":[{"embeddable":true,"href":"https:\/\/balcilar-blog.com\/index.php?rest_route=\/wp\/v2\/users\/3"}],"replies":[{"embeddable":true,"href":"https:\/\/balcilar-blog.com\/index.php?rest_route=%2Fwp%2Fv2%2Fcomments&post=16846"}],"version-history":[{"count":4,"href":"https:\/\/balcilar-blog.com\/index.php?rest_route=\/wp\/v2\/posts\/16846\/revisions"}],"predecessor-version":[{"id":16860,"href":"https:\/\/balcilar-blog.com\/index.php?rest_route=\/wp\/v2\/posts\/16846\/revisions\/16860"}],"wp:featuredmedia":[{"embeddable":true,"href":"https:\/\/balcilar-blog.com\/index.php?rest_route=\/wp\/v2\/media\/16853"}],"wp:attachment":[{"href":"https:\/\/balcilar-blog.com\/index.php?rest_route=%2Fwp%2Fv2%2Fmedia&parent=16846"}],"wp:term":[{"taxonomy":"category","embeddable":true,"href":"https:\/\/balcilar-blog.com\/index.php?rest_route=%2Fwp%2Fv2%2Fcategories&post=16846"},{"taxonomy":"post_tag","embeddable":true,"href":"https:\/\/balcilar-blog.com\/index.php?rest_route=%2Fwp%2Fv2%2Ftags&post=16846"}],"curies":[{"name":"wp","href":"https:\/\/api.w.org\/{rel}","templated":true}]}}