{"id":16827,"date":"2016-12-16T21:38:43","date_gmt":"2016-12-16T18:38:43","guid":{"rendered":"http:\/\/balcilar-blog.com\/?p=16827"},"modified":"2016-12-17T20:58:37","modified_gmt":"2016-12-17T17:58:37","slug":"icerde-celal-babaya-meydan-okuyan-patron-umut-kim","status":"publish","type":"post","link":"https:\/\/balcilar-blog.com\/?p=16827","title":{"rendered":"\u0130\u00e7erde \/ Celal Babaya meydan okuyan Patron Umut kim?"},"content":{"rendered":"<p><img loading=\"lazy\" decoding=\"async\" class=\"alignnone size-full wp-image-16828\" src=\"http:\/\/balcilar-blog.com\/wp-content\/uploads\/2016\/12\/cats-14.B\u00d6L\u00dcM.jpg\" alt=\"cats-14-bolum\" width=\"655\" height=\"376\" srcset=\"https:\/\/balcilar-blog.com\/wp-content\/uploads\/2016\/12\/cats-14.B\u00d6L\u00dcM.jpg 655w, https:\/\/balcilar-blog.com\/wp-content\/uploads\/2016\/12\/cats-14.B\u00d6L\u00dcM-300x172.jpg 300w\" sizes=\"auto, (max-width: 655px) 100vw, 655px\" \/><\/p>\n<p>Ay Yap\u0131m&#8217;\u0131n yap\u0131mc\u0131s\u0131 oldu\u011fu, ba\u015frollerini \u00c7a\u011fatay Ulusoy, Aras Bulut \u0130ynemli, \u00c7etin Tekindor ve Bensu Soral&#8217;\u0131n oynad\u0131\u011f\u0131, Show Tv&#8217;nin fenomen dizisi \u0130\u00e7erde yeni b\u00f6l\u00fcm\u00fc ile 19 Aral\u0131k Pazartesi ak\u015fam\u0131 ekranlarda olacak.<\/p>\n<p>Ge\u00e7en b\u00f6l\u00fcmde Celal Baban\u0131n kar\u015f\u0131s\u0131na kendisinden patron olarak bahsedilen, kendisine meydan okuyan bir babayi\u011fit \u00e7\u0131kar.<\/p>\n<p>K\u00f6stencelinin kar\u0131s\u0131 Leyla ve avukat\u0131, kendisini &#8220;Umut&#8221; olarak tan\u0131tan patronun adamlar\u0131d\u0131r. &#8220;Umut&#8221; isimli patron Sarp&#8217;tan ba\u015fkas\u0131 de\u011fildir. K\u00f6fteci Celal&#8217;e meydan okur.<\/p>\n<p><strong>\u0130\u00c7ERDE 14. B\u00d6L\u00dcMDE NELER OLACAK?<\/strong><br \/>\nCelal, Melek\u2019in \u00f6z k\u0131z\u0131 oldu\u011funu bilen tek ki\u015finin patron denen adam oldu\u011funu ve patronun da Co\u015fkun\u2019la ba\u011flant\u0131s\u0131 oldu\u011funu d\u00fc\u015f\u00fcn\u00fcyordur. Mert, Celal\u2019e Yusuf M\u00fcd\u00fcr&#8217;\u00fcn istifa etti\u011fini s\u00f6yler.<\/p>\n<p><img loading=\"lazy\" decoding=\"async\" class=\"alignnone size-full wp-image-16840\" src=\"http:\/\/balcilar-blog.com\/wp-content\/uploads\/2016\/12\/Ekran-Al\u0131nt\u0131s\u0131-\u0130\u00c7.14.YUSUF_.jpg\" alt=\"ekran-alintisi-ic-14-yusuf\" width=\"640\" height=\"381\" srcset=\"https:\/\/balcilar-blog.com\/wp-content\/uploads\/2016\/12\/Ekran-Al\u0131nt\u0131s\u0131-\u0130\u00c7.14.YUSUF_.jpg 640w, https:\/\/balcilar-blog.com\/wp-content\/uploads\/2016\/12\/Ekran-Al\u0131nt\u0131s\u0131-\u0130\u00c7.14.YUSUF_-300x179.jpg 300w\" sizes=\"auto, (max-width: 640px) 100vw, 640px\" \/><\/p>\n<p>Celal sebebini merak eder, Mert\u2019e geli\u015fmelerden haberdar olmak istedi\u011fini s\u00f6yler.<\/p>\n<p><img loading=\"lazy\" decoding=\"async\" class=\"alignnone size-full wp-image-16839\" src=\"http:\/\/balcilar-blog.com\/wp-content\/uploads\/2016\/12\/Ekran-Al\u0131nt\u0131s\u0131\u0130\u00c7.14.GZ.D..jpg\" alt=\"ekran-alintisiic-14-gz-d\" width=\"640\" height=\"384\" srcset=\"https:\/\/balcilar-blog.com\/wp-content\/uploads\/2016\/12\/Ekran-Al\u0131nt\u0131s\u0131\u0130\u00c7.14.GZ.D..jpg 640w, https:\/\/balcilar-blog.com\/wp-content\/uploads\/2016\/12\/Ekran-Al\u0131nt\u0131s\u0131\u0130\u00c7.14.GZ.D.-300x180.jpg 300w\" sizes=\"auto, (max-width: 640px) 100vw, 640px\" \/><\/p>\n<p>\u0130stifa dilek\u00e7esini veren Yusuf, gizli polis Sarp\u2019\u0131n dosyas\u0131n\u0131 Mert\u2019e devretmek \u00fczeredir.<\/p>\n<p><img loading=\"lazy\" decoding=\"async\" class=\"alignnone size-full wp-image-16835\" src=\"http:\/\/balcilar-blog.com\/wp-content\/uploads\/2016\/12\/CzzqQTyXgAMZMXe.jpg\" alt=\"czzqqtyxgamzmxe\" width=\"640\" height=\"412\" srcset=\"https:\/\/balcilar-blog.com\/wp-content\/uploads\/2016\/12\/CzzqQTyXgAMZMXe.jpg 640w, https:\/\/balcilar-blog.com\/wp-content\/uploads\/2016\/12\/CzzqQTyXgAMZMXe-300x193.jpg 300w\" sizes=\"auto, (max-width: 640px) 100vw, 640px\" \/><\/p>\n<p>Celal ve adamlar\u0131 patronun izini s\u00fcrmeye devam ediyorlard\u0131r.<\/p>\n<p><img loading=\"lazy\" decoding=\"async\" class=\"alignnone size-full wp-image-16834\" src=\"http:\/\/balcilar-blog.com\/wp-content\/uploads\/2016\/12\/CzzqpB1WEAYFWdq.jpg\" alt=\"czzqpb1weayfwdq\" width=\"640\" height=\"412\" srcset=\"https:\/\/balcilar-blog.com\/wp-content\/uploads\/2016\/12\/CzzqpB1WEAYFWdq.jpg 640w, https:\/\/balcilar-blog.com\/wp-content\/uploads\/2016\/12\/CzzqpB1WEAYFWdq-300x193.jpg 300w\" sizes=\"auto, (max-width: 640px) 100vw, 640px\" \/><\/p>\n<p>F\u00fcsun, Melek\u2019e yapt\u0131klar\u0131ndan dolay\u0131 te\u015fekk\u00fcr etmek i\u00e7in evine yeme\u011fe davet eder.<\/p>\n<p><img loading=\"lazy\" decoding=\"async\" class=\"alignnone size-full wp-image-16832\" src=\"http:\/\/balcilar-blog.com\/wp-content\/uploads\/2016\/12\/Czzqo_gXgAAC3_V.jpg\" alt=\"czzqo_gxgaac3_v\" width=\"640\" height=\"412\" srcset=\"https:\/\/balcilar-blog.com\/wp-content\/uploads\/2016\/12\/Czzqo_gXgAAC3_V.jpg 640w, https:\/\/balcilar-blog.com\/wp-content\/uploads\/2016\/12\/Czzqo_gXgAAC3_V-300x193.jpg 300w\" sizes=\"auto, (max-width: 640px) 100vw, 640px\" \/><\/p>\n<p>Sarp, Melek, Mert, Eylem ve Bar\u0131\u015f da dahil 5 ki\u015fi aile sofras\u0131nda bir araya gelirler.<\/p>\n<p><img loading=\"lazy\" decoding=\"async\" class=\"alignnone size-full wp-image-16833\" src=\"http:\/\/balcilar-blog.com\/wp-content\/uploads\/2016\/12\/CzzqpAmWEAAjXdi.jpg\" alt=\"czzqpamweaajxdi\" width=\"640\" height=\"412\" srcset=\"https:\/\/balcilar-blog.com\/wp-content\/uploads\/2016\/12\/CzzqpAmWEAAjXdi.jpg 640w, https:\/\/balcilar-blog.com\/wp-content\/uploads\/2016\/12\/CzzqpAmWEAAjXdi-300x193.jpg 300w\" sizes=\"auto, (max-width: 640px) 100vw, 640px\" \/><\/p>\n<p>Keyifli bir yemek yerler.<\/p>\n<p><img loading=\"lazy\" decoding=\"async\" class=\"alignnone size-full wp-image-16831\" src=\"http:\/\/balcilar-blog.com\/wp-content\/uploads\/2016\/12\/Czzq2FJXcAAdJ37.jpg\" alt=\"czzq2fjxcaadj37\" width=\"640\" height=\"412\" srcset=\"https:\/\/balcilar-blog.com\/wp-content\/uploads\/2016\/12\/Czzq2FJXcAAdJ37.jpg 640w, https:\/\/balcilar-blog.com\/wp-content\/uploads\/2016\/12\/Czzq2FJXcAAdJ37-300x193.jpg 300w\" sizes=\"auto, (max-width: 640px) 100vw, 640px\" \/><\/p>\n<p>Sarp\u2019\u0131n patron Umut plan\u0131 zannetti\u011fi kadar kolay sonuca ula\u015famayacakt\u0131r. Bu tehlikeli oyunun bir bedeli olacakt\u0131r.<\/p>\n<p>&nbsp;<\/p>\n<p><iframe loading=\"lazy\" title=\"\u0130\u00e7erde 14. B\u00f6l\u00fcm Fragman\" width=\"640\" height=\"360\" src=\"https:\/\/www.youtube.com\/embed\/QIz0vitYjQ8?feature=oembed\" frameborder=\"0\" allow=\"accelerometer; autoplay; clipboard-write; encrypted-media; gyroscope; picture-in-picture; web-share\" referrerpolicy=\"strict-origin-when-cross-origin\" allowfullscreen><\/iframe><\/p>\n<p><iframe loading=\"lazy\" title=\"\u0130\u00e7erde 14. B\u00f6l\u00fcm 2. Fragman\" width=\"640\" height=\"360\" src=\"https:\/\/www.youtube.com\/embed\/b0Yb9r2qS0g?feature=oembed\" frameborder=\"0\" allow=\"accelerometer; autoplay; clipboard-write; encrypted-media; gyroscope; picture-in-picture; web-share\" referrerpolicy=\"strict-origin-when-cross-origin\" allowfullscreen><\/iframe><\/p>\n<p>\u0130\u00e7erde 14.B\u00f6l\u00fcm 19 Aral\u0131k Pazartesi ak\u015fam\u0131 20.00&#8217;de Show Tv ekranlar\u0131mda&#8230;<\/p>\n<p>Keyifli Seyirler.<\/p>\n<p>Sayg\u0131lar ve sevgiler.<\/p>\n<p>Abdurrahman Balc\u0131lar<\/p>\n<p>Twitter:\u00a0<a href=\"https:\/\/twitter.com\/abbalcilar\">abdurrahman balc\u0131lar<\/a><a href=\"https:\/\/twitter.com\/abbalcilar\"><strong>@abbalcilar<\/strong><\/a><\/p>\n<p>Mail :\u00a0<a href=\"mailto:ab.balcilar@hotmail.com\">ab.balcilar@hotmail.com<\/a><\/p>\n<p>Blog:\u00a0<a href=\"http:\/\/t.co\/znqmIZgIqn\">blog.milliyet.com.tr\/cansever<\/a><\/p>\n<p>Blog:\u00a0<strong>balcilar-blog.com<\/strong><\/p>\n","protected":false},"excerpt":{"rendered":"<p>Ay Yap\u0131m&#8217;\u0131n yap\u0131mc\u0131s\u0131 oldu\u011fu, ba\u015frollerini \u00c7a\u011fatay Ulusoy, Aras Bulut \u0130ynemli, \u00c7etin Tekindor ve Bensu Soral&#8217;\u0131n oynad\u0131\u011f\u0131, Show Tv&#8217;nin fenomen dizisi \u0130\u00e7erde yeni b\u00f6l\u00fcm\u00fc ile 19 Aral\u0131k Pazartesi ak\u015fam\u0131 ekranlarda olacak. Ge\u00e7en b\u00f6l\u00fcmde Celal Baban\u0131n kar\u015f\u0131s\u0131na kendisinden patron olarak bahsedilen, kendisine meydan okuyan bir babayi\u011fit \u00e7\u0131kar. K\u00f6stencelinin kar\u0131s\u0131 Leyla ve avukat\u0131, kendisini &#8220;Umut&#8221; olarak tan\u0131tan patronun [&hellip;]<\/p>\n","protected":false},"author":3,"featured_media":16828,"comment_status":"open","ping_status":"open","sticky":false,"template":"","format":"standard","meta":{"footnotes":""},"categories":[2],"tags":[533,26,15,1219,35],"class_list":["post-16827","post","type-post","status-publish","format-standard","has-post-thumbnail","hentry","category-tv-programlari","tag-aras-bulut-iynemli","tag-ay-yapim","tag-cagatay-ulusoy","tag-icerde","tag-show-tv"],"views":3616,"blog_post_layout_featured_media_urls":{"thumbnail":["https:\/\/balcilar-blog.com\/wp-content\/uploads\/2016\/12\/cats-14.B\u00d6L\u00dcM-150x150.jpg",150,150,true],"full":["https:\/\/balcilar-blog.com\/wp-content\/uploads\/2016\/12\/cats-14.B\u00d6L\u00dcM.jpg",655,376,false]},"categories_names":{"2":{"name":"TV Programlar\u0131","link":"https:\/\/balcilar-blog.com\/?cat=2"}},"tags_names":{"533":{"name":"Aras Bulut \u0130ynemli","link":"https:\/\/balcilar-blog.com\/?tag=aras-bulut-iynemli"},"26":{"name":"Ay Yap\u0131m","link":"https:\/\/balcilar-blog.com\/?tag=ay-yapim"},"15":{"name":"\u00e7a\u011fatay ulusoy","link":"https:\/\/balcilar-blog.com\/?tag=cagatay-ulusoy"},"1219":{"name":"\u0130\u00c7ERDE","link":"https:\/\/balcilar-blog.com\/?tag=icerde"},"35":{"name":"Show Tv","link":"https:\/\/balcilar-blog.com\/?tag=show-tv"}},"comments_number":"0","wpmagazine_modules_lite_featured_media_urls":{"thumbnail":["https:\/\/balcilar-blog.com\/wp-content\/uploads\/2016\/12\/cats-14.B\u00d6L\u00dcM-150x150.jpg",150,150,true],"cvmm-medium":["https:\/\/balcilar-blog.com\/wp-content\/uploads\/2016\/12\/cats-14.B\u00d6L\u00dcM.jpg",300,172,false],"cvmm-medium-plus":["https:\/\/balcilar-blog.com\/wp-content\/uploads\/2016\/12\/cats-14.B\u00d6L\u00dcM.jpg",305,175,false],"cvmm-portrait":["https:\/\/balcilar-blog.com\/wp-content\/uploads\/2016\/12\/cats-14.B\u00d6L\u00dcM.jpg",400,230,false],"cvmm-medium-square":["https:\/\/balcilar-blog.com\/wp-content\/uploads\/2016\/12\/cats-14.B\u00d6L\u00dcM.jpg",600,344,false],"cvmm-large":["https:\/\/balcilar-blog.com\/wp-content\/uploads\/2016\/12\/cats-14.B\u00d6L\u00dcM.jpg",655,376,false],"cvmm-small":["https:\/\/balcilar-blog.com\/wp-content\/uploads\/2016\/12\/cats-14.B\u00d6L\u00dcM.jpg",130,75,false],"full":["https:\/\/balcilar-blog.com\/wp-content\/uploads\/2016\/12\/cats-14.B\u00d6L\u00dcM.jpg",655,376,false]},"_links":{"self":[{"href":"https:\/\/balcilar-blog.com\/index.php?rest_route=\/wp\/v2\/posts\/16827","targetHints":{"allow":["GET"]}}],"collection":[{"href":"https:\/\/balcilar-blog.com\/index.php?rest_route=\/wp\/v2\/posts"}],"about":[{"href":"https:\/\/balcilar-blog.com\/index.php?rest_route=\/wp\/v2\/types\/post"}],"author":[{"embeddable":true,"href":"https:\/\/balcilar-blog.com\/index.php?rest_route=\/wp\/v2\/users\/3"}],"replies":[{"embeddable":true,"href":"https:\/\/balcilar-blog.com\/index.php?rest_route=%2Fwp%2Fv2%2Fcomments&post=16827"}],"version-history":[{"count":3,"href":"https:\/\/balcilar-blog.com\/index.php?rest_route=\/wp\/v2\/posts\/16827\/revisions"}],"predecessor-version":[{"id":16845,"href":"https:\/\/balcilar-blog.com\/index.php?rest_route=\/wp\/v2\/posts\/16827\/revisions\/16845"}],"wp:featuredmedia":[{"embeddable":true,"href":"https:\/\/balcilar-blog.com\/index.php?rest_route=\/wp\/v2\/media\/16828"}],"wp:attachment":[{"href":"https:\/\/balcilar-blog.com\/index.php?rest_route=%2Fwp%2Fv2%2Fmedia&parent=16827"}],"wp:term":[{"taxonomy":"category","embeddable":true,"href":"https:\/\/balcilar-blog.com\/index.php?rest_route=%2Fwp%2Fv2%2Fcategories&post=16827"},{"taxonomy":"post_tag","embeddable":true,"href":"https:\/\/balcilar-blog.com\/index.php?rest_route=%2Fwp%2Fv2%2Ftags&post=16827"}],"curies":[{"name":"wp","href":"https:\/\/api.w.org\/{rel}","templated":true}]}}