{"id":16726,"date":"2016-12-11T15:30:20","date_gmt":"2016-12-11T12:30:20","guid":{"rendered":"http:\/\/balcilar-blog.com\/?p=16726"},"modified":"2016-12-11T20:07:23","modified_gmt":"2016-12-11T17:07:23","slug":"cagatay-ulusoyun-basindaki-yara-izleri","status":"publish","type":"post","link":"https:\/\/balcilar-blog.com\/?p=16726","title":{"rendered":"\u00c7a\u011fatay Ulusoy&#8217;un ba\u015f\u0131ndaki yara izleri?"},"content":{"rendered":"<p><img loading=\"lazy\" decoding=\"async\" class=\"alignnone size-full wp-image-16731\" src=\"http:\/\/balcilar-blog.com\/wp-content\/uploads\/2016\/12\/cagatayulusoy2S80Lzb5MUUGjr0is8xAE3Q.jpg\" alt=\"cagatayulusoy2s80lzb5muugjr0is8xae3q\" width=\"480\" height=\"608\" srcset=\"https:\/\/balcilar-blog.com\/wp-content\/uploads\/2016\/12\/cagatayulusoy2S80Lzb5MUUGjr0is8xAE3Q.jpg 480w, https:\/\/balcilar-blog.com\/wp-content\/uploads\/2016\/12\/cagatayulusoy2S80Lzb5MUUGjr0is8xAE3Q-237x300.jpg 237w\" sizes=\"auto, (max-width: 480px) 100vw, 480px\" \/><\/p>\n<p>\u00c7a\u011fatay Ulusoy dizileri i\u00e7in her fedakarl\u0131\u011f\u0131 yap\u0131yor, imaj de\u011fi\u015ftiriyor. Delibal filmi i\u00e7in uzatt\u0131\u011f\u0131 sa\u00e7lar\u0131n\u0131, &#8220;\u0130\u00e7erde&#8221; dizisi i\u00e7in kestirmi\u015f, \u00fc\u00e7 numaraya vurdurmu\u015ftur.<\/p>\n<p>\u0130lk dizisi olan, &#8220;Ad\u0131n\u0131 Feriha Koydum&#8221; dizisinde 2 sezon boyunca \u015fekilden \u015fekile soktu\u011fu \u00e7ok g\u00fczel g\u00fcr sa\u00e7lar\u0131 vard\u0131. Her hafta berberi \u015e\u00fckr\u00fc Dudu&#8217;ya iki kere gider, kestirir, y\u0131kat\u0131r ve \u015fekil verdirirmi\u015f.<\/p>\n<p>4 y\u0131l \u00f6nce de A\u011fustos 2012&#8217;de &#8220;Emir&#8217;in Yolu&#8221; dizisinde sa\u00e7lar\u0131n\u0131 gene \u00fc\u00e7 numara kestirmi\u015fti. O y\u0131llarda bir r\u00f6portaj\u0131nda; &#8220;Ben de al\u0131\u015famad\u0131m, ama al\u0131\u015f\u0131caz. \u0130lk defa yap\u0131yorum \u00fc\u00e7 numara, Allah&#8217;tan kafa d\u00fczg\u00fcn \u00e7\u0131kt\u0131, alttan da yamuk de\u011filmi\u015f onu g\u00f6rd\u00fcm.&#8221; Diyerek espri yapm\u0131\u015ft\u0131.<\/p>\n<p>&nbsp;<\/p>\n<p><img loading=\"lazy\" decoding=\"async\" class=\"alignnone size-full wp-image-16730\" src=\"http:\/\/balcilar-blog.com\/wp-content\/uploads\/2016\/12\/Ekran-Al\u0131nt\u0131s\u0131E.Y.\u00c7.U.2.jpg\" alt=\"ekran-alintisie-y-c-u-2\" width=\"578\" height=\"480\" srcset=\"https:\/\/balcilar-blog.com\/wp-content\/uploads\/2016\/12\/Ekran-Al\u0131nt\u0131s\u0131E.Y.\u00c7.U.2.jpg 578w, https:\/\/balcilar-blog.com\/wp-content\/uploads\/2016\/12\/Ekran-Al\u0131nt\u0131s\u0131E.Y.\u00c7.U.2-300x249.jpg 300w\" sizes=\"auto, (max-width: 578px) 100vw, 578px\" \/><\/p>\n<p>O zaman da ba\u015f\u0131n\u0131n arka sa\u011f taraf\u0131nda yara izleri vard\u0131. Muhabir sormad\u0131 ama, \u00c7a\u011fatay&#8217;\u0131n \u00e7ocuklu\u011fundan kalma \u00a0yaralar. Kendisinin de s\u00f6yledi\u011fine g\u00f6re \u00e7ocuklu\u011funda son derece hiperaktif, yaramaz bir \u00e7ocukmu\u015f. D\u00fc\u015fme sonucu, yada at\u0131lan ta\u015f izleri olabilir. \u0130\u00e7erde dizisinde arka plan \u00e7ekimlerinde o yara izlerini g\u00f6rebiliyoruz.<\/p>\n<p><img loading=\"lazy\" decoding=\"async\" class=\"alignnone size-full wp-image-16733\" src=\"http:\/\/balcilar-blog.com\/wp-content\/uploads\/2016\/12\/Ekran-Al\u0131nt\u0131s\u0131\u0130\u00c7ERDE.13.FR_.23.jpg\" alt=\"ekran-alintisiicerde-13-fr-23\" width=\"640\" height=\"421\" srcset=\"https:\/\/balcilar-blog.com\/wp-content\/uploads\/2016\/12\/Ekran-Al\u0131nt\u0131s\u0131\u0130\u00c7ERDE.13.FR_.23.jpg 640w, https:\/\/balcilar-blog.com\/wp-content\/uploads\/2016\/12\/Ekran-Al\u0131nt\u0131s\u0131\u0130\u00c7ERDE.13.FR_.23-300x197.jpg 300w\" sizes=\"auto, (max-width: 640px) 100vw, 640px\" \/><\/p>\n<p>\u00c7ok ki\u015finin dikkatini \u00e7ekmi\u015ftir. \u00c7a\u011fatay Ulusoy&#8217;un sol ka\u015f\u0131 \u00fczerindeki al\u0131nda bir yara izi gibi \u00e7izik var. Bu \u00e7izik berberi \u015e\u00fckr\u00fc Dudu&#8217;nun marifeti&#8230;<\/p>\n<p><img loading=\"lazy\" decoding=\"async\" class=\"alignnone size-full wp-image-16727\" src=\"http:\/\/balcilar-blog.com\/wp-content\/uploads\/2016\/12\/Ekran-Al\u0131nt\u0131s\u0131\u0130\u00c7.U-al\u0131n.jpg\" alt=\"ekran-alintisiic-u-alin\" width=\"602\" height=\"480\" srcset=\"https:\/\/balcilar-blog.com\/wp-content\/uploads\/2016\/12\/Ekran-Al\u0131nt\u0131s\u0131\u0130\u00c7.U-al\u0131n.jpg 602w, https:\/\/balcilar-blog.com\/wp-content\/uploads\/2016\/12\/Ekran-Al\u0131nt\u0131s\u0131\u0130\u00c7.U-al\u0131n-300x239.jpg 300w\" sizes=\"auto, (max-width: 602px) 100vw, 602px\" \/><\/p>\n<p>G\u00fcn\u00fcm\u00fczde gen\u00e7ler ka\u015flar\u0131n\u0131n sa\u011f\u0131na-soluna makasla kestirerek \u00e7izik yapt\u0131r\u0131yor ya&#8230; Sarp karakterine dizinin imaj-maker\u0131 m\u0131, yoksa berberi \u015e\u00fckr\u00fc Dudu&#8217;nun akl\u0131na geldi de yap\u0131ld\u0131 bilemiyorum. Berberi \u015e\u00fckr\u00fc Dudu, \u00c7a\u011fatay&#8217;\u0131n aln\u0131n\u0131n sol taraf\u0131na makasla bu \u00e7izi\u011fi konduruvermi\u015f. Sarp&#8217;a yak\u0131\u015fm\u0131\u015f do\u011frusu, bir hava vermi\u015f.<\/p>\n<p>\u0130\u00e7erde dizisinde Sarp karakterin k\u0131sa sa\u00e7 yeni imaj\u0131 oldu. \u0130\u015fin do\u011frusu \u00c7a\u011fatay&#8217;a k\u0131sa sa\u00e7 yak\u0131\u015ft\u0131. Dizinin devam\u0131 s\u00fcresince Sarp&#8217;\u0131 hep bu haliyle izleyece\u011fiz tahmin ediyorum. \u0130lerleyen b\u00f6l\u00fcmlerde sa\u00e7lar uzat\u0131l\u0131p yeni bir imaj verilir mi bilemem!<\/p>\n<p>Berberi \u015e\u00fckr\u00fc Dudu&#8217;nun s\u00f6yledi\u011fi gibi; \u00c7a\u011fatay&#8217;\u0131n sa\u00e7lar\u0131 \u00e7ok g\u00fczel, onun i\u00e7in istedi\u011fimiz \u015fekli verebiliyoruz. K\u0131sa da yak\u0131\u015f\u0131yor, uzun da yak\u0131\u015f\u0131yor, ne yapsak oluyor, yak\u0131\u015f\u0131kl\u0131 \u00e7ocuk.&#8221;<\/p>\n<p>&#8220;\u0130\u00e7erde&#8221; dizisinde Sarp karakterin yeni imaj\u0131 k\u0131sa sa\u00e7l\u0131 hali oldu. \u0130\u015fin do\u011frusu yak\u0131\u015ft\u0131 da&#8230; \u015eimdi gen\u00e7ler berbere gidip, sa\u00e7lar\u0131n\u0131 \u00c7a\u011fatay Ulusoy modeli 3 numaraya vurduruyorlarm\u0131\u015f. Ne diyelim berberlerimize de yeni i\u015f \u00e7\u0131kt\u0131!<\/p>\n<p>Biz de &#8220;S\u0131hatler olsun&#8221; diyelim.<\/p>\n<p>Sayg\u0131lar ve sevgiler.<\/p>\n<p>Abdurrahman Balc\u0131lar<\/p>\n<p>Twitter:\u00a0<a href=\"https:\/\/twitter.com\/abbalcilar\">abdurrahman balc\u0131lar<\/a><a href=\"https:\/\/twitter.com\/abbalcilar\"><strong>@abbalcilar<\/strong><\/a><\/p>\n<p>Mail :\u00a0<a href=\"mailto:ab.balcilar@hotmail.com\">ab.balcilar@hotmail.com<\/a><\/p>\n<p>Blog:\u00a0<a href=\"http:\/\/t.co\/znqmIZgIqn\">blog.milliyet.com.tr\/cansever<\/a><\/p>\n<p>Blog:\u00a0<strong>balcilar-blog.com<\/strong><\/p>\n<p>&nbsp;<\/p>\n<p>&nbsp;<\/p>\n","protected":false},"excerpt":{"rendered":"<p>\u00c7a\u011fatay Ulusoy dizileri i\u00e7in her fedakarl\u0131\u011f\u0131 yap\u0131yor, imaj de\u011fi\u015ftiriyor. Delibal filmi i\u00e7in uzatt\u0131\u011f\u0131 sa\u00e7lar\u0131n\u0131, &#8220;\u0130\u00e7erde&#8221; dizisi i\u00e7in kestirmi\u015f, \u00fc\u00e7 numaraya vurdurmu\u015ftur. \u0130lk dizisi olan, &#8220;Ad\u0131n\u0131 Feriha Koydum&#8221; dizisinde 2 sezon boyunca \u015fekilden \u015fekile soktu\u011fu \u00e7ok g\u00fczel g\u00fcr sa\u00e7lar\u0131 vard\u0131. Her hafta berberi \u015e\u00fckr\u00fc Dudu&#8217;ya iki kere gider, kestirir, y\u0131kat\u0131r ve \u015fekil verdirirmi\u015f. 4 y\u0131l \u00f6nce [&hellip;]<\/p>\n","protected":false},"author":3,"featured_media":16731,"comment_status":"open","ping_status":"open","sticky":false,"template":"","format":"standard","meta":{"footnotes":""},"categories":[2],"tags":[],"class_list":["post-16726","post","type-post","status-publish","format-standard","has-post-thumbnail","hentry","category-tv-programlari"],"views":4982,"blog_post_layout_featured_media_urls":{"thumbnail":["https:\/\/balcilar-blog.com\/wp-content\/uploads\/2016\/12\/cagatayulusoy2S80Lzb5MUUGjr0is8xAE3Q-150x150.jpg",150,150,true],"full":["https:\/\/balcilar-blog.com\/wp-content\/uploads\/2016\/12\/cagatayulusoy2S80Lzb5MUUGjr0is8xAE3Q.jpg",480,608,false]},"categories_names":{"2":{"name":"TV Programlar\u0131","link":"https:\/\/balcilar-blog.com\/?cat=2"}},"tags_names":[],"comments_number":"0","wpmagazine_modules_lite_featured_media_urls":{"thumbnail":["https:\/\/balcilar-blog.com\/wp-content\/uploads\/2016\/12\/cagatayulusoy2S80Lzb5MUUGjr0is8xAE3Q-150x150.jpg",150,150,true],"cvmm-medium":["https:\/\/balcilar-blog.com\/wp-content\/uploads\/2016\/12\/cagatayulusoy2S80Lzb5MUUGjr0is8xAE3Q.jpg",237,300,false],"cvmm-medium-plus":["https:\/\/balcilar-blog.com\/wp-content\/uploads\/2016\/12\/cagatayulusoy2S80Lzb5MUUGjr0is8xAE3Q.jpg",163,207,false],"cvmm-portrait":["https:\/\/balcilar-blog.com\/wp-content\/uploads\/2016\/12\/cagatayulusoy2S80Lzb5MUUGjr0is8xAE3Q.jpg",400,507,false],"cvmm-medium-square":["https:\/\/balcilar-blog.com\/wp-content\/uploads\/2016\/12\/cagatayulusoy2S80Lzb5MUUGjr0is8xAE3Q.jpg",474,600,false],"cvmm-large":["https:\/\/balcilar-blog.com\/wp-content\/uploads\/2016\/12\/cagatayulusoy2S80Lzb5MUUGjr0is8xAE3Q.jpg",480,608,false],"cvmm-small":["https:\/\/balcilar-blog.com\/wp-content\/uploads\/2016\/12\/cagatayulusoy2S80Lzb5MUUGjr0is8xAE3Q.jpg",75,95,false],"full":["https:\/\/balcilar-blog.com\/wp-content\/uploads\/2016\/12\/cagatayulusoy2S80Lzb5MUUGjr0is8xAE3Q.jpg",480,608,false]},"_links":{"self":[{"href":"https:\/\/balcilar-blog.com\/index.php?rest_route=\/wp\/v2\/posts\/16726","targetHints":{"allow":["GET"]}}],"collection":[{"href":"https:\/\/balcilar-blog.com\/index.php?rest_route=\/wp\/v2\/posts"}],"about":[{"href":"https:\/\/balcilar-blog.com\/index.php?rest_route=\/wp\/v2\/types\/post"}],"author":[{"embeddable":true,"href":"https:\/\/balcilar-blog.com\/index.php?rest_route=\/wp\/v2\/users\/3"}],"replies":[{"embeddable":true,"href":"https:\/\/balcilar-blog.com\/index.php?rest_route=%2Fwp%2Fv2%2Fcomments&post=16726"}],"version-history":[{"count":6,"href":"https:\/\/balcilar-blog.com\/index.php?rest_route=\/wp\/v2\/posts\/16726\/revisions"}],"predecessor-version":[{"id":16738,"href":"https:\/\/balcilar-blog.com\/index.php?rest_route=\/wp\/v2\/posts\/16726\/revisions\/16738"}],"wp:featuredmedia":[{"embeddable":true,"href":"https:\/\/balcilar-blog.com\/index.php?rest_route=\/wp\/v2\/media\/16731"}],"wp:attachment":[{"href":"https:\/\/balcilar-blog.com\/index.php?rest_route=%2Fwp%2Fv2%2Fmedia&parent=16726"}],"wp:term":[{"taxonomy":"category","embeddable":true,"href":"https:\/\/balcilar-blog.com\/index.php?rest_route=%2Fwp%2Fv2%2Fcategories&post=16726"},{"taxonomy":"post_tag","embeddable":true,"href":"https:\/\/balcilar-blog.com\/index.php?rest_route=%2Fwp%2Fv2%2Ftags&post=16726"}],"curies":[{"name":"wp","href":"https:\/\/api.w.org\/{rel}","templated":true}]}}