{"id":16618,"date":"2016-12-05T13:32:30","date_gmt":"2016-12-05T10:32:30","guid":{"rendered":"http:\/\/balcilar-blog.com\/?p=16618"},"modified":"2016-12-05T14:04:18","modified_gmt":"2016-12-05T11:04:18","slug":"gecen-haftanin-27-kasim-04-aralik-2016-en-cok-izlenen-dizileri","status":"publish","type":"post","link":"https:\/\/balcilar-blog.com\/?p=16618","title":{"rendered":"Ge\u00e7en Haftan\u0131n (27 Kas\u0131m &#8211; 04 Aral\u0131k 2016) en \u00e7ok izlenen dizileri!"},"content":{"rendered":"<p><img loading=\"lazy\" decoding=\"async\" class=\"alignnone size-full wp-image-16626\" src=\"http:\/\/balcilar-blog.com\/wp-content\/uploads\/2016\/12\/cats-5-ARALIK.jpg\" alt=\"cats-5-aralik\" width=\"640\" height=\"390\" srcset=\"https:\/\/balcilar-blog.com\/wp-content\/uploads\/2016\/12\/cats-5-ARALIK.jpg 640w, https:\/\/balcilar-blog.com\/wp-content\/uploads\/2016\/12\/cats-5-ARALIK-300x183.jpg 300w\" sizes=\"auto, (max-width: 640px) 100vw, 640px\" \/><\/p>\n<p>TNS \u00f6l\u00e7\u00fcmlerine g\u00f6re haz\u0131rlad\u0131\u011f\u0131m <strong>27 Kas\u0131m &#8211; 04 Aral\u0131k 2016<\/strong> Tarihleri aras\u0131nda ekranlar\u0131m\u0131za gelen, Total\u2019de ve AB\u2019de ilk ona giren, haftan\u0131n dizi karnesini a\u015fa\u011f\u0131da bilgilerinize sunuyorum.<\/p>\n<p><strong>2016 &#8211; 2017 dizi sezonu<\/strong> devam ediyor. Ge\u00e7en Cuma ak\u015fam\u0131 H\u00fcrrem Ba\u011fdat Fatihi IV. Murad, Fox Tv&#8217;de 2.sezonun 3.b\u00f6l\u00fcm\u00fc ekranlar\u0131m\u0131zda geldi. Acaba reytingleri d\u00fczelir mi derken daha da k\u00f6t\u00fc geliyor. AB&#8217;de; 16.s\u0131rada (2,66 &#8211; 6,63). Total&#8217;de; 29.s\u0131rada (2,21 &#8211; 5,12) yer ald\u0131. Dilerim akibeti k\u00f6t\u00fc olmaz.<\/p>\n<p><strong>A\u015fk ve Mavi<\/strong>, <strong>Vatan\u0131m Sensin<\/strong> ve <strong>Cesur ve G\u00fczel<\/strong> dizileri olduk\u00e7a ba\u015far\u0131l\u0131. Be\u011feni ile izleniyor.<\/p>\n<p>G\u00f6sterimdeki haftan\u0131n dizileri: \u0130\u00e7erde, Babam ve Ailesi, K\u0131rg\u0131n \u00c7i\u00e7ekler, Parampar\u00e7a, Hangimiz Sevmedik, R\u00fczgar\u0131n Kalbi, E\u015fk\u0131ya D\u00fcnyaya H\u00fck\u00fcmdar Olmaz, Y\u00fczy\u0131ll\u0131k M\u00fch\u00fcr, Hayat \u015eark\u0131s\u0131, Anne, G\u00fcl\u00fcmse Yeter, Dirili\u015f Ertu\u011frul, No:309, Kara Sevda, Poyraz Karayel, Umuda Kelep\u00e7e Vurulmaz, A\u015fk Laftan Anlamaz, Ad\u0131n\u0131 Sen Koy, Y\u00fcksek Sosyete, Vatan\u0131m Sensin, Cesur ve G\u00fczel, K\u00f6rd\u00fc\u011f\u00fcm, Cesur Y\u00fcrek, Asla Vazge\u00e7mem, Arka Sokaklar, Kiral\u0131k A\u015fk, K\u00f6sem IV.Murad, Bana Sevmeyi Anlat, A\u015fk ve Mavi, Sevda Ku\u015fun Kanad\u0131nda, Kertenkele Yeniden Do\u011fu\u015f, Seksenler, R\u00fczgar\u0131n Kalbi, Alt\u0131nsoylar (6.b\u00f6l\u00fcmde final yapmas\u0131 bekleniyordu, 3 b\u00f6l\u00fcmde bitti.), \u0130li\u015fki Durumu Kar\u0131\u015f\u0131k, Seviyor Sevmiyor, Kalbimdeki Deniz, O Hayat Benim, Bodrum Masal\u0131, Baba Cand\u0131r ve Hayat Sevince G\u00fczel devam eden diziler.<\/p>\n<p>Ba\u015frollerini B\u00fclent \u0130nal ve Ay\u00e7a Bing\u00f6l&#8217;\u00fcn oynad\u0131\u011f\u0131, Babam ve Ailesi severek izliyorum. Ge\u00e7en hafta senaristlerini ele\u015ftirmi\u015f, s\u0131rf iyi reyting almak i\u00e7in bir annenin o\u011fluna yapamayaca\u011f\u0131 \u015feyler yapt\u0131rm\u0131\u015flar, Olmaz olsun b\u00f6yle ana dedirtmi\u015fti. Ancak sa\u00e7mal\u0131klar devam ediyor. Ge\u00e7en b\u00f6l\u00fcmde Mert karde\u015fi Kadir&#8217;e yard\u0131m etmi\u015f, karde\u015fleri Hasret&#8217;i k\u00f6t\u00fc yoldan d\u00f6nd\u00fcrm\u00fc\u015flerdi. Buraya kadar normal. Kadir&#8217;in annesi bir gecekonduya ta\u015f\u0131nm\u0131\u015f, oraya gelen gelen Mert ve eski sevgilisi k\u0131z da dahil olmak \u00fczere evin badanas\u0131na yard\u0131m etmi\u015fler, o gece de o evde kalmalar\u0131 bana hi\u00e7 normal gelmedi. Dizinin konusu biraz inand\u0131r\u0131c\u0131 olmal\u0131. Mert alt\u0131nda arabas\u0131 orada o gece kalmazd\u0131. Bana hi\u00e7 de mant\u0131kl\u0131 gelmedi. Senaristler izleyiciyi enayi yerine koymamal\u0131!<\/p>\n<p>Haftan\u0131n dizilerinde Total&#8217;de ilk s\u0131ras\u0131nda bu hafta da, 11,68 reyting puan\u0131 ile; TRT1&#8217;in Dirili\u015f Ertu\u011frul yer al\u0131yor. Total&#8217;in 10.s\u0131ras\u0131nda da Fox Tv&#8217;nin Kalbimdeki Deniz 6,52 puanla yer al\u0131yor.<\/p>\n<p>AB&#8217;nin ilk s\u0131ras\u0131nda TRT1&#8217;nin tarihi dizisi Dirili\u015f Ertu\u011frul 14,16 reyting puan\u0131 ile zirvede yer almaya devam ediyor. AB&#8217;nin 10.s\u0131ras\u0131nda ise, Star Tv&#8217;nin Kiral\u0131k A\u015fk 5,39 puanla yer al\u0131yor.<\/p>\n<p>Y\u00fcksek Sosyete takip etti\u011fim, severek izledi\u011fim dizilerden biri. Yeni g\u00fcn\u00fcnde, k\u00f6t\u00fc gidi\u015fat devam ediyor. Bu hafta da ge\u00e7en haftadan daha a\u015fa\u011f\u0131lara, reytinglerde olduk\u00e7a gerilere d\u00fc\u015ft\u00fc. Total&#8217;de 22.s\u0131rada ve AB&#8217;de 11.s\u0131rada yer ald\u0131. Dilerim kanal erken final karar\u0131 almaz.<\/p>\n<p><strong>Reyting Nedir?<\/strong><\/p>\n<p>Reyting, izleyici tercihlerine g\u00f6re ortaya \u00e7\u0131kan izlenme pay\u0131n\u0131n kanallara ve programlara payla\u015ft\u0131r\u0131lmas\u0131 ile olu\u015fan de\u011ferlendirmedir. Reyting de\u011ferlendirmesi kanallar ve reklam \u015firketleri ad\u0131na TNS taraf\u0131ndan ger\u00e7ekle\u015ftirilir. \u00d6l\u00e7me i\u015flemi yakla\u015f\u0131k 2200 haneye yerle\u015ftirilen ve gizli tutulan reyting \u00f6l\u00e7me cihazlar\u0131 ile elde edilir. Reyting sonu\u00e7lar\u0131, t\u00fcm g\u00fcn boyunca izlenen programlar\u0131n listelenmesine imkan verir.<\/p>\n<p><strong>\u00d6l\u00e7\u00fcmler nas\u0131l yap\u0131l\u0131yor ?<\/strong><\/p>\n<p>Ba\u011f\u0131ms\u0131z kurulu\u015f taraf\u0131ndan hesaplanan sonu\u00e7lar 3 kategoride hesaplan\u0131yor AB, Total ve ABC1 kategorileri sonu\u00e7lar\u0131nda share ve rating s\u0131ral\u0131 olarak 100 Tv program\u0131 g\u00fcnl\u00fck olarak payla\u015f\u0131l\u0131yor reklam verenler ve yap\u0131mc\u0131lar i\u00e7in \u00f6nemli yere sahip olan sonu\u00e7lar denek tv&#8217;lerde ki \u00f6l\u00e7\u00fcm cihazlar\u0131 vas\u0131tas\u0131yla istatistiki bilgileri al\u0131n\u0131yor.<\/p>\n<p>Bu hafta en \u00e7ok izlenen ilk ona giren dizlere g\u00f6z atal\u0131m. Bu s\u0131ralama sadece dizilerin reytingler y\u00fczdesine g\u00f6re en \u00e7ok izlenen dizilerin ilk 10\u2019da yer alanlar\u0131n\u0131 s\u0131ralamaya koyuyorum. Yar\u0131\u015fma, e\u011flence ve haber programlar\u0131 y\u00fczdeleri y\u00fcksek olsa da bu s\u0131ralamaya koymuyorum. Bu sadece dizilerin yar\u0131\u015f\u0131d\u0131r, en \u00e7ok izlenen dizilerin s\u0131ralamas\u0131d\u0131r. Bir nevi dizilerin karnesidir.<\/p>\n<p>&nbsp;<\/p>\n<p><strong>Ge\u00e7en Haftan\u0131n En \u00c7ok \u0130zlenen Dizileri:<\/strong><\/p>\n<p><strong>Total ilk 10 :<\/strong><\/p>\n<p>1.Dirili\u015f Ertu\u011frul 67.B\u00f6l\u00fcm (TRT1)&#8230;&#8230;&#8230;&#8230;&#8230;&#8230;&#8230;&#8230;&#8230;&#8230;.11,68 &#8211; 25,10<\/p>\n<p>2.Anne 6.B\u00f6l\u00fcm (Star Tv)&#8230;&#8230;&#8230;&#8230;&#8230;&#8230;&#8230;&#8230;&#8230;&#8230;&#8230;&#8230;&#8230;&#8230;&#8230;.10,81 &#8211; 24,19<\/p>\n<p>3.\u0130\u00e7erde 11.B\u00f6l\u00fcm (Show Tv)&#8230;&#8230;&#8230;&#8230;&#8230;&#8230;&#8230;&#8230;&#8230;&#8230;&#8230;&#8230;&#8230;&#8230;9,65 &#8211; 22,11<\/p>\n<p>4.E\u015fk\u0131ya D\u00fcnyaya H\u00fck\u00fcmdar Olmaz 49.B\u00f6l\u00fcm (Atv)&#8230;9,32 &#8211; 21,84<\/p>\n<p>5.A\u015fk ve Mavi 5.B\u00f6l\u00fcm (Atv)&#8230;&#8230;&#8230;&#8230;&#8230;&#8230;&#8230;&#8230;&#8230;&#8230;&#8230;&#8230;&#8230;&#8230;.8,71 &#8211; 20,53<\/p>\n<p>6.Arka Sokaklar 419.B\u00f6l\u00fcm (Kanal D)&#8230;&#8230;&#8230;&#8230;&#8230;&#8230;&#8230;&#8230;&#8230;.8,17 &#8211; 18,81<\/p>\n<p>7.K\u0131rg\u0131n \u00c7i\u00e7ekler 61.B\u00f6l\u00fcm (Atv)&#8230;&#8230;&#8230;&#8230;&#8230;&#8230;&#8230;&#8230;&#8230;&#8230;&#8230;&#8230;.7,66 &#8211; 17,10<\/p>\n<p>8.No:309 23.B\u00f6l\u00fcm (Fox Tv)&#8230;&#8230;&#8230;&#8230;&#8230;&#8230;&#8230;&#8230;&#8230;&#8230;&#8230;&#8230;&#8230;&#8230;.7,20 &#8211; 16,12<\/p>\n<p>9.Vatan\u0131m Sensin 6.B\u00f6l\u00fcm (Kanal D)&#8230;&#8230;&#8230;&#8230;&#8230;&#8230;&#8230;&#8230;&#8230;..6,76 &#8211; 15,55<\/p>\n<p>10.Kalbimdeki Deniz 7.B\u00f6l\u00fcm (Fox Tv)&#8230;&#8230;&#8230;&#8230;&#8230;&#8230;&#8230;&#8230;..6,52 &#8211; 15,59<\/p>\n<p>&nbsp;<\/p>\n<p><strong>AB\u2019de ilk 10 :<\/strong><\/p>\n<p>1.Dirili\u015f Ertu\u011frul 67.B\u00f6l\u00fcm (TRT1)&#8230;&#8230;&#8230;&#8230;&#8230;&#8230;&#8230;&#8230;&#8230;&#8230;.14,16 &#8211; 31,71<\/p>\n<p>2.\u0130\u00e7erde 11.B\u00f6l\u00fcm (Show Tv)&#8230;&#8230;&#8230;&#8230;&#8230;&#8230;&#8230;&#8230;&#8230;&#8230;&#8230;&#8230;&#8230;..11,32 &#8211; 27,58<\/p>\n<p>3.Anne 6.B\u00f6l\u00fcm (Star Tv)&#8230;&#8230;&#8230;&#8230;&#8230;&#8230;&#8230;&#8230;&#8230;&#8230;&#8230;&#8230;&#8230;&#8230;&#8230;.10,96 &#8211; 25,56<\/p>\n<p>4.Vatan\u0131m Sensin 6.B\u00f6l\u00fcm (Kanal D)&#8230;&#8230;&#8230;&#8230;&#8230;&#8230;&#8230;&#8230;&#8230;..9,71 &#8211; 23,17<\/p>\n<p>5.E\u015fk\u0131ya D\u00fcnyaya H\u00fck\u00fcmdar Olmaz 46.B\u00f6l\u00fcm (Atv)&#8230;.9,27 &#8211; 22,38<\/p>\n<p>6.Cesur ve G\u00fczel 4.B\u00f6l\u00fcm (Star Tv)&#8230;&#8230;&#8230;&#8230;&#8230;&#8230;&#8230;&#8230;&#8230;&#8230;..8,76 &#8211; 21,13<\/p>\n<p>7.Kalbimdeki Deniz 7.B\u00f6l\u00fcm (Fox Tv)&#8230;&#8230;&#8230;&#8230;&#8230;&#8230;&#8230;&#8230;&#8230;.6,89 &#8211; 16,68<\/p>\n<p>8.Kara Sevda 46.B\u00f6l\u00fcm (Star Tv)&#8230;&#8230;&#8230;&#8230;&#8230;&#8230;&#8230;&#8230;&#8230;&#8230;&#8230;..6,03 &#8211; 13,62<\/p>\n<p>9.No:309 23.B\u00f6l\u00fcm (Fox Tv)&#8230;&#8230;&#8230;&#8230;&#8230;&#8230;&#8230;&#8230;&#8230;&#8230;&#8230;&#8230;&#8230;..5,89 &#8211; 13,74<\/p>\n<p>10.Kiral\u0131k A\u015fk 63.B\u00f6l\u00fcm (Star Tv)&#8230;&#8230;&#8230;&#8230;&#8230;&#8230;&#8230;&#8230;&#8230;&#8230;&#8230;5,39 &#8211; 13,26<\/p>\n<p>&nbsp;<\/p>\n<p><strong>TOTAL ve AB Grubunda reytingleri en y\u00fcksek olan Haftan\u0131n ilk 5 s\u0131ralamas\u0131 :<\/strong><\/p>\n<p><strong>1.D\u0130R\u0130L\u0130\u015e ERTU\u011eRUL<\/strong> : TRT1&#8217;in tarihi dizisi &#8220;Dirili\u015f Ertu\u011frul&#8221; 67.b\u00f6l\u00fcm\u00fc ile bu hafta AB&#8217;de ald\u0131\u011f\u0131 14,16 reyting puan\u0131 ile bu hafta da, ilk be\u015fin birinci s\u0131rada yer almaya devam ediyor.<\/p>\n<p><img loading=\"lazy\" decoding=\"async\" class=\"alignnone size-full wp-image-16623\" src=\"http:\/\/balcilar-blog.com\/wp-content\/uploads\/2016\/12\/dirilis-ertugrul-67bolum-fotograflari-39cea.png\" alt=\"dirilis-ertugrul-67bolum-fotograflari-39cea\" width=\"640\" height=\"387\" srcset=\"https:\/\/balcilar-blog.com\/wp-content\/uploads\/2016\/12\/dirilis-ertugrul-67bolum-fotograflari-39cea.png 640w, https:\/\/balcilar-blog.com\/wp-content\/uploads\/2016\/12\/dirilis-ertugrul-67bolum-fotograflari-39cea-300x181.png 300w\" sizes=\"auto, (max-width: 640px) 100vw, 640px\" \/><\/p>\n<p><strong>Bu Cihanda Yi\u011fide Dertsiz G\u00fcn Olmaz \u0130mi\u015f\u2026<\/strong><br \/>\nYa\u015fanan bask\u0131n\u0131n ard\u0131ndan olay yerine gelen Ertu\u011frul Bey, o\u011flu G\u00fcnd\u00fcz\u2019\u00fc a\u011f\u0131r yaral\u0131 olarak bulmu\u015ftur. Yedi\u011fi ok sonucunda yaralanan G\u00fcnd\u00fcz\u2019\u00fcn ak\u0131beti ne olacak? Bir yanda G\u00fcnd\u00fcz\u2019\u00fcn ac\u0131s\u0131, di\u011fer yanda Halime ve Asl\u0131han\u2019\u0131n e\u015fk\u0131yan\u0131n elinde olmas\u0131 Ertu\u011frul Bey\u2019in hangi zor ve tehlikeli ad\u0131mlar\u0131 atmas\u0131na vesile olacak?<\/p>\n<p><strong>B\u00fcy\u00fck G\u00f6revler, B\u00fcy\u00fck Bedelleri Gerektirir\u2026<\/strong><br \/>\nSimon ve Sel\u00e7uklu Saray\u0131ndaki casusun gizli g\u00f6r\u00fc\u015fmesini izleyen Kay\u0131 alplar\u0131 Philip ve adamlar\u0131n\u0131n pususuna d\u00fc\u015fm\u00fc\u015flerdir. Alplar bu pusudan kurtulmaya \u00e7al\u0131\u015f\u0131rken hangi bedeli \u00f6deyeceklerdir? \u00d6te yandan gizli g\u00f6r\u00fc\u015fmenin takip edilmesini fark eden sadettin K\u00f6pek, Simon\u2019un bu zafiyeti kar\u015f\u0131s\u0131nda ne yapacak?<\/p>\n<p><strong>Hain \u0130\u00e7erdeyse Kap\u0131 Kilit Tutmaz Derler\u2026<\/strong><br \/>\nUral\u2019\u0131n kurdu\u011fu plan\u0131n i\u015flemeye ba\u015flamas\u0131yla Halime ve Asl\u0131han, e\u015fk\u0131yan\u0131n eline esir d\u00fc\u015fm\u00fc\u015ft\u00fcr. Bu geli\u015fme kar\u015f\u0131s\u0131nda Candar Bey ve \u00c7avdaro\u011flu Obas\u0131n\u0131n ataca\u011f\u0131 ad\u0131m ne olacak? Ural ise kendini bu i\u015ften nas\u0131l s\u0131y\u0131racak?<br \/>\n<img loading=\"lazy\" decoding=\"async\" class=\"alignnone size-full wp-image-16628\" src=\"http:\/\/balcilar-blog.com\/wp-content\/uploads\/2016\/12\/dirilis-ertugrul-67-bolum-.jpg\" alt=\"dirilis-ertugrul-67-bolum\" width=\"640\" height=\"361\" srcset=\"https:\/\/balcilar-blog.com\/wp-content\/uploads\/2016\/12\/dirilis-ertugrul-67-bolum-.jpg 640w, https:\/\/balcilar-blog.com\/wp-content\/uploads\/2016\/12\/dirilis-ertugrul-67-bolum--300x169.jpg 300w\" sizes=\"auto, (max-width: 640px) 100vw, 640px\" \/><\/p>\n<p><strong>Yi\u011fit Olan\u0131n D\u00fc\u015fman\u0131 Bir Tane Olmaz\u2026<\/strong><br \/>\nE\u015fk\u0131yalar\u0131n bask\u0131n haberini Petrus\u2019tan \u00f6\u011frenen Simon ise bu geli\u015fmeyi kendi \u00e7\u0131kar\u0131 i\u00e7in nas\u0131l kullanacak? Simon, gizli bulu\u015fman\u0131n ortaya \u00e7\u0131kmas\u0131n\u0131n ard\u0131ndan Sadettin K\u00f6pek kar\u015f\u0131s\u0131nda zor duruma d\u00fc\u015fm\u00fc\u015ft\u00fcr. Hangi ad\u0131m\u0131 atarak bu zafiyetini giderecek? Bunun yan\u0131nda ta en ba\u015ftan beri Kay\u0131lar\u0131 ve \u00c7avdarlar\u0131 birbirine k\u0131rd\u0131rmaya \u00e7al\u0131\u015fan Simon\u2019un, bu amac\u0131n\u0131 ger\u00e7ekle\u015ftirme u\u011fruna yapaca\u011f\u0131 b\u00fcy\u00fck hamle ne olacak?<br \/>\n<strong>2.\u0130\u00c7ERDE<\/strong> : Show Tv&#8217;nin fenomen dizisi olan \u0130\u00e7erde Pazartesi gecesinin reyting rekortmeni olarak yay\u0131n\u0131n\u0131 s\u00fcrd\u00fcr\u00fcyor. AB Grubunda 11.b\u00f6l\u00fcm\u00fcnde ald\u0131\u011f\u0131 11,32 puanla haftan\u0131n dizileri aras\u0131nda bu hafta da, 2.s\u0131rada yer ald\u0131. Sarp (\u00c7a\u011fatay Ulusoy), d\u00f6rt ya\u015f\u0131nda ka\u00e7\u0131r\u0131lan \u00f6ld\u00fc denilen karde\u015fi Umut&#8217;u (Aras Bulut \u0130ynemli) arama hikayesi ele al\u0131n\u0131yor. Kaderin cilvesi her ikisi de polis kolejinde karde\u015f olduklar\u0131n\u0131 bilmeden birlikte okuyor, polis oluyorlar. Mert i\u00e7erde polis ama mafya babas\u0131 Celal&#8217;e \u00e7al\u0131\u015f\u0131yor. A\u011fabey Sarp d\u0131\u015far\u0131da, k\u00f6fteci Celal&#8217;in sa\u011f kolu g\u00f6z\u00fckse de gizli polis, m\u00fcd\u00fcr\u00fc Yusuf&#8217;a \u00e7al\u0131\u015f\u0131yor. Sarp, Celal&#8217;in itimad\u0131n\u0131 iyici kazand\u0131 ve onun sa\u011f kolu olarak g\u00f6z\u00fck\u00fcyor.<\/p>\n<p><img loading=\"lazy\" decoding=\"async\" class=\"alignnone size-full wp-image-16601\" src=\"http:\/\/balcilar-blog.com\/wp-content\/uploads\/2016\/12\/CyrR8pyWQAAO0nh.jpg\" alt=\"cyrr8pywqaao0nh\" width=\"640\" height=\"403\" srcset=\"https:\/\/balcilar-blog.com\/wp-content\/uploads\/2016\/12\/CyrR8pyWQAAO0nh.jpg 640w, https:\/\/balcilar-blog.com\/wp-content\/uploads\/2016\/12\/CyrR8pyWQAAO0nh-300x189.jpg 300w\" sizes=\"auto, (max-width: 640px) 100vw, 640px\" \/><\/p>\n<p>\u201c\u0130\u00e7erde\u201dnin 11. b\u00f6l\u00fcm\u00fcnde; Alyanak, Celal\u2019in adamlar\u0131na g\u00f6r\u00fcnmeden ka\u00e7may\u0131 ba\u015far\u0131r. \u015eimdi hayatta kalabilmek i\u00e7in plan yapmak zorundad\u0131r. Yusuf ve ekibi K\u00f6stenceli\u2019nin \u00f6ld\u00fcr\u00fcld\u00fc\u011f\u00fcn\u00fc \u00f6\u011frenirler fakat Celal aleyhine herhangi bir ipucu bulamam\u0131\u015flard\u0131r. Art\u0131k hem Yusuf ve ekibi, g\u00f6rg\u00fc tan\u0131\u011f\u0131 olarak hem de Celal\u2019in adamlar\u0131 hain olarak Alyanak\u2019\u0131n pe\u015findedir. Y\u00fcz\u00fckl\u00fc adam Co\u015fkun tekrar ortaya \u00e7\u0131kar. Eylem \u00fczerinden Celal\u2019e tuzak haz\u0131rl\u0131\u011f\u0131 i\u00e7indedir.<\/p>\n<p><img loading=\"lazy\" decoding=\"async\" class=\"alignnone size-full wp-image-16543\" src=\"http:\/\/balcilar-blog.com\/wp-content\/uploads\/2016\/11\/CyXqmcZXEAES8hX.jpg\" alt=\"cyxqmczxeaes8hx\" width=\"640\" height=\"360\" srcset=\"https:\/\/balcilar-blog.com\/wp-content\/uploads\/2016\/11\/CyXqmcZXEAES8hX.jpg 640w, https:\/\/balcilar-blog.com\/wp-content\/uploads\/2016\/11\/CyXqmcZXEAES8hX-300x169.jpg 300w\" sizes=\"auto, (max-width: 640px) 100vw, 640px\" \/><\/p>\n<p>Eylem durumu Mert\u2019e anlat\u0131r. Mert bir yandan F\u00fcsun i\u00e7in Umut\u2019u ararken di\u011fer yandan Co\u015fkun&#8217;un hayatta oldu\u011funu \u00f6\u011frenir. Yusuf, Necip Uyan\u0131k k\u0131l\u0131\u011f\u0131nda Sarp ile tekrar ileti\u015fime ge\u00e7er. Birbirinden haberdar olmayan iki karde\u015fin yolu hi\u00e7 ummad\u0131klar\u0131 bir yerde kesi\u015fir.<\/p>\n<p>&nbsp;<\/p>\n<p><strong>3.ANNE<\/strong> : Star Tv&#8217;nin drama dizisi Anne bu hafta 6.b\u00f6l\u00fcm\u00fcnde Sal\u0131 ak\u015famlar\u0131 her iki kategoride birincisi olmaya devam ediyor. AB&#8217;de ald\u0131\u011f\u0131 10,96 puanla bu hafta 3.s\u0131rada yer al\u0131yor.<\/p>\n<p><img loading=\"lazy\" decoding=\"async\" class=\"alignnone size-full wp-image-16621\" src=\"http:\/\/balcilar-blog.com\/wp-content\/uploads\/2016\/12\/71228-anne.jpg\" alt=\"71228-anne\" width=\"640\" height=\"426\" srcset=\"https:\/\/balcilar-blog.com\/wp-content\/uploads\/2016\/12\/71228-anne.jpg 640w, https:\/\/balcilar-blog.com\/wp-content\/uploads\/2016\/12\/71228-anne-300x200.jpg 300w\" sizes=\"auto, (max-width: 640px) 100vw, 640px\" \/><\/p>\n<p>\u015eule, ad\u0131m ad\u0131m Zeynep ve Turna\u2019ya yakla\u015f\u0131r. Zeynep, korku i\u00e7indeki Turna\u2019y\u0131 korumaya \u00e7al\u0131\u015f\u0131rken, kendini hastaneye kald\u0131r\u0131lan G\u00f6n\u00fcl\u2019\u00fcn yan\u0131nda bulur. \u015eule, son \u00e7are olarak Ali\u2019den yard\u0131m ister. Ali, onu y\u00fczle\u015fmekten korktu\u011fu ger\u00e7eklerle kar\u015f\u0131 kar\u015f\u0131ya getirince, \u015eule Zeynep\u2019e daha da bilenir. G\u00f6n\u00fcl, hastal\u0131\u011f\u0131n\u0131 yok say\u0131p hastaneden \u00e7\u0131kmaya \u00e7al\u0131\u015f\u0131rken, Zeynep ve Turna\u2019n\u0131n sayesinde hayat\u0131n\u0131n en g\u00fczel g\u00fcn\u00fcn\u00fc ya\u015far. \u015eule sonunda k\u0131z\u0131n\u0131n izini bulur. Turna ile y\u00fcz y\u00fcze gelen \u015eule\u2019nin, ge\u00e7mi\u015fi hakk\u0131nda kimsenin bilmedi\u011fi ger\u00e7ekler ortaya \u00e7\u0131kar. Y\u0131llarca \u015eule\u2019nin yan\u0131nda Melek olarak ya\u015fayan, yeni hayat\u0131nda Zeynep\u2019le Turna olmay\u0131 seven k\u00fc\u00e7\u00fck k\u0131z i\u00e7in karar zaman\u0131d\u0131r. \u015eule ile Zeynep aras\u0131nda kalan k\u00fc\u00e7\u00fck k\u0131z\u0131n se\u00e7imi herkesi etkileyecektir.<\/p>\n<p>&nbsp;<\/p>\n<p><strong>4.VATANIM SENS\u0130N<\/strong> : <strong>Halit Ergen\u00e7<\/strong>&#8216;in Vatan\u0131m Sensin dizisi Milli M\u00fccadele y\u0131llar\u0131 anlat\u0131lmaya devam ediyor. 6.B\u00f6l\u00fcm\u00fcnde AB&#8217;de ald\u0131\u011f\u0131 9.71 reyting puan\u0131 ile 4.s\u0131rada yer al\u0131yor.<\/p>\n<p><img loading=\"lazy\" decoding=\"async\" class=\"size-full wp-image-16627\" src=\"http:\/\/balcilar-blog.com\/wp-content\/uploads\/2016\/12\/vatanim-sensin-cevdet-642x320.jpg\" alt=\"CREATOR: gd-jpeg v1.0 (using IJG JPEG v62), quality = 82\" width=\"640\" height=\"352\" srcset=\"https:\/\/balcilar-blog.com\/wp-content\/uploads\/2016\/12\/vatanim-sensin-cevdet-642x320.jpg 640w, https:\/\/balcilar-blog.com\/wp-content\/uploads\/2016\/12\/vatanim-sensin-cevdet-642x320-300x165.jpg 300w\" sizes=\"auto, (max-width: 640px) 100vw, 640px\" \/><\/p>\n<p><strong>Vatan\u0131m Sensin 6. B\u00f6l\u00fcm&#8217;de; Cevdet tuza\u011fa d\u00fc\u015f\u00fcyor;<\/strong><\/p>\n<p>Tevfik&#8217;in oyunuyla tuza\u011fa d\u00fc\u015fen Cevdet, \u00f6l\u00fcmle y\u00fcz y\u00fczedir. Azize ise bir veda bile etmeden \u00e7ekip giden o\u011flu Ali Kemal i\u00e7in endi\u015felenmektedir. \u00c7ocuklar\u0131na sahip \u00e7\u0131kmaya \u00e7al\u0131\u015fan Azize, Y\u0131ld\u0131z&#8217;\u0131 Leon&#8217;dan sak\u0131nmak i\u00e7in g\u00f6r\u00fcc\u00fcye \u00e7\u0131kar\u0131r. Y\u0131ld\u0131z&#8217;\u0131n talibi ise herkes i\u00e7in b\u00fcy\u00fck s\u00fcrpriz olacakt\u0131r. Hastanedeki intihar vakas\u0131ndan sonra sars\u0131lan Hilal, kendini tehlikeye atacak bir plan yapar. Cevdet vazifedeyken konakta da gerilim t\u0131rmanmaktad\u0131r. Cevdet, hem kendi can\u0131n\u0131 kurtarmak hem de kendisini pusuya d\u00fc\u015f\u00fcreni \u00f6\u011frenmek i\u00e7in \u00d6lmez Hasan&#8217;a bir teklifte bulunur. Vazifeden d\u00f6nmeyen Cevdet ve birli\u011fine dair gelen haber t\u00fcm aileyi derinden sarsar.<\/p>\n<p>&nbsp;<\/p>\n<p><strong>5.E\u015eKIYA D\u00dcNYAYA H\u00dcK\u00dcMDAR OLMAZ<\/strong> : Oktay Kaynarca&#8217;n\u0131n Atv&#8217;deki iddial\u0131 dizisi bu hafta 49.b\u00f6l\u00fcm\u00fcnde Total&#8217;de ald\u0131\u011f\u0131 9,32 reyting puan\u0131 ile 5.s\u0131raya yer al\u0131yor.<\/p>\n<p><img loading=\"lazy\" decoding=\"async\" class=\"alignnone size-full wp-image-16620\" src=\"http:\/\/balcilar-blog.com\/wp-content\/uploads\/2016\/12\/1_d-er\u015fk\u0131ya-49..jpg\" alt=\"1_d-erskiya-49\" width=\"612\" height=\"387\" srcset=\"https:\/\/balcilar-blog.com\/wp-content\/uploads\/2016\/12\/1_d-er\u015fk\u0131ya-49..jpg 612w, https:\/\/balcilar-blog.com\/wp-content\/uploads\/2016\/12\/1_d-er\u015fk\u0131ya-49.-300x190.jpg 300w\" sizes=\"auto, (max-width: 612px) 100vw, 612px\" \/><\/p>\n<p>Davut&#8217;un masan\u0131n \u00fcyeleriyle ilgili karar\u0131n\u0131 etkileyen s\u0131r, \u00c7ak\u0131rbeyli ailesi \u00fczerinde bomba etkisi yaratacakt\u0131r. Herkesin k\u0131sa s\u00fcrede sal\u0131nmas\u0131n\u0131 Davut&#8217;un verdi\u011fi \u015fahsi kararlara ba\u011flayan Nevzat onunla bir pazarl\u0131k yapma pe\u015finde olan \u00dcnal&#8217;la bir araya gelir. Masadakiler ise bu kadar \u00e7abuk kurtulabilmelerini Alparslan&#8217;\u0131n g\u00fcc\u00fcyle ili\u015fkilendirirler. Sorgulamalar sonras\u0131nda oklar \u00d6zer&#8217;in \u00fczerine d\u00f6nm\u00fc\u015ft\u00fcr.H\u0131z\u0131r ortal\u0131k durulana kadar masay\u0131 bir araya getirmek istemez.Babalar\u0131 Salih&#8217;in iste\u011fiyle bir s\u00fcre ortal\u0131kta g\u00f6r\u00fcnmeme karar\u0131 alan G\u00fclmez karde\u015fler ise H\u0131z\u0131r ve \u0130lyas&#8217;\u0131n gazab\u0131ndan kurtulamayacaklard\u0131r. Ceylan, Hayriye Ana&#8217;ya anlatt\u0131klar\u0131n\u0131 bir an \u00f6nce H\u0131z\u0131r&#8217;la da payla\u015fmak istemektedir. Di\u011fer yandan Zeyno&#8217;nun evlenme karar\u0131yla ilgili H\u0131z\u0131r&#8217;\u0131n tavr\u0131 Meryem&#8217;i \u00e7ok k\u0131zd\u0131racakt\u0131r.<\/p>\n<p>&nbsp;<\/p>\n<p><strong>Her iki kategorinin ilk on&#8217;da yer alan dizileri :<\/strong><\/p>\n<p>\u0130\u00e7erde, Anne, E\u015fk\u0131ya D\u00fcnyaya H\u00fck\u00fcmdar Olmaz, Dirili\u015f Ertu\u011frul, No:309, Vatan\u0131m Sensin ve Kalbimdeki Deniz her iki grupta yer alan diziler olmu\u015ftur.<\/p>\n<p>&nbsp;<\/p>\n<p><strong>Kanallara g\u00f6re s\u0131ralamaya g\u00f6z atarsak :<\/strong><\/p>\n<p><strong>Total grubunda<\/strong>: Atv 3 dizi. Kanal D ve Fox Tv 2 dizi. TRT1, Show Tv ve Star Tv birer dizi ile yer ald\u0131lar.<\/p>\n<p><strong>AB\u2019de ilk onda<\/strong>: Star Tv 4 dizi. Fox 2 dizi. TRT1, Show Tv, Kanal D ve Atv birer dizi ile yer alm\u0131\u015ft\u0131r.<\/p>\n<p><strong>Bu haftan\u0131n kanal\u0131<\/strong>; AB&#8217;de 4, Total&#8217;de 1 Dizi ile <strong>Star Tv<\/strong> ilk s\u0131rada yer ald\u0131. Fox; Total&#8217;de 2, AB&#8217;de 2 dizi ile Atv Total&#8217;de 3 ve AB&#8217;de 1 dizi ile 2.s\u0131rada yer alm\u0131\u015ft\u0131r.<\/p>\n<p><img loading=\"lazy\" decoding=\"async\" class=\"alignnone size-full wp-image-16625\" src=\"http:\/\/balcilar-blog.com\/wp-content\/uploads\/2016\/12\/m\u00fcebbet-dizisi.png\" alt=\"muebbet-dizisi\" width=\"640\" height=\"337\" srcset=\"https:\/\/balcilar-blog.com\/wp-content\/uploads\/2016\/12\/m\u00fcebbet-dizisi.png 640w, https:\/\/balcilar-blog.com\/wp-content\/uploads\/2016\/12\/m\u00fcebbet-dizisi-300x158.png 300w\" sizes=\"auto, (max-width: 640px) 100vw, 640px\" \/><\/p>\n<p>Engin Aky\u00fcrek, Fahriye Evcen ve Sarp Levendo\u011flu&#8217;nun &#8220;M\u00fcebbet&#8221; adl\u0131 yeni dizinin ad\u0131 de\u011fi\u015ftirildi. Dizinin yeni ad\u0131 &#8220;\u00d6lene Kadar&#8221; oldu. Beykoz Kundra fabrikas\u0131nda hapishane \u00e7ekimleri ile ba\u015flam\u0131\u015f. \u00dczerine kurulan kirli bir oyunla haks\u0131z yere hapse giren bir adamla, idealist bir avukat\u0131n m\u00fcebbet a\u015fk\u0131 anlat\u0131l\u0131yor. Atv&#8217;de Ocak ay\u0131nda ekranlara gelmesi bekleniyor.<\/p>\n<p><img loading=\"lazy\" decoding=\"async\" class=\"alignnone size-full wp-image-16619\" src=\"http:\/\/balcilar-blog.com\/wp-content\/uploads\/2016\/12\/serenay-sari-2133.jpg\" alt=\"serenay-sari-2133\" width=\"640\" height=\"410\" srcset=\"https:\/\/balcilar-blog.com\/wp-content\/uploads\/2016\/12\/serenay-sari-2133.jpg 640w, https:\/\/balcilar-blog.com\/wp-content\/uploads\/2016\/12\/serenay-sari-2133-300x192.jpg 300w\" sizes=\"auto, (max-width: 640px) 100vw, 640px\" \/><\/p>\n<p><strong>Serenay Sar\u0131kaya<\/strong> nihayet yeni bir diziye ba\u015fl\u0131yor. T\u00fcrkiye&#8217;de son y\u0131llar\u0131n en \u00e7ok satan roman \u00fc\u00e7lemelerinden olan Fi \u00c7i P\u0130 dizi olarak ekranlara geliyor. Do\u011fu\u015f yay\u0131n grubunun online dizi izleme platformu &#8220;PuHu&#8221;nun lansman projesi olarak se\u00e7ilen kitab\u0131n dizi uyarlamas\u0131nda Serenay Sar\u0131kaya ve <strong>Mehmet G\u00fcns\u00fcr<\/strong> ba\u015frolleri payla\u015facakm\u0131\u015f. Mehmet G\u00fcns\u00fcr \u00fcnl\u00fc bir psikolo\u011fu, Serenay Sar\u0131kaya&#8217;da bir dans\u00e7\u0131 karakterini canland\u0131racak. \u0130kilinin aras\u0131ndaki tutku ve ihtiras dolu ili\u015fki dizide i\u015flenecekmi\u015f. Dizinin Star Tv&#8217;de yay\u0131nlanaca\u011f\u0131 s\u00f6ylenir. Zaman konusunda netlik yok.<\/p>\n<p>Sayg\u0131lar ve sevgiler.<\/p>\n<p>Abdurrahman Balc\u0131lar<\/p>\n<p>Twitter:\u00a0<a href=\"https:\/\/twitter.com\/abbalcilar\">abdurrahman balc\u0131lar<\/a><a href=\"https:\/\/twitter.com\/abbalcilar\"><strong>@abbalcilar<\/strong><\/a><\/p>\n<p>Mail :\u00a0<a href=\"mailto:ab.balcilar@hotmail.com\">ab.balcilar@hotmail.com<\/a><\/p>\n<p>Blog:\u00a0<a href=\"http:\/\/t.co\/znqmIZgIqn\">blog.milliyet.com.tr\/cansever<\/a><\/p>\n<p>Blog:\u00a0<strong>balcilar-blog.com<\/strong><\/p>\n<p>Not: G\u00f6rseller ve dizi \u00f6zetleri ilgili kanallar\u0131n dizi ana sayfalar\u0131ndan al\u0131nm\u0131\u015ft\u0131r. S\u0131ralamalar dizi reytinglerine g\u00f6re yap\u0131lm\u0131\u015ft\u0131r.<\/p>\n","protected":false},"excerpt":{"rendered":"<p>TNS \u00f6l\u00e7\u00fcmlerine g\u00f6re haz\u0131rlad\u0131\u011f\u0131m 27 Kas\u0131m &#8211; 04 Aral\u0131k 2016 Tarihleri aras\u0131nda ekranlar\u0131m\u0131za gelen, Total\u2019de ve AB\u2019de ilk ona giren, haftan\u0131n dizi karnesini a\u015fa\u011f\u0131da bilgilerinize sunuyorum. 2016 &#8211; 2017 dizi sezonu devam ediyor. Ge\u00e7en Cuma ak\u015fam\u0131 H\u00fcrrem Ba\u011fdat Fatihi IV. Murad, Fox Tv&#8217;de 2.sezonun 3.b\u00f6l\u00fcm\u00fc ekranlar\u0131m\u0131zda geldi. Acaba reytingleri d\u00fczelir mi derken daha da k\u00f6t\u00fc [&hellip;]<\/p>\n","protected":false},"author":3,"featured_media":16626,"comment_status":"open","ping_status":"open","sticky":false,"template":"","format":"standard","meta":{"footnotes":""},"categories":[2],"tags":[1293,15,570,712,82,801,1219,27,530,1294],"class_list":["post-16618","post","type-post","status-publish","format-standard","has-post-thumbnail","hentry","category-tv-programlari","tag-anne","tag-cagatay-ulusoy","tag-dirilis-ertugrul","tag-dizi-reytingleri","tag-engin-akyurek","tag-eskiya-dunyaya-hukumdar-olmaz","tag-icerde","tag-serenay-sarikaya","tag-tns-olcumleri","tag-vatanim-sensin"],"views":3018,"blog_post_layout_featured_media_urls":{"thumbnail":["https:\/\/balcilar-blog.com\/wp-content\/uploads\/2016\/12\/cats-5-ARALIK-150x150.jpg",150,150,true],"full":["https:\/\/balcilar-blog.com\/wp-content\/uploads\/2016\/12\/cats-5-ARALIK.jpg",640,390,false]},"categories_names":{"2":{"name":"TV Programlar\u0131","link":"https:\/\/balcilar-blog.com\/?cat=2"}},"tags_names":{"1293":{"name":"Anne","link":"https:\/\/balcilar-blog.com\/?tag=anne"},"15":{"name":"\u00e7a\u011fatay ulusoy","link":"https:\/\/balcilar-blog.com\/?tag=cagatay-ulusoy"},"570":{"name":"dirili\u015f Ertu\u011frul","link":"https:\/\/balcilar-blog.com\/?tag=dirilis-ertugrul"},"712":{"name":"Dizi reytingleri","link":"https:\/\/balcilar-blog.com\/?tag=dizi-reytingleri"},"82":{"name":"Engin Aky\u00fcrek","link":"https:\/\/balcilar-blog.com\/?tag=engin-akyurek"},"801":{"name":"E\u015fk\u0131ya D\u00fcnya'ya H\u00fck\u00fcmdar Olmaz","link":"https:\/\/balcilar-blog.com\/?tag=eskiya-dunyaya-hukumdar-olmaz"},"1219":{"name":"\u0130\u00c7ERDE","link":"https:\/\/balcilar-blog.com\/?tag=icerde"},"27":{"name":"Serenay Sar\u0131kaya","link":"https:\/\/balcilar-blog.com\/?tag=serenay-sarikaya"},"530":{"name":"TNS \u00f6l\u00e7\u00fcmleri","link":"https:\/\/balcilar-blog.com\/?tag=tns-olcumleri"},"1294":{"name":"Vatan\u0131m Sensin","link":"https:\/\/balcilar-blog.com\/?tag=vatanim-sensin"}},"comments_number":"0","wpmagazine_modules_lite_featured_media_urls":{"thumbnail":["https:\/\/balcilar-blog.com\/wp-content\/uploads\/2016\/12\/cats-5-ARALIK-150x150.jpg",150,150,true],"cvmm-medium":["https:\/\/balcilar-blog.com\/wp-content\/uploads\/2016\/12\/cats-5-ARALIK.jpg",300,183,false],"cvmm-medium-plus":["https:\/\/balcilar-blog.com\/wp-content\/uploads\/2016\/12\/cats-5-ARALIK.jpg",305,186,false],"cvmm-portrait":["https:\/\/balcilar-blog.com\/wp-content\/uploads\/2016\/12\/cats-5-ARALIK.jpg",400,244,false],"cvmm-medium-square":["https:\/\/balcilar-blog.com\/wp-content\/uploads\/2016\/12\/cats-5-ARALIK.jpg",600,366,false],"cvmm-large":["https:\/\/balcilar-blog.com\/wp-content\/uploads\/2016\/12\/cats-5-ARALIK.jpg",640,390,false],"cvmm-small":["https:\/\/balcilar-blog.com\/wp-content\/uploads\/2016\/12\/cats-5-ARALIK.jpg",130,79,false],"full":["https:\/\/balcilar-blog.com\/wp-content\/uploads\/2016\/12\/cats-5-ARALIK.jpg",640,390,false]},"_links":{"self":[{"href":"https:\/\/balcilar-blog.com\/index.php?rest_route=\/wp\/v2\/posts\/16618","targetHints":{"allow":["GET"]}}],"collection":[{"href":"https:\/\/balcilar-blog.com\/index.php?rest_route=\/wp\/v2\/posts"}],"about":[{"href":"https:\/\/balcilar-blog.com\/index.php?rest_route=\/wp\/v2\/types\/post"}],"author":[{"embeddable":true,"href":"https:\/\/balcilar-blog.com\/index.php?rest_route=\/wp\/v2\/users\/3"}],"replies":[{"embeddable":true,"href":"https:\/\/balcilar-blog.com\/index.php?rest_route=%2Fwp%2Fv2%2Fcomments&post=16618"}],"version-history":[{"count":4,"href":"https:\/\/balcilar-blog.com\/index.php?rest_route=\/wp\/v2\/posts\/16618\/revisions"}],"predecessor-version":[{"id":16632,"href":"https:\/\/balcilar-blog.com\/index.php?rest_route=\/wp\/v2\/posts\/16618\/revisions\/16632"}],"wp:featuredmedia":[{"embeddable":true,"href":"https:\/\/balcilar-blog.com\/index.php?rest_route=\/wp\/v2\/media\/16626"}],"wp:attachment":[{"href":"https:\/\/balcilar-blog.com\/index.php?rest_route=%2Fwp%2Fv2%2Fmedia&parent=16618"}],"wp:term":[{"taxonomy":"category","embeddable":true,"href":"https:\/\/balcilar-blog.com\/index.php?rest_route=%2Fwp%2Fv2%2Fcategories&post=16618"},{"taxonomy":"post_tag","embeddable":true,"href":"https:\/\/balcilar-blog.com\/index.php?rest_route=%2Fwp%2Fv2%2Ftags&post=16618"}],"curies":[{"name":"wp","href":"https:\/\/api.w.org\/{rel}","templated":true}]}}