{"id":166,"date":"2014-02-05T22:04:44","date_gmt":"2014-02-05T20:04:44","guid":{"rendered":"http:\/\/balcilar-blog.com\/?p=166"},"modified":"2014-02-19T22:08:06","modified_gmt":"2014-02-19T20:08:06","slug":"engin-akyurek-zeynep-farah-abdullah-bi-kucuk-eylul-meselesi","status":"publish","type":"post","link":"https:\/\/balcilar-blog.com\/?p=166","title":{"rendered":"Engin Aky\u00fcrek &#038; Zeynep Farah Abdullah \/ Bi k\u00fc\u00e7\u00fck Eyl\u00fcl meselesi,"},"content":{"rendered":"<div>\n<h4>05\u00a0\u015fubat &#8217;14<\/h4>\n<\/div>\n<div><\/div>\n<dl>\n<dt>Kategori<\/dt>\n<dd><a href=\"http:\/\/blog.milliyet.com.tr\/sinema\/Kategori\/?KategoriNo=39\"><strong>Sinema<\/strong><\/a><\/dd>\n<\/dl>\n<div>\n<div><img loading=\"lazy\" decoding=\"async\" alt=\"Engin Aky\u00fcrek &amp; Zeynep Farah Abdullah \/ Bi k\u00fc\u00e7\u00fck Eyl\u00fcl meselesi,\" src=\"http:\/\/iblog.milliyet.com.tr\/imgroot\/blogv7\/Blog333\/2013\/12\/27\/23\/442357-3-4-567a1.jpg\" width=\"333\" height=\"240\" \/><\/p>\n<div><\/div>\n<\/div>\n<div id=\"BlogDetail\">\n<div>\n<p>Ba\u015frollerini\u00a0<a href=\"http:\/\/blog.milliyet.com.tr\/AramaBlog\/?search=Engin%20Aky%C3%BCrek\" rel=\"external nofollow\">Engin Aky\u00fcrek<\/a>\u00a0ve\u00a0<a href=\"http:\/\/blog.milliyet.com.tr\/AramaBlog\/?search=Zeynep%20Farah%20Abdullah\" rel=\"external nofollow\">Zeynep Farah Abdullah<\/a>\u2019\u0131n oynad\u0131\u011f\u0131 g\u00fczel bir a\u015fk filmi geliyor. \u0130lk tan\u0131t\u0131m fragman\u0131 internette ve sinemalarda g\u00f6sterime ba\u015flad\u0131. (Dikkatinizi \u00e7ektiyse\u00a0<a href=\"http:\/\/blog.milliyet.com.tr\/AramaBlog\/?search=Ay%20yap%C4%B1m\" rel=\"external nofollow\">Ay yap\u0131m<\/a>, Medcezir\u2019in 15.b\u00f6l\u00fcm 2.i fragman\u0131n\u0131n arkas\u0131na, bu filmin teaser fragman\u0131n\u0131 da koymu\u015f.)<\/p>\n<p>16.08.2013 Tarihli, \u00a0\u201cEngin Aky\u00fcrek\u2019in yeni sinema filmi Bir Eyl\u00fcl meselesi\u201d\u00a0 adl\u0131 Blog yaz\u0131mda,\u00a0<a href=\"http:\/\/blog.milliyet.com.tr\/AramaBlog\/?search=Bozcaada\" rel=\"external nofollow\">Bozcaada<\/a>\u2019da bir sinema filmi \u00e7ekimlerinin ba\u015flad\u0131\u011f\u0131n\u0131 yazm\u0131\u015ft\u0131m. O sinema filmi bitmi\u015f, montaj \u00e7al\u0131\u015fmalar\u0131 ba\u015flam\u0131\u015f, \u00a014 \u015eubat 2014 tarihinde sinemalarda vizyona \u00e7\u0131k\u0131yor.<\/p>\n<p><img decoding=\"async\" alt=\"\" src=\"http:\/\/imgkelebek.hurriyet.com.tr\/LiveImages\/Kelebek%20Haber%20Galerisi\/136\/B%C4%B0R%20EYL%C3%9CL%20MESELES%C4%B0%209%20EYL%C3%9CL%202013\/IMG_1189.jpg\" \/><\/p>\n<p>Yap\u0131mc\u0131l\u0131\u011f\u0131n\u0131 Ay Yap\u0131m\u2019\u0131n, senaristli\u011fini ve y\u00f6netmenli\u011fini\u00a0<a href=\"http:\/\/blog.milliyet.com.tr\/AramaBlog\/?search=Kerem%20Deren\" rel=\"external nofollow\">Kerem Deren<\/a>\u2019in \u00fcstlendi\u011fi \u201cBi k\u00fc\u00e7\u00fck Eyl\u00fcl meselesi\u201d adl\u0131 uzun metrajl\u0131 sinema filminde, ba\u015frollerde Engin Aky\u00fcrek (Tekin), Farah Zeynep Abdullah (Eyl\u00fcl), Ceren Molay (Berrak), Ege Aydan (Eyl\u00fcl\u2019\u00fcn babas\u0131), Ebru Dirier (Eyl\u00fcl\u2019\u00fcn annesi) ve Merve Bulut (Garson Emine) olarak yer al\u0131yorlar.<\/p>\n<p>Bozcaada\u2019n\u0131n b\u00fcy\u00fcleyici atmosferinde ge\u00e7en \u00e7arp\u0131c\u0131 bir a\u015fk hikayesini konu alan film, a\u015f\u0131k olman\u0131n de\u011fil, a\u015fk\u0131 hat\u0131rlaman\u0131n hikayesini anlat\u0131yor. \u0130\u015fte bu enteresan konusuyla sinemaseverlerin be\u011fenisini alacak bir yap\u0131m.<\/p>\n<p><img decoding=\"async\" alt=\"\" src=\"https:\/\/fbcdn-sphotos-d-a.akamaihd.net\/hphotos-ak-prn2\/1535760_502402586542057_2128629560_n.jpg\" \/><\/p>\n<p>&nbsp;<\/p>\n<p>Filmin konusu k\u0131saca \u015f\u00f6yle:<\/p>\n<p>Her \u015feyin yolunda gitti\u011fi bir hayata sahip olan Eyl\u00fcl, talihsiz bir olay sonras\u0131nda ya\u015fam\u0131n\u0131n son bir ay\u0131n\u0131 unutur. \u00c7evresindeki herkes, t\u00fcm arkada\u015flar\u0131 ve ailesi ona hi\u00e7bir sorun olmad\u0131\u011f\u0131n\u0131 s\u00f6ylemesine ra\u011fmen Eyl\u00fcl bir \u015feylerin yolunda gitmedi\u011finden \u015f\u00fcphelenir. Tamamen bilin\u00e7sizce, sadece i\u00e7g\u00fcd\u00fclerini dinleyerek Bozcaada\u2019ya gider. Orada tesad\u00fcf eseri tuhaf bir adama kar\u015f\u0131la\u015f\u0131r. Tekin, kendi halinde turistik bir lokanta i\u015flemecisidir. Bu gizemli yabanc\u0131 ise kendinden emin bir \u015fekilde Eyl\u00fcl\u2019e kendisini hat\u0131rlamas\u0131 gerekti\u011finin, a\u015f\u0131k oldu\u011fu adam oldu\u011funu s\u00f6yler. Olaylar bu \u015fekilde geli\u015fir. Bu g\u00fczel adada, romantik bir a\u015fk ya\u015farlar.<\/p>\n<p><img decoding=\"async\" alt=\"\" src=\"http:\/\/82.222.152.134\/imgsdisk\/2013\/12\/19\/191220131842166702535.jpg\" \/><\/p>\n<p>Ay Yap\u0131m&#8217;\u0131n bu g\u00fczel sinema filminin vizyona \u00e7\u0131kmas\u0131n\u0131 sab\u0131rs\u0131zl\u0131kla bekleyece\u011fiz. Herkesin be\u011fenisini toplayaca\u011f\u0131n\u0131 tahmin ediyorum.<\/p>\n<p>\u0130yi seyirler.<\/p>\n<p>Sayg\u0131lar, sevgiler.<\/p>\n<p>Abdurrahman Balc\u0131lar<\/p>\n<p>Twitter: abdurrahman balc\u0131lar@abbalcilar<\/p>\n<div>\n<p>Mail :\u00a0<a href=\"mailto:ab.balcilar@hotmail.com\" target=\"_blank\">ab.balcilar@hotmail.com<\/a><\/p>\n<p>Blog: milliyet.com.tr\/cansever<\/p>\n<p>Not: G\u00f6rseller internetten al\u0131nm\u0131\u015ft\u0131r.<\/p>\n<\/div>\n<p>&nbsp;<\/p>\n<\/div>\n<\/div>\n<\/div>\n","protected":false},"excerpt":{"rendered":"<p>05\u00a0\u015fubat &#8217;14 Kategori Sinema Ba\u015frollerini\u00a0Engin Aky\u00fcrek\u00a0ve\u00a0Zeynep Farah Abdullah\u2019\u0131n oynad\u0131\u011f\u0131 g\u00fczel bir a\u015fk filmi geliyor. \u0130lk tan\u0131t\u0131m fragman\u0131 internette ve sinemalarda g\u00f6sterime ba\u015flad\u0131. (Dikkatinizi \u00e7ektiyse\u00a0Ay yap\u0131m, Medcezir\u2019in 15.b\u00f6l\u00fcm 2.i fragman\u0131n\u0131n arkas\u0131na, bu filmin teaser fragman\u0131n\u0131 da koymu\u015f.) 16.08.2013 Tarihli, \u00a0\u201cEngin Aky\u00fcrek\u2019in yeni sinema filmi Bir Eyl\u00fcl meselesi\u201d\u00a0 adl\u0131 Blog yaz\u0131mda,\u00a0Bozcaada\u2019da bir sinema filmi \u00e7ekimlerinin ba\u015flad\u0131\u011f\u0131n\u0131 yazm\u0131\u015ft\u0131m. [&hellip;]<\/p>\n","protected":false},"author":3,"featured_media":0,"comment_status":"open","ping_status":"open","sticky":false,"template":"","format":"standard","meta":{"footnotes":""},"categories":[10],"tags":[26,84,82,83],"class_list":["post-166","post","type-post","status-publish","format-standard","hentry","category-sinema","tag-ay-yapim","tag-bozcaada","tag-engin-akyurek","tag-zeynep-farah-abdullah"],"views":4920,"blog_post_layout_featured_media_urls":{"thumbnail":"","full":""},"categories_names":{"10":{"name":"Sinema","link":"https:\/\/balcilar-blog.com\/?cat=10"}},"tags_names":{"26":{"name":"Ay Yap\u0131m","link":"https:\/\/balcilar-blog.com\/?tag=ay-yapim"},"84":{"name":"Bozcaada","link":"https:\/\/balcilar-blog.com\/?tag=bozcaada"},"82":{"name":"Engin Aky\u00fcrek","link":"https:\/\/balcilar-blog.com\/?tag=engin-akyurek"},"83":{"name":"Zeynep Farah Abdullah","link":"https:\/\/balcilar-blog.com\/?tag=zeynep-farah-abdullah"}},"comments_number":"0","wpmagazine_modules_lite_featured_media_urls":{"thumbnail":"","cvmm-medium":"","cvmm-medium-plus":"","cvmm-portrait":"","cvmm-medium-square":"","cvmm-large":"","cvmm-small":"","full":""},"_links":{"self":[{"href":"https:\/\/balcilar-blog.com\/index.php?rest_route=\/wp\/v2\/posts\/166","targetHints":{"allow":["GET"]}}],"collection":[{"href":"https:\/\/balcilar-blog.com\/index.php?rest_route=\/wp\/v2\/posts"}],"about":[{"href":"https:\/\/balcilar-blog.com\/index.php?rest_route=\/wp\/v2\/types\/post"}],"author":[{"embeddable":true,"href":"https:\/\/balcilar-blog.com\/index.php?rest_route=\/wp\/v2\/users\/3"}],"replies":[{"embeddable":true,"href":"https:\/\/balcilar-blog.com\/index.php?rest_route=%2Fwp%2Fv2%2Fcomments&post=166"}],"version-history":[{"count":1,"href":"https:\/\/balcilar-blog.com\/index.php?rest_route=\/wp\/v2\/posts\/166\/revisions"}],"predecessor-version":[{"id":167,"href":"https:\/\/balcilar-blog.com\/index.php?rest_route=\/wp\/v2\/posts\/166\/revisions\/167"}],"wp:attachment":[{"href":"https:\/\/balcilar-blog.com\/index.php?rest_route=%2Fwp%2Fv2%2Fmedia&parent=166"}],"wp:term":[{"taxonomy":"category","embeddable":true,"href":"https:\/\/balcilar-blog.com\/index.php?rest_route=%2Fwp%2Fv2%2Fcategories&post=166"},{"taxonomy":"post_tag","embeddable":true,"href":"https:\/\/balcilar-blog.com\/index.php?rest_route=%2Fwp%2Fv2%2Ftags&post=166"}],"curies":[{"name":"wp","href":"https:\/\/api.w.org\/{rel}","templated":true}]}}