{"id":16584,"date":"2016-12-01T14:53:11","date_gmt":"2016-12-01T11:53:11","guid":{"rendered":"http:\/\/balcilar-blog.com\/?p=16584"},"modified":"2016-12-01T15:03:24","modified_gmt":"2016-12-01T12:03:24","slug":"cesur-ve-guzel-suhanin-supheleri-artiyor","status":"publish","type":"post","link":"https:\/\/balcilar-blog.com\/?p=16584","title":{"rendered":"Cesur ve G\u00fczel \/ S\u00fchan&#8217;\u0131n \u015f\u00fcpheleri art\u0131yor!"},"content":{"rendered":"<div tabindex=\"-1\">\n<div tabindex=\"0\">\n<div class=\"_rp_85\" tabindex=\"-1\">\n<div class=\"_rp_N4 ms-border-color-neutralLight ShowReferenceAttachmentsLinks\" tabindex=\"-1\">\n<div class=\"_rp_Z4\">\n<div>\n<div id=\"Item.MessagePartBody\" class=\"_rp_P4\">\n<div id=\"Item.MessageUniqueBody\" class=\"_rp_Q4 ms-font-weight-regular ms-font-color-neutralDark rpHighlightAllClass rpHighlightBodyClass\" tabindex=\"0\">\n<div class=\"rps_67f2\">\n<div dir=\"ltr\">\n<p class=\"x_MsoNormal\" align=\"center\"><img loading=\"lazy\" decoding=\"async\" class=\"alignnone size-full wp-image-16586\" src=\"http:\/\/balcilar-blog.com\/wp-content\/uploads\/2016\/12\/4-2.jpg\" alt=\"4-2\" width=\"640\" height=\"390\" srcset=\"https:\/\/balcilar-blog.com\/wp-content\/uploads\/2016\/12\/4-2.jpg 640w, https:\/\/balcilar-blog.com\/wp-content\/uploads\/2016\/12\/4-2-300x183.jpg 300w\" sizes=\"auto, (max-width: 640px) 100vw, 640px\" \/><\/p>\n<p>Ay Yap\u0131m&#8217;\u0131n yap\u0131mc\u0131s\u0131 oldu\u011fu, ba\u015f rollerini K\u0131van\u00e7 Tatl\u0131tu\u011f ve Tuba B\u00fcy\u00fck\u00fcst\u00fcn&#8217;\u00fcn oynad\u0131\u011f\u0131 Cesur ve G\u00fczel bu ak\u015fam yine g\u00fczel bir b\u00f6l\u00fcmle Star Tv ekranlar\u0131na geliyor.<\/p>\n<p>Ekranlar\u0131n yeni fenomeni Cesur ve G\u00fczel&#8217;de bu hafta S\u00fchan ve Cesur&#8217;un a\u015fk ya\u015famas\u0131n\u0131 istemeyen Banu ve Cahide kollar\u0131 s\u0131vayacak.<\/p>\n<p>Dizide; Cesur&#8217;un, S\u00fchan&#8217;a a\u015f\u0131k olmas\u0131ndan korkan Banu, Cesur&#8217;dan habersiz haz\u0131rlad\u0131\u011f\u0131 hain plan\u0131n\u0131n i\u00e7ine S\u00fchan&#8217;\u0131 \u00e7ekecek. \u0130kilinin yak\u0131nla\u015fmas\u0131ndan haberdar olan Banu, ald\u0131\u011f\u0131 \u00f6nlemle S\u00fchan&#8217;\u0131n i\u00e7ine \u015f\u00fcphe d\u00fc\u015f\u00fcrmek isteyecek.<\/p>\n<p>Di\u011fer yandan S\u00fchan&#8217;\u0131n, B\u00fclent&#8217;le olmas\u0131n\u0131 isteyen Cahide de bo\u015f durmayacak. Cahide, S\u00fchan&#8217;\u0131, Cesur hakk\u0131nda doldurmaya \u00e7al\u0131\u015facak.<\/p>\n<p>&nbsp;<\/p>\n<p><img loading=\"lazy\" decoding=\"async\" class=\"alignnone size-full wp-image-16585\" src=\"http:\/\/balcilar-blog.com\/wp-content\/uploads\/2016\/12\/4-1.jpg\" alt=\"4-1\" width=\"640\" height=\"429\" srcset=\"https:\/\/balcilar-blog.com\/wp-content\/uploads\/2016\/12\/4-1.jpg 640w, https:\/\/balcilar-blog.com\/wp-content\/uploads\/2016\/12\/4-1-300x201.jpg 300w\" sizes=\"auto, (max-width: 640px) 100vw, 640px\" \/><\/p>\n<p>Akl\u0131nda soru i\u015faretleriyle yeniden iz pe\u015fine d\u00fc\u015fen S\u00fchan elindeki par\u00e7alar\u0131 birle\u015ftirmeye \u00e7al\u0131\u015facak. Banu ve Cahide ama\u00e7lar\u0131nda ba\u015far\u0131l\u0131 olacak m\u0131?<\/p>\n<p><img loading=\"lazy\" decoding=\"async\" class=\"alignnone size-full wp-image-16587\" src=\"http:\/\/balcilar-blog.com\/wp-content\/uploads\/2016\/12\/4-3.jpg\" alt=\"4-3\" width=\"640\" height=\"405\" srcset=\"https:\/\/balcilar-blog.com\/wp-content\/uploads\/2016\/12\/4-3.jpg 640w, https:\/\/balcilar-blog.com\/wp-content\/uploads\/2016\/12\/4-3-300x190.jpg 300w\" sizes=\"auto, (max-width: 640px) 100vw, 640px\" \/><\/p>\n<p><img loading=\"lazy\" decoding=\"async\" class=\"alignnone size-full wp-image-16588\" src=\"http:\/\/balcilar-blog.com\/wp-content\/uploads\/2016\/12\/4-4.jpg\" alt=\"4-4\" width=\"640\" height=\"432\" srcset=\"https:\/\/balcilar-blog.com\/wp-content\/uploads\/2016\/12\/4-4.jpg 640w, https:\/\/balcilar-blog.com\/wp-content\/uploads\/2016\/12\/4-4-300x203.jpg 300w\" sizes=\"auto, (max-width: 640px) 100vw, 640px\" \/><\/p>\n<p>S\u00fchan, Cesur&#8217;un ger\u00e7ek amac\u0131n\u0131 \u00f6\u011frenebilecek mi? gibi sorular\u0131n yan\u0131tlar\u0131 yeni b\u00f6l\u00fcmde ekrana gelecek.<\/p>\n<p class=\"x_MsoNormal\" align=\"center\">FRAGMAN : <b><u><a href=\"https:\/\/www.youtube.com\/watch?v=La8wRsBXk5Y\" target=\"_blank\">https:\/\/www.youtube.com\/watch?v=La8wRsBXk5Y<\/a><\/u><\/b><\/p>\n<p>Ece Y\u00f6ren\u00e7&#8217;in senaristli\u011fini, Ali Bilgin&#8217;in y\u00f6netmenli\u011fini \u00fcstlendi\u011fi Cesur ve G\u00fczel 1 Aral\u0131k Per\u015fembe g\u00fcn\u00fc (bu ak\u015fam) saat 20:00&#8217;da Star TV&#8217;de ekrana gelecek.<\/p>\n<p>\u0130yi seyirler.<\/p>\n<p>Sayg\u0131lar ve sevgiler.<\/p>\n<p>Abdurrahman Balc\u0131lar<\/p>\n<p>Twitter:\u00a0<a href=\"https:\/\/twitter.com\/abbalcilar\">abdurrahman balc\u0131lar<\/a><a href=\"https:\/\/twitter.com\/abbalcilar\"><strong>@abbalcilar<\/strong><\/a><\/p>\n<p>Mail :\u00a0<a href=\"mailto:ab.balcilar@hotmail.com\">ab.balcilar@hotmail.com<\/a><\/p>\n<p>Blog:\u00a0<a href=\"http:\/\/t.co\/znqmIZgIqn\">blog.milliyet.com.tr\/cansever<\/a><\/p>\n<p>Blog:\u00a0<strong>balcilar-blog.com<\/strong><\/p>\n<p>Not: Haber ve g\u00f6rseller Persona Sanat Bas\u0131n B\u00fclteni.<\/p>\n<p>&nbsp;<\/p>\n<\/div>\n<\/div>\n<\/div>\n<\/div>\n<div class=\"_pe_d _pe_22\" tabindex=\"0\"><\/div>\n<\/div>\n<div class=\"_rp_U4\"><\/div>\n<\/div>\n<\/div>\n<\/div>\n<\/div>\n<\/div>\n<div class=\"_rp_f\" tabindex=\"-1\">\n<div class=\"_qc_F ms-bg-color-white _qc_G\">\n<hr class=\"_qc_B\" \/>\n<\/div>\n<\/div>\n","protected":false},"excerpt":{"rendered":"<p>Ay Yap\u0131m&#8217;\u0131n yap\u0131mc\u0131s\u0131 oldu\u011fu, ba\u015f rollerini K\u0131van\u00e7 Tatl\u0131tu\u011f ve Tuba B\u00fcy\u00fck\u00fcst\u00fcn&#8217;\u00fcn oynad\u0131\u011f\u0131 Cesur ve G\u00fczel bu ak\u015fam yine g\u00fczel bir b\u00f6l\u00fcmle Star Tv ekranlar\u0131na geliyor. Ekranlar\u0131n yeni fenomeni Cesur ve G\u00fczel&#8217;de bu hafta S\u00fchan ve Cesur&#8217;un a\u015fk ya\u015famas\u0131n\u0131 istemeyen Banu ve Cahide kollar\u0131 s\u0131vayacak. Dizide; Cesur&#8217;un, S\u00fchan&#8217;a a\u015f\u0131k olmas\u0131ndan korkan Banu, Cesur&#8217;dan habersiz haz\u0131rlad\u0131\u011f\u0131 hain [&hellip;]<\/p>\n","protected":false},"author":3,"featured_media":16586,"comment_status":"open","ping_status":"open","sticky":false,"template":"","format":"standard","meta":{"footnotes":""},"categories":[2],"tags":[31,1225,29,80,25,305],"class_list":["post-16584","post","type-post","status-publish","format-standard","has-post-thumbnail","hentry","category-tv-programlari","tag-ali-bilgin","tag-cesur-ve-guzel","tag-ece-yorenc","tag-kivanc-tatlitug","tag-star-tv","tag-tuba-buyukustun"],"views":3261,"blog_post_layout_featured_media_urls":{"thumbnail":["https:\/\/balcilar-blog.com\/wp-content\/uploads\/2016\/12\/4-2-150x150.jpg",150,150,true],"full":["https:\/\/balcilar-blog.com\/wp-content\/uploads\/2016\/12\/4-2.jpg",640,390,false]},"categories_names":{"2":{"name":"TV Programlar\u0131","link":"https:\/\/balcilar-blog.com\/?cat=2"}},"tags_names":{"31":{"name":"Ali Bilgin","link":"https:\/\/balcilar-blog.com\/?tag=ali-bilgin"},"1225":{"name":"Cesur ve G\u00fczel","link":"https:\/\/balcilar-blog.com\/?tag=cesur-ve-guzel"},"29":{"name":"Ece Y\u00f6ren\u00e7","link":"https:\/\/balcilar-blog.com\/?tag=ece-yorenc"},"80":{"name":"K\u0131van\u00e7 Tatl\u0131tu\u011f","link":"https:\/\/balcilar-blog.com\/?tag=kivanc-tatlitug"},"25":{"name":"Star Tv","link":"https:\/\/balcilar-blog.com\/?tag=star-tv"},"305":{"name":"Tuba B\u00fcy\u00fck\u00fcst\u00fcn","link":"https:\/\/balcilar-blog.com\/?tag=tuba-buyukustun"}},"comments_number":"0","wpmagazine_modules_lite_featured_media_urls":{"thumbnail":["https:\/\/balcilar-blog.com\/wp-content\/uploads\/2016\/12\/4-2-150x150.jpg",150,150,true],"cvmm-medium":["https:\/\/balcilar-blog.com\/wp-content\/uploads\/2016\/12\/4-2.jpg",300,183,false],"cvmm-medium-plus":["https:\/\/balcilar-blog.com\/wp-content\/uploads\/2016\/12\/4-2.jpg",305,186,false],"cvmm-portrait":["https:\/\/balcilar-blog.com\/wp-content\/uploads\/2016\/12\/4-2.jpg",400,244,false],"cvmm-medium-square":["https:\/\/balcilar-blog.com\/wp-content\/uploads\/2016\/12\/4-2.jpg",600,366,false],"cvmm-large":["https:\/\/balcilar-blog.com\/wp-content\/uploads\/2016\/12\/4-2.jpg",640,390,false],"cvmm-small":["https:\/\/balcilar-blog.com\/wp-content\/uploads\/2016\/12\/4-2.jpg",130,79,false],"full":["https:\/\/balcilar-blog.com\/wp-content\/uploads\/2016\/12\/4-2.jpg",640,390,false]},"_links":{"self":[{"href":"https:\/\/balcilar-blog.com\/index.php?rest_route=\/wp\/v2\/posts\/16584","targetHints":{"allow":["GET"]}}],"collection":[{"href":"https:\/\/balcilar-blog.com\/index.php?rest_route=\/wp\/v2\/posts"}],"about":[{"href":"https:\/\/balcilar-blog.com\/index.php?rest_route=\/wp\/v2\/types\/post"}],"author":[{"embeddable":true,"href":"https:\/\/balcilar-blog.com\/index.php?rest_route=\/wp\/v2\/users\/3"}],"replies":[{"embeddable":true,"href":"https:\/\/balcilar-blog.com\/index.php?rest_route=%2Fwp%2Fv2%2Fcomments&post=16584"}],"version-history":[{"count":3,"href":"https:\/\/balcilar-blog.com\/index.php?rest_route=\/wp\/v2\/posts\/16584\/revisions"}],"predecessor-version":[{"id":16591,"href":"https:\/\/balcilar-blog.com\/index.php?rest_route=\/wp\/v2\/posts\/16584\/revisions\/16591"}],"wp:featuredmedia":[{"embeddable":true,"href":"https:\/\/balcilar-blog.com\/index.php?rest_route=\/wp\/v2\/media\/16586"}],"wp:attachment":[{"href":"https:\/\/balcilar-blog.com\/index.php?rest_route=%2Fwp%2Fv2%2Fmedia&parent=16584"}],"wp:term":[{"taxonomy":"category","embeddable":true,"href":"https:\/\/balcilar-blog.com\/index.php?rest_route=%2Fwp%2Fv2%2Fcategories&post=16584"},{"taxonomy":"post_tag","embeddable":true,"href":"https:\/\/balcilar-blog.com\/index.php?rest_route=%2Fwp%2Fv2%2Ftags&post=16584"}],"curies":[{"name":"wp","href":"https:\/\/api.w.org\/{rel}","templated":true}]}}