{"id":16557,"date":"2016-11-30T14:43:59","date_gmt":"2016-11-30T11:43:59","guid":{"rendered":"http:\/\/balcilar-blog.com\/?p=16557"},"modified":"2016-11-30T14:43:59","modified_gmt":"2016-11-30T11:43:59","slug":"kara-sevda-asiklar-tehlikede","status":"publish","type":"post","link":"https:\/\/balcilar-blog.com\/?p=16557","title":{"rendered":"Kara Sevda \/ A\u015f\u0131klar tehlikede!"},"content":{"rendered":"<p><img loading=\"lazy\" decoding=\"async\" class=\"alignnone size-full wp-image-16561\" src=\"http:\/\/balcilar-blog.com\/wp-content\/uploads\/2016\/11\/Kara-Sevda-46.B\u00f6l\u00fcm-3.jpg\" alt=\"kara-sevda-46-bolum-3\" width=\"640\" height=\"439\" srcset=\"https:\/\/balcilar-blog.com\/wp-content\/uploads\/2016\/11\/Kara-Sevda-46.B\u00f6l\u00fcm-3.jpg 640w, https:\/\/balcilar-blog.com\/wp-content\/uploads\/2016\/11\/Kara-Sevda-46.B\u00f6l\u00fcm-3-300x206.jpg 300w\" sizes=\"auto, (max-width: 640px) 100vw, 640px\" \/><\/p>\n<p>Ay Yap\u0131m imzal\u0131, Burak \u00d6z\u00e7ivit ve Neslihan Atag\u00fcl\u2019\u00fcn rol ald\u0131\u011f\u0131 Kara Sevda\u2019n\u0131n yeni b\u00f6l\u00fcm\u00fcnde; Kemal, donma tehlikesi ge\u00e7iren Nihan\u2019\u0131n hayat\u0131n\u0131 kurtaracak.<\/p>\n<p>Kemal&#8217;in, \u00f6l\u00fcm kal\u0131m sava\u015f\u0131 veren Nihan i\u00e7in verdi\u011fi amans\u0131z m\u00fccadele ekran ba\u015f\u0131ndakileri derinden etkileyecek.<\/p>\n<p>B\u00f6l\u00fcmde, a\u015f\u0131klar\u0131n yeniden bir arada olmas\u0131ndan \u015f\u00fcphelenen Emir, ger\u00e7e\u011fi \u00f6\u011frenmek i\u00e7in Nihan\u2019\u0131 kullanarak hain bir plan yapacak.<\/p>\n<p>&nbsp;<\/p>\n<p><img loading=\"lazy\" decoding=\"async\" class=\"alignnone size-full wp-image-16560\" src=\"http:\/\/balcilar-blog.com\/wp-content\/uploads\/2016\/11\/Kara-Sevda-46.B\u00f6l\u00fcm-2.jpg\" alt=\"kara-sevda-46-bolum-2\" width=\"640\" height=\"427\" srcset=\"https:\/\/balcilar-blog.com\/wp-content\/uploads\/2016\/11\/Kara-Sevda-46.B\u00f6l\u00fcm-2.jpg 640w, https:\/\/balcilar-blog.com\/wp-content\/uploads\/2016\/11\/Kara-Sevda-46.B\u00f6l\u00fcm-2-300x200.jpg 300w\" sizes=\"auto, (max-width: 640px) 100vw, 640px\" \/><\/p>\n<p><img loading=\"lazy\" decoding=\"async\" class=\"alignnone size-full wp-image-16559\" src=\"http:\/\/balcilar-blog.com\/wp-content\/uploads\/2016\/11\/Kara-Sevda-46.B\u00f6l\u00fcm-1.jpg\" alt=\"kara-sevda-46-bolum-1\" width=\"640\" height=\"429\" srcset=\"https:\/\/balcilar-blog.com\/wp-content\/uploads\/2016\/11\/Kara-Sevda-46.B\u00f6l\u00fcm-1.jpg 640w, https:\/\/balcilar-blog.com\/wp-content\/uploads\/2016\/11\/Kara-Sevda-46.B\u00f6l\u00fcm-1-300x201.jpg 300w\" sizes=\"auto, (max-width: 640px) 100vw, 640px\" \/><\/p>\n<p>Dizinin nefes kesen yeni b\u00f6l\u00fcm\u00fcnde; Kemal, Nihan&#8217;\u0131n hayata d\u00f6nme sevincini ya\u015famadan Asu&#8217;nun intihar haberiyle sars\u0131lacak. Kemal; adeta vicdan azab\u0131 duydu\u011fu Asu i\u00e7in Emir&#8217;in tuza\u011f\u0131na kendini bir kez daha atacak.<\/p>\n<p>Kemal\u2019den sonsuza dek kurtulmak i\u00e7in ac\u0131mas\u0131z bir plan yapan Emir, Kemal&#8217;i i\u015flemedi\u011fi bir su\u00e7 y\u00fcz\u00fcnden \u00f6zg\u00fcrl\u00fc\u011f\u00fcn\u00fc kaybetmekle kar\u015f\u0131 kar\u015f\u0131ya b\u0131rakacak. Kara Sevda hayranlar\u0131n\u0131n soluk solu\u011fa izleyece\u011fi b\u00f6l\u00fcmde, Kemal&#8217;in, Emir&#8217;in oyunundan kurtulmak i\u00e7in ataca\u011f\u0131 ad\u0131mlar izleyenleri ekran ba\u015f\u0131na kilitleyecek. B\u00f6l\u00fcmde; Asu\u2019yu kurtarmak i\u00e7in Nihan\u2019la birlikte hastaneye giden Kemal, kendi ayaklar\u0131yla polise yakalanmak i\u00e7in davetiye \u00e7\u0131kartacak. Nihan&#8217;\u0131n, Kemal i\u00e7in verdi\u011fi \u00e7abay\u0131 da fark eden Emir, Nihan ve Kemal ili\u015fkisinin yeniden ba\u015flay\u0131p ba\u015flamad\u0131\u011f\u0131n\u0131 \u00f6\u011frenmek i\u00e7in, Nihan\u2019\u0131 da kullanarak yeni bir plan yapacak.<\/p>\n<p><img loading=\"lazy\" decoding=\"async\" class=\"alignnone size-full wp-image-16562\" src=\"http:\/\/balcilar-blog.com\/wp-content\/uploads\/2016\/11\/Kara-Sevda-46.B\u00f6l\u00fcm-4.jpg\" alt=\"kara-sevda-46-bolum-4\" width=\"640\" height=\"431\" srcset=\"https:\/\/balcilar-blog.com\/wp-content\/uploads\/2016\/11\/Kara-Sevda-46.B\u00f6l\u00fcm-4.jpg 640w, https:\/\/balcilar-blog.com\/wp-content\/uploads\/2016\/11\/Kara-Sevda-46.B\u00f6l\u00fcm-4-300x202.jpg 300w\" sizes=\"auto, (max-width: 640px) 100vw, 640px\" \/><\/p>\n<p>Nihan ve Kemal b\u00fcy\u00fck tuzaktan kurtulmay\u0131 ba\u015farabilecek mi?, Emir&#8217;in oyunuyla Kemal tutuklanacak m\u0131? ve intihar eden Asu hayatta kalacak m\u0131? gibi merakla beklenen soru i\u015faretleri yeni b\u00f6l\u00fcmde yan\u0131t bulacak.<\/p>\n<p><img loading=\"lazy\" decoding=\"async\" class=\"alignnone size-full wp-image-16558\" src=\"http:\/\/balcilar-blog.com\/wp-content\/uploads\/2016\/11\/Kara-Sevda-46.B\u00f6l\u00fcm-6.jpg\" alt=\"kara-sevda-46-bolum-6\" width=\"640\" height=\"401\" srcset=\"https:\/\/balcilar-blog.com\/wp-content\/uploads\/2016\/11\/Kara-Sevda-46.B\u00f6l\u00fcm-6.jpg 640w, https:\/\/balcilar-blog.com\/wp-content\/uploads\/2016\/11\/Kara-Sevda-46.B\u00f6l\u00fcm-6-300x188.jpg 300w\" sizes=\"auto, (max-width: 640px) 100vw, 640px\" \/><\/p>\n<p>Y\u00f6netmenli\u011fini Hilal Saral&#8217;\u0131n, senaristli\u011fini \u00d6zlem Y\u0131lmaz ve Burcu G\u00f6rg\u00fcn&#8217;\u00fcn \u00fcstlendi\u011fi Kara Sevda 30 Kas\u0131m \u00c7ar\u015famba g\u00fcn\u00fc (bu ak\u015fam) saat 20:00&#8217;da Star TV&#8217;de ekrana gelecek.<\/p>\n<p><iframe loading=\"lazy\" title=\"Kara Sevda 46. B\u00f6l\u00fcm 2. Fragman\" width=\"640\" height=\"360\" src=\"https:\/\/www.youtube.com\/embed\/Z6ZRZPARrzs?feature=oembed\" frameborder=\"0\" allow=\"accelerometer; autoplay; clipboard-write; encrypted-media; gyroscope; picture-in-picture; web-share\" referrerpolicy=\"strict-origin-when-cross-origin\" allowfullscreen><\/iframe><\/p>\n<p>Keyifli Seyirler.<\/p>\n<p>Sayg\u0131lar ve sevgiler.<\/p>\n<p>Abdurrahman Balc\u0131lar<\/p>\n<p>Twitter:\u00a0<a href=\"https:\/\/twitter.com\/abbalcilar\">abdurrahman balc\u0131lar<\/a><a href=\"https:\/\/twitter.com\/abbalcilar\"><strong>@abbalcilar<\/strong><\/a><\/p>\n<p>Mail :\u00a0<a href=\"mailto:ab.balcilar@hotmail.com\">ab.balcilar@hotmail.com<\/a><\/p>\n<p>Blog:\u00a0<a href=\"http:\/\/t.co\/znqmIZgIqn\">blog.milliyet.com.tr\/cansever<\/a><\/p>\n<p>Blog:\u00a0<strong>balcilar-blog.com<\/strong><\/p>\n<p>Not: Kaynak Haber ve g\u00f6rseller Persona Sanat Bas\u0131n b\u00fclteni<\/p>\n","protected":false},"excerpt":{"rendered":"<p>Ay Yap\u0131m imzal\u0131, Burak \u00d6z\u00e7ivit ve Neslihan Atag\u00fcl\u2019\u00fcn rol ald\u0131\u011f\u0131 Kara Sevda\u2019n\u0131n yeni b\u00f6l\u00fcm\u00fcnde; Kemal, donma tehlikesi ge\u00e7iren Nihan\u2019\u0131n hayat\u0131n\u0131 kurtaracak. Kemal&#8217;in, \u00f6l\u00fcm kal\u0131m sava\u015f\u0131 veren Nihan i\u00e7in verdi\u011fi amans\u0131z m\u00fccadele ekran ba\u015f\u0131ndakileri derinden etkileyecek. B\u00f6l\u00fcmde, a\u015f\u0131klar\u0131n yeniden bir arada olmas\u0131ndan \u015f\u00fcphelenen Emir, ger\u00e7e\u011fi \u00f6\u011frenmek i\u00e7in Nihan\u2019\u0131 kullanarak hain bir plan yapacak. &nbsp; Dizinin nefes [&hellip;]<\/p>\n","protected":false},"author":3,"featured_media":16561,"comment_status":"open","ping_status":"open","sticky":false,"template":"","format":"standard","meta":{"footnotes":""},"categories":[2],"tags":[26,409,799,119,25],"class_list":["post-16557","post","type-post","status-publish","format-standard","has-post-thumbnail","hentry","category-tv-programlari","tag-ay-yapim","tag-burak-ozcivit","tag-kara-sevda","tag-neslihan-atagul","tag-star-tv"],"views":4167,"blog_post_layout_featured_media_urls":{"thumbnail":["https:\/\/balcilar-blog.com\/wp-content\/uploads\/2016\/11\/Kara-Sevda-46.B\u00f6l\u00fcm-3-150x150.jpg",150,150,true],"full":["https:\/\/balcilar-blog.com\/wp-content\/uploads\/2016\/11\/Kara-Sevda-46.B\u00f6l\u00fcm-3.jpg",640,439,false]},"categories_names":{"2":{"name":"TV Programlar\u0131","link":"https:\/\/balcilar-blog.com\/?cat=2"}},"tags_names":{"26":{"name":"Ay Yap\u0131m","link":"https:\/\/balcilar-blog.com\/?tag=ay-yapim"},"409":{"name":"Burak \u00d6z\u00e7ivit","link":"https:\/\/balcilar-blog.com\/?tag=burak-ozcivit"},"799":{"name":"Kara Sevda","link":"https:\/\/balcilar-blog.com\/?tag=kara-sevda"},"119":{"name":"Neslihan Atag\u00fcl","link":"https:\/\/balcilar-blog.com\/?tag=neslihan-atagul"},"25":{"name":"Star Tv","link":"https:\/\/balcilar-blog.com\/?tag=star-tv"}},"comments_number":"0","wpmagazine_modules_lite_featured_media_urls":{"thumbnail":["https:\/\/balcilar-blog.com\/wp-content\/uploads\/2016\/11\/Kara-Sevda-46.B\u00f6l\u00fcm-3-150x150.jpg",150,150,true],"cvmm-medium":["https:\/\/balcilar-blog.com\/wp-content\/uploads\/2016\/11\/Kara-Sevda-46.B\u00f6l\u00fcm-3.jpg",300,206,false],"cvmm-medium-plus":["https:\/\/balcilar-blog.com\/wp-content\/uploads\/2016\/11\/Kara-Sevda-46.B\u00f6l\u00fcm-3.jpg",302,207,false],"cvmm-portrait":["https:\/\/balcilar-blog.com\/wp-content\/uploads\/2016\/11\/Kara-Sevda-46.B\u00f6l\u00fcm-3.jpg",400,274,false],"cvmm-medium-square":["https:\/\/balcilar-blog.com\/wp-content\/uploads\/2016\/11\/Kara-Sevda-46.B\u00f6l\u00fcm-3.jpg",600,412,false],"cvmm-large":["https:\/\/balcilar-blog.com\/wp-content\/uploads\/2016\/11\/Kara-Sevda-46.B\u00f6l\u00fcm-3.jpg",640,439,false],"cvmm-small":["https:\/\/balcilar-blog.com\/wp-content\/uploads\/2016\/11\/Kara-Sevda-46.B\u00f6l\u00fcm-3.jpg",130,89,false],"full":["https:\/\/balcilar-blog.com\/wp-content\/uploads\/2016\/11\/Kara-Sevda-46.B\u00f6l\u00fcm-3.jpg",640,439,false]},"_links":{"self":[{"href":"https:\/\/balcilar-blog.com\/index.php?rest_route=\/wp\/v2\/posts\/16557","targetHints":{"allow":["GET"]}}],"collection":[{"href":"https:\/\/balcilar-blog.com\/index.php?rest_route=\/wp\/v2\/posts"}],"about":[{"href":"https:\/\/balcilar-blog.com\/index.php?rest_route=\/wp\/v2\/types\/post"}],"author":[{"embeddable":true,"href":"https:\/\/balcilar-blog.com\/index.php?rest_route=\/wp\/v2\/users\/3"}],"replies":[{"embeddable":true,"href":"https:\/\/balcilar-blog.com\/index.php?rest_route=%2Fwp%2Fv2%2Fcomments&post=16557"}],"version-history":[{"count":1,"href":"https:\/\/balcilar-blog.com\/index.php?rest_route=\/wp\/v2\/posts\/16557\/revisions"}],"predecessor-version":[{"id":16563,"href":"https:\/\/balcilar-blog.com\/index.php?rest_route=\/wp\/v2\/posts\/16557\/revisions\/16563"}],"wp:featuredmedia":[{"embeddable":true,"href":"https:\/\/balcilar-blog.com\/index.php?rest_route=\/wp\/v2\/media\/16561"}],"wp:attachment":[{"href":"https:\/\/balcilar-blog.com\/index.php?rest_route=%2Fwp%2Fv2%2Fmedia&parent=16557"}],"wp:term":[{"taxonomy":"category","embeddable":true,"href":"https:\/\/balcilar-blog.com\/index.php?rest_route=%2Fwp%2Fv2%2Fcategories&post=16557"},{"taxonomy":"post_tag","embeddable":true,"href":"https:\/\/balcilar-blog.com\/index.php?rest_route=%2Fwp%2Fv2%2Ftags&post=16557"}],"curies":[{"name":"wp","href":"https:\/\/api.w.org\/{rel}","templated":true}]}}