{"id":16541,"date":"2016-11-30T21:23:39","date_gmt":"2016-11-30T18:23:39","guid":{"rendered":"http:\/\/balcilar-blog.com\/?p=16541"},"modified":"2016-11-30T21:34:23","modified_gmt":"2016-11-30T18:34:23","slug":"icerde-iyiler-kotuler-kim-iyi-kim-kotu-lafin-kisasi-bu-dizi-super","status":"publish","type":"post","link":"https:\/\/balcilar-blog.com\/?p=16541","title":{"rendered":"\u0130\u00e7erde \/ \u0130yiler &#8211; K\u00f6t\u00fcler; Kim iyi &#8211; Kim k\u00f6t\u00fc! Laf\u0131n k\u0131sas\u0131 bu dizi s\u00fcper!"},"content":{"rendered":"<p><img loading=\"lazy\" decoding=\"async\" class=\"alignnone size-full wp-image-16582\" src=\"http:\/\/balcilar-blog.com\/wp-content\/uploads\/2016\/11\/cats-\u0130\u00c7ERDE.jpg\" alt=\"cats-icerde\" width=\"640\" height=\"411\" srcset=\"https:\/\/balcilar-blog.com\/wp-content\/uploads\/2016\/11\/cats-\u0130\u00c7ERDE.jpg 640w, https:\/\/balcilar-blog.com\/wp-content\/uploads\/2016\/11\/cats-\u0130\u00c7ERDE-300x193.jpg 300w\" sizes=\"auto, (max-width: 640px) 100vw, 640px\" \/><\/p>\n<p>Ay Yap\u0131m imzal\u0131 Show Tv&#8217;nin fenomen dizisi \u0130\u00e7erde dolu dizgin gidiyor. \u00d6nceki ak\u015fam gene Pazartesi gecenin liderli\u011fin her 3 kategoride kimseye kapt\u0131rmad\u0131. Reytinglerin tepesine oturdu.<\/p>\n<p>\u0130\u00e7erde; \u0130ylerin k\u00f6t\u00fclerin harman oldu\u011fu bir dizi&#8230;\u00a0Kim iyi? Kim k\u00f6t\u00fc? Celal Baba m\u0131? Davut mu? Co\u015fkun mu? Sarp m\u0131? Melek mi? Mert mi? Yoksa M\u00fcd\u00fcr Yusuf mu? Eylem mi? Alyanak m\u0131? Herkes \u0130\u00e7erde. Seyirci i\u00e7in pirincin ta\u015f\u0131n\u0131 ay\u0131klamak hayli zor olsa gerek. Netice olarak bana g\u00f6re bu dizi s\u00fcper.<\/p>\n<p>Sevilen dizinin ba\u015fl\u0131ca rollerinde; \u00c7a\u011fatay Ulusoy, Aras Bulut \u0130ynemli, \u00c7etin Tekindor, Bensu Soral, Mustafa U\u011furlu, R\u0131za Kocao\u011flu, Nihal Kolda\u015f, G\u00f6zde Kansu, Damla Colbay ve Y\u0131ld\u0131ray \u015eahinler oynuyor. Y\u00f6netmen koltu\u011funda Ulu\u00e7 Bayraktar oturuyor. Ertan Kurtulan ve Toprak Karao\u011flu senaryoyu yaz\u0131yorlar. Ancak senaristlerimiz Sarp&#8217;\u0131 resmen eziyet eden M\u00fcd\u00fcr Yusuf&#8217;un amac\u0131n\u0131 ne oldu\u011funu net olarak yazsalar da biz de anlasak. \u00d6lm\u00fc\u015f adam\u0131n sesini taklit ederek, ya\u015f\u0131yormu\u015f gibi Sarp&#8217;\u0131 pe\u015finden ko\u015fturuyor. Biliyoruz Sarp karde\u015fi Umut&#8217;a annesi i\u00e7in de olsa \u00e7ok d\u00fc\u015fk\u00fcnd\u00fc. \u00dcz\u00fcl\u00fcyor, duygular\u0131 da \u00e7ok yo\u011fun ya\u015f\u0131yor. \u00c7ok sevdi\u011fi Sarp&#8217;\u0131 m\u00fcd\u00fcr Yusuf&#8217;un eziyeti nedir biz de anlasak?<\/p>\n<p>Biz gelelim 11.b\u00f6l\u00fcmde olanlara; Ge\u00e7en b\u00f6l\u00fcm sonunda K\u00f6stenceli&#8217;yi Celal Baba arabas\u0131na benzin d\u00f6kerek, o me\u015fhur \u00e7akma\u011f\u0131 ile yakm\u0131\u015ft\u0131. K\u00f6stenceli&#8217;nin hayk\u0131r\u0131\u015flar\u0131n\u0131 ve cay\u0131r cay\u0131r sesleri, Sarp ve Mert&#8217;e ayn\u0131 anda telefon a\u00e7arak dinletmi\u015fti.<\/p>\n<p><img loading=\"lazy\" decoding=\"async\" class=\"alignnone size-full wp-image-16470\" src=\"http:\/\/balcilar-blog.com\/wp-content\/uploads\/2016\/11\/Ekran-Al\u0131nt\u0131s\u0131\u0130\u00c7ERDE.10.25.jpg\" alt=\"ekran-alintisiicerde-10-25\" width=\"640\" height=\"360\" srcset=\"https:\/\/balcilar-blog.com\/wp-content\/uploads\/2016\/11\/Ekran-Al\u0131nt\u0131s\u0131\u0130\u00c7ERDE.10.25.jpg 640w, https:\/\/balcilar-blog.com\/wp-content\/uploads\/2016\/11\/Ekran-Al\u0131nt\u0131s\u0131\u0130\u00c7ERDE.10.25-300x169.jpg 300w\" sizes=\"auto, (max-width: 640px) 100vw, 640px\" \/><\/p>\n<p>Sarp annesine g\u00f6rmeye giderken Mert ile kar\u015f\u0131la\u015f\u0131r. Birlikte annesi F\u00fcsun Han\u0131m\u0131n lokantas\u0131na girerler. Fusun Han\u0131m o\u011flu Sarp&#8217;\u0131 g\u00f6r\u00fcnce \u00e7ok sevinir, sar\u0131l\u0131r. Mert&#8217;i \u00e7ok seven F\u00fcsun iki o\u011flunu ayn\u0131 masaya oturtturur, birlikte \u00e7ay i\u00e7erler.<\/p>\n<p><img loading=\"lazy\" decoding=\"async\" class=\"alignnone size-full wp-image-16549\" src=\"http:\/\/balcilar-blog.com\/wp-content\/uploads\/2016\/11\/CySDo8fXEAALoUH.jpg\" alt=\"cysdo8fxeaalouh\" width=\"640\" height=\"391\" srcset=\"https:\/\/balcilar-blog.com\/wp-content\/uploads\/2016\/11\/CySDo8fXEAALoUH.jpg 640w, https:\/\/balcilar-blog.com\/wp-content\/uploads\/2016\/11\/CySDo8fXEAALoUH-300x183.jpg 300w\" sizes=\"auto, (max-width: 640px) 100vw, 640px\" \/><\/p>\n<p>Alyanak&#8217;\u0131 Davut yakalayamaz, baba onu kebap\u00e7\u0131ya \u00e7a\u011f\u0131r\u0131r. Hasan Alyanak bir taksiye biner, ba\u011f evine gider. Arkada\u015f\u0131 Kenan&#8217;\u0131 arar, yurt d\u0131\u015f\u0131na \u00e7\u0131k\u0131\u015f ayarlamas\u0131n\u0131 ister. Romanya&#8217;ya ka\u00e7mak ister.<\/p>\n<p>Celal Baba Sarp&#8217;\u0131 mekana \u00e7a\u011f\u0131r\u0131r. Ayn\u0131 anda gelen telefon ile de M\u00fcd\u00fcr Yusuf Mert&#8217;i organizeye \u00e7a\u011f\u0131r\u0131r. Her ikisi de ayn\u0131 anda kalkarlar. Mert geri d\u00f6ner, F\u00fcsun Teyzesine Umut&#8217;un kanl\u0131 g\u00f6mle\u011fini alm\u0131\u015ft\u0131. DNA testinin sonucunun hi\u00e7 kimseyle e\u015fle\u015fmedi\u011fini s\u00f6yler. F\u00fcsun \u00fcz\u00fcl\u00fcr ama, ne yapal\u0131m sa\u011fl\u0131k olsun, Umut ya\u015f\u0131yor biliyorum. Der. Sonra da Eylem&#8217;e, F\u00fcsun Teyzenin i\u00e7ti\u011fi bir su barda\u011f\u0131n\u0131 organizeye getirmesini ister. F\u00fcsun&#8217;un DNA&#8217;s\u0131 ile g\u00f6mlekteki kan\u0131 kar\u015f\u0131la\u015ft\u0131rmak ister.<\/p>\n<p><img loading=\"lazy\" decoding=\"async\" class=\"alignnone size-full wp-image-16554\" src=\"http:\/\/balcilar-blog.com\/wp-content\/uploads\/2016\/11\/CyX8zguUoAASHvj.jpg\" alt=\"cyx8zguuoaashvj\" width=\"640\" height=\"360\" srcset=\"https:\/\/balcilar-blog.com\/wp-content\/uploads\/2016\/11\/CyX8zguUoAASHvj.jpg 640w, https:\/\/balcilar-blog.com\/wp-content\/uploads\/2016\/11\/CyX8zguUoAASHvj-300x169.jpg 300w\" sizes=\"auto, (max-width: 640px) 100vw, 640px\" \/><\/p>\n<p>Celal Baba mekan\u0131na gelir, m\u00fc\u015fterileriyle ho\u015f be\u015f eder. &#8220;Benim i\u00e7in \u00f6ld\u00fc demi\u015fler, ke\u015fke haberim olsayd\u0131.&#8221; diyerek espri yapar. Minik Mestan&#8217;\u0131n resmini duvara asar. Baba; &#8220;Mestan benim evlad\u0131md\u0131, Mestan karde\u015finizden dualar\u0131n\u0131z\u0131 eksik etmeyin.&#8221; O s\u0131rada Sarp i\u00e7eri girer. &#8220;Bundan b\u00f6yle bana g\u00f6sterdi\u011finiz h\u00fcrmeti Sarp&#8217;a da g\u00f6stereceksiniz. Art\u0131k o benim en has adam\u0131md\u0131r, sizlerden ricas\u0131 olursa yerine getireceksiniz.&#8221; B\u00fct\u00fcn m\u00fc\u015fteriler emrin olur diyerek cevap verir.<\/p>\n<p><img loading=\"lazy\" decoding=\"async\" class=\"alignnone size-full wp-image-16565\" src=\"http:\/\/balcilar-blog.com\/wp-content\/uploads\/2016\/11\/Ekran-Al\u0131nt\u0131s\u0131\u0130\u00c7.11.2.jpg\" alt=\"ekran-alintisiic-11-2\" width=\"640\" height=\"363\" srcset=\"https:\/\/balcilar-blog.com\/wp-content\/uploads\/2016\/11\/Ekran-Al\u0131nt\u0131s\u0131\u0130\u00c7.11.2.jpg 640w, https:\/\/balcilar-blog.com\/wp-content\/uploads\/2016\/11\/Ekran-Al\u0131nt\u0131s\u0131\u0130\u00c7.11.2-300x170.jpg 300w\" sizes=\"auto, (max-width: 640px) 100vw, 640px\" \/><\/p>\n<p>Celal Baba adamlar\u0131na talimat verir. Art\u0131k tek i\u015finiz var, o da Alyanak&#8217;\u0131 bulmak. Her deli\u011fe bak\u0131n. Adamlar da\u011f\u0131l\u0131rken, Davut ve Sarp&#8217;\u0131 kalmas\u0131n\u0131 ister. Sarp&#8217;a Alyanak&#8217;\u0131n otopark\u0131 art\u0131k senin. B\u00fct\u00fcn otoparklar\u0131n sorumlusu da sensin bundan b\u00f6yle. Davut&#8217;a, otopark\u00e7\u0131lara topla bundan b\u00f6yle Sarp&#8217;a \u00e7al\u0131\u015facaklar\u0131n\u0131 s\u00f6yle. Sarp&#8217;a; yeni evinin anahtar\u0131 diye anahtar verir, art\u0131k otopark k\u00f6\u015felerinde yatmak yok. Sarp, Celal Baba ben b\u00f6yle iyiyim, bozma keyfime&#8230; Diyerek anahtarlar\u0131 geri verir. Baba Davut&#8217;a de\u011fi\u015fik bu adam der ve hadi Alyanak&#8217;\u0131 bulun getirin bana.<\/p>\n<p><img loading=\"lazy\" decoding=\"async\" class=\"alignnone size-full wp-image-16504\" src=\"http:\/\/balcilar-blog.com\/wp-content\/uploads\/2016\/11\/Ekran-Al\u0131nt\u0131s\u0131\u0130\u00c7R.11.FR_.7D.jpg\" alt=\"ekran-alintisiicr-11-fr-7d\" width=\"640\" height=\"365\" srcset=\"https:\/\/balcilar-blog.com\/wp-content\/uploads\/2016\/11\/Ekran-Al\u0131nt\u0131s\u0131\u0130\u00c7R.11.FR_.7D.jpg 640w, https:\/\/balcilar-blog.com\/wp-content\/uploads\/2016\/11\/Ekran-Al\u0131nt\u0131s\u0131\u0130\u00c7R.11.FR_.7D-300x171.jpg 300w\" sizes=\"auto, (max-width: 640px) 100vw, 640px\" \/><\/p>\n<p>\u00c7\u0131k\u0131\u015fta Davut ile Sarp biraz h\u0131rla\u015f\u0131rlar. Sarp Davut&#8217;a Celal Baban\u0131n bana olan sevgisini hazmedemedi\u011fini s\u00f6yler. Davut, dikkat et havaya girme Sarp&#8217;a sarars\u0131n sonra. Sarp Davut&#8217;a; &#8220;Bana bak Davut o\u011flan, Celal Baban\u0131n k\u0131z\u0131 Melekten uzak dur. K\u0131z\u0131n foto\u011fraflar\u0131n\u0131 \u00e7ekip dolab\u0131na m\u0131 sakl\u0131yorsun sap\u0131k herif.&#8221; Bida senin onun etraf\u0131nda g\u00f6rmicem deyince, Davut ka\u00e7\u0131n\u0131lmaz sona do\u011fru gidiyoruz. Ya sen, ya ben diye rest \u00e7eker.<\/p>\n<p>Eylem, su barda\u011f\u0131n\u0131 al\u0131r. Yolda telefonuna mail gelir. &#8220;Blok sitesini niye kapatt\u0131n, daha \u00e7ok i\u015f yapaca\u011f\u0131z seninle.&#8221; G\u00f6nderen y\u00fcz\u00fckl\u00fc Co\u015fkun&#8217;dur. Eylem, o adam \u00f6d\u00fc dese de, Co\u015fkun, haberin kayna\u011f\u0131 esas adam ya\u015f\u0131yor. Bende \u00e7ok haber var diyerek bir internet cafeden mesaj atar.<\/p>\n<p><img loading=\"lazy\" decoding=\"async\" class=\"alignnone size-full wp-image-16552\" src=\"http:\/\/balcilar-blog.com\/wp-content\/uploads\/2016\/11\/CyX7gHNXUAAOSWX.jpg\" alt=\"cyx7ghnxuaaoswx\" width=\"640\" height=\"360\" srcset=\"https:\/\/balcilar-blog.com\/wp-content\/uploads\/2016\/11\/CyX7gHNXUAAOSWX.jpg 640w, https:\/\/balcilar-blog.com\/wp-content\/uploads\/2016\/11\/CyX7gHNXUAAOSWX-300x169.jpg 300w\" sizes=\"auto, (max-width: 640px) 100vw, 640px\" \/><\/p>\n<p>Eylem, panik i\u00e7inde Mert&#8217;e telefon a\u00e7ar. Sonrada bas\u0131n odas\u0131nda bulu\u015furlar.<\/p>\n<p><img loading=\"lazy\" decoding=\"async\" class=\"alignnone size-full wp-image-16543\" src=\"http:\/\/balcilar-blog.com\/wp-content\/uploads\/2016\/11\/CyXqmcZXEAES8hX.jpg\" alt=\"cyxqmczxeaes8hx\" width=\"640\" height=\"360\" srcset=\"https:\/\/balcilar-blog.com\/wp-content\/uploads\/2016\/11\/CyXqmcZXEAES8hX.jpg 640w, https:\/\/balcilar-blog.com\/wp-content\/uploads\/2016\/11\/CyXqmcZXEAES8hX-300x169.jpg 300w\" sizes=\"auto, (max-width: 640px) 100vw, 640px\" \/><\/p>\n<p>Mert de \u015fa\u015f\u0131r, Eylem&#8217;e halledece\u011fiz diyerek teselli eder. Polis olarak seni korurum, sevdi\u011fim olarak can\u0131m\u0131 ortaya koyar\u0131m. Cevap yazarlar, haber ile ilendi\u011fini, gerekli belgeleri getir gazetede yay\u0131nlar\u0131m. Bulu\u015fma yerini s\u00f6yle&#8230;<\/p>\n<p><img loading=\"lazy\" decoding=\"async\" class=\"alignnone size-full wp-image-16569\" src=\"http:\/\/balcilar-blog.com\/wp-content\/uploads\/2016\/11\/Ekran-Al\u0131nt\u0131s\u0131\u0130\u00c7.11.9.jpg\" alt=\"ekran-alintisiic-11-9\" width=\"640\" height=\"358\" srcset=\"https:\/\/balcilar-blog.com\/wp-content\/uploads\/2016\/11\/Ekran-Al\u0131nt\u0131s\u0131\u0130\u00c7.11.9.jpg 640w, https:\/\/balcilar-blog.com\/wp-content\/uploads\/2016\/11\/Ekran-Al\u0131nt\u0131s\u0131\u0130\u00c7.11.9-300x168.jpg 300w\" sizes=\"auto, (max-width: 640px) 100vw, 640px\" \/><\/p>\n<p>Sarp Melek ile bulu\u015fur. \u00d6zlem ile sar\u0131l\u0131rlar. Melek&#8217;in arabas\u0131nda oturup konu\u015furlar. Sarp, sen bana yard\u0131m ettin diyerek te\u015fekk\u00fcr eder. Melek, iyi ki hayat\u0131mdas\u0131n der. Celal Baban\u0131n dilinden d\u00fc\u015fm\u00fcyorsun, onun kahraman\u0131s\u0131n. Sarp, Melek&#8217;in Celal&#8217;in ger\u00e7ek k\u0131z\u0131 oldu\u011funu biliyor ya, Melek&#8217;i yoklar. Ger\u00e7ek bir baba-k\u0131z gibisiniz der. Mele\u011fin ger\u00e7ek k\u0131z\u0131 oldu\u011funu bilip bilmedi\u011fini yoklar. Celal Baban\u0131n kalbine girersen, \u00f6z k\u0131z\u0131, \u00f6z o\u011flu olmana bile gerek yok.<\/p>\n<p><img loading=\"lazy\" decoding=\"async\" class=\"alignnone size-full wp-image-16577\" src=\"http:\/\/balcilar-blog.com\/wp-content\/uploads\/2016\/11\/Ekran-Al\u0131nt\u0131s\u0131\u0130\u00c7.11.5-1.jpg\" alt=\"ekran-alintisiic-11-5\" width=\"640\" height=\"355\" srcset=\"https:\/\/balcilar-blog.com\/wp-content\/uploads\/2016\/11\/Ekran-Al\u0131nt\u0131s\u0131\u0130\u00c7.11.5-1.jpg 640w, https:\/\/balcilar-blog.com\/wp-content\/uploads\/2016\/11\/Ekran-Al\u0131nt\u0131s\u0131\u0130\u00c7.11.5-1-300x166.jpg 300w\" sizes=\"auto, (max-width: 640px) 100vw, 640px\" \/><\/p>\n<p>Sarp polisteki Selami ile g\u00f6r\u00fc\u015f\u00fcr, s\u0131k\u0131\u015ft\u0131r\u0131r, Alyanak&#8217;\u0131n ba\u011f nevinin adresini al\u0131r. M\u00fcd\u00fcr Yusuf&#8217;a bildirir. Yusuf da adresi ve g\u00f6revi Mert&#8217;e verir. Mert, adresi Celal Babaya paslar. Baba da Sarp&#8217;\u0131 arar, o adresi verir, polisten \u00f6nce Alyanak&#8217;\u0131 almas\u0131n\u0131 ister. Sarp da al\u0131r \u00e7ifte tabancay\u0131 do\u011fruca ba\u011f evine gider.<\/p>\n<p><img loading=\"lazy\" decoding=\"async\" class=\"alignnone size-full wp-image-16548\" src=\"http:\/\/balcilar-blog.com\/wp-content\/uploads\/2016\/11\/CyHkonRXcAEdpa5.jpg\" alt=\"cyhkonrxcaedpa5\" width=\"640\" height=\"420\" srcset=\"https:\/\/balcilar-blog.com\/wp-content\/uploads\/2016\/11\/CyHkonRXcAEdpa5.jpg 640w, https:\/\/balcilar-blog.com\/wp-content\/uploads\/2016\/11\/CyHkonRXcAEdpa5-300x197.jpg 300w\" sizes=\"auto, (max-width: 640px) 100vw, 640px\" \/><\/p>\n<p>Alyanak kasadaki paralar\u0131 \u00e7antaya doldurur. Mert de bah\u00e7e kenar\u0131ndan Sarp&#8217;\u0131 g\u00f6zetler. Sarp Alyanak&#8217;\u0131 yakalar, koyar \u00f6n\u00fcne.<\/p>\n<p><img loading=\"lazy\" decoding=\"async\" class=\"alignnone size-full wp-image-16545\" src=\"http:\/\/balcilar-blog.com\/wp-content\/uploads\/2016\/11\/Cyb06_RXEAAl61T.jpg\" alt=\"cyb06_rxeaal61t\" width=\"640\" height=\"396\" srcset=\"https:\/\/balcilar-blog.com\/wp-content\/uploads\/2016\/11\/Cyb06_RXEAAl61T.jpg 640w, https:\/\/balcilar-blog.com\/wp-content\/uploads\/2016\/11\/Cyb06_RXEAAl61T-300x186.jpg 300w\" sizes=\"auto, (max-width: 640px) 100vw, 640px\" \/><\/p>\n<p>Alyanak bu ya, Sarp&#8217;\u0131n karde\u015fi Umut&#8217;u arad\u0131\u011f\u0131n\u0131 biliyor. Ben sana Umut&#8217;a nerede oldu\u011funu bilen Necip Uyan\u0131k&#8217;a g\u00f6t\u00fcrece\u011fini s\u00f6yler, Harbiye&#8217;deki bir pavyona do\u011fru yola \u00e7\u0131karlar. Mert de pe\u015flerine d\u00fc\u015fer.<\/p>\n<p><img loading=\"lazy\" decoding=\"async\" class=\"alignnone size-full wp-image-16497\" src=\"http:\/\/balcilar-blog.com\/wp-content\/uploads\/2016\/11\/Ekran-Al\u0131nt\u0131s\u0131i\u00e7erde.11.fr_.5.jpg\" alt=\"ekran-alintisiicerde-11-fr-5\" width=\"640\" height=\"435\" srcset=\"https:\/\/balcilar-blog.com\/wp-content\/uploads\/2016\/11\/Ekran-Al\u0131nt\u0131s\u0131i\u00e7erde.11.fr_.5.jpg 640w, https:\/\/balcilar-blog.com\/wp-content\/uploads\/2016\/11\/Ekran-Al\u0131nt\u0131s\u0131i\u00e7erde.11.fr_.5-300x204.jpg 300w\" sizes=\"auto, (max-width: 640px) 100vw, 640px\" \/><\/p>\n<p>Polis ekibi eve gelir, ev bo\u015f. O s\u0131rda Davut da gelir. Davut&#8217;un \u00fcst\u00fcnden tabanca \u00e7\u0131k\u0131nca tutuklamak isterler. Ruhsat\u0131 g\u00f6sterince b\u0131rak\u0131rlar.<\/p>\n<p>Sarp bir yerde durur, Arabadan iner, M\u00fcd\u00fcr\u00fc Yusuf&#8217;u arar. Alyanak bende, polislere veremem, beni Necip Uyan\u0131k&#8217;a g\u00f6t\u00fcrecek, ucunda Umut var, der. M\u00fcd\u00fcr oyuna geliyorsun Sarp dese de Sarp dinlemez. M\u00fcd\u00fcr Yusuf da Sarp&#8217;\u0131n telefondaki konuma g\u00f6re pe\u015fine d\u00fc\u015fer.<\/p>\n<p><img loading=\"lazy\" decoding=\"async\" class=\"alignnone size-full wp-image-16568\" src=\"http:\/\/balcilar-blog.com\/wp-content\/uploads\/2016\/11\/Ekran-Al\u0131nt\u0131s\u0131\u0130\u00c7.11.7.jpg\" alt=\"ekran-alintisiic-11-7\" width=\"640\" height=\"365\" srcset=\"https:\/\/balcilar-blog.com\/wp-content\/uploads\/2016\/11\/Ekran-Al\u0131nt\u0131s\u0131\u0130\u00c7.11.7.jpg 640w, https:\/\/balcilar-blog.com\/wp-content\/uploads\/2016\/11\/Ekran-Al\u0131nt\u0131s\u0131\u0130\u00c7.11.7-300x171.jpg 300w\" sizes=\"auto, (max-width: 640px) 100vw, 640px\" \/><\/p>\n<p>Sarp&#8217;\u0131 i\u00e7erde boynuna ald\u0131\u011f\u0131 bir sopa darbesi ile yere d\u00fc\u015fer. Alyanak al\u0131r b\u0131\u00e7a\u011f\u0131 bo\u011faz\u0131n\u0131 kesmeye kalkar. Tam bu s\u0131rada Mert Sarp&#8217;\u0131n imdad\u0131na yeti\u015fir.<\/p>\n<p><img loading=\"lazy\" decoding=\"async\" class=\"alignnone size-full wp-image-16580\" src=\"http:\/\/balcilar-blog.com\/wp-content\/uploads\/2016\/11\/Ekran-Al\u0131nt\u0131s\u0131-\u0130\u00c7.11.MERT_.jpg\" alt=\"ekran-alintisi-ic-11-mert\" width=\"640\" height=\"356\" srcset=\"https:\/\/balcilar-blog.com\/wp-content\/uploads\/2016\/11\/Ekran-Al\u0131nt\u0131s\u0131-\u0130\u00c7.11.MERT_.jpg 640w, https:\/\/balcilar-blog.com\/wp-content\/uploads\/2016\/11\/Ekran-Al\u0131nt\u0131s\u0131-\u0130\u00c7.11.MERT_-300x167.jpg 300w\" sizes=\"auto, (max-width: 640px) 100vw, 640px\" \/><\/p>\n<p>\u00dc\u00e7 el tabanca atarak i\u00e7eri dalar. Alyanak, geldi organize, adam polis der. Mert, Sarp&#8217;\u0131 elini aya\u011f\u0131n\u0131 \u00e7\u00f6zd\u00fcr\u00fcr. Sarp eline ald\u0131\u011f\u0131 sopa ile herkesi k\u0131rar, ge\u00e7irir. Sonra da Mert ile Sarp birlikte kendilerini d\u0131\u015far\u0131 atarlar. Alyanak pe\u015flerinden ko\u015far ama nafile&#8230; Sarp Mert&#8217;e niye bana yard\u0131m ettin, niye yap\u0131yorsun? Mert, F\u00fcsun Teyze i\u00e7in. Hala ya\u015fad\u0131\u011f\u0131n\u0131 inan\u0131yor Umut&#8217;un.<\/p>\n<p><img loading=\"lazy\" decoding=\"async\" class=\"alignnone size-full wp-image-16579\" src=\"http:\/\/balcilar-blog.com\/wp-content\/uploads\/2016\/11\/Ekran-Al\u0131nt\u0131s\u0131\u0130\u00c7.11.11.jpg\" alt=\"ekran-alintisiic-11-11\" width=\"640\" height=\"359\" srcset=\"https:\/\/balcilar-blog.com\/wp-content\/uploads\/2016\/11\/Ekran-Al\u0131nt\u0131s\u0131\u0130\u00c7.11.11.jpg 640w, https:\/\/balcilar-blog.com\/wp-content\/uploads\/2016\/11\/Ekran-Al\u0131nt\u0131s\u0131\u0130\u00c7.11.11-300x168.jpg 300w\" sizes=\"auto, (max-width: 640px) 100vw, 640px\" \/><\/p>\n<p>Mert, Umut&#8217;u bulsan, F\u00fcsun Teyseye g\u00f6t\u00fcrsem, hi\u00e7 olmad\u0131k kadar mutlu olurdu. Onun hat\u0131r\u0131na yani&#8230; D\u00f6ner giderken, bu mesele aram\u0131zda kalacak ona g\u00f6re.<\/p>\n<p>Sarp arabas\u0131n\u0131 park etti\u011fi yerde M\u00fcd\u00fcr Yusuf ile kar\u015f\u0131la\u015f\u0131r. Para dolu \u00e7antay\u0131 Yusuf&#8217;a verir, al Alyanak&#8217;tan geri kalan. Yusuf, ne oldu? Sarp; Dedi\u011fin gibi oldu tuzak kurdu. Ne yapay\u0131m m\u00fcd\u00fcr\u00fcm, Necip deyince akan sular durdu. Yapmasam\u0131yd\u0131m deyince Yusuf sen de hakl\u0131s\u0131n! Sarp \u00e7ok sinirlenir, etraf\u0131 yumruklar. Alyanak&#8217;\u0131 bul m\u00fcd\u00fcr\u00fcm, b\u00fct\u00fcn paras\u0131 gitti. O Kenan&#8217;a gelecektir gene&#8230; Yusuf, senin i\u00e7in yapaca\u011f\u0131m.<\/p>\n<p><img loading=\"lazy\" decoding=\"async\" class=\"alignnone size-full wp-image-16581\" src=\"http:\/\/balcilar-blog.com\/wp-content\/uploads\/2016\/11\/Ekran-Al\u0131nt\u0131s\u0131\u0130\u00c7.11.12.jpg\" alt=\"ekran-alintisiic-11-12\" width=\"640\" height=\"355\" srcset=\"https:\/\/balcilar-blog.com\/wp-content\/uploads\/2016\/11\/Ekran-Al\u0131nt\u0131s\u0131\u0130\u00c7.11.12.jpg 640w, https:\/\/balcilar-blog.com\/wp-content\/uploads\/2016\/11\/Ekran-Al\u0131nt\u0131s\u0131\u0130\u00c7.11.12-300x166.jpg 300w\" sizes=\"auto, (max-width: 640px) 100vw, 640px\" \/><\/p>\n<p>Co\u015fkun Celal&#8217;den intikam pe\u015findedir. Eski mekan\u0131nda adam\u0131 Hayati ile bulu\u015fur. Eski g\u00fcnler akl\u0131na gelir, r\u00fczgar eken f\u0131rt\u0131na bi\u00e7er. Co\u015fkun \u00e7\u0131k\u0131nca ayn\u0131 yere Melek gelir. Ayn\u0131 yere Melek gelir. Co\u015fkun onu tan\u0131r, elimde b\u00fcy\u00fcd\u00fc, Celal&#8217;in k\u0131z\u0131. Mert ile Melek bulu\u015fur, ge\u00e7mi\u015f g\u00fcnleri konu\u015furlar.<\/p>\n<p>Mert Necip&#8217;i ara\u015ft\u0131r\u0131r. \u00d6lm\u00fc\u015f oldu\u011funu \u00f6\u011frenir. \u00d6l\u00fcm belgesini \u00e7\u0131kart\u0131r. Bir zarfa koyar, Sarp&#8217;a bildirmek laz\u0131m. Daha sonra Sarp&#8217;\u0131n garaj kap\u0131s\u0131ndan i\u00e7eri atar ama, Sarp zarf\u0131 g\u00f6rmez, eline ge\u00e7mez. Sarp&#8217;a tam o s\u0131rada telefon gelir, arayan Necip taklidi yapan M\u00fcd\u00fcr Yusuf&#8217;dur. Sarp&#8217;\u0131 bir g\u00fczel i\u015fletir. Verece\u011fim adresi geleceksin, der. Yaln\u0131z gelmesini ister. Sarp aceleyle arabas\u0131na biner, bulu\u015fma yerine gider.<\/p>\n<p>Mert ile Eylem ba\u015fka bir bulu\u015fma pe\u015findedir. Co\u015fkun ile bulu\u015facak verece\u011fi evraklar\u0131 alacakt\u0131r. Mert Eylem&#8217;i arabadan indir. Korkmamas\u0131n\u0131 s\u00f6yler, bir g\u00fczel de \u00f6per. \u00d6p\u00fc\u015fme sonunda Eylem, tamam ben \u015fimdi daha iyiyim.<\/p>\n<p><img loading=\"lazy\" decoding=\"async\" class=\"alignnone size-full wp-image-16571\" src=\"http:\/\/balcilar-blog.com\/wp-content\/uploads\/2016\/11\/Ekran-Al\u0131nt\u0131s\u0131\u0130\u00c7.11.13.jpg\" alt=\"ekran-alintisiic-11-13\" width=\"640\" height=\"357\" srcset=\"https:\/\/balcilar-blog.com\/wp-content\/uploads\/2016\/11\/Ekran-Al\u0131nt\u0131s\u0131\u0130\u00c7.11.13.jpg 640w, https:\/\/balcilar-blog.com\/wp-content\/uploads\/2016\/11\/Ekran-Al\u0131nt\u0131s\u0131\u0130\u00c7.11.13-300x167.jpg 300w\" sizes=\"auto, (max-width: 640px) 100vw, 640px\" \/><\/p>\n<p>Eylem araba ile ilerdeki bulu\u015fma yerine park eder. Yan\u0131na pe\u00e7ete satan k\u00fc\u00e7\u00fck bir k\u0131z gelir. Sonra da bir zarf uzat\u0131r. Zarfta Celal Baban\u0131n foto\u011fraflar\u0131 ve yaz\u0131 vard\u0131r. Biner arabaya uzakla\u015f\u0131r. Pe\u015finden de bir araba takip eder. Mert de Eylem&#8217;in arabas\u0131na biner giden arabay\u0131 takip eder. Adam bir kahveye girer, oradan Co\u015fkun&#8217;u arar. Mert de pe\u015findedir. Adam \u00e7ay\u0131n\u0131 i\u00e7er, gelen telefona g\u00f6re kalkar gider.<\/p>\n<p>Di\u011fer tarafta Sarp bulu\u015fma yerine gelir. Necip geldim diye seslenir. Bak geldim, \u00e7\u0131k ortaya&#8230; Oyun yok, yaln\u0131z\u0131m. Gelen mikrofonik ses at silah\u0131n\u0131 yere&#8230; Sarp, nas\u0131l istersen necip der, tabancalar\u0131 yere atar. I\u015f\u0131k seline do\u011fru bakar, ba\u015fka bir iste\u011fin var m\u0131 Necip?<br \/>\n<img loading=\"lazy\" decoding=\"async\" class=\"alignnone size-full wp-image-16572\" src=\"http:\/\/balcilar-blog.com\/wp-content\/uploads\/2016\/11\/Ekran-Al\u0131nt\u0131s\u0131\u0130\u00c7.11.14D.jpg\" alt=\"ekran-alintisiic-11-14d\" width=\"640\" height=\"361\" srcset=\"https:\/\/balcilar-blog.com\/wp-content\/uploads\/2016\/11\/Ekran-Al\u0131nt\u0131s\u0131\u0130\u00c7.11.14D.jpg 640w, https:\/\/balcilar-blog.com\/wp-content\/uploads\/2016\/11\/Ekran-Al\u0131nt\u0131s\u0131\u0130\u00c7.11.14D-300x169.jpg 300w\" sizes=\"auto, (max-width: 640px) 100vw, 640px\" \/><\/p>\n<p>Sarp, s\u00f6yle Umut nerde? Yakla\u015fma yerinde kal. Yoksa bi daha beni g\u00f6rmezsin. Sarp, g\u00f6r\u00fcr\u00fcm be Necip. Sarp, \u00e7\u0131k o \u0131\u015f\u0131\u011f\u0131n \u00f6n\u00fcne, \u00e7\u0131ksana&#8230; \u00c7\u0131k dedim m\u00fcd\u00fcr\u00fcm \u00e7\u0131k, biliyorum senin oldu\u011funu&#8230; Sarp uyanm\u0131\u015f M\u00fcd\u00fcr\u00fc Yusuf&#8217;u tan\u0131m\u0131\u015ft\u0131r.<\/p>\n<p><img loading=\"lazy\" decoding=\"async\" class=\"alignnone size-full wp-image-16574\" src=\"http:\/\/balcilar-blog.com\/wp-content\/uploads\/2016\/11\/Ekran-Al\u0131nt\u0131s\u0131\u0130\u00c7.11.15.jpg\" alt=\"ekran-alintisiic-11-15\" width=\"640\" height=\"355\" srcset=\"https:\/\/balcilar-blog.com\/wp-content\/uploads\/2016\/11\/Ekran-Al\u0131nt\u0131s\u0131\u0130\u00c7.11.15.jpg 640w, https:\/\/balcilar-blog.com\/wp-content\/uploads\/2016\/11\/Ekran-Al\u0131nt\u0131s\u0131\u0130\u00c7.11.15-300x166.jpg 300w\" sizes=\"auto, (max-width: 640px) 100vw, 640px\" \/><\/p>\n<p>Co\u015fkun adam\u0131 ile arabada bulu\u015fur. Pe\u015finden Mert gelir. Araban\u0131n yan\u0131ndan ge\u00e7er. Co\u015fkun plan\u0131n\u0131 a\u00e7\u0131klar. Biz k\u0131z\u0131n kafas\u0131na s\u0131kaca\u011f\u0131z, polis de Celal&#8217;den bilecek&#8230; Mert o me\u015fhur, tak, tak tak sesini duyar. Geriye bakar, Co\u015fkun ile g\u00f6z g\u00f6ze gelir.<\/p>\n<p><img loading=\"lazy\" decoding=\"async\" class=\"alignnone size-full wp-image-16575\" src=\"http:\/\/balcilar-blog.com\/wp-content\/uploads\/2016\/11\/Ekran-Al\u0131nt\u0131s\u0131\u0130\u00c7.11.15D.jpg\" alt=\"ekran-alintisiic-11-15d\" width=\"640\" height=\"358\" srcset=\"https:\/\/balcilar-blog.com\/wp-content\/uploads\/2016\/11\/Ekran-Al\u0131nt\u0131s\u0131\u0130\u00c7.11.15D.jpg 640w, https:\/\/balcilar-blog.com\/wp-content\/uploads\/2016\/11\/Ekran-Al\u0131nt\u0131s\u0131\u0130\u00c7.11.15D-300x168.jpg 300w\" sizes=\"auto, (max-width: 640px) 100vw, 640px\" \/><\/p>\n<p>Bu Co\u015fkun&#8217;un ta kendisidir.<\/p>\n<p><img loading=\"lazy\" decoding=\"async\" class=\"alignnone size-full wp-image-16573\" src=\"http:\/\/balcilar-blog.com\/wp-content\/uploads\/2016\/11\/Ekran-Al\u0131nt\u0131s\u0131\u0130\u00c7.11.14ED.jpg\" alt=\"ekran-alintisiic-11-14ed\" width=\"640\" height=\"376\" srcset=\"https:\/\/balcilar-blog.com\/wp-content\/uploads\/2016\/11\/Ekran-Al\u0131nt\u0131s\u0131\u0130\u00c7.11.14ED.jpg 640w, https:\/\/balcilar-blog.com\/wp-content\/uploads\/2016\/11\/Ekran-Al\u0131nt\u0131s\u0131\u0130\u00c7.11.14ED-300x176.jpg 300w\" sizes=\"auto, (max-width: 640px) 100vw, 640px\" \/><\/p>\n<p>Ve 11.B\u00f6l\u00fcm burada sona erer.<\/p>\n<p><img loading=\"lazy\" decoding=\"async\" class=\"alignnone size-full wp-image-16576\" src=\"http:\/\/balcilar-blog.com\/wp-content\/uploads\/2016\/11\/Ekran-Al\u0131nt\u0131s\u0131\u0130\u00c7.11SON.jpg\" alt=\"ekran-alintisiic-11son\" width=\"640\" height=\"356\" srcset=\"https:\/\/balcilar-blog.com\/wp-content\/uploads\/2016\/11\/Ekran-Al\u0131nt\u0131s\u0131\u0130\u00c7.11SON.jpg 640w, https:\/\/balcilar-blog.com\/wp-content\/uploads\/2016\/11\/Ekran-Al\u0131nt\u0131s\u0131\u0130\u00c7.11SON-300x167.jpg 300w\" sizes=\"auto, (max-width: 640px) 100vw, 640px\" \/><\/p>\n<p>\u015eimdi ne olacak, bir tarafta Mert, bir tarafta Co\u015fkun. Di\u011fer tarafta Sarp, ona eziyet \u00e7ektiren, aldatan M\u00fcd\u00fcr Yusuf! Kim kime iyilik yapacak, tersi kim kime k\u00f6t\u00fcl\u00fck&#8230;<\/p>\n<p>\u0130\u00e7erde herkesleri i\u00e7eri ald\u0131. \u0130lk ba\u015fta da s\u00f6yledi\u011fimiz gibi reytingler \u00e7ok g\u00fczel geliyor.<\/p>\n<p><img loading=\"lazy\" decoding=\"async\" class=\"alignnone size-full wp-image-16544\" src=\"http:\/\/balcilar-blog.com\/wp-content\/uploads\/2016\/11\/CyamdW7XUAAMPqs.jpg\" alt=\"cyamdw7xuaampqs\" width=\"480\" height=\"480\" srcset=\"https:\/\/balcilar-blog.com\/wp-content\/uploads\/2016\/11\/CyamdW7XUAAMPqs.jpg 480w, https:\/\/balcilar-blog.com\/wp-content\/uploads\/2016\/11\/CyamdW7XUAAMPqs-150x150.jpg 150w, https:\/\/balcilar-blog.com\/wp-content\/uploads\/2016\/11\/CyamdW7XUAAMPqs-300x300.jpg 300w\" sizes=\"auto, (max-width: 480px) 100vw, 480px\" \/><\/p>\n<p>Pazartesi G\u00fcn\u00fc Sosyal Medyada En \u00c7ok Konu\u015fulan Dizi <a class=\"twitter-hashtag pretty-link js-nav\" dir=\"ltr\" href=\"https:\/\/twitter.com\/hashtag\/%C4%B0%C3%87ERDE?src=hash\" data-query-source=\"hashtag_click\"><s>#<\/s><b>\u0130\u00c7ERDE<\/b><\/a> Olurken En \u00c7ok Konu\u015fulan Karakter \u0130se <strong>SARP<\/strong> Oldu. <a class=\"twitter-atreply pretty-link js-nav\" dir=\"ltr\" href=\"https:\/\/twitter.com\/cagatayulusoyy\" data-mentioned-user-id=\"1545689918\"><s>@<\/s><b>cagatayulusoyy<\/b><\/a><\/p>\n<p><img loading=\"lazy\" decoding=\"async\" class=\"alignnone size-full wp-image-16566\" src=\"http:\/\/balcilar-blog.com\/wp-content\/uploads\/2016\/11\/Ekran-Al\u0131nt\u0131s\u0131\u0130\u00c7.11.4D.jpg\" alt=\"ekran-alintisiic-11-4d\" width=\"640\" height=\"361\" srcset=\"https:\/\/balcilar-blog.com\/wp-content\/uploads\/2016\/11\/Ekran-Al\u0131nt\u0131s\u0131\u0130\u00c7.11.4D.jpg 640w, https:\/\/balcilar-blog.com\/wp-content\/uploads\/2016\/11\/Ekran-Al\u0131nt\u0131s\u0131\u0130\u00c7.11.4D-300x169.jpg 300w\" sizes=\"auto, (max-width: 640px) 100vw, 640px\" \/><\/p>\n<p>Kim ne s\u00f6ylerse s\u00f6ylesin \u0130\u00e7erde s\u00fcper bir dizi. Herkesi i\u00e7eri alarak kendisini seyrettiriyor. Art\u0131k \u0130\u00e7erde Show Tv&#8217;nin fenomen dizisi&#8230; Kim iyi, kim k\u00f6t\u00fc&#8230; Karar\u0131 izleyiciler verecek!<\/p>\n<p>Keyifli Seyirler.<\/p>\n<p>Sayg\u0131lar ve sevgiler.<\/p>\n<p>Abdurrahman Balc\u0131lar<\/p>\n<p>Twitter:\u00a0<a href=\"https:\/\/twitter.com\/abbalcilar\">abdurrahman balc\u0131lar<\/a><a href=\"https:\/\/twitter.com\/abbalcilar\"><strong>@abbalcilar<\/strong><\/a><\/p>\n<p>Mail :\u00a0<a href=\"mailto:ab.balcilar@hotmail.com\">ab.balcilar@hotmail.com<\/a><\/p>\n<p>Blog:\u00a0<a href=\"http:\/\/t.co\/znqmIZgIqn\">blog.milliyet.com.tr\/cansever<\/a><\/p>\n<p>Blog:\u00a0<strong>balcilar-blog.com<\/strong><\/p>\n<p>&nbsp;<\/p>\n","protected":false},"excerpt":{"rendered":"<p>Ay Yap\u0131m imzal\u0131 Show Tv&#8217;nin fenomen dizisi \u0130\u00e7erde dolu dizgin gidiyor. \u00d6nceki ak\u015fam gene Pazartesi gecenin liderli\u011fin her 3 kategoride kimseye kapt\u0131rmad\u0131. Reytinglerin tepesine oturdu. \u0130\u00e7erde; \u0130ylerin k\u00f6t\u00fclerin harman oldu\u011fu bir dizi&#8230;\u00a0Kim iyi? Kim k\u00f6t\u00fc? Celal Baba m\u0131? Davut mu? Co\u015fkun mu? Sarp m\u0131? Melek mi? Mert mi? Yoksa M\u00fcd\u00fcr Yusuf mu? Eylem mi? Alyanak [&hellip;]<\/p>\n","protected":false},"author":3,"featured_media":16582,"comment_status":"open","ping_status":"open","sticky":false,"template":"","format":"standard","meta":{"footnotes":""},"categories":[2],"tags":[533,15,693,1219],"class_list":["post-16541","post","type-post","status-publish","format-standard","has-post-thumbnail","hentry","category-tv-programlari","tag-aras-bulut-iynemli","tag-cagatay-ulusoy","tag-cetin-tekindor","tag-icerde"],"views":5536,"blog_post_layout_featured_media_urls":{"thumbnail":["https:\/\/balcilar-blog.com\/wp-content\/uploads\/2016\/11\/cats-\u0130\u00c7ERDE-150x150.jpg",150,150,true],"full":["https:\/\/balcilar-blog.com\/wp-content\/uploads\/2016\/11\/cats-\u0130\u00c7ERDE.jpg",640,411,false]},"categories_names":{"2":{"name":"TV Programlar\u0131","link":"https:\/\/balcilar-blog.com\/?cat=2"}},"tags_names":{"533":{"name":"Aras Bulut \u0130ynemli","link":"https:\/\/balcilar-blog.com\/?tag=aras-bulut-iynemli"},"15":{"name":"\u00e7a\u011fatay ulusoy","link":"https:\/\/balcilar-blog.com\/?tag=cagatay-ulusoy"},"693":{"name":"\u00c7etin Tekindor","link":"https:\/\/balcilar-blog.com\/?tag=cetin-tekindor"},"1219":{"name":"\u0130\u00c7ERDE","link":"https:\/\/balcilar-blog.com\/?tag=icerde"}},"comments_number":"0","wpmagazine_modules_lite_featured_media_urls":{"thumbnail":["https:\/\/balcilar-blog.com\/wp-content\/uploads\/2016\/11\/cats-\u0130\u00c7ERDE-150x150.jpg",150,150,true],"cvmm-medium":["https:\/\/balcilar-blog.com\/wp-content\/uploads\/2016\/11\/cats-\u0130\u00c7ERDE.jpg",300,193,false],"cvmm-medium-plus":["https:\/\/balcilar-blog.com\/wp-content\/uploads\/2016\/11\/cats-\u0130\u00c7ERDE.jpg",305,196,false],"cvmm-portrait":["https:\/\/balcilar-blog.com\/wp-content\/uploads\/2016\/11\/cats-\u0130\u00c7ERDE.jpg",400,257,false],"cvmm-medium-square":["https:\/\/balcilar-blog.com\/wp-content\/uploads\/2016\/11\/cats-\u0130\u00c7ERDE.jpg",600,385,false],"cvmm-large":["https:\/\/balcilar-blog.com\/wp-content\/uploads\/2016\/11\/cats-\u0130\u00c7ERDE.jpg",640,411,false],"cvmm-small":["https:\/\/balcilar-blog.com\/wp-content\/uploads\/2016\/11\/cats-\u0130\u00c7ERDE.jpg",130,83,false],"full":["https:\/\/balcilar-blog.com\/wp-content\/uploads\/2016\/11\/cats-\u0130\u00c7ERDE.jpg",640,411,false]},"_links":{"self":[{"href":"https:\/\/balcilar-blog.com\/index.php?rest_route=\/wp\/v2\/posts\/16541","targetHints":{"allow":["GET"]}}],"collection":[{"href":"https:\/\/balcilar-blog.com\/index.php?rest_route=\/wp\/v2\/posts"}],"about":[{"href":"https:\/\/balcilar-blog.com\/index.php?rest_route=\/wp\/v2\/types\/post"}],"author":[{"embeddable":true,"href":"https:\/\/balcilar-blog.com\/index.php?rest_route=\/wp\/v2\/users\/3"}],"replies":[{"embeddable":true,"href":"https:\/\/balcilar-blog.com\/index.php?rest_route=%2Fwp%2Fv2%2Fcomments&post=16541"}],"version-history":[{"count":4,"href":"https:\/\/balcilar-blog.com\/index.php?rest_route=\/wp\/v2\/posts\/16541\/revisions"}],"predecessor-version":[{"id":16583,"href":"https:\/\/balcilar-blog.com\/index.php?rest_route=\/wp\/v2\/posts\/16541\/revisions\/16583"}],"wp:featuredmedia":[{"embeddable":true,"href":"https:\/\/balcilar-blog.com\/index.php?rest_route=\/wp\/v2\/media\/16582"}],"wp:attachment":[{"href":"https:\/\/balcilar-blog.com\/index.php?rest_route=%2Fwp%2Fv2%2Fmedia&parent=16541"}],"wp:term":[{"taxonomy":"category","embeddable":true,"href":"https:\/\/balcilar-blog.com\/index.php?rest_route=%2Fwp%2Fv2%2Fcategories&post=16541"},{"taxonomy":"post_tag","embeddable":true,"href":"https:\/\/balcilar-blog.com\/index.php?rest_route=%2Fwp%2Fv2%2Ftags&post=16541"}],"curies":[{"name":"wp","href":"https:\/\/api.w.org\/{rel}","templated":true}]}}