{"id":16512,"date":"2016-11-26T14:08:11","date_gmt":"2016-11-26T11:08:11","guid":{"rendered":"http:\/\/balcilar-blog.com\/?p=16512"},"modified":"2016-11-26T14:44:41","modified_gmt":"2016-11-26T11:44:41","slug":"babam-ve-ailesi-boyle-ana-olmaz-olsun-dedirtti","status":"publish","type":"post","link":"https:\/\/balcilar-blog.com\/?p=16512","title":{"rendered":"Babam ve Ailesi; B\u00f6yle ana olmaz olsun dedirtti!"},"content":{"rendered":"<p><img loading=\"lazy\" decoding=\"async\" class=\"alignnone size-full wp-image-16514\" src=\"http:\/\/balcilar-blog.com\/wp-content\/uploads\/2016\/11\/hqdefault-1.jpg\" alt=\"hqdefault\" width=\"640\" height=\"377\" srcset=\"https:\/\/balcilar-blog.com\/wp-content\/uploads\/2016\/11\/hqdefault-1.jpg 640w, https:\/\/balcilar-blog.com\/wp-content\/uploads\/2016\/11\/hqdefault-1-300x177.jpg 300w\" sizes=\"auto, (max-width: 640px) 100vw, 640px\" \/><\/p>\n<p>Gold Film&#8217;in yap\u0131mc\u0131s\u0131 oldu\u011fu, ba\u015frollerini B\u00fclent \u0130nal, Ay\u00e7a Bing\u00f6l, Ceyda D\u00fcvenci, Caner \u015eahin, Sercan Badur, Sera Kutlubey, Erdem Akak\u00e7e ve Emel G\u00f6ksu&#8217;nun oynad\u0131\u011f\u0131 Babam ve Ailesi dizisi 19 Eyl\u00fcl&#8217;de ba\u015flam\u0131\u015f, 10 haftad\u0131r Kanal D ekranlar\u0131nda devam ediyor. Daha \u00f6nceleri yazd\u0131\u011f\u0131m yaz\u0131da dizilerin Pazartesi Sendromu ya\u015fad\u0131\u011f\u0131n\u0131 yazm\u0131\u015ft\u0131m. Ayn\u0131 g\u00fcnde 4 seyredilir dizi yay\u0131ndayd\u0131. \u0130\u00e7erde, K\u0131rg\u0131n \u00c7i\u00e7ekler, Parampar\u00e7a ve Babam ve Ailesi amans\u0131z bir reyting yar\u0131\u015f\u0131na girdiler. Tv&#8217;den takip etti\u011fim \u0130\u00e7erde liderli\u011fi eline ald\u0131 koptu gidiyor. Ben de onu Tv&#8217;den takip ediyorum. Benim takip etti\u011fim dizilerden Babam ve Ailesi&#8217;ni daha sonra internetten izliyorum. Be\u011fenerek takip etti\u011fim bir dizi.<\/p>\n<p>Ba\u015flad\u0131\u011f\u0131 ilk g\u00fcnden beri Babam ve Ailesi hep gerilerde kald\u0131. Son 3 haftan\u0131n reytinglerine g\u00f6z atarsak:<\/p>\n<p>7 Kas\u0131m 8.B\u00f6l\u00fcm Total: 15.s\u0131ra (3,33-7,93) &#8211; AB: 10.s\u0131ra (3,76-8,89)<\/p>\n<p>14 Kas\u0131m 9.B\u00f6l\u00fcm Total: 8.s\u0131ra (4,22-10,29) &#8211; AB: 4.s\u0131ra (5,10-12,19)<\/p>\n<p>21 Kas\u0131m 10.B\u00f6l\u00fcm Total: 19.s\u0131ra (3,25-7,64) &#8211; AB: 9.s\u0131ra (3,93-8,90)<\/p>\n<p>Bu k\u00f6t\u00fc gidi\u015fata dur demek isteyen dizinin senaristleri; Onur U\u011fra\u015f ile Murat Uyurkulak ak\u0131l-almaz \u015fekilde senaryoda oynamaya ba\u015flad\u0131lar. \u00d6nceki hafta Kuyucak blog yazar\u0131 arkada\u015f\u0131m\u0131z, dizinin senaristlerinin cozuttu\u011funu yazm\u0131\u015ft\u0131, ben de g\u00fclm\u00fc\u015ft\u00fcm. Ger\u00e7ekten hakl\u0131 oldu\u011funu g\u00f6rd\u00fcm. Dizinin senaristleri seyircinin ilgisini \u00e7ekebilmek i\u00e7in, Kemal&#8217;in annesi Macide Han\u0131m (Emel G\u00f6ksu) o\u011fluna ak\u0131l-almaz k\u00f6t\u00fcl\u00fck yapmaya ba\u015flad\u0131. Hi\u00e7 bir ana o\u011fluna onun yapt\u0131\u011f\u0131n\u0131 yapmaz. O\u011flu ile has\u0131m olan mafya babas\u0131 adam\u0131 hapisten \u00e7\u0131kar\u0131r ve eve partiye davet eder. Kemal ile mafya babas\u0131 aras\u0131nda \u00e7\u0131kan kavgada tabanca ile adam \u00f6l\u00fcr, o\u011flu Kemal cinayet zanl\u0131s\u0131 olarak hapse at\u0131l\u0131r. O\u011flunun avukat\u0131n\u0131n \u00f6nce vekaletini iptal ettirir. Sahipsiz kalan yeni gelini Nilg\u00fcn ve \u00e7ocuklar\u0131 Kadir ile Hasret&#8217;i toplar valizlerini evden soka\u011fa atar. Bu da yetmezmi\u015f gibi babas\u0131n\u0131n \u015firketinde \u00e7al\u0131\u015fan torunu Kadir&#8217;i i\u015ften att\u0131r\u0131r. Bununla da kalmaz torunu Hasret&#8217;i \u00f6\u011fretmen oldu\u011fu okuldan att\u0131r\u0131r. Sokakta kalan Nilg\u00fcn Han\u0131m \u00e7ocuklar\u0131 ile, Kadir&#8217;in arkada\u015f\u0131 \u0130bo&#8217;nun evine yerle\u015firler. Nilg\u00fcn&#8217;\u00fcn erkek karde\u015fi Fad\u0131l ise tam bir kaypak adam, Macide Han\u0131m bu i\u015flerde onu kullan\u0131r, valiz dolusu para verir. Fad\u0131l da bu paralar\u0131 kumarda kaybeder.<\/p>\n<p>K\u00f6t\u00fc evlat olsa, bir laf vard\u0131r; &#8220;Seni do\u011furaca\u011f\u0131ma ta\u015f do\u011fursayd\u0131m.&#8221; denir ya&#8230; Tersi o\u011flu Kemal Bey, \u00e7ok beyefendi hay\u0131rl\u0131 bir evlat. Her iki kar\u0131s\u0131ndan olan 4 \u00e7ocu\u011funa da \u00e7ok d\u00fc\u015fk\u00fcn. B\u00f6yle bir evlata bunlar yap\u0131l\u0131r m\u0131 dedirtti izleyiciye. Herkes k\u00f6t\u00fc kad\u0131n olan Macide Han\u0131ma ate\u015f p\u00fcsk\u00fcrd\u00fc. Burada bir dip not vermek istiyorum. Macide Han\u0131m karakterine can veren Emel G\u00f6ksu&#8217;ya bir laf\u0131m yok. O yaz\u0131lan rol\u00fc oynuyor. Pek de g\u00fczel oynuyor, takdir ediyorum. Laf\u0131m k\u00f6t\u00fcy\u00fc \u00e7ok abartan senaristlere&#8230;<\/p>\n<p><img loading=\"lazy\" decoding=\"async\" class=\"alignnone size-full wp-image-16513\" src=\"http:\/\/balcilar-blog.com\/wp-content\/uploads\/2016\/11\/Emel-G\u00d6KSU-Macide-babam-ve-ailesi-dizisi-oyuncusu.jpg\" alt=\"emel-goksu-macide-babam-ve-ailesi-dizisi-oyuncusu\" width=\"585\" height=\"480\" srcset=\"https:\/\/balcilar-blog.com\/wp-content\/uploads\/2016\/11\/Emel-G\u00d6KSU-Macide-babam-ve-ailesi-dizisi-oyuncusu.jpg 585w, https:\/\/balcilar-blog.com\/wp-content\/uploads\/2016\/11\/Emel-G\u00d6KSU-Macide-babam-ve-ailesi-dizisi-oyuncusu-300x246.jpg 300w\" sizes=\"auto, (max-width: 585px) 100vw, 585px\" \/><\/p>\n<p>Ben de; &#8220;T\u00fch&#8230; Yaz\u0131klar olsun Macide Han\u0131m.&#8221; Dedim. Macide Han\u0131m yeni gelini Nilg\u00fcn&#8217;\u00fc bir t\u00fcrl\u00fc kabullenemez. Kalbinde hi\u00e7 bir k\u00f6t\u00fcl\u00fck olmayan garibim Nilg\u00fcn&#8217;de cad\u0131 kaynana ve f\u0131r\u0131ldak karde\u015fi aras\u0131nda s\u0131k\u0131\u015f\u0131r kal\u0131r.<\/p>\n<p><img loading=\"lazy\" decoding=\"async\" class=\"alignnone size-full wp-image-16515\" src=\"http:\/\/balcilar-blog.com\/wp-content\/uploads\/2016\/11\/images-babam-ve.jpg\" alt=\"images-babam-ve\" width=\"640\" height=\"354\" srcset=\"https:\/\/balcilar-blog.com\/wp-content\/uploads\/2016\/11\/images-babam-ve.jpg 640w, https:\/\/balcilar-blog.com\/wp-content\/uploads\/2016\/11\/images-babam-ve-300x166.jpg 300w\" sizes=\"auto, (max-width: 640px) 100vw, 640px\" \/><\/p>\n<p>Buradan dizinin senaristlerine sesleniyorum. Hi\u00e7 bir ana bunlar\u0131 \u00f6z o\u011fluna yapmaz. Biraz daha olabilir, makul olaylar yazmalar\u0131n\u0131 istiyorum.<\/p>\n<p>&#8220;Babam ve Ailesi&#8221; dizinin \u015fanss\u0131zl\u0131\u011f\u0131 g\u00fcn se\u00e7imi. Bu t\u00fcr abart\u0131l\u0131 olaylar yarat\u0131lmasa da bu dizi seyredilir. Olmad\u0131 g\u00fcn de\u011fi\u015ftirin, herkesin benim gibi internetten seyretme olana\u011f\u0131 yok!<\/p>\n<p>Sayg\u0131lar ve sevgiler.<\/p>\n<p>Abdurrahman Balc\u0131lar<\/p>\n<p>Twitter:\u00a0<a href=\"https:\/\/twitter.com\/abbalcilar\">abdurrahman balc\u0131lar<\/a><a href=\"https:\/\/twitter.com\/abbalcilar\"><strong>@abbalcilar<\/strong><\/a><\/p>\n<p>Mail :\u00a0<a href=\"mailto:ab.balcilar@hotmail.com\">ab.balcilar@hotmail.com<\/a><\/p>\n<p>Blog:\u00a0<a href=\"http:\/\/t.co\/znqmIZgIqn\">blog.milliyet.com.tr\/cansever<\/a><\/p>\n<p>Blog:\u00a0<strong>balcilar-blog.com<\/strong><\/p>\n<p>Not:G\u00f6rseller internetten al\u0131nm\u0131\u015ft\u0131r.<\/p>\n","protected":false},"excerpt":{"rendered":"<p>Gold Film&#8217;in yap\u0131mc\u0131s\u0131 oldu\u011fu, ba\u015frollerini B\u00fclent \u0130nal, Ay\u00e7a Bing\u00f6l, Ceyda D\u00fcvenci, Caner \u015eahin, Sercan Badur, Sera Kutlubey, Erdem Akak\u00e7e ve Emel G\u00f6ksu&#8217;nun oynad\u0131\u011f\u0131 Babam ve Ailesi dizisi 19 Eyl\u00fcl&#8217;de ba\u015flam\u0131\u015f, 10 haftad\u0131r Kanal D ekranlar\u0131nda devam ediyor. Daha \u00f6nceleri yazd\u0131\u011f\u0131m yaz\u0131da dizilerin Pazartesi Sendromu ya\u015fad\u0131\u011f\u0131n\u0131 yazm\u0131\u015ft\u0131m. Ayn\u0131 g\u00fcnde 4 seyredilir dizi yay\u0131ndayd\u0131. \u0130\u00e7erde, K\u0131rg\u0131n \u00c7i\u00e7ekler, [&hellip;]<\/p>\n","protected":false},"author":3,"featured_media":16514,"comment_status":"open","ping_status":"open","sticky":false,"template":"","format":"standard","meta":{"footnotes":""},"categories":[2],"tags":[1306,1243,1266,389,61,91,1307,696],"class_list":["post-16512","post","type-post","status-publish","format-standard","has-post-thumbnail","hentry","category-tv-programlari","tag-ayca-bingul","tag-babam-ve-ailesi","tag-bulent-inal","tag-emel-goksu","tag-gold-film","tag-kanal-d","tag-murat-uyurkulak","tag-onur-ugras"],"views":3844,"blog_post_layout_featured_media_urls":{"thumbnail":["https:\/\/balcilar-blog.com\/wp-content\/uploads\/2016\/11\/hqdefault-1-150x150.jpg",150,150,true],"full":["https:\/\/balcilar-blog.com\/wp-content\/uploads\/2016\/11\/hqdefault-1.jpg",640,377,false]},"categories_names":{"2":{"name":"TV Programlar\u0131","link":"https:\/\/balcilar-blog.com\/?cat=2"}},"tags_names":{"1306":{"name":"Ay\u00e7a Bing\u00fcl","link":"https:\/\/balcilar-blog.com\/?tag=ayca-bingul"},"1243":{"name":"Babam ve Ailesi","link":"https:\/\/balcilar-blog.com\/?tag=babam-ve-ailesi"},"1266":{"name":"B\u00fclent \u0130nal","link":"https:\/\/balcilar-blog.com\/?tag=bulent-inal"},"389":{"name":"Emel G\u00f6ksu","link":"https:\/\/balcilar-blog.com\/?tag=emel-goksu"},"61":{"name":"Gold Film","link":"https:\/\/balcilar-blog.com\/?tag=gold-film"},"91":{"name":"Kanal D","link":"https:\/\/balcilar-blog.com\/?tag=kanal-d"},"1307":{"name":"Murat Uyurkulak","link":"https:\/\/balcilar-blog.com\/?tag=murat-uyurkulak"},"696":{"name":"Onur U\u011fra\u015f","link":"https:\/\/balcilar-blog.com\/?tag=onur-ugras"}},"comments_number":"0","wpmagazine_modules_lite_featured_media_urls":{"thumbnail":["https:\/\/balcilar-blog.com\/wp-content\/uploads\/2016\/11\/hqdefault-1-150x150.jpg",150,150,true],"cvmm-medium":["https:\/\/balcilar-blog.com\/wp-content\/uploads\/2016\/11\/hqdefault-1.jpg",300,177,false],"cvmm-medium-plus":["https:\/\/balcilar-blog.com\/wp-content\/uploads\/2016\/11\/hqdefault-1.jpg",305,180,false],"cvmm-portrait":["https:\/\/balcilar-blog.com\/wp-content\/uploads\/2016\/11\/hqdefault-1.jpg",400,236,false],"cvmm-medium-square":["https:\/\/balcilar-blog.com\/wp-content\/uploads\/2016\/11\/hqdefault-1.jpg",600,353,false],"cvmm-large":["https:\/\/balcilar-blog.com\/wp-content\/uploads\/2016\/11\/hqdefault-1.jpg",640,377,false],"cvmm-small":["https:\/\/balcilar-blog.com\/wp-content\/uploads\/2016\/11\/hqdefault-1.jpg",130,77,false],"full":["https:\/\/balcilar-blog.com\/wp-content\/uploads\/2016\/11\/hqdefault-1.jpg",640,377,false]},"_links":{"self":[{"href":"https:\/\/balcilar-blog.com\/index.php?rest_route=\/wp\/v2\/posts\/16512","targetHints":{"allow":["GET"]}}],"collection":[{"href":"https:\/\/balcilar-blog.com\/index.php?rest_route=\/wp\/v2\/posts"}],"about":[{"href":"https:\/\/balcilar-blog.com\/index.php?rest_route=\/wp\/v2\/types\/post"}],"author":[{"embeddable":true,"href":"https:\/\/balcilar-blog.com\/index.php?rest_route=\/wp\/v2\/users\/3"}],"replies":[{"embeddable":true,"href":"https:\/\/balcilar-blog.com\/index.php?rest_route=%2Fwp%2Fv2%2Fcomments&post=16512"}],"version-history":[{"count":4,"href":"https:\/\/balcilar-blog.com\/index.php?rest_route=\/wp\/v2\/posts\/16512\/revisions"}],"predecessor-version":[{"id":16519,"href":"https:\/\/balcilar-blog.com\/index.php?rest_route=\/wp\/v2\/posts\/16512\/revisions\/16519"}],"wp:featuredmedia":[{"embeddable":true,"href":"https:\/\/balcilar-blog.com\/index.php?rest_route=\/wp\/v2\/media\/16514"}],"wp:attachment":[{"href":"https:\/\/balcilar-blog.com\/index.php?rest_route=%2Fwp%2Fv2%2Fmedia&parent=16512"}],"wp:term":[{"taxonomy":"category","embeddable":true,"href":"https:\/\/balcilar-blog.com\/index.php?rest_route=%2Fwp%2Fv2%2Fcategories&post=16512"},{"taxonomy":"post_tag","embeddable":true,"href":"https:\/\/balcilar-blog.com\/index.php?rest_route=%2Fwp%2Fv2%2Ftags&post=16512"}],"curies":[{"name":"wp","href":"https:\/\/api.w.org\/{rel}","templated":true}]}}