{"id":16394,"date":"2016-11-18T16:58:43","date_gmt":"2016-11-18T13:58:43","guid":{"rendered":"http:\/\/balcilar-blog.com\/?p=16394"},"modified":"2016-11-18T17:06:06","modified_gmt":"2016-11-18T14:06:06","slug":"bana-sevmeyi-anlattan-buyuk-surpriz","status":"publish","type":"post","link":"https:\/\/balcilar-blog.com\/?p=16394","title":{"rendered":"Bana Sevmeyi Anlat&#8217;tan b\u00fcy\u00fck s\u00fcrpriz!"},"content":{"rendered":"<div class=\"x_gmail_quote\">\n<div dir=\"ltr\">\n<p class=\"x_MsoNormal\" align=\"center\"><b><img loading=\"lazy\" decoding=\"async\" class=\"alignnone size-full wp-image-16395\" src=\"http:\/\/balcilar-blog.com\/wp-content\/uploads\/2016\/11\/BANA-SEVMEY\u0130-ANLAT-12.-B\u00d6L\u00dcM-2.jpg\" alt=\"bana-sevmeyi-anlat-12-bolum-2\" width=\"640\" height=\"388\" srcset=\"https:\/\/balcilar-blog.com\/wp-content\/uploads\/2016\/11\/BANA-SEVMEY\u0130-ANLAT-12.-B\u00d6L\u00dcM-2.jpg 640w, https:\/\/balcilar-blog.com\/wp-content\/uploads\/2016\/11\/BANA-SEVMEY\u0130-ANLAT-12.-B\u00d6L\u00dcM-2-300x182.jpg 300w\" sizes=\"auto, (max-width: 640px) 100vw, 640px\" \/><\/b><\/p>\n<p>Bana Sevmeyi Anlat yeni b\u00f6l\u00fcm\u00fcyle 21 Kas\u0131m Pazartesi g\u00fcn\u00fc Fox Tv. ekranlar\u0131ndan izleyicisiyle bulu\u015facak. Bana Sevmeyi Anlat&#8217;ta bu hafta b\u00fcy\u00fck bir s\u00fcrpriz var.<\/p>\n<p><strong>YILLAR SONRA YEN\u0130DEN B\u0130R ARAYA GELD\u0130LER !<\/strong><\/p>\n<p>Usta oyuncular Halil Erg\u00fcn ve G\u00fcven Hokna, <strong>Bana Sevmeyi Anlat<\/strong> dizisinin yeni b\u00f6l\u00fcm\u00fcnde yer alacak.<\/p>\n<p>Ay Yap\u0131m&#8217;\u0131n efsane dizisi Yaprak D\u00f6k\u00fcm\u00fc&#8217;n\u00fcn unutulmaz karakterleri Ali R\u0131za Bey ve Hayriye Han\u0131m&#8217;\u0131 y\u0131llarca ba\u015far\u0131yla canland\u0131ran G\u00fcven Hokna ve Halil Erg\u00fcn, seneler sonra yeniden Bana Sevmeyi Anlat&#8217;\u0131n setinde bir araya geldi.<\/p>\n<p><img loading=\"lazy\" decoding=\"async\" class=\"alignnone size-full wp-image-16396\" src=\"http:\/\/balcilar-blog.com\/wp-content\/uploads\/2016\/11\/BANA-SEVMEY\u0130-ANLAT-12.-B\u00d6L\u00dcM-4.jpg\" alt=\"bana-sevmeyi-anlat-12-bolum-4\" width=\"640\" height=\"416\" srcset=\"https:\/\/balcilar-blog.com\/wp-content\/uploads\/2016\/11\/BANA-SEVMEY\u0130-ANLAT-12.-B\u00d6L\u00dcM-4.jpg 640w, https:\/\/balcilar-blog.com\/wp-content\/uploads\/2016\/11\/BANA-SEVMEY\u0130-ANLAT-12.-B\u00d6L\u00dcM-4-300x195.jpg 300w\" sizes=\"auto, (max-width: 640px) 100vw, 640px\" \/><\/p>\n<p>Dizinin yeni b\u00f6l\u00fcm\u00fcnde; usta oyuncular Alper ve Leyla&#8217;n\u0131n hayatlar\u0131na dokunacaklar. Erg\u00fcn ve Hokna\u2019n\u0131n canland\u0131raca\u011f\u0131 roller Alper ve Leyla&#8217;n\u0131n ili\u015fkisinde d\u00f6n\u00fcm noktas\u0131 olacak.<\/p>\n<p>Halil Erg\u00fcn ve G\u00fcven Hokna; Yaprak D\u00f6k\u00fcm\u00fc&#8217;n\u00fcn de y\u00f6netmeni olan Mesude Eraslan ve Bana Sevmeyi Anlat&#8217;\u0131n ba\u015frol oyuncular\u0131 Kadir Do\u011fulu ve Seda Bakan ile ge\u00e7ti\u011fimiz g\u00fcn sette hat\u0131ra foto\u011fraf\u0131 \u00e7ektirdi.<\/p>\n<p><img loading=\"lazy\" decoding=\"async\" class=\"alignnone size-full wp-image-16395\" src=\"http:\/\/balcilar-blog.com\/wp-content\/uploads\/2016\/11\/BANA-SEVMEY\u0130-ANLAT-12.-B\u00d6L\u00dcM-2.jpg\" alt=\"bana-sevmeyi-anlat-12-bolum-2\" width=\"640\" height=\"388\" srcset=\"https:\/\/balcilar-blog.com\/wp-content\/uploads\/2016\/11\/BANA-SEVMEY\u0130-ANLAT-12.-B\u00d6L\u00dcM-2.jpg 640w, https:\/\/balcilar-blog.com\/wp-content\/uploads\/2016\/11\/BANA-SEVMEY\u0130-ANLAT-12.-B\u00d6L\u00dcM-2-300x182.jpg 300w\" sizes=\"auto, (max-width: 640px) 100vw, 640px\" \/><\/p>\n<p>Ay Yap\u0131m&#8217;\u0131n Kadir Do\u011fulu, Seda Bakan ve Mustafa \u00dcst\u00fcnda\u011f&#8217;\u0131n rol ald\u0131\u011f\u0131 dizisi Bana Sevmeyi Anlat, yeni b\u00f6l\u00fcmleriyle<strong> 21 Kas\u0131m Pazartesi<\/strong>&#8216;den itibaren her hafta Pazartesi g\u00fcnleri ekrana gelecek.<\/p>\n<p><img loading=\"lazy\" decoding=\"async\" class=\"alignnone size-full wp-image-16144\" src=\"http:\/\/balcilar-blog.com\/wp-content\/uploads\/2016\/11\/BSA-10-1.jpg\" alt=\"bsa-10-1\" width=\"640\" height=\"390\" srcset=\"https:\/\/balcilar-blog.com\/wp-content\/uploads\/2016\/11\/BSA-10-1.jpg 640w, https:\/\/balcilar-blog.com\/wp-content\/uploads\/2016\/11\/BSA-10-1-300x183.jpg 300w\" sizes=\"auto, (max-width: 640px) 100vw, 640px\" \/><\/p>\n<p>Mesude Eraslan&#8217;\u0131n y\u00f6netmenli\u011fini yapt\u0131\u011f\u0131, Deniz Ak\u00e7ay&#8217;\u0131n senaryosunu kaleme ald\u0131\u011f\u0131 Bana Sevmeyi Anlat 21 Kas\u0131m Pazartesi g\u00fcn\u00fc saat 20:00&#8217;da Fox&#8217;ta ekrana gelecek.<\/p>\n<p class=\"x_MsoNormal\" align=\"center\">FRAGMAN:\u00a0<span style=\"color: #000000; font-family: cambria, serif;\"><u><b><a href=\"https:\/\/www.youtube.com\/watch?v=2UfuoV3BvvY\" target=\"_blank\">https:\/\/www.youtube.com\/watch?v=2UfuoV3BvvY<\/a><\/b><\/u><\/span><\/p>\n<p>\u0130yi Seyirler<\/p>\n<p>Sayg\u0131lar ve sevgiler.<\/p>\n<p>Abdurrahman Balc\u0131lar<\/p>\n<p>Twitter:\u00a0<a href=\"https:\/\/twitter.com\/abbalcilar\">abdurrahman balc\u0131lar<\/a><a href=\"https:\/\/twitter.com\/abbalcilar\"><strong>@abbalcilar<\/strong><\/a><\/p>\n<p>Mail :\u00a0<a href=\"mailto:ab.balcilar@hotmail.com\">ab.balcilar@hotmail.com<\/a><\/p>\n<p>Blog:\u00a0<a href=\"http:\/\/t.co\/znqmIZgIqn\">blog.milliyet.com.tr\/cansever<\/a><\/p>\n<p>Blog:\u00a0<strong>balcilar-blog.com<\/strong><\/p>\n<p>Not: Haber ve g\u00f6rseller Persona Sanat Bas\u0131n b\u00fclteni.<\/p>\n<p class=\"x_MsoNormal\" align=\"center\">\u00a0<b>\u00a0<\/b><\/p>\n<\/div>\n<\/div>\n","protected":false},"excerpt":{"rendered":"<p>Bana Sevmeyi Anlat yeni b\u00f6l\u00fcm\u00fcyle 21 Kas\u0131m Pazartesi g\u00fcn\u00fc Fox Tv. ekranlar\u0131ndan izleyicisiyle bulu\u015facak. Bana Sevmeyi Anlat&#8217;ta bu hafta b\u00fcy\u00fck bir s\u00fcrpriz var. YILLAR SONRA YEN\u0130DEN B\u0130R ARAYA GELD\u0130LER ! Usta oyuncular Halil Erg\u00fcn ve G\u00fcven Hokna, Bana Sevmeyi Anlat dizisinin yeni b\u00f6l\u00fcm\u00fcnde yer alacak. Ay Yap\u0131m&#8217;\u0131n efsane dizisi Yaprak D\u00f6k\u00fcm\u00fc&#8217;n\u00fcn unutulmaz karakterleri Ali R\u0131za [&hellip;]<\/p>\n","protected":false},"author":3,"featured_media":16395,"comment_status":"open","ping_status":"open","sticky":false,"template":"","format":"standard","meta":{"footnotes":""},"categories":[2],"tags":[1206,463,1304,1305,118,1235,1025],"class_list":["post-16394","post","type-post","status-publish","format-standard","has-post-thumbnail","hentry","category-tv-programlari","tag-bana-sevmeyi-anlat","tag-fox","tag-guven-hokna","tag-halil-ergun","tag-kadir-dogulu","tag-mesude-eraslan","tag-seda-bakan"],"views":2543,"blog_post_layout_featured_media_urls":{"thumbnail":["https:\/\/balcilar-blog.com\/wp-content\/uploads\/2016\/11\/BANA-SEVMEY\u0130-ANLAT-12.-B\u00d6L\u00dcM-2-150x150.jpg",150,150,true],"full":["https:\/\/balcilar-blog.com\/wp-content\/uploads\/2016\/11\/BANA-SEVMEY\u0130-ANLAT-12.-B\u00d6L\u00dcM-2.jpg",640,388,false]},"categories_names":{"2":{"name":"TV Programlar\u0131","link":"https:\/\/balcilar-blog.com\/?cat=2"}},"tags_names":{"1206":{"name":"Bana Sevmeyi Anlat","link":"https:\/\/balcilar-blog.com\/?tag=bana-sevmeyi-anlat"},"463":{"name":"Fox","link":"https:\/\/balcilar-blog.com\/?tag=fox"},"1304":{"name":"G\u00fcven Hokna","link":"https:\/\/balcilar-blog.com\/?tag=guven-hokna"},"1305":{"name":"Halil Erg\u00fcn","link":"https:\/\/balcilar-blog.com\/?tag=halil-ergun"},"118":{"name":"Kadir Do\u011fulu","link":"https:\/\/balcilar-blog.com\/?tag=kadir-dogulu"},"1235":{"name":"Mesude Eraslan","link":"https:\/\/balcilar-blog.com\/?tag=mesude-eraslan"},"1025":{"name":"Seda Bakan","link":"https:\/\/balcilar-blog.com\/?tag=seda-bakan"}},"comments_number":"0","wpmagazine_modules_lite_featured_media_urls":{"thumbnail":["https:\/\/balcilar-blog.com\/wp-content\/uploads\/2016\/11\/BANA-SEVMEY\u0130-ANLAT-12.-B\u00d6L\u00dcM-2-150x150.jpg",150,150,true],"cvmm-medium":["https:\/\/balcilar-blog.com\/wp-content\/uploads\/2016\/11\/BANA-SEVMEY\u0130-ANLAT-12.-B\u00d6L\u00dcM-2.jpg",300,182,false],"cvmm-medium-plus":["https:\/\/balcilar-blog.com\/wp-content\/uploads\/2016\/11\/BANA-SEVMEY\u0130-ANLAT-12.-B\u00d6L\u00dcM-2.jpg",305,185,false],"cvmm-portrait":["https:\/\/balcilar-blog.com\/wp-content\/uploads\/2016\/11\/BANA-SEVMEY\u0130-ANLAT-12.-B\u00d6L\u00dcM-2.jpg",400,243,false],"cvmm-medium-square":["https:\/\/balcilar-blog.com\/wp-content\/uploads\/2016\/11\/BANA-SEVMEY\u0130-ANLAT-12.-B\u00d6L\u00dcM-2.jpg",600,364,false],"cvmm-large":["https:\/\/balcilar-blog.com\/wp-content\/uploads\/2016\/11\/BANA-SEVMEY\u0130-ANLAT-12.-B\u00d6L\u00dcM-2.jpg",640,388,false],"cvmm-small":["https:\/\/balcilar-blog.com\/wp-content\/uploads\/2016\/11\/BANA-SEVMEY\u0130-ANLAT-12.-B\u00d6L\u00dcM-2.jpg",130,79,false],"full":["https:\/\/balcilar-blog.com\/wp-content\/uploads\/2016\/11\/BANA-SEVMEY\u0130-ANLAT-12.-B\u00d6L\u00dcM-2.jpg",640,388,false]},"_links":{"self":[{"href":"https:\/\/balcilar-blog.com\/index.php?rest_route=\/wp\/v2\/posts\/16394","targetHints":{"allow":["GET"]}}],"collection":[{"href":"https:\/\/balcilar-blog.com\/index.php?rest_route=\/wp\/v2\/posts"}],"about":[{"href":"https:\/\/balcilar-blog.com\/index.php?rest_route=\/wp\/v2\/types\/post"}],"author":[{"embeddable":true,"href":"https:\/\/balcilar-blog.com\/index.php?rest_route=\/wp\/v2\/users\/3"}],"replies":[{"embeddable":true,"href":"https:\/\/balcilar-blog.com\/index.php?rest_route=%2Fwp%2Fv2%2Fcomments&post=16394"}],"version-history":[{"count":3,"href":"https:\/\/balcilar-blog.com\/index.php?rest_route=\/wp\/v2\/posts\/16394\/revisions"}],"predecessor-version":[{"id":16399,"href":"https:\/\/balcilar-blog.com\/index.php?rest_route=\/wp\/v2\/posts\/16394\/revisions\/16399"}],"wp:featuredmedia":[{"embeddable":true,"href":"https:\/\/balcilar-blog.com\/index.php?rest_route=\/wp\/v2\/media\/16395"}],"wp:attachment":[{"href":"https:\/\/balcilar-blog.com\/index.php?rest_route=%2Fwp%2Fv2%2Fmedia&parent=16394"}],"wp:term":[{"taxonomy":"category","embeddable":true,"href":"https:\/\/balcilar-blog.com\/index.php?rest_route=%2Fwp%2Fv2%2Fcategories&post=16394"},{"taxonomy":"post_tag","embeddable":true,"href":"https:\/\/balcilar-blog.com\/index.php?rest_route=%2Fwp%2Fv2%2Ftags&post=16394"}],"curies":[{"name":"wp","href":"https:\/\/api.w.org\/{rel}","templated":true}]}}