{"id":16362,"date":"2016-11-16T17:29:40","date_gmt":"2016-11-16T14:29:40","guid":{"rendered":"http:\/\/balcilar-blog.com\/?p=16362"},"modified":"2016-11-16T17:30:01","modified_gmt":"2016-11-16T14:30:01","slug":"cesur-ve-guzelin-cok-konusulan-ciftlik-evi","status":"publish","type":"post","link":"https:\/\/balcilar-blog.com\/?p=16362","title":{"rendered":"Cesur ve G\u00fczel&#8217;in \u00e7ok konu\u015fulan \u00e7iftlik evi!"},"content":{"rendered":"<div tabindex=\"-1\">\n<div tabindex=\"-1\">\n<div tabindex=\"0\">\n<div class=\"_rp_85\" tabindex=\"-1\">\n<div class=\"_rp_N4 ms-border-color-neutralLight ShowReferenceAttachmentsLinks\" tabindex=\"-1\">\n<div class=\"_rp_Z4\">\n<div>\n<div class=\"_pe_d _pe_22\" tabindex=\"0\"><img loading=\"lazy\" decoding=\"async\" class=\"alignnone size-full wp-image-16364\" src=\"http:\/\/balcilar-blog.com\/wp-content\/uploads\/2016\/11\/\u00e7iftlik-evi.jpg\" alt=\"ciftlik-evi\" width=\"640\" height=\"360\" srcset=\"https:\/\/balcilar-blog.com\/wp-content\/uploads\/2016\/11\/\u00e7iftlik-evi.jpg 640w, https:\/\/balcilar-blog.com\/wp-content\/uploads\/2016\/11\/\u00e7iftlik-evi-300x169.jpg 300w\" sizes=\"auto, (max-width: 640px) 100vw, 640px\" \/><\/div>\n<div class=\"_pe_d _pe_22\" tabindex=\"0\"><\/div>\n<div class=\"_pe_d _pe_22\" tabindex=\"0\">\n<p><strong>\u0130\u015eTE CESUR VE G\u00dcZEL&#8217;\u0130N \u00c7OK KONU\u015eULAN \u00c7\u0130FTL\u0130K EV\u0130!<\/strong><\/p>\n<p><strong>\u0130lk b\u00f6l\u00fcm\u00fcyle ekranlara ihti\u015fam\u0131 da getiren Cesur ve G\u00fczel&#8217;in muhte\u015fem \u00e7iftlik evi \u00e7ok konu\u015fuldu&#8230;<\/strong><\/p>\n<p>Ay Yap\u0131m imzal\u0131, ba\u015frollerini K\u0131van\u00e7 Tatl\u0131tu\u011f ve Tuba B\u00fcy\u00fck\u00fcst\u00fcn&#8217;\u00fcn payla\u015ft\u0131\u011f\u0131 Cesur ve G\u00fczel&#8217;in ilk b\u00f6l\u00fcm\u00fc izleyiciden tam not ald\u0131. Dizide Cesur (K\u0131van\u00e7 Tatl\u0131tu\u011f) ve S\u00fchan&#8217;\u0131n (Tuba B\u00fcy\u00fck\u00fcst\u00fcn) b\u00fcy\u00fcleyici uyumu ekran ba\u015f\u0131ndaki izleyenleri adeta mest etti. G\u00fc\u00e7l\u00fc oyuncu kadrosu ve s\u00fcr\u00fckleyici hikayesiyle \u00e7ok konu\u015fulan yap\u0131m\u0131n g\u00f6rkemli mekanlar\u0131 da b\u00fcy\u00fck be\u011feni toplad\u0131.<\/p>\n<p>KORLUDA\u011e \u00c7\u0130FTL\u0130K EV\u0130 :<\/p>\n<\/div>\n<div class=\"_pe_d _pe_22\" tabindex=\"0\"><\/div>\n<div class=\"_pe_d _pe_22\" tabindex=\"0\"><img loading=\"lazy\" decoding=\"async\" class=\"alignnone size-full wp-image-16363\" src=\"http:\/\/balcilar-blog.com\/wp-content\/uploads\/2016\/11\/KORLUDA\u011e-EV-4.jpg\" alt=\"korludag-ev-4\" width=\"640\" height=\"475\" srcset=\"https:\/\/balcilar-blog.com\/wp-content\/uploads\/2016\/11\/KORLUDA\u011e-EV-4.jpg 640w, https:\/\/balcilar-blog.com\/wp-content\/uploads\/2016\/11\/KORLUDA\u011e-EV-4-300x223.jpg 300w, https:\/\/balcilar-blog.com\/wp-content\/uploads\/2016\/11\/KORLUDA\u011e-EV-4-210x155.jpg 210w\" sizes=\"auto, (max-width: 640px) 100vw, 640px\" \/><\/div>\n<div class=\"_pe_d _pe_22\" tabindex=\"0\"><\/div>\n<div class=\"_pe_d _pe_22\" tabindex=\"0\">Tahsin Korluda\u011f&#8217;\u0131n (Tamer Levent) k\u0131z\u0131 S\u00fchan (Tuba B\u00fcy\u00fck\u00fcst\u00fcn), o\u011flu Korhan (Erkan Avc\u0131) ve gelini Cahide (Sezin Akba\u015fo\u011fullar\u0131) ile birlikte ya\u015fad\u0131\u011f\u0131 g\u00f6rkemli \u00e7iftlik evi olduk\u00e7a merak uyand\u0131rd\u0131.<\/div>\n<div class=\"_pe_d _pe_22\" tabindex=\"0\"><\/div>\n<div class=\"_pe_d _pe_22\" tabindex=\"0\">\n<p><img loading=\"lazy\" decoding=\"async\" class=\"alignnone size-full wp-image-16365\" src=\"http:\/\/balcilar-blog.com\/wp-content\/uploads\/2016\/11\/KIVANC-TATLITU\u011e.jpg\" alt=\"kivanc-tatlitug\" width=\"640\" height=\"414\" srcset=\"https:\/\/balcilar-blog.com\/wp-content\/uploads\/2016\/11\/KIVANC-TATLITU\u011e.jpg 640w, https:\/\/balcilar-blog.com\/wp-content\/uploads\/2016\/11\/KIVANC-TATLITU\u011e-300x194.jpg 300w\" sizes=\"auto, (max-width: 640px) 100vw, 640px\" \/><\/p>\n<p>54 d\u00f6n\u00fcml\u00fck bir arazi \u00fczerine kurulu olan \u00e7iftlik evinin arazisinde iki av k\u00f6\u015fk\u00fc ve arazinin s\u0131n\u0131rlar\u0131 i\u00e7inde yer alan bir de g\u00f6l\u00fc bulunuyor. \u0130hti\u015faml\u0131 \u00e7iftlik, mimarisiyle oldu\u011fu kadar Korluda\u011f ailesinin karakterlerine uygun olarak tasarlanan dekorasyonuyla da b\u00fcy\u00fck be\u011feni toplad\u0131..<\/p>\n<\/div>\n<div class=\"_pe_d _pe_22\" tabindex=\"0\"><img loading=\"lazy\" decoding=\"async\" class=\"alignnone size-full wp-image-16368\" src=\"http:\/\/balcilar-blog.com\/wp-content\/uploads\/2016\/11\/KORLUDA\u011e-EV-2.jpg\" alt=\"korludag-ev-2\" width=\"640\" height=\"360\" srcset=\"https:\/\/balcilar-blog.com\/wp-content\/uploads\/2016\/11\/KORLUDA\u011e-EV-2.jpg 640w, https:\/\/balcilar-blog.com\/wp-content\/uploads\/2016\/11\/KORLUDA\u011e-EV-2-300x169.jpg 300w\" sizes=\"auto, (max-width: 640px) 100vw, 640px\" \/><\/div>\n<div class=\"_pe_d _pe_22\" tabindex=\"0\"><\/div>\n<div class=\"_pe_d _pe_22\" tabindex=\"0\">Dizinin merakla beklenen ikinci b\u00f6l\u00fcm\u00fcnde, yang\u0131nda yaralanan Cesur &#8216;un da tedavi s\u00fcrecinde ya\u015famaya ba\u015flayaca\u011f\u0131 Korluda\u011f \u00c7iftlik evi, S\u00fchan&#8217;la birbirlerini daha yak\u0131ndan tan\u0131yacaklar\u0131 nefes kesen anlara sahne olacak.<\/div>\n<div class=\"_pe_d _pe_22\" tabindex=\"0\"><\/div>\n<div class=\"_pe_d _pe_22\" tabindex=\"0\">\n<p><img loading=\"lazy\" decoding=\"async\" class=\"alignnone size-full wp-image-16367\" src=\"http:\/\/balcilar-blog.com\/wp-content\/uploads\/2016\/11\/KORLUDA\u011e-EV-1.jpg\" alt=\"korludag-ev-1\" width=\"640\" height=\"427\" srcset=\"https:\/\/balcilar-blog.com\/wp-content\/uploads\/2016\/11\/KORLUDA\u011e-EV-1.jpg 640w, https:\/\/balcilar-blog.com\/wp-content\/uploads\/2016\/11\/KORLUDA\u011e-EV-1-300x200.jpg 300w\" sizes=\"auto, (max-width: 640px) 100vw, 640px\" \/><\/p>\n<p>KORLUDA\u011e KASABASI<\/p>\n<\/div>\n<div class=\"_pe_d _pe_22\" tabindex=\"0\"><\/div>\n<div class=\"_pe_d _pe_22\" tabindex=\"0\">\n<p><img loading=\"lazy\" decoding=\"async\" class=\"alignnone size-full wp-image-16366\" src=\"http:\/\/balcilar-blog.com\/wp-content\/uploads\/2016\/11\/korluda\u011f-\u00e7iftlik-5.jpg\" alt=\"korludag-ciftlik-5\" width=\"640\" height=\"453\" srcset=\"https:\/\/balcilar-blog.com\/wp-content\/uploads\/2016\/11\/korluda\u011f-\u00e7iftlik-5.jpg 640w, https:\/\/balcilar-blog.com\/wp-content\/uploads\/2016\/11\/korluda\u011f-\u00e7iftlik-5-300x212.jpg 300w\" sizes=\"auto, (max-width: 640px) 100vw, 640px\" \/><\/p>\n<p>Tahsin Korluda\u011f&#8217;\u0131n toprak sahibi ve kurucusu oldu\u011fu Korluda\u011f Kasabas\u0131 da Cesur ve G\u00fczel i\u00e7in yeniden in\u015fa edildi. \u0130stanbul&#8217;da bir semti restore eden yap\u0131m ekibi kasaban\u0131n s\u0131cakl\u0131\u011f\u0131n\u0131, kimyas\u0131n\u0131 olu\u015fturan ya\u015fayan alandan plato yaratt\u0131. Kasabada Korluda\u011f Hastanesinden, Korluda\u011f Yap\u0131 Market&#8217;e kadar her ihtiya\u00e7 duyulan detaylar yerini ald\u0131.<\/p>\n<\/div>\n<div class=\"_pe_d _pe_22\" tabindex=\"0\"><\/div>\n<div class=\"_pe_d _pe_22\" tabindex=\"0\">2.b\u00f6l\u00fcm fragman linki: <b><u><a href=\"https:\/\/www.youtube.com\/watch?v=UDHW342Eaoc\" target=\"_blank\">https:\/\/www.youtube.com\/watch?v=UDHW342Eaoc<\/a><\/u><\/b><\/div>\n<\/div>\n<div class=\"_rp_U4\"><\/div>\n<div class=\"_rp_U4\">Ece Y\u00f6ren\u00e7&#8217;in senaristli\u011fini, Ali Bilgin&#8217;in y\u00f6netmenli\u011fini \u00fcstlendi\u011fi Cesur ve G\u00fczel&#8217;in merakla beklenen ikinci b\u00f6l\u00fcm\u00fc 17 Kas\u0131m Per\u015fembe g\u00fcn\u00fc saat 20:00&#8217;da Star TV&#8217;de ekrana gelecek.<\/div>\n<\/div>\n<div class=\"_rp_U4\">\n<p>Sayg\u0131lar ve sevgiler.<\/p>\n<p>Abdurrahman Balc\u0131lar<\/p>\n<p>Twitter:\u00a0<a href=\"https:\/\/twitter.com\/abbalcilar\">abdurrahman balc\u0131lar<\/a><a href=\"https:\/\/twitter.com\/abbalcilar\"><strong>@abbalcilar<\/strong><\/a><\/p>\n<p>Mail :\u00a0<a href=\"mailto:ab.balcilar@hotmail.com\">ab.balcilar@hotmail.com<\/a><\/p>\n<p>Blog:\u00a0<a href=\"http:\/\/t.co\/znqmIZgIqn\">blog.milliyet.com.tr\/cansever<\/a><\/p>\n<p>Blog:\u00a0<strong>balcilar-blog.com<\/strong><\/p>\n<p>Not: Haber ve g\u00f6rseller Persona Sanat Bas\u0131n B\u00fclteni<\/p>\n<\/div>\n<\/div>\n<\/div>\n<\/div>\n<\/div>\n<div class=\"_rp_f\" tabindex=\"-1\">\n<div class=\"_qc_F ms-bg-color-white _qc_G\">\n<hr class=\"_qc_B\" \/>\n<div class=\"_qc_y ms-border-color-neutralLight _qc_z\" tabindex=\"-1\"><\/div>\n<\/div>\n<\/div>\n<\/div>\n","protected":false},"excerpt":{"rendered":"<p>\u0130\u015eTE CESUR VE G\u00dcZEL&#8217;\u0130N \u00c7OK KONU\u015eULAN \u00c7\u0130FTL\u0130K EV\u0130! \u0130lk b\u00f6l\u00fcm\u00fcyle ekranlara ihti\u015fam\u0131 da getiren Cesur ve G\u00fczel&#8217;in muhte\u015fem \u00e7iftlik evi \u00e7ok konu\u015fuldu&#8230; Ay Yap\u0131m imzal\u0131, ba\u015frollerini K\u0131van\u00e7 Tatl\u0131tu\u011f ve Tuba B\u00fcy\u00fck\u00fcst\u00fcn&#8217;\u00fcn payla\u015ft\u0131\u011f\u0131 Cesur ve G\u00fczel&#8217;in ilk b\u00f6l\u00fcm\u00fc izleyiciden tam not ald\u0131. Dizide Cesur (K\u0131van\u00e7 Tatl\u0131tu\u011f) ve S\u00fchan&#8217;\u0131n (Tuba B\u00fcy\u00fck\u00fcst\u00fcn) b\u00fcy\u00fcleyici uyumu ekran ba\u015f\u0131ndaki izleyenleri adeta [&hellip;]<\/p>\n","protected":false},"author":3,"featured_media":16364,"comment_status":"open","ping_status":"open","sticky":false,"template":"","format":"standard","meta":{"footnotes":""},"categories":[2],"tags":[31,1225,29,80,305],"class_list":["post-16362","post","type-post","status-publish","format-standard","has-post-thumbnail","hentry","category-tv-programlari","tag-ali-bilgin","tag-cesur-ve-guzel","tag-ece-yorenc","tag-kivanc-tatlitug","tag-tuba-buyukustun"],"views":6755,"blog_post_layout_featured_media_urls":{"thumbnail":["https:\/\/balcilar-blog.com\/wp-content\/uploads\/2016\/11\/\u00e7iftlik-evi-150x150.jpg",150,150,true],"full":["https:\/\/balcilar-blog.com\/wp-content\/uploads\/2016\/11\/\u00e7iftlik-evi.jpg",640,360,false]},"categories_names":{"2":{"name":"TV Programlar\u0131","link":"https:\/\/balcilar-blog.com\/?cat=2"}},"tags_names":{"31":{"name":"Ali Bilgin","link":"https:\/\/balcilar-blog.com\/?tag=ali-bilgin"},"1225":{"name":"Cesur ve G\u00fczel","link":"https:\/\/balcilar-blog.com\/?tag=cesur-ve-guzel"},"29":{"name":"Ece Y\u00f6ren\u00e7","link":"https:\/\/balcilar-blog.com\/?tag=ece-yorenc"},"80":{"name":"K\u0131van\u00e7 Tatl\u0131tu\u011f","link":"https:\/\/balcilar-blog.com\/?tag=kivanc-tatlitug"},"305":{"name":"Tuba B\u00fcy\u00fck\u00fcst\u00fcn","link":"https:\/\/balcilar-blog.com\/?tag=tuba-buyukustun"}},"comments_number":"0","wpmagazine_modules_lite_featured_media_urls":{"thumbnail":["https:\/\/balcilar-blog.com\/wp-content\/uploads\/2016\/11\/\u00e7iftlik-evi-150x150.jpg",150,150,true],"cvmm-medium":["https:\/\/balcilar-blog.com\/wp-content\/uploads\/2016\/11\/\u00e7iftlik-evi.jpg",300,169,false],"cvmm-medium-plus":["https:\/\/balcilar-blog.com\/wp-content\/uploads\/2016\/11\/\u00e7iftlik-evi.jpg",305,172,false],"cvmm-portrait":["https:\/\/balcilar-blog.com\/wp-content\/uploads\/2016\/11\/\u00e7iftlik-evi.jpg",400,225,false],"cvmm-medium-square":["https:\/\/balcilar-blog.com\/wp-content\/uploads\/2016\/11\/\u00e7iftlik-evi.jpg",600,338,false],"cvmm-large":["https:\/\/balcilar-blog.com\/wp-content\/uploads\/2016\/11\/\u00e7iftlik-evi.jpg",640,360,false],"cvmm-small":["https:\/\/balcilar-blog.com\/wp-content\/uploads\/2016\/11\/\u00e7iftlik-evi.jpg",130,73,false],"full":["https:\/\/balcilar-blog.com\/wp-content\/uploads\/2016\/11\/\u00e7iftlik-evi.jpg",640,360,false]},"_links":{"self":[{"href":"https:\/\/balcilar-blog.com\/index.php?rest_route=\/wp\/v2\/posts\/16362","targetHints":{"allow":["GET"]}}],"collection":[{"href":"https:\/\/balcilar-blog.com\/index.php?rest_route=\/wp\/v2\/posts"}],"about":[{"href":"https:\/\/balcilar-blog.com\/index.php?rest_route=\/wp\/v2\/types\/post"}],"author":[{"embeddable":true,"href":"https:\/\/balcilar-blog.com\/index.php?rest_route=\/wp\/v2\/users\/3"}],"replies":[{"embeddable":true,"href":"https:\/\/balcilar-blog.com\/index.php?rest_route=%2Fwp%2Fv2%2Fcomments&post=16362"}],"version-history":[{"count":2,"href":"https:\/\/balcilar-blog.com\/index.php?rest_route=\/wp\/v2\/posts\/16362\/revisions"}],"predecessor-version":[{"id":16370,"href":"https:\/\/balcilar-blog.com\/index.php?rest_route=\/wp\/v2\/posts\/16362\/revisions\/16370"}],"wp:featuredmedia":[{"embeddable":true,"href":"https:\/\/balcilar-blog.com\/index.php?rest_route=\/wp\/v2\/media\/16364"}],"wp:attachment":[{"href":"https:\/\/balcilar-blog.com\/index.php?rest_route=%2Fwp%2Fv2%2Fmedia&parent=16362"}],"wp:term":[{"taxonomy":"category","embeddable":true,"href":"https:\/\/balcilar-blog.com\/index.php?rest_route=%2Fwp%2Fv2%2Fcategories&post=16362"},{"taxonomy":"post_tag","embeddable":true,"href":"https:\/\/balcilar-blog.com\/index.php?rest_route=%2Fwp%2Fv2%2Ftags&post=16362"}],"curies":[{"name":"wp","href":"https:\/\/api.w.org\/{rel}","templated":true}]}}