{"id":16294,"date":"2016-11-13T22:36:37","date_gmt":"2016-11-13T19:36:37","guid":{"rendered":"http:\/\/balcilar-blog.com\/?p=16294"},"modified":"2016-11-13T23:40:23","modified_gmt":"2016-11-13T20:40:23","slug":"43-pantene-altik-kelebek-odulleri-sahiplerini-buldu","status":"publish","type":"post","link":"https:\/\/balcilar-blog.com\/?p=16294","title":{"rendered":"43. Pantene Alt\u0131n Kelebek \u00d6d\u00fclleri sahiplerini buldu!"},"content":{"rendered":"<p><img loading=\"lazy\" decoding=\"async\" class=\"alignnone size-full wp-image-16295\" src=\"http:\/\/balcilar-blog.com\/wp-content\/uploads\/2016\/11\/cats-alt\u0131n-kelebk.jpg\" alt=\"cats-altin-kelebk\" width=\"640\" height=\"365\" srcset=\"https:\/\/balcilar-blog.com\/wp-content\/uploads\/2016\/11\/cats-alt\u0131n-kelebk.jpg 640w, https:\/\/balcilar-blog.com\/wp-content\/uploads\/2016\/11\/cats-alt\u0131n-kelebk-300x171.jpg 300w\" sizes=\"auto, (max-width: 640px) 100vw, 640px\" \/><\/p>\n<p>&nbsp;<\/p>\n<p>Televizyon ve m\u00fczik d\u00fcnyas\u0131na son d\u00f6nemde damgas\u0131n\u0131 vurmu\u015f isimlerin yer ald\u0131\u011f\u0131 adaylar aras\u0131ndan H\u00fcrriyet ve Kelebek okurlar\u0131 taraf\u0131ndan se\u00e7ilen ve \u00f6d\u00fcle lay\u0131k g\u00f6r\u00fclenler bu ak\u015fam canl\u0131 yay\u0131nda sahiplerine verildi.<\/p>\n<p>\u00dcnl\u00fc pop sanat\u00e7\u0131m\u0131z Tarkan&#8217;\u0131n s\u00f6yledi\u011fi &#8220;Olmaz \u0130la\u00e7 Sine-i Sad Pareme&#8221; T\u00fcrk Sanat M\u00fczi\u011fi par\u00e7as\u0131 ile ba\u015flad\u0131. &#8220;S\u00f6yleme Bilmesinler ile devam etti.<\/p>\n<p>Okan Bay\u00fclgen ve Pelin Akil Altan&#8217;\u0131n sunuculu\u011funu yapt\u0131\u011f\u0131 programda 43. Pantene Alt\u0131n Kelebek \u00d6d\u00fcl\u00fcn\u00fc i\u015fte kazananlar\u0131:<br \/>\n<strong>EN \u0130Y\u0130 D\u0130Z\u0130<\/strong> : Dirili\u015f Ertu\u011frul<\/p>\n<p><img loading=\"lazy\" decoding=\"async\" class=\"alignnone size-full wp-image-16298\" src=\"http:\/\/balcilar-blog.com\/wp-content\/uploads\/2016\/11\/5828a483c03c0e3d7c579442.jpg\" alt=\"5828a483c03c0e3d7c579442\" width=\"640\" height=\"400\" srcset=\"https:\/\/balcilar-blog.com\/wp-content\/uploads\/2016\/11\/5828a483c03c0e3d7c579442.jpg 640w, https:\/\/balcilar-blog.com\/wp-content\/uploads\/2016\/11\/5828a483c03c0e3d7c579442-300x188.jpg 300w\" sizes=\"auto, (max-width: 640px) 100vw, 640px\" \/><\/p>\n<p><strong>EN \u0130Y\u0130 KADIN OYUNCU<\/strong> : Bur\u00e7in Terzio\u011flu &#8211; Poyraz Karayel (\u00d6d\u00fcl\u00fc T\u00fcrkan \u015eoray verdi)<\/p>\n<p><strong>EN \u0130Y\u0130 ERKEK OYUNCU<\/strong> : \u0130lker Kaleli &#8211; Poyraz Karayel (\u00d6d\u00fcl\u00fc Meryem Uzerli verdi)<\/p>\n<p><img loading=\"lazy\" decoding=\"async\" class=\"alignnone size-full wp-image-16300\" src=\"http:\/\/balcilar-blog.com\/wp-content\/uploads\/2016\/11\/5828a5d8c03c0e3d7c579458.jpg\" alt=\"5828a5d8c03c0e3d7c579458\" width=\"640\" height=\"384\" srcset=\"https:\/\/balcilar-blog.com\/wp-content\/uploads\/2016\/11\/5828a5d8c03c0e3d7c579458.jpg 640w, https:\/\/balcilar-blog.com\/wp-content\/uploads\/2016\/11\/5828a5d8c03c0e3d7c579458-300x180.jpg 300w\" sizes=\"auto, (max-width: 640px) 100vw, 640px\" \/><\/p>\n<p><strong>EN \u0130Y\u0130 \u00c7OCUK OYUNCU<\/strong> : Beren G\u00f6ky\u0131ld\u0131z &#8211; G\u00fcld\u00fcy G\u00fcld\u00fcy Show \u00c7ocuk ( \u00d6d\u00fcl\u00fc Ataberk Mutlu verdi)<\/p>\n<p><strong>EN \u0130Y\u0130 KOMED\u0130 D\u0130Z\u0130S\u0130<\/strong> : Kiral\u0131k A\u015fk (M\u00fcjdat Gezen \u00f6d\u00fcl\u00fc verdi)<\/p>\n<p><strong>EN \u0130Y\u0130 KADIN KOMED\u0130 OYUNCUSU<\/strong> : El\u00e7in Sangu &#8211; Kiral\u0131k A\u015fk (C\u00fcneyt Ark\u0131n \u00f6d\u00fcl\u00fc verdi)<\/p>\n<p><strong>EN \u0130Y\u0130 ERKEK KOMED\u0130 OYUNCUSU<\/strong> : Bar\u0131\u015f Ardu\u00e7 &#8211; Kiral\u0131k A\u015fk (C\u00fcneyt Ark\u0131n \u00f6d\u00fcl\u00fc verdi)<\/p>\n<p><strong>EN \u0130Y\u0130 D\u0130Z\u0130 \u00c7\u0130FT\u0130<\/strong> : Leyla Lydia Tu\u011futlu &#8211; Furkan And\u0131\u00e7 \/ Pelin \u2013 Sinan, Tatl\u0131 \u0130ntikam (G\u00fclben Ergen verdi)<\/p>\n<p><img loading=\"lazy\" decoding=\"async\" class=\"alignnone size-full wp-image-16303\" src=\"http:\/\/balcilar-blog.com\/wp-content\/uploads\/2016\/11\/5828aaf8c03c0e3d7c579545.jpg\" alt=\"5828aaf8c03c0e3d7c579545\" width=\"640\" height=\"403\" srcset=\"https:\/\/balcilar-blog.com\/wp-content\/uploads\/2016\/11\/5828aaf8c03c0e3d7c579545.jpg 640w, https:\/\/balcilar-blog.com\/wp-content\/uploads\/2016\/11\/5828aaf8c03c0e3d7c579545-300x189.jpg 300w\" sizes=\"auto, (max-width: 640px) 100vw, 640px\" \/><\/p>\n<p>&nbsp;<\/p>\n<p><strong>EN \u0130Y\u0130 Y\u00d6NETMEN<\/strong> : \u00c7a\u011fr\u0131 Vila Lostuval\u0131 &#8211; Poyraz Karayel (Mahsun K\u0131rm\u0131z\u0131g\u00fcl \u00f6d\u00fcl\u00fc verdi)<\/p>\n<p><strong>EN \u0130Y\u0130 KADIN SUNUCU<\/strong> : M\u00fcge Anl\u0131 &#8211; M\u00fcge Anl\u0131 ile Tatl\u0131 Sert (Erkan Yola\u00e7 \u00f6d\u00fcl\u00fc verdi)<\/p>\n<p><strong>EN \u0130Y\u0130 ERKEK SUNUCU<\/strong> : Beyaz\u0131t \u00d6zt\u00fcrk &#8211; Beyaz Show<\/p>\n<p><strong>EN \u0130Y\u0130 KADIN HABER SUNUCU<\/strong> : Nazl\u0131 \u00c7elik<\/p>\n<p><strong>EN \u0130Y\u0130 ERKEK HABER SUNUCU<\/strong> : Fatih Portakal<\/p>\n<p><strong>EN \u0130Y\u0130 G\u00dcND\u00dcZ KU\u015eA\u011eI<\/strong> : K\u0131smetse Olur (Derya Baykal \u00f6d\u00fcl\u00fc verdi)<\/p>\n<p><strong>EN \u0130Y\u0130 SPOR PROGRAMI<\/strong> : Y\u00fczde Y\u00fcz Futbol &#8211; R\u0131dvan Dilmen, G\u00fcntekin Onay (Abdullah Avc\u0131 \u00f6d\u00fcl\u00fc verdi)<\/p>\n<p><strong>EN \u0130Y\u0130 MAGAZ\u0130N PROGRAMI<\/strong> : Renkli Sayfalar (Demet Akal\u0131n \u00f6d\u00fcl\u00fc verdi)<\/p>\n<p><strong>EN \u0130Y\u0130 T\u00dcRK POP M\u00dcZ\u0130\u011e\u0130 KADIN SOL\u0130ST<\/strong> : S\u0131la &#8211; M\u00fcrekkep (N\u00fcket Duru \u00f6d\u00fcl\u00fc verdi)<\/p>\n<p><strong>EN \u0130Y\u0130 T\u00dcRK POP M\u00dcZ\u0130\u011e\u0130 ERKEK SOL\u0130ST<\/strong> : Murat Boz &#8211; Janti<\/p>\n<p><strong>EN \u0130Y\u0130 M\u00dcZ\u0130K GRUBU<\/strong> : Gripin &#8211; Beni Bo\u015f Yere Yorma<\/p>\n<p><strong>EN \u0130Y\u0130 \u00c7IKI\u015e YAPAN SOL\u0130STLER<\/strong> : Eypio &amp; Burak King &#8211; G\u00fcnah Benim (Ebru G\u00fcnde\u015f \u00f6d\u00fcl\u00fc verdi)<\/p>\n<p><strong>EN \u0130Y\u0130 FANTEZ\u0130 VE HALK M\u00dcZ\u0130\u011e\u0130 KADIN SOL\u0130ST<\/strong> : Sibel Can &#8211; Arabesque (Orhan G\u00fcncebay \u00f6d\u00fcle verdi)<\/p>\n<p><strong>EN \u0130Y\u0130 FANTEZ\u0130 VE HALK M\u00dcZ\u0130\u011e\u0130 ERKEK SOL\u0130ST<\/strong> : Serkan Kaya &#8211; G\u00f6n\u00fcl Bah\u00e7em (Orhan Gencebay verdi)<\/p>\n<p><strong>EN \u0130Y\u0130 KL\u0130P<\/strong> : Hande Yener &#8211; Mor (Abdullah O\u011fuz verdi)<\/p>\n<p><strong>YILIN \u015eARKISI<\/strong> : Ba\u011fdat &#8211; Ayla \u00c7elik (\u00d6d\u00fcl\u00fc Beyaz verdi)<\/p>\n<p><strong>EN \u0130Y\u0130 PROJE<\/strong> : Ahde Vefa &#8211; Tarkan<\/p>\n<p><img loading=\"lazy\" decoding=\"async\" class=\"alignnone size-full wp-image-16301\" src=\"http:\/\/balcilar-blog.com\/wp-content\/uploads\/2016\/11\/5828a90ec03c0e3d7c5794dc.jpg\" alt=\"5828a90ec03c0e3d7c5794dc\" width=\"640\" height=\"427\" srcset=\"https:\/\/balcilar-blog.com\/wp-content\/uploads\/2016\/11\/5828a90ec03c0e3d7c5794dc.jpg 640w, https:\/\/balcilar-blog.com\/wp-content\/uploads\/2016\/11\/5828a90ec03c0e3d7c5794dc-300x200.jpg 300w\" sizes=\"auto, (max-width: 640px) 100vw, 640px\" \/><\/p>\n<p><strong>M\u00dcZ\u0130KTE 50 YIL \u00d6ZEL \u00d6D\u00dcL\u00dc<\/strong> : Selami \u015eahin<\/p>\n<p><strong>YA\u015eAM BOYU BA\u015eARI \u00d6D\u00dcL\u00dc<\/strong> : MF\u00d6 &#8211; Mashar &#8211; Fuat &#8211; \u00d6zkan<\/p>\n<p>2016 y\u0131l\u0131 43. Alt\u0131n Kelebek \u00d6d\u00fclleri sahiplerini buldu. Her birine ayr\u0131 ayr\u0131 tebrik eder, ba\u015far\u0131lar\u0131n\u0131n devam\u0131n\u0131 dilerim.<\/p>\n<p>Bu ak\u015fam oturdum canl\u0131 olarak keyifle izledim. Program\u0131 Okan Bay\u00fclgen ba\u015far\u0131l\u0131 bir \u015fekilde sundu.<\/p>\n<p><strong>2017 y\u0131l\u0131 44.Alt\u0131n Kelebek \u00d6d\u00fclleri almayanlara ve hak edenlere gitmesi dileklerimle.<\/strong><\/p>\n<p>Sayg\u0131lar ve sevgiler.<\/p>\n<p>Abdurrahman Balc\u0131lar<\/p>\n<p>Twitter:\u00a0<a href=\"https:\/\/twitter.com\/abbalcilar\">abdurrahman balc\u0131lar<\/a><a href=\"https:\/\/twitter.com\/abbalcilar\"><strong>@abbalcilar<\/strong><\/a><\/p>\n<p>Mail :\u00a0<a href=\"mailto:ab.balcilar@hotmail.com\">ab.balcilar@hotmail.com<\/a><\/p>\n<p>Blog:\u00a0<a href=\"http:\/\/t.co\/znqmIZgIqn\">blog.milliyet.com.tr\/cansever<\/a><\/p>\n<p>Blog:\u00a0<strong>balcilar-blog.com<\/strong><\/p>\n<p>Not: G\u00f6rseller H\u00fcrriyet Kelebek.com sayfas\u0131ndan al\u0131nm\u0131\u015ft\u0131r.<\/p>\n","protected":false},"excerpt":{"rendered":"<p>&nbsp; Televizyon ve m\u00fczik d\u00fcnyas\u0131na son d\u00f6nemde damgas\u0131n\u0131 vurmu\u015f isimlerin yer ald\u0131\u011f\u0131 adaylar aras\u0131ndan H\u00fcrriyet ve Kelebek okurlar\u0131 taraf\u0131ndan se\u00e7ilen ve \u00f6d\u00fcle lay\u0131k g\u00f6r\u00fclenler bu ak\u015fam canl\u0131 yay\u0131nda sahiplerine verildi. \u00dcnl\u00fc pop sanat\u00e7\u0131m\u0131z Tarkan&#8217;\u0131n s\u00f6yledi\u011fi &#8220;Olmaz \u0130la\u00e7 Sine-i Sad Pareme&#8221; T\u00fcrk Sanat M\u00fczi\u011fi par\u00e7as\u0131 ile ba\u015flad\u0131. &#8220;S\u00f6yleme Bilmesinler ile devam etti. Okan Bay\u00fclgen ve Pelin [&hellip;]<\/p>\n","protected":false},"author":3,"featured_media":16295,"comment_status":"open","ping_status":"open","sticky":false,"template":"","format":"standard","meta":{"footnotes":""},"categories":[2],"tags":[1298,744,1299,568,1301,1300,1302],"class_list":["post-16294","post","type-post","status-publish","format-standard","has-post-thumbnail","hentry","category-tv-programlari","tag-43-pantene-altin-kelebek-odulleri","tag-baris-arduc","tag-dirilis-erugrul","tag-elcin-sangu","tag-hurriyet","tag-ilker-kaleli","tag-kelebek"],"views":3415,"blog_post_layout_featured_media_urls":{"thumbnail":["https:\/\/balcilar-blog.com\/wp-content\/uploads\/2016\/11\/cats-alt\u0131n-kelebk-150x150.jpg",150,150,true],"full":["https:\/\/balcilar-blog.com\/wp-content\/uploads\/2016\/11\/cats-alt\u0131n-kelebk.jpg",640,365,false]},"categories_names":{"2":{"name":"TV Programlar\u0131","link":"https:\/\/balcilar-blog.com\/?cat=2"}},"tags_names":{"1298":{"name":"43. Pantene Alt\u0131n Kelebek \u00d6d\u00fclleri","link":"https:\/\/balcilar-blog.com\/?tag=43-pantene-altin-kelebek-odulleri"},"744":{"name":"Bar\u0131\u015f Ardu\u00e7","link":"https:\/\/balcilar-blog.com\/?tag=baris-arduc"},"1299":{"name":"Dirili\u015f Eru\u011frul","link":"https:\/\/balcilar-blog.com\/?tag=dirilis-erugrul"},"568":{"name":"El\u00e7in Sangu","link":"https:\/\/balcilar-blog.com\/?tag=elcin-sangu"},"1301":{"name":"H\u00fcrriyet","link":"https:\/\/balcilar-blog.com\/?tag=hurriyet"},"1300":{"name":"\u0130lker Kaleli","link":"https:\/\/balcilar-blog.com\/?tag=ilker-kaleli"},"1302":{"name":"Kelebek","link":"https:\/\/balcilar-blog.com\/?tag=kelebek"}},"comments_number":"0","wpmagazine_modules_lite_featured_media_urls":{"thumbnail":["https:\/\/balcilar-blog.com\/wp-content\/uploads\/2016\/11\/cats-alt\u0131n-kelebk-150x150.jpg",150,150,true],"cvmm-medium":["https:\/\/balcilar-blog.com\/wp-content\/uploads\/2016\/11\/cats-alt\u0131n-kelebk.jpg",300,171,false],"cvmm-medium-plus":["https:\/\/balcilar-blog.com\/wp-content\/uploads\/2016\/11\/cats-alt\u0131n-kelebk.jpg",305,174,false],"cvmm-portrait":["https:\/\/balcilar-blog.com\/wp-content\/uploads\/2016\/11\/cats-alt\u0131n-kelebk.jpg",400,228,false],"cvmm-medium-square":["https:\/\/balcilar-blog.com\/wp-content\/uploads\/2016\/11\/cats-alt\u0131n-kelebk.jpg",600,342,false],"cvmm-large":["https:\/\/balcilar-blog.com\/wp-content\/uploads\/2016\/11\/cats-alt\u0131n-kelebk.jpg",640,365,false],"cvmm-small":["https:\/\/balcilar-blog.com\/wp-content\/uploads\/2016\/11\/cats-alt\u0131n-kelebk.jpg",130,74,false],"full":["https:\/\/balcilar-blog.com\/wp-content\/uploads\/2016\/11\/cats-alt\u0131n-kelebk.jpg",640,365,false]},"_links":{"self":[{"href":"https:\/\/balcilar-blog.com\/index.php?rest_route=\/wp\/v2\/posts\/16294","targetHints":{"allow":["GET"]}}],"collection":[{"href":"https:\/\/balcilar-blog.com\/index.php?rest_route=\/wp\/v2\/posts"}],"about":[{"href":"https:\/\/balcilar-blog.com\/index.php?rest_route=\/wp\/v2\/types\/post"}],"author":[{"embeddable":true,"href":"https:\/\/balcilar-blog.com\/index.php?rest_route=\/wp\/v2\/users\/3"}],"replies":[{"embeddable":true,"href":"https:\/\/balcilar-blog.com\/index.php?rest_route=%2Fwp%2Fv2%2Fcomments&post=16294"}],"version-history":[{"count":5,"href":"https:\/\/balcilar-blog.com\/index.php?rest_route=\/wp\/v2\/posts\/16294\/revisions"}],"predecessor-version":[{"id":16305,"href":"https:\/\/balcilar-blog.com\/index.php?rest_route=\/wp\/v2\/posts\/16294\/revisions\/16305"}],"wp:featuredmedia":[{"embeddable":true,"href":"https:\/\/balcilar-blog.com\/index.php?rest_route=\/wp\/v2\/media\/16295"}],"wp:attachment":[{"href":"https:\/\/balcilar-blog.com\/index.php?rest_route=%2Fwp%2Fv2%2Fmedia&parent=16294"}],"wp:term":[{"taxonomy":"category","embeddable":true,"href":"https:\/\/balcilar-blog.com\/index.php?rest_route=%2Fwp%2Fv2%2Fcategories&post=16294"},{"taxonomy":"post_tag","embeddable":true,"href":"https:\/\/balcilar-blog.com\/index.php?rest_route=%2Fwp%2Fv2%2Ftags&post=16294"}],"curies":[{"name":"wp","href":"https:\/\/api.w.org\/{rel}","templated":true}]}}