{"id":16240,"date":"2016-11-10T14:58:57","date_gmt":"2016-11-10T11:58:57","guid":{"rendered":"http:\/\/balcilar-blog.com\/?p=16240"},"modified":"2016-11-10T15:19:02","modified_gmt":"2016-11-10T12:19:02","slug":"cesur-ve-guzel-bu-aksam-basliyor","status":"publish","type":"post","link":"https:\/\/balcilar-blog.com\/?p=16240","title":{"rendered":"Cesur ve G\u00fczel bu ak\u015fam ba\u015fl\u0131yor!"},"content":{"rendered":"<div id=\"Item.MessagePartBody\" class=\"_rp_P4\">\n<div id=\"Item.MessageUniqueBody\" class=\"_rp_Q4 ms-font-weight-regular ms-font-color-neutralDark rpHighlightAllClass rpHighlightBodyClass\" tabindex=\"0\">\n<div class=\"rps_cac9\">\n<div>\n<div>\n<div dir=\"ltr\">\n<div class=\"x_gmail_quote\">\n<div dir=\"ltr\">\n<p><img loading=\"lazy\" decoding=\"async\" class=\"alignnone size-full wp-image-16242\" src=\"http:\/\/balcilar-blog.com\/wp-content\/uploads\/2016\/11\/1-1.jpg\" alt=\"1-1\" width=\"640\" height=\"427\" srcset=\"https:\/\/balcilar-blog.com\/wp-content\/uploads\/2016\/11\/1-1.jpg 640w, https:\/\/balcilar-blog.com\/wp-content\/uploads\/2016\/11\/1-1-300x200.jpg 300w\" sizes=\"auto, (max-width: 640px) 100vw, 640px\" \/><\/p>\n<p>Ay Yap\u0131m imzal\u0131, ba\u015frollerinde K\u0131van\u00e7 Tatl\u0131tu\u011f ve Tuba B\u00fcy\u00fck\u00fcst\u00fcn&#8217;\u00fcn yer ald\u0131\u011f\u0131 sezonun b\u00fcy\u00fck merakla beklenen yap\u0131m\u0131 Cesur ve G\u00fczel bu ak\u015fam ba\u015fl\u0131yor!<\/p>\n<p>Cesur ve S\u00fchan&#8217;\u0131n ge\u00e7mi\u015fin s\u0131rlar\u0131yla \u00f6r\u00fcl\u00fc a\u015fklar\u0131n\u0131 konu alacak dizi 10 Kas\u0131m Per\u015fembe \u00a0bu ak\u015fam saat 20:00&#8217;da Star TV&#8217;de izleyicisiyle bulu\u015facak.<\/p>\n<p>Senaryosunu Ece Y\u00f6ren\u00e7\u2019in yazd\u0131\u011f\u0131, y\u00f6netmenli\u011fini Ali Bilgin\u2019in yapt\u0131\u011f\u0131 dizide, ge\u00e7mi\u015ften beri birbirine d\u00fc\u015fman olan ailelere sahip Cesur ve S\u00fchan\u2019\u0131n ilk kar\u015f\u0131la\u015fmalar\u0131ndan itibaren ba\u015flayan tutkulu a\u015fklar\u0131 anlat\u0131lacak.<\/p>\n<p>&nbsp;<\/p>\n<p><strong>G\u00fczel S\u00fchan (Tuba B\u00fcy\u00fck\u00fcst\u00fcn):<\/strong><\/p>\n<p><img loading=\"lazy\" decoding=\"async\" class=\"alignnone size-full wp-image-16244\" src=\"http:\/\/balcilar-blog.com\/wp-content\/uploads\/2016\/11\/3-3.jpg\" alt=\"3-3\" width=\"640\" height=\"427\" srcset=\"https:\/\/balcilar-blog.com\/wp-content\/uploads\/2016\/11\/3-3.jpg 640w, https:\/\/balcilar-blog.com\/wp-content\/uploads\/2016\/11\/3-3-300x200.jpg 300w\" sizes=\"auto, (max-width: 640px) 100vw, 640px\" \/><\/p>\n<p><strong>Gen\u00e7 delikanl\u0131 Cesur (K\u0131van\u00e7 Tatl\u0131tu\u011f):<\/strong><\/p>\n<p><img loading=\"lazy\" decoding=\"async\" class=\"alignnone size-full wp-image-16243\" src=\"http:\/\/balcilar-blog.com\/wp-content\/uploads\/2016\/11\/2-2.jpg\" alt=\"2-2\" width=\"640\" height=\"416\" srcset=\"https:\/\/balcilar-blog.com\/wp-content\/uploads\/2016\/11\/2-2.jpg 640w, https:\/\/balcilar-blog.com\/wp-content\/uploads\/2016\/11\/2-2-300x195.jpg 300w\" sizes=\"auto, (max-width: 640px) 100vw, 640px\" \/><\/p>\n<p>Babas\u0131ndan \u00e7al\u0131nan hayat\u0131 geri almaya \u00e7al\u0131\u015fan Cesur ile Cesur\u2019un can d\u00fc\u015fman\u0131n\u0131n k\u0131z\u0131 S\u00fchan aras\u0131nda s\u0131ra d\u0131\u015f\u0131 bir kar\u015f\u0131la\u015fmayla ba\u015flayan bu tutkulu ili\u015fki, ailelerin kar\u015f\u0131 \u00e7\u0131kmas\u0131yla imkans\u0131z bir a\u015fka d\u00f6n\u00fc\u015fecek. Cesur ve G\u00fczel, s\u00fcr\u00fckleyici hikayesi ve g\u00fc\u00e7l\u00fc oyuncu kadrosuyla izleyicileri heyecan ve a\u015fk dolu bir modern zaman masal\u0131na ortak edecek.<\/p>\n<p><strong>CESUR ve G\u00dcZEL&#8217;in tan\u0131t\u0131m afi\u015fi (Oyuncular toplu halde):<\/strong><\/p>\n<p><img loading=\"lazy\" decoding=\"async\" class=\"alignnone size-full wp-image-16241\" src=\"http:\/\/balcilar-blog.com\/wp-content\/uploads\/2016\/11\/AF\u0130\u015e.jpg\" alt=\"afis\" width=\"640\" height=\"448\" srcset=\"https:\/\/balcilar-blog.com\/wp-content\/uploads\/2016\/11\/AF\u0130\u015e.jpg 640w, https:\/\/balcilar-blog.com\/wp-content\/uploads\/2016\/11\/AF\u0130\u015e-300x210.jpg 300w\" sizes=\"auto, (max-width: 640px) 100vw, 640px\" \/><\/p>\n<p>K\u0131van\u00e7 Tatl\u0131tu\u011f\u2019un Cesur; Tuba B\u00fcy\u00fck\u00fcst\u00fcn\u2019\u00fcn S\u00fchan karakterleriyle ekrana gelece\u011fi dizide Tamer Levent (Tahsin Korluda\u011f), Erkan Avc\u0131 (Korhan Korluda\u011f), Serkan Altunorak (B\u00fclent), Sezin Akba\u015fo\u011fullar\u0131 (Cahide Korluda\u011f), F\u0131rat Altunme\u015fe (Kemal), Nihan B\u00fcy\u00fcka\u011fa\u00e7 (Adalet) ve Devrim Yakut (Mihriban) da ba\u015frolleri payla\u015f\u0131yor.<\/p>\n<p>&nbsp;<\/p>\n<p class=\"x_MsoNormal\" align=\"center\"><span lang=\"EN-US\">\u0130NTERNET \u00d6ZEL FRAGMAN:\u00a0<a href=\"https:\/\/www.youtube.com\/watch?v=jXM3InPZDEg\" target=\"_blank\">https:\/\/www.youtube.com\/watch?v=jXM3InPZDEg<\/a><\/span><\/p>\n<\/div>\n<\/div>\n<p>Cesur ve G\u00fczel 10 Kas\u0131m Per\u015fembe (Bu ak\u015fam) saat 20.00\u2019de Star TV\u2019de!<\/p>\n<p>Keyifli Seyirler.<\/p>\n<p>Sayg\u0131lar ve sevgiler.<\/p>\n<p>Abdurrahman Balc\u0131lar<\/p>\n<p>Twitter:\u00a0<a href=\"https:\/\/twitter.com\/abbalcilar\">abdurrahman balc\u0131lar<\/a><a href=\"https:\/\/twitter.com\/abbalcilar\"><strong>@abbalcilar<\/strong><\/a><\/p>\n<p>Mail :\u00a0<a href=\"mailto:ab.balcilar@hotmail.com\">ab.balcilar@hotmail.com<\/a><\/p>\n<p>Blog:\u00a0<a href=\"http:\/\/t.co\/znqmIZgIqn\">blog.milliyet.com.tr\/cansever<\/a><\/p>\n<p>Blog:\u00a0<strong>balcilar-blog.com<\/strong><\/p>\n<p>Not: Kaynak haber ve g\u00f6rseller Persona Sanat Bas\u0131n B\u00fclteni.<\/p>\n<p class=\"x_MsoNormal\">\n<\/div>\n<\/div>\n<\/div>\n<\/div>\n<\/div>\n<\/div>\n<div class=\"_pe_d _pe_22\" tabindex=\"0\"><\/div>\n","protected":false},"excerpt":{"rendered":"<p>Ay Yap\u0131m imzal\u0131, ba\u015frollerinde K\u0131van\u00e7 Tatl\u0131tu\u011f ve Tuba B\u00fcy\u00fck\u00fcst\u00fcn&#8217;\u00fcn yer ald\u0131\u011f\u0131 sezonun b\u00fcy\u00fck merakla beklenen yap\u0131m\u0131 Cesur ve G\u00fczel bu ak\u015fam ba\u015fl\u0131yor! Cesur ve S\u00fchan&#8217;\u0131n ge\u00e7mi\u015fin s\u0131rlar\u0131yla \u00f6r\u00fcl\u00fc a\u015fklar\u0131n\u0131 konu alacak dizi 10 Kas\u0131m Per\u015fembe \u00a0bu ak\u015fam saat 20:00&#8217;da Star TV&#8217;de izleyicisiyle bulu\u015facak. Senaryosunu Ece Y\u00f6ren\u00e7\u2019in yazd\u0131\u011f\u0131, y\u00f6netmenli\u011fini Ali Bilgin\u2019in yapt\u0131\u011f\u0131 dizide, ge\u00e7mi\u015ften beri birbirine [&hellip;]<\/p>\n","protected":false},"author":3,"featured_media":16242,"comment_status":"open","ping_status":"open","sticky":false,"template":"","format":"standard","meta":{"footnotes":""},"categories":[2],"tags":[26,1225,80,305],"class_list":["post-16240","post","type-post","status-publish","format-standard","has-post-thumbnail","hentry","category-tv-programlari","tag-ay-yapim","tag-cesur-ve-guzel","tag-kivanc-tatlitug","tag-tuba-buyukustun"],"views":3052,"blog_post_layout_featured_media_urls":{"thumbnail":["https:\/\/balcilar-blog.com\/wp-content\/uploads\/2016\/11\/1-1-150x150.jpg",150,150,true],"full":["https:\/\/balcilar-blog.com\/wp-content\/uploads\/2016\/11\/1-1.jpg",640,427,false]},"categories_names":{"2":{"name":"TV Programlar\u0131","link":"https:\/\/balcilar-blog.com\/?cat=2"}},"tags_names":{"26":{"name":"Ay Yap\u0131m","link":"https:\/\/balcilar-blog.com\/?tag=ay-yapim"},"1225":{"name":"Cesur ve G\u00fczel","link":"https:\/\/balcilar-blog.com\/?tag=cesur-ve-guzel"},"80":{"name":"K\u0131van\u00e7 Tatl\u0131tu\u011f","link":"https:\/\/balcilar-blog.com\/?tag=kivanc-tatlitug"},"305":{"name":"Tuba B\u00fcy\u00fck\u00fcst\u00fcn","link":"https:\/\/balcilar-blog.com\/?tag=tuba-buyukustun"}},"comments_number":"0","wpmagazine_modules_lite_featured_media_urls":{"thumbnail":["https:\/\/balcilar-blog.com\/wp-content\/uploads\/2016\/11\/1-1-150x150.jpg",150,150,true],"cvmm-medium":["https:\/\/balcilar-blog.com\/wp-content\/uploads\/2016\/11\/1-1.jpg",300,200,false],"cvmm-medium-plus":["https:\/\/balcilar-blog.com\/wp-content\/uploads\/2016\/11\/1-1.jpg",305,203,false],"cvmm-portrait":["https:\/\/balcilar-blog.com\/wp-content\/uploads\/2016\/11\/1-1.jpg",400,267,false],"cvmm-medium-square":["https:\/\/balcilar-blog.com\/wp-content\/uploads\/2016\/11\/1-1.jpg",600,400,false],"cvmm-large":["https:\/\/balcilar-blog.com\/wp-content\/uploads\/2016\/11\/1-1.jpg",640,427,false],"cvmm-small":["https:\/\/balcilar-blog.com\/wp-content\/uploads\/2016\/11\/1-1.jpg",130,87,false],"full":["https:\/\/balcilar-blog.com\/wp-content\/uploads\/2016\/11\/1-1.jpg",640,427,false]},"_links":{"self":[{"href":"https:\/\/balcilar-blog.com\/index.php?rest_route=\/wp\/v2\/posts\/16240","targetHints":{"allow":["GET"]}}],"collection":[{"href":"https:\/\/balcilar-blog.com\/index.php?rest_route=\/wp\/v2\/posts"}],"about":[{"href":"https:\/\/balcilar-blog.com\/index.php?rest_route=\/wp\/v2\/types\/post"}],"author":[{"embeddable":true,"href":"https:\/\/balcilar-blog.com\/index.php?rest_route=\/wp\/v2\/users\/3"}],"replies":[{"embeddable":true,"href":"https:\/\/balcilar-blog.com\/index.php?rest_route=%2Fwp%2Fv2%2Fcomments&post=16240"}],"version-history":[{"count":3,"href":"https:\/\/balcilar-blog.com\/index.php?rest_route=\/wp\/v2\/posts\/16240\/revisions"}],"predecessor-version":[{"id":16247,"href":"https:\/\/balcilar-blog.com\/index.php?rest_route=\/wp\/v2\/posts\/16240\/revisions\/16247"}],"wp:featuredmedia":[{"embeddable":true,"href":"https:\/\/balcilar-blog.com\/index.php?rest_route=\/wp\/v2\/media\/16242"}],"wp:attachment":[{"href":"https:\/\/balcilar-blog.com\/index.php?rest_route=%2Fwp%2Fv2%2Fmedia&parent=16240"}],"wp:term":[{"taxonomy":"category","embeddable":true,"href":"https:\/\/balcilar-blog.com\/index.php?rest_route=%2Fwp%2Fv2%2Fcategories&post=16240"},{"taxonomy":"post_tag","embeddable":true,"href":"https:\/\/balcilar-blog.com\/index.php?rest_route=%2Fwp%2Fv2%2Ftags&post=16240"}],"curies":[{"name":"wp","href":"https:\/\/api.w.org\/{rel}","templated":true}]}}