{"id":16142,"date":"2016-11-04T15:41:36","date_gmt":"2016-11-04T12:41:36","guid":{"rendered":"http:\/\/balcilar-blog.com\/?p=16142"},"modified":"2016-11-04T17:04:56","modified_gmt":"2016-11-04T14:04:56","slug":"bana-sevmeyi-anlatta-surpriz-gelisme","status":"publish","type":"post","link":"https:\/\/balcilar-blog.com\/?p=16142","title":{"rendered":"Bana Sevmeyi Anlat&#8217;ta s\u00fcrpriz geli\u015fme!"},"content":{"rendered":"<p><img loading=\"lazy\" decoding=\"async\" class=\"alignnone size-full wp-image-16143\" src=\"http:\/\/balcilar-blog.com\/wp-content\/uploads\/2016\/11\/alper-hakverdi.jpg\" alt=\"alper-hakverdi\" width=\"640\" height=\"445\" srcset=\"https:\/\/balcilar-blog.com\/wp-content\/uploads\/2016\/11\/alper-hakverdi.jpg 640w, https:\/\/balcilar-blog.com\/wp-content\/uploads\/2016\/11\/alper-hakverdi-300x209.jpg 300w\" sizes=\"auto, (max-width: 640px) 100vw, 640px\" \/><\/p>\n<p>Ay Yap\u0131m imzal\u0131, Kadir Do\u011fulu, Seda Bakan ve Mustafa \u00dcst\u00fcnda\u011f&#8217;\u0131n rol ald\u0131\u011f\u0131 Bana Sevmeyi Anlat bu hafta \u00e7arp\u0131c\u0131 b\u00f6l\u00fcmle ekrana geliyor.<\/p>\n<p><strong>HAKVERD\u0130 YA\u015eIYOR!<\/strong><\/p>\n<p><strong>BANA SEVMEY\u0130 ANLAT&#8217;TA S\u00dcRPR\u0130Z GEL\u0130\u015eME!<\/strong><\/p>\n<p>Ha\u015fmet&#8217;in kaza s\u00fcs\u00fc vererek \u00f6ld\u00fcrtt\u00fc\u011f\u00fc Leyla&#8217;n\u0131n (Seda Bakan) karde\u015fi Hakverdi&#8217;nin (Bahad\u0131r Vatano\u011flu) hayatta oldu\u011fu yeni b\u00f6l\u00fcmde ortaya \u00e7\u0131kacak.<\/p>\n<p>Cuma ak\u015famlar\u0131n\u0131n vazge\u00e7ilmez dizisi Bana Sevmeyi Anlat&#8217;ta heyecan doru\u011fa \u00e7\u0131k\u0131yor. Alper ve Hakverdi&#8217;nin beklenmedik \u015fekilde bir araya gelmesi dizide milad olacak s\u00fcrpriz geli\u015fmelere neden olacak. Leyla ve Alper&#8217;in ili\u015fkisini de y\u00f6n verecek olan geli\u015fmeler ekran ba\u015f\u0131ndaki izleyenleri de \u00e7ok \u015fa\u015f\u0131rtacak. \u00d6l\u00fcm emrini verdi\u011fi Ha\u015fmet&#8217;ten intikam almak i\u00e7in geri d\u00f6nen Hakverdi, Alper&#8217;e neler anlatacak?<\/p>\n<p><img loading=\"lazy\" decoding=\"async\" class=\"alignnone size-full wp-image-16145\" src=\"http:\/\/balcilar-blog.com\/wp-content\/uploads\/2016\/11\/BSA-10-2.jpg\" alt=\"bsa-10-2\" width=\"640\" height=\"412\" srcset=\"https:\/\/balcilar-blog.com\/wp-content\/uploads\/2016\/11\/BSA-10-2.jpg 640w, https:\/\/balcilar-blog.com\/wp-content\/uploads\/2016\/11\/BSA-10-2-300x193.jpg 300w\" sizes=\"auto, (max-width: 640px) 100vw, 640px\" \/><\/p>\n<p><strong>Bu ak\u015fam 10.b\u00f6l\u00fcmde neler olacaklar:<\/strong><\/p>\n<p>Alper gizemli bulu\u015fman\u0131n ard\u0131ndan b\u00fcy\u00fck bir karar\u0131n e\u015fi\u011findedir. Nas\u0131l bir karar verirse versin d\u00fcnyas\u0131 de\u011fi\u015fecektir. Kar\u015f\u0131s\u0131nda Onur\u2019u g\u00f6ren Engin i\u00e7in ise y\u00fczle\u015fme zaman\u0131d\u0131r. Simge\u2019nin eline ge\u00e7en g\u00f6r\u00fcnt\u00fcden habersiz olan Leyla o\u011fluna kavu\u015fmu\u015f mutludur. Ha\u015fmet plan\u0131n\u0131n i\u015fledi\u011fini d\u00fc\u015f\u00fcn\u00fcrken beklenmedik bir geli\u015fmeyle dengeler de\u011fi\u015ftirir. Art\u0131k herkes ataca\u011f\u0131 ad\u0131m\u0131 bir kere daha d\u00fc\u015f\u00fcnecektir.<\/p>\n<p><img loading=\"lazy\" decoding=\"async\" class=\"alignnone size-full wp-image-16144\" src=\"http:\/\/balcilar-blog.com\/wp-content\/uploads\/2016\/11\/BSA-10-1.jpg\" alt=\"bsa-10-1\" width=\"640\" height=\"390\" srcset=\"https:\/\/balcilar-blog.com\/wp-content\/uploads\/2016\/11\/BSA-10-1.jpg 640w, https:\/\/balcilar-blog.com\/wp-content\/uploads\/2016\/11\/BSA-10-1-300x183.jpg 300w\" sizes=\"auto, (max-width: 640px) 100vw, 640px\" \/><\/p>\n<p>Y\u00f6netmenli\u011fini Mesude Eraslan&#8217;\u0131n senaristli\u011fini Deniz Ak\u00e7ay&#8217;\u0131n \u00fcstlendi\u011fi <strong>BANA SEVMEY\u0130 ANLAT<\/strong> 4 Kas\u0131m Cuma g\u00fcn\u00fc (bu ak\u015fam) saat 20:00&#8217;da FOX&#8217;ta ekrana gelecek&#8230;<\/p>\n<p>\u0130yi Seyirler<\/p>\n<p>Sayg\u0131lar ve sevgiler.<\/p>\n<p>Abdurrahman Balc\u0131lar<\/p>\n<p>Twitter:\u00a0<a href=\"https:\/\/twitter.com\/abbalcilar\">abdurrahman balc\u0131lar<\/a><a href=\"https:\/\/twitter.com\/abbalcilar\"><strong>@abbalcilar<\/strong><\/a><\/p>\n<p>Mail :\u00a0<a href=\"mailto:ab.balcilar@hotmail.com\">ab.balcilar@hotmail.com<\/a><\/p>\n<p>Blog:\u00a0<a href=\"http:\/\/t.co\/znqmIZgIqn\">blog.milliyet.com.tr\/cansever<\/a><\/p>\n<p>Blog:\u00a0<strong>balcilar-blog.com<\/strong><\/p>\n<p class=\"x_MsoNormal\" align=\"center\">\n","protected":false},"excerpt":{"rendered":"<p>Ay Yap\u0131m imzal\u0131, Kadir Do\u011fulu, Seda Bakan ve Mustafa \u00dcst\u00fcnda\u011f&#8217;\u0131n rol ald\u0131\u011f\u0131 Bana Sevmeyi Anlat bu hafta \u00e7arp\u0131c\u0131 b\u00f6l\u00fcmle ekrana geliyor. HAKVERD\u0130 YA\u015eIYOR! BANA SEVMEY\u0130 ANLAT&#8217;TA S\u00dcRPR\u0130Z GEL\u0130\u015eME! Ha\u015fmet&#8217;in kaza s\u00fcs\u00fc vererek \u00f6ld\u00fcrtt\u00fc\u011f\u00fc Leyla&#8217;n\u0131n (Seda Bakan) karde\u015fi Hakverdi&#8217;nin (Bahad\u0131r Vatano\u011flu) hayatta oldu\u011fu yeni b\u00f6l\u00fcmde ortaya \u00e7\u0131kacak. Cuma ak\u015famlar\u0131n\u0131n vazge\u00e7ilmez dizisi Bana Sevmeyi Anlat&#8217;ta heyecan doru\u011fa [&hellip;]<\/p>\n","protected":false},"author":3,"featured_media":16143,"comment_status":"open","ping_status":"open","sticky":false,"template":"","format":"standard","meta":{"footnotes":""},"categories":[2],"tags":[26,1292,1206,1253,118,1235,95,1025],"class_list":["post-16142","post","type-post","status-publish","format-standard","has-post-thumbnail","hentry","category-tv-programlari","tag-ay-yapim","tag-bahadir-vatanoglu","tag-bana-sevmeyi-anlat","tag-deniz-akcay","tag-kadir-dogulu","tag-mesude-eraslan","tag-mustafa-ustundag","tag-seda-bakan"],"views":3361,"blog_post_layout_featured_media_urls":{"thumbnail":["https:\/\/balcilar-blog.com\/wp-content\/uploads\/2016\/11\/alper-hakverdi-150x150.jpg",150,150,true],"full":["https:\/\/balcilar-blog.com\/wp-content\/uploads\/2016\/11\/alper-hakverdi.jpg",640,445,false]},"categories_names":{"2":{"name":"TV Programlar\u0131","link":"https:\/\/balcilar-blog.com\/?cat=2"}},"tags_names":{"26":{"name":"Ay Yap\u0131m","link":"https:\/\/balcilar-blog.com\/?tag=ay-yapim"},"1292":{"name":"Bahad\u0131r Vatano\u011flu","link":"https:\/\/balcilar-blog.com\/?tag=bahadir-vatanoglu"},"1206":{"name":"Bana Sevmeyi Anlat","link":"https:\/\/balcilar-blog.com\/?tag=bana-sevmeyi-anlat"},"1253":{"name":"Deniz Ak\u00e7ay","link":"https:\/\/balcilar-blog.com\/?tag=deniz-akcay"},"118":{"name":"Kadir Do\u011fulu","link":"https:\/\/balcilar-blog.com\/?tag=kadir-dogulu"},"1235":{"name":"Mesude Eraslan","link":"https:\/\/balcilar-blog.com\/?tag=mesude-eraslan"},"95":{"name":"Mustafa \u00dcst\u00fcnda\u011f","link":"https:\/\/balcilar-blog.com\/?tag=mustafa-ustundag"},"1025":{"name":"Seda Bakan","link":"https:\/\/balcilar-blog.com\/?tag=seda-bakan"}},"comments_number":"0","wpmagazine_modules_lite_featured_media_urls":{"thumbnail":["https:\/\/balcilar-blog.com\/wp-content\/uploads\/2016\/11\/alper-hakverdi-150x150.jpg",150,150,true],"cvmm-medium":["https:\/\/balcilar-blog.com\/wp-content\/uploads\/2016\/11\/alper-hakverdi.jpg",300,209,false],"cvmm-medium-plus":["https:\/\/balcilar-blog.com\/wp-content\/uploads\/2016\/11\/alper-hakverdi.jpg",298,207,false],"cvmm-portrait":["https:\/\/balcilar-blog.com\/wp-content\/uploads\/2016\/11\/alper-hakverdi.jpg",400,278,false],"cvmm-medium-square":["https:\/\/balcilar-blog.com\/wp-content\/uploads\/2016\/11\/alper-hakverdi.jpg",600,417,false],"cvmm-large":["https:\/\/balcilar-blog.com\/wp-content\/uploads\/2016\/11\/alper-hakverdi.jpg",640,445,false],"cvmm-small":["https:\/\/balcilar-blog.com\/wp-content\/uploads\/2016\/11\/alper-hakverdi.jpg",130,90,false],"full":["https:\/\/balcilar-blog.com\/wp-content\/uploads\/2016\/11\/alper-hakverdi.jpg",640,445,false]},"_links":{"self":[{"href":"https:\/\/balcilar-blog.com\/index.php?rest_route=\/wp\/v2\/posts\/16142","targetHints":{"allow":["GET"]}}],"collection":[{"href":"https:\/\/balcilar-blog.com\/index.php?rest_route=\/wp\/v2\/posts"}],"about":[{"href":"https:\/\/balcilar-blog.com\/index.php?rest_route=\/wp\/v2\/types\/post"}],"author":[{"embeddable":true,"href":"https:\/\/balcilar-blog.com\/index.php?rest_route=\/wp\/v2\/users\/3"}],"replies":[{"embeddable":true,"href":"https:\/\/balcilar-blog.com\/index.php?rest_route=%2Fwp%2Fv2%2Fcomments&post=16142"}],"version-history":[{"count":1,"href":"https:\/\/balcilar-blog.com\/index.php?rest_route=\/wp\/v2\/posts\/16142\/revisions"}],"predecessor-version":[{"id":16147,"href":"https:\/\/balcilar-blog.com\/index.php?rest_route=\/wp\/v2\/posts\/16142\/revisions\/16147"}],"wp:featuredmedia":[{"embeddable":true,"href":"https:\/\/balcilar-blog.com\/index.php?rest_route=\/wp\/v2\/media\/16143"}],"wp:attachment":[{"href":"https:\/\/balcilar-blog.com\/index.php?rest_route=%2Fwp%2Fv2%2Fmedia&parent=16142"}],"wp:term":[{"taxonomy":"category","embeddable":true,"href":"https:\/\/balcilar-blog.com\/index.php?rest_route=%2Fwp%2Fv2%2Fcategories&post=16142"},{"taxonomy":"post_tag","embeddable":true,"href":"https:\/\/balcilar-blog.com\/index.php?rest_route=%2Fwp%2Fv2%2Ftags&post=16142"}],"curies":[{"name":"wp","href":"https:\/\/api.w.org\/{rel}","templated":true}]}}