{"id":15927,"date":"2016-10-21T15:57:53","date_gmt":"2016-10-21T12:57:53","guid":{"rendered":"http:\/\/balcilar-blog.com\/?p=15927"},"modified":"2016-10-21T16:12:51","modified_gmt":"2016-10-21T13:12:51","slug":"icerde-sili-mega-televizyonunda-yayinlanacak","status":"publish","type":"post","link":"https:\/\/balcilar-blog.com\/?p=15927","title":{"rendered":"\u0130\u00e7erde; \u015eili Mega Televizyonunda yay\u0131nlanacak!"},"content":{"rendered":"<p><img loading=\"lazy\" decoding=\"async\" class=\"alignnone size-full wp-image-15930\" src=\"http:\/\/balcilar-blog.com\/wp-content\/uploads\/2016\/10\/cats-i\u00e7erde.jpg\" alt=\"cats-icerde\" width=\"480\" height=\"480\" srcset=\"https:\/\/balcilar-blog.com\/wp-content\/uploads\/2016\/10\/cats-i\u00e7erde.jpg 480w, https:\/\/balcilar-blog.com\/wp-content\/uploads\/2016\/10\/cats-i\u00e7erde-150x150.jpg 150w, https:\/\/balcilar-blog.com\/wp-content\/uploads\/2016\/10\/cats-i\u00e7erde-300x300.jpg 300w\" sizes=\"auto, (max-width: 480px) 100vw, 480px\" \/><\/p>\n<p>Show TV&#8217;nin fenomen dizisi, yay\u0131nlad\u0131\u011f\u0131 g\u00fcnlerden itibaren sosyal medyada en \u00e7ok konu\u015fulan dizilerde biri olan \u0130\u00e7erde ile ilgili transfer haberi geldi.<\/p>\n<p>Show TV&#8217;nin rekortmen dizisi \u0130\u00e7erde, T\u00fcrkiye&#8217;de hem reytingleri hem de sosyal medyay\u0131 sallarken d\u00fcnya televizyonlar\u0131n\u0131n da dikkatini \u00e7ekmeyi ba\u015fard\u0131. Fransa&#8217;n\u0131n Cannes \u015fehrinde devam eden MIPCOM&#8217;dan k\u0131sa s\u00fcre \u00f6nce gelen habere g\u00f6re \u015eili&#8217;deki televizyon kanallar\u0131ndan Mega Tv, Ay Yap\u0131m&#8217;\u0131n d\u00f6rt yap\u0131m\u0131n\u0131n yay\u0131n hakk\u0131n\u0131 sat\u0131n ald\u0131.<\/p>\n<p><strong>MEGA TV, \u0130\u00c7ERDE&#8217;N\u0130N YAYIN HAKKINI SATIN ALDI:<\/strong><\/p>\n<p><img loading=\"lazy\" decoding=\"async\" class=\"alignnone size-full wp-image-15888\" src=\"http:\/\/balcilar-blog.com\/wp-content\/uploads\/2016\/10\/Cu_5rypWAAEUuLb.jpg\" alt=\"cu_5rypwaaeuulb\" width=\"640\" height=\"360\" srcset=\"https:\/\/balcilar-blog.com\/wp-content\/uploads\/2016\/10\/Cu_5rypWAAEUuLb.jpg 640w, https:\/\/balcilar-blog.com\/wp-content\/uploads\/2016\/10\/Cu_5rypWAAEUuLb-300x169.jpg 300w\" sizes=\"auto, (max-width: 640px) 100vw, 640px\" \/><\/p>\n<p>Ay Yap\u0131m&#8217;\u0131n yeni dizilerinin da\u011f\u0131t\u0131m\u0131 i\u00e7in anla\u015ft\u0131\u011f\u0131 Ecco Rights ile anla\u015fma imzalayan Mega&#8217;n\u0131n yay\u0131n hakk\u0131n\u0131 ald\u0131\u011f\u0131 yap\u0131mlardan ilki ba\u015frollerinde \u00c7a\u011fatay Ulusoy, Aras Bulut \u0130ynemli ve \u00c7etin Tekindor&#8217;un oldu\u011fu \u0130\u00e7erde (Insider) oldu.<\/p>\n<p><strong>CESUR VE G\u00dcZEL&#8217;\u0130 DE ALDILAR:<\/strong><\/p>\n<p><img loading=\"lazy\" decoding=\"async\" class=\"alignnone size-full wp-image-15928\" src=\"http:\/\/balcilar-blog.com\/wp-content\/uploads\/2016\/10\/cats-c-g.jpg\" alt=\"cats-c-g\" width=\"664\" height=\"434\" srcset=\"https:\/\/balcilar-blog.com\/wp-content\/uploads\/2016\/10\/cats-c-g.jpg 664w, https:\/\/balcilar-blog.com\/wp-content\/uploads\/2016\/10\/cats-c-g-300x196.jpg 300w\" sizes=\"auto, (max-width: 664px) 100vw, 664px\" \/><\/p>\n<p>Kanal Tuba B\u00fcy\u00fck\u00fcst\u00fcn ve K\u0131van\u00e7 Tatl\u0131tu\u011f&#8217;un ba\u015frol\u00fcnde oldu\u011fu, Kas\u0131m&#8217;da ba\u015flayaca\u011f\u0131 a\u00e7\u0131klanan yeni dizi Cesur ve G\u00fczel&#8217;i ( Brave and Beautiful) de bu anla\u015fmayla portf\u00f6y\u00fcne katt\u0131. Ay Yap\u0131m&#8217;\u0131n haz\u0131rl\u0131k a\u015famas\u0131 devam eden, Kerem Bursin ile G\u00fcrkan Uygun&#8217;un ba\u015frollerinde oldu\u011fu Bu \u015eehir Arkandan Gelecek ve Akilah Azra Kohen&#8217;in yazd\u0131\u011f\u0131 Fi Pi \u00c7i \u00fc\u00e7lemesinin haklar\u0131 da anla\u015fmaya dahil olan di\u011fer iki eser oldular.<\/p>\n<p>&nbsp;<\/p>\n<p><img loading=\"lazy\" decoding=\"async\" class=\"alignnone size-full wp-image-15931\" src=\"http:\/\/balcilar-blog.com\/wp-content\/uploads\/2016\/10\/XCVXCVCXXCVXCVXCX.jpg\" alt=\"xcvxcvcxxcvxcvxcx\" width=\"640\" height=\"404\" srcset=\"https:\/\/balcilar-blog.com\/wp-content\/uploads\/2016\/10\/XCVXCVCXXCVXCVXCX.jpg 640w, https:\/\/balcilar-blog.com\/wp-content\/uploads\/2016\/10\/XCVXCVCXXCVXCVXCX-300x189.jpg 300w\" sizes=\"auto, (max-width: 640px) 100vw, 640px\" \/><\/p>\n<p>G\u00fcney Amerika \u00fclkelerinde Ad\u0131n\u0131 Feriha Koydum ve Medcezir ile reyting rekorlar\u0131 k\u0131ran dizisi ile \u00fcnlenen \u00c7a\u011fatay Ulusoy&#8217;un bir dizisi daha yak\u0131nda g\u00f6sterime girmi\u015f olacak. \u0130\u00c7ERDE ile mevcut \u00fcn\u00fcne \u00fcn katacakt\u0131r.<\/p>\n<p>Ay Yap\u0131m&#8217;a sadece \u00fclkemizde de\u011fil, D\u00fcnya dizi sekt\u00f6r\u00fcnde ba\u015far\u0131lar\u0131ndan dolay\u0131 tebrik ediyorum.<\/p>\n<p>Ba\u015far\u0131lar\u0131n\u0131n devam\u0131n\u0131 diliyorum.<\/p>\n<p>Sayg\u0131lar ve sevgiler.<\/p>\n<p>Abdurrahman Balc\u0131lar<\/p>\n<p>Twitter:\u00a0<a href=\"https:\/\/twitter.com\/abbalcilar\">abdurrahman balc\u0131lar<\/a><a href=\"https:\/\/twitter.com\/abbalcilar\"><strong>@abbalcilar<\/strong><\/a><\/p>\n<p>Mail :\u00a0<a href=\"mailto:ab.balcilar@hotmail.com\">ab.balcilar@hotmail.com<\/a><\/p>\n<p>Blog:\u00a0<a href=\"http:\/\/t.co\/znqmIZgIqn\">blog.milliyet.com.tr\/cansever<\/a><\/p>\n<p>Blog:\u00a0<strong>balcilar-blog.com<\/strong><\/p>\n<p>Not: Kaynak haber; Ay Yap\u0131m.<\/p>\n","protected":false},"excerpt":{"rendered":"<p>Show TV&#8217;nin fenomen dizisi, yay\u0131nlad\u0131\u011f\u0131 g\u00fcnlerden itibaren sosyal medyada en \u00e7ok konu\u015fulan dizilerde biri olan \u0130\u00e7erde ile ilgili transfer haberi geldi. Show TV&#8217;nin rekortmen dizisi \u0130\u00e7erde, T\u00fcrkiye&#8217;de hem reytingleri hem de sosyal medyay\u0131 sallarken d\u00fcnya televizyonlar\u0131n\u0131n da dikkatini \u00e7ekmeyi ba\u015fard\u0131. Fransa&#8217;n\u0131n Cannes \u015fehrinde devam eden MIPCOM&#8217;dan k\u0131sa s\u00fcre \u00f6nce gelen habere g\u00f6re \u015eili&#8217;deki televizyon kanallar\u0131ndan [&hellip;]<\/p>\n","protected":false},"author":3,"featured_media":15930,"comment_status":"open","ping_status":"open","sticky":false,"template":"","format":"standard","meta":{"footnotes":""},"categories":[2],"tags":[42,533,26,15,1225,1219,80,16,1277,35,305],"class_list":["post-15927","post","type-post","status-publish","format-standard","has-post-thumbnail","hentry","category-tv-programlari","tag-adini-feriha-koydum","tag-aras-bulut-iynemli","tag-ay-yapim","tag-cagatay-ulusoy","tag-cesur-ve-guzel","tag-icerde","tag-kivanc-tatlitug","tag-medcezir","tag-mipcom","tag-show-tv","tag-tuba-buyukustun"],"views":2948,"blog_post_layout_featured_media_urls":{"thumbnail":["https:\/\/balcilar-blog.com\/wp-content\/uploads\/2016\/10\/cats-i\u00e7erde-150x150.jpg",150,150,true],"full":["https:\/\/balcilar-blog.com\/wp-content\/uploads\/2016\/10\/cats-i\u00e7erde.jpg",480,480,false]},"categories_names":{"2":{"name":"TV Programlar\u0131","link":"https:\/\/balcilar-blog.com\/?cat=2"}},"tags_names":{"42":{"name":"Ad\u0131n\u0131 Feriha Koydum","link":"https:\/\/balcilar-blog.com\/?tag=adini-feriha-koydum"},"533":{"name":"Aras Bulut \u0130ynemli","link":"https:\/\/balcilar-blog.com\/?tag=aras-bulut-iynemli"},"26":{"name":"Ay Yap\u0131m","link":"https:\/\/balcilar-blog.com\/?tag=ay-yapim"},"15":{"name":"\u00e7a\u011fatay ulusoy","link":"https:\/\/balcilar-blog.com\/?tag=cagatay-ulusoy"},"1225":{"name":"Cesur ve G\u00fczel","link":"https:\/\/balcilar-blog.com\/?tag=cesur-ve-guzel"},"1219":{"name":"\u0130\u00c7ERDE","link":"https:\/\/balcilar-blog.com\/?tag=icerde"},"80":{"name":"K\u0131van\u00e7 Tatl\u0131tu\u011f","link":"https:\/\/balcilar-blog.com\/?tag=kivanc-tatlitug"},"16":{"name":"medcezir","link":"https:\/\/balcilar-blog.com\/?tag=medcezir"},"1277":{"name":"MIPCOM","link":"https:\/\/balcilar-blog.com\/?tag=mipcom"},"35":{"name":"Show Tv","link":"https:\/\/balcilar-blog.com\/?tag=show-tv"},"305":{"name":"Tuba B\u00fcy\u00fck\u00fcst\u00fcn","link":"https:\/\/balcilar-blog.com\/?tag=tuba-buyukustun"}},"comments_number":"0","wpmagazine_modules_lite_featured_media_urls":{"thumbnail":["https:\/\/balcilar-blog.com\/wp-content\/uploads\/2016\/10\/cats-i\u00e7erde-150x150.jpg",150,150,true],"cvmm-medium":["https:\/\/balcilar-blog.com\/wp-content\/uploads\/2016\/10\/cats-i\u00e7erde.jpg",300,300,false],"cvmm-medium-plus":["https:\/\/balcilar-blog.com\/wp-content\/uploads\/2016\/10\/cats-i\u00e7erde.jpg",207,207,false],"cvmm-portrait":["https:\/\/balcilar-blog.com\/wp-content\/uploads\/2016\/10\/cats-i\u00e7erde.jpg",400,400,false],"cvmm-medium-square":["https:\/\/balcilar-blog.com\/wp-content\/uploads\/2016\/10\/cats-i\u00e7erde.jpg",480,480,false],"cvmm-large":["https:\/\/balcilar-blog.com\/wp-content\/uploads\/2016\/10\/cats-i\u00e7erde.jpg",480,480,false],"cvmm-small":["https:\/\/balcilar-blog.com\/wp-content\/uploads\/2016\/10\/cats-i\u00e7erde.jpg",95,95,false],"full":["https:\/\/balcilar-blog.com\/wp-content\/uploads\/2016\/10\/cats-i\u00e7erde.jpg",480,480,false]},"_links":{"self":[{"href":"https:\/\/balcilar-blog.com\/index.php?rest_route=\/wp\/v2\/posts\/15927","targetHints":{"allow":["GET"]}}],"collection":[{"href":"https:\/\/balcilar-blog.com\/index.php?rest_route=\/wp\/v2\/posts"}],"about":[{"href":"https:\/\/balcilar-blog.com\/index.php?rest_route=\/wp\/v2\/types\/post"}],"author":[{"embeddable":true,"href":"https:\/\/balcilar-blog.com\/index.php?rest_route=\/wp\/v2\/users\/3"}],"replies":[{"embeddable":true,"href":"https:\/\/balcilar-blog.com\/index.php?rest_route=%2Fwp%2Fv2%2Fcomments&post=15927"}],"version-history":[{"count":3,"href":"https:\/\/balcilar-blog.com\/index.php?rest_route=\/wp\/v2\/posts\/15927\/revisions"}],"predecessor-version":[{"id":15934,"href":"https:\/\/balcilar-blog.com\/index.php?rest_route=\/wp\/v2\/posts\/15927\/revisions\/15934"}],"wp:featuredmedia":[{"embeddable":true,"href":"https:\/\/balcilar-blog.com\/index.php?rest_route=\/wp\/v2\/media\/15930"}],"wp:attachment":[{"href":"https:\/\/balcilar-blog.com\/index.php?rest_route=%2Fwp%2Fv2%2Fmedia&parent=15927"}],"wp:term":[{"taxonomy":"category","embeddable":true,"href":"https:\/\/balcilar-blog.com\/index.php?rest_route=%2Fwp%2Fv2%2Fcategories&post=15927"},{"taxonomy":"post_tag","embeddable":true,"href":"https:\/\/balcilar-blog.com\/index.php?rest_route=%2Fwp%2Fv2%2Ftags&post=15927"}],"curies":[{"name":"wp","href":"https:\/\/api.w.org\/{rel}","templated":true}]}}