{"id":15758,"date":"2016-10-12T15:12:22","date_gmt":"2016-10-12T12:12:22","guid":{"rendered":"http:\/\/balcilar-blog.com\/?p=15758"},"modified":"2016-10-12T15:12:22","modified_gmt":"2016-10-12T12:12:22","slug":"kara-sevda-kemal-gercekleri-ogrenecek-mi","status":"publish","type":"post","link":"https:\/\/balcilar-blog.com\/?p=15758","title":{"rendered":"Kara Sevda \/ Kemal ger\u00e7ekleri \u00f6\u011frenecek mi?"},"content":{"rendered":"<p><img loading=\"lazy\" decoding=\"async\" class=\"alignnone size-full wp-image-15760\" src=\"http:\/\/balcilar-blog.com\/wp-content\/uploads\/2016\/10\/kara-sevda-39-1-3.jpg\" alt=\"kara-sevda-39-1-3\" width=\"640\" height=\"397\" srcset=\"https:\/\/balcilar-blog.com\/wp-content\/uploads\/2016\/10\/kara-sevda-39-1-3.jpg 640w, https:\/\/balcilar-blog.com\/wp-content\/uploads\/2016\/10\/kara-sevda-39-1-3-300x186.jpg 300w\" sizes=\"auto, (max-width: 640px) 100vw, 640px\" \/><\/p>\n<p>Ay Yap\u0131m imzal\u0131, Burak \u00d6z\u00e7ivit ve Neslihan Atag\u00fcl&#8217;\u00fcn rol ald\u0131\u011f\u0131 &#8220;Kara Sevda&#8221; bu hafta yine nefes kesen bir b\u00f6l\u00fcmle ekrana geliyor. Nihan&#8217;\u0131n k\u0131z\u0131 Deniz&#8217;in, babas\u0131 oldu\u011fundan \u015f\u00fcphelenen Kemal, ger\u00e7eklerin pe\u015fine d\u00fc\u015f\u00fcyor.<\/p>\n<p>Kemal&#8217;in bu ger\u00e7e\u011fi \u00f6\u011frenmemesini isteyen Nihan yeni b\u00f6l\u00fcmde d\u00fc\u015fman\u0131 Asu&#8217;ya i\u015f birli\u011fi teklif edecek. Yeni b\u00f6l\u00fcmde; Kemal&#8217;i kalbine g\u00f6merek kendini sadece k\u0131z\u0131na adayan Nihan, hem Emir&#8217;e hem de Kemal&#8217;i kar\u015f\u0131 m\u00fccadele verecek.<\/p>\n<p>&nbsp;<\/p>\n<p><img loading=\"lazy\" decoding=\"async\" class=\"alignnone size-full wp-image-15762\" src=\"http:\/\/balcilar-blog.com\/wp-content\/uploads\/2016\/10\/kara-sevda-39-1-2.jpg\" alt=\"kara-sevda-39-1-2\" width=\"640\" height=\"427\" srcset=\"https:\/\/balcilar-blog.com\/wp-content\/uploads\/2016\/10\/kara-sevda-39-1-2.jpg 640w, https:\/\/balcilar-blog.com\/wp-content\/uploads\/2016\/10\/kara-sevda-39-1-2-300x200.jpg 300w\" sizes=\"auto, (max-width: 640px) 100vw, 640px\" \/><\/p>\n<p>Heyecan dolu b\u00f6l\u00fcmde; Kemal&#8217;in DNA testi yapt\u0131rmak istedi\u011fi \u00f6\u011frenen Emir de yeni bir plan i\u00e7in kollar\u0131 s\u0131vayacak.<\/p>\n<p><img loading=\"lazy\" decoding=\"async\" class=\"alignnone size-full wp-image-15761\" src=\"http:\/\/balcilar-blog.com\/wp-content\/uploads\/2016\/10\/kara-sevda-39-1-1.jpg\" alt=\"kara-sevda-39-1-1\" width=\"640\" height=\"412\" srcset=\"https:\/\/balcilar-blog.com\/wp-content\/uploads\/2016\/10\/kara-sevda-39-1-1.jpg 640w, https:\/\/balcilar-blog.com\/wp-content\/uploads\/2016\/10\/kara-sevda-39-1-1-300x193.jpg 300w\" sizes=\"auto, (max-width: 640px) 100vw, 640px\" \/><\/p>\n<p>Yap\u0131lacak DNA testi sonunda Kemal ger\u00e7ekleri \u00f6\u011frenebilecek mi?<\/p>\n<p><img loading=\"lazy\" decoding=\"async\" class=\"alignnone size-full wp-image-15763\" src=\"http:\/\/balcilar-blog.com\/wp-content\/uploads\/2016\/10\/kara-sevda-39-1-4.jpg\" alt=\"kara-sevda-39-1-4\" width=\"583\" height=\"480\" srcset=\"https:\/\/balcilar-blog.com\/wp-content\/uploads\/2016\/10\/kara-sevda-39-1-4.jpg 583w, https:\/\/balcilar-blog.com\/wp-content\/uploads\/2016\/10\/kara-sevda-39-1-4-300x247.jpg 300w\" sizes=\"auto, (max-width: 583px) 100vw, 583px\" \/><\/p>\n<p>Y\u00f6netmenli\u011fini Hilal Saral&#8217;\u0131n, senaristli\u011fini \u00d6zlem Y\u0131lmaz ve Burcu G\u00f6rg\u00fcn&#8217;\u00fcn \u00fcstlendi\u011fi Kara Sevda 12 Ekim \u00c7ar\u015famba g\u00fcn\u00fc saat 20:00&#8217;da Star TV&#8217;de ekrana gelecek.<\/p>\n<p>Kara Sevda 39.B\u00f6l\u00fcm Fragman\u0131:<\/p>\n<p><iframe loading=\"lazy\" title=\"Kara Sevda 39. B\u00f6l\u00fcm Fragman\" width=\"640\" height=\"360\" src=\"https:\/\/www.youtube.com\/embed\/tksjZNWp8uU?feature=oembed\" frameborder=\"0\" allow=\"accelerometer; autoplay; clipboard-write; encrypted-media; gyroscope; picture-in-picture; web-share\" referrerpolicy=\"strict-origin-when-cross-origin\" allowfullscreen><\/iframe><\/p>\n<p>\u0130yi Seyirler<\/p>\n<p>Sayg\u0131lar ve sevgiler.<\/p>\n<p>Abdurrahman Balc\u0131lar<\/p>\n<p>Twitter:\u00a0<a href=\"https:\/\/twitter.com\/abbalcilar\">abdurrahman balc\u0131lar<\/a><a href=\"https:\/\/twitter.com\/abbalcilar\"><strong>@abbalcilar<\/strong><\/a><\/p>\n<p>Mail :\u00a0<a href=\"mailto:ab.balcilar@hotmail.com\">ab.balcilar@hotmail.com<\/a><\/p>\n<p>Blog:\u00a0<a href=\"http:\/\/t.co\/znqmIZgIqn\">blog.milliyet.com.tr\/cansever<\/a><\/p>\n<p>Blog:\u00a0<strong>balcilar-blog.com<\/strong><\/p>\n","protected":false},"excerpt":{"rendered":"<p>Ay Yap\u0131m imzal\u0131, Burak \u00d6z\u00e7ivit ve Neslihan Atag\u00fcl&#8217;\u00fcn rol ald\u0131\u011f\u0131 &#8220;Kara Sevda&#8221; bu hafta yine nefes kesen bir b\u00f6l\u00fcmle ekrana geliyor. Nihan&#8217;\u0131n k\u0131z\u0131 Deniz&#8217;in, babas\u0131 oldu\u011fundan \u015f\u00fcphelenen Kemal, ger\u00e7eklerin pe\u015fine d\u00fc\u015f\u00fcyor. Kemal&#8217;in bu ger\u00e7e\u011fi \u00f6\u011frenmemesini isteyen Nihan yeni b\u00f6l\u00fcmde d\u00fc\u015fman\u0131 Asu&#8217;ya i\u015f birli\u011fi teklif edecek. Yeni b\u00f6l\u00fcmde; Kemal&#8217;i kalbine g\u00f6merek kendini sadece k\u0131z\u0131na adayan Nihan, [&hellip;]<\/p>\n","protected":false},"author":3,"featured_media":15760,"comment_status":"open","ping_status":"open","sticky":false,"template":"","format":"standard","meta":{"footnotes":""},"categories":[2],"tags":[26,409,833,799,119,25],"class_list":["post-15758","post","type-post","status-publish","format-standard","has-post-thumbnail","hentry","category-tv-programlari","tag-ay-yapim","tag-burak-ozcivit","tag-hilal-saral","tag-kara-sevda","tag-neslihan-atagul","tag-star-tv"],"views":3584,"blog_post_layout_featured_media_urls":{"thumbnail":["https:\/\/balcilar-blog.com\/wp-content\/uploads\/2016\/10\/kara-sevda-39-1-3-150x150.jpg",150,150,true],"full":["https:\/\/balcilar-blog.com\/wp-content\/uploads\/2016\/10\/kara-sevda-39-1-3.jpg",640,397,false]},"categories_names":{"2":{"name":"TV Programlar\u0131","link":"https:\/\/balcilar-blog.com\/?cat=2"}},"tags_names":{"26":{"name":"Ay Yap\u0131m","link":"https:\/\/balcilar-blog.com\/?tag=ay-yapim"},"409":{"name":"Burak \u00d6z\u00e7ivit","link":"https:\/\/balcilar-blog.com\/?tag=burak-ozcivit"},"833":{"name":"Hilal Saral","link":"https:\/\/balcilar-blog.com\/?tag=hilal-saral"},"799":{"name":"Kara Sevda","link":"https:\/\/balcilar-blog.com\/?tag=kara-sevda"},"119":{"name":"Neslihan Atag\u00fcl","link":"https:\/\/balcilar-blog.com\/?tag=neslihan-atagul"},"25":{"name":"Star Tv","link":"https:\/\/balcilar-blog.com\/?tag=star-tv"}},"comments_number":"0","wpmagazine_modules_lite_featured_media_urls":{"thumbnail":["https:\/\/balcilar-blog.com\/wp-content\/uploads\/2016\/10\/kara-sevda-39-1-3-150x150.jpg",150,150,true],"cvmm-medium":["https:\/\/balcilar-blog.com\/wp-content\/uploads\/2016\/10\/kara-sevda-39-1-3.jpg",300,186,false],"cvmm-medium-plus":["https:\/\/balcilar-blog.com\/wp-content\/uploads\/2016\/10\/kara-sevda-39-1-3.jpg",305,189,false],"cvmm-portrait":["https:\/\/balcilar-blog.com\/wp-content\/uploads\/2016\/10\/kara-sevda-39-1-3.jpg",400,248,false],"cvmm-medium-square":["https:\/\/balcilar-blog.com\/wp-content\/uploads\/2016\/10\/kara-sevda-39-1-3.jpg",600,372,false],"cvmm-large":["https:\/\/balcilar-blog.com\/wp-content\/uploads\/2016\/10\/kara-sevda-39-1-3.jpg",640,397,false],"cvmm-small":["https:\/\/balcilar-blog.com\/wp-content\/uploads\/2016\/10\/kara-sevda-39-1-3.jpg",130,81,false],"full":["https:\/\/balcilar-blog.com\/wp-content\/uploads\/2016\/10\/kara-sevda-39-1-3.jpg",640,397,false]},"_links":{"self":[{"href":"https:\/\/balcilar-blog.com\/index.php?rest_route=\/wp\/v2\/posts\/15758","targetHints":{"allow":["GET"]}}],"collection":[{"href":"https:\/\/balcilar-blog.com\/index.php?rest_route=\/wp\/v2\/posts"}],"about":[{"href":"https:\/\/balcilar-blog.com\/index.php?rest_route=\/wp\/v2\/types\/post"}],"author":[{"embeddable":true,"href":"https:\/\/balcilar-blog.com\/index.php?rest_route=\/wp\/v2\/users\/3"}],"replies":[{"embeddable":true,"href":"https:\/\/balcilar-blog.com\/index.php?rest_route=%2Fwp%2Fv2%2Fcomments&post=15758"}],"version-history":[{"count":2,"href":"https:\/\/balcilar-blog.com\/index.php?rest_route=\/wp\/v2\/posts\/15758\/revisions"}],"predecessor-version":[{"id":15764,"href":"https:\/\/balcilar-blog.com\/index.php?rest_route=\/wp\/v2\/posts\/15758\/revisions\/15764"}],"wp:featuredmedia":[{"embeddable":true,"href":"https:\/\/balcilar-blog.com\/index.php?rest_route=\/wp\/v2\/media\/15760"}],"wp:attachment":[{"href":"https:\/\/balcilar-blog.com\/index.php?rest_route=%2Fwp%2Fv2%2Fmedia&parent=15758"}],"wp:term":[{"taxonomy":"category","embeddable":true,"href":"https:\/\/balcilar-blog.com\/index.php?rest_route=%2Fwp%2Fv2%2Fcategories&post=15758"},{"taxonomy":"post_tag","embeddable":true,"href":"https:\/\/balcilar-blog.com\/index.php?rest_route=%2Fwp%2Fv2%2Ftags&post=15758"}],"curies":[{"name":"wp","href":"https:\/\/api.w.org\/{rel}","templated":true}]}}