{"id":15703,"date":"2016-10-10T16:45:58","date_gmt":"2016-10-10T13:45:58","guid":{"rendered":"http:\/\/balcilar-blog.com\/?p=15703"},"modified":"2016-10-10T17:40:23","modified_gmt":"2016-10-10T14:40:23","slug":"gecen-haftanin-03-09-ekim-2016-en-cok-izlenen-dizileri","status":"publish","type":"post","link":"https:\/\/balcilar-blog.com\/?p=15703","title":{"rendered":"Ge\u00e7en Haftan\u0131n (03 &#8211; 09 Ekim 2016) en \u00e7ok izlenen dizileri!"},"content":{"rendered":"<p>&nbsp;<\/p>\n<p><img loading=\"lazy\" decoding=\"async\" class=\"alignnone size-full wp-image-15709\" src=\"http:\/\/balcilar-blog.com\/wp-content\/uploads\/2016\/10\/cats-10-EK\u0130M.jpg\" alt=\"cats-10-ekim\" width=\"640\" height=\"413\" srcset=\"https:\/\/balcilar-blog.com\/wp-content\/uploads\/2016\/10\/cats-10-EK\u0130M.jpg 640w, https:\/\/balcilar-blog.com\/wp-content\/uploads\/2016\/10\/cats-10-EK\u0130M-300x194.jpg 300w\" sizes=\"auto, (max-width: 640px) 100vw, 640px\" \/><\/p>\n<p>TNS \u00f6l\u00e7\u00fcmlerine g\u00f6re haz\u0131rlad\u0131\u011f\u0131m <strong>03 &#8211; 09 Ekim 2016<\/strong> Tarihleri aras\u0131nda ekranlar\u0131m\u0131za gelen, Total\u2019de ve AB\u2019de ilk ona giren, haftan\u0131n dizi karnesini a\u015fa\u011f\u0131da bilgilerinize sunuyorum.<\/p>\n<p>Ge\u00e7en hafta da diziler aras\u0131ndaki yar\u0131\u015f ba\u015flad\u0131. Kanallar kendi dizilerini \u00f6ne \u00e7\u0131karmak i\u00e7in ellerinden geleni yap\u0131yor. Pazartesi gecesi ba\u015flayan yar\u0131\u015f hafta boyunca devam ediyor. \u0130\u015fte g\u00f6sterimdeki diziler. \u0130\u00e7erde, Babam ve Ailesi, K\u0131rg\u0131n \u00c7i\u00e7ekler, Parampar\u00e7a, E\u015fk\u0131ya D\u00fcnyaya H\u00fck\u00fcmdar Olmaz, Familya, Hayat \u015eark\u0131s\u0131, G\u00fcl\u00fcmse Yeter, No:309, Kara Sevda, A\u015fk Laftan Anlamaz, Bodrum Masal\u0131, Y\u00fcksek Sosyete, K\u00f6rd\u00fc\u011f\u00fcm, Yeter, Asla Vazge\u00e7mem, Arka Sokaklar, Kiral\u0131k A\u015fk, Bana Sevmeyi Anlat, Kertenkele, Seksenler, R\u00fczgar\u0131n Kalbi, Tatl\u0131 \u0130ntikam, \u0130li\u015fki Durumu Kar\u0131\u015f\u0131k, Seviyor Sevmiyor, O Hayat Benim ve Arkada\u015flar \u0130yidir devam eden diziler. \u00d6n\u00fcm\u00fczdeki g\u00fcnlerde Poyraz Karayel, Dirili\u015f Ertu\u011frul ve K\u00f6sem 4.Murad gibi diziler de yar\u0131\u015fa dahil olacakt\u0131r. \u00d6n\u00fcm\u00fczdeki 16 Ekim Pazar Ak\u015fam\u0131 Anne Star Tv&#8217;de g\u00f6sterime girecektir.<\/p>\n<p>Haftan\u0131n dizilerinde Total&#8217;de ilk onun 1. s\u0131ras\u0131nda, Atv&#8217;nin Oktay Kaynarca&#8217;n\u0131n E\u015fk\u0131ya D\u00fcnyaya H\u00fck\u00fcmdar Olmaz, 8,34 puan ile ilk s\u0131rada yer ald\u0131. Total&#8217;\u0131n 10.s\u0131ras\u0131nda da Star Tv&#8217;nin Y\u00fcksek Sosyete 4,50 puanla yer alm\u0131\u015ft\u0131r.<\/p>\n<p>AB&#8217;nin ilk s\u0131ras\u0131nda da, Show Tv&#8217;nin yeni dizisi \u0130\u00e7erde 3.haftas\u0131nda AB&#8217;de ald\u0131\u011f\u0131 8,24 gibi y\u00fcksek bir reyting puan\u0131 ile zirvedeki yerini koruyor. AB&#8217;nin 10.s\u0131ras\u0131nda ise, Fox Tv&#8217;nin yeni dizisi Bana Sevmeyi Anlat, 4,71 puan ile yer al\u0131yor.<\/p>\n<p><strong>Reyting Nedir?<\/strong><\/p>\n<p>Reyting, izleyici tercihlerine g\u00f6re ortaya \u00e7\u0131kan izlenme pay\u0131n\u0131n kanallara ve programlara payla\u015ft\u0131r\u0131lmas\u0131 ile olu\u015fan de\u011ferlendirmedir. Reyting de\u011ferlendirmesi kanallar ve reklam \u015firketleri ad\u0131na TNS taraf\u0131ndan ger\u00e7ekle\u015ftirilir. \u00d6l\u00e7me i\u015flemi yakla\u015f\u0131k 2200 haneye yerle\u015ftirilen ve gizli tutulan reyting \u00f6l\u00e7me cihazlar\u0131 ile elde edilir. Reyting sonu\u00e7lar\u0131, t\u00fcm g\u00fcn boyunca izlenen programlar\u0131n listelenmesine imkan verir.<\/p>\n<p><strong>\u00d6l\u00e7\u00fcmler nas\u0131l yap\u0131l\u0131yor ?<\/strong><\/p>\n<p>Ba\u011f\u0131ms\u0131z kurulu\u015f taraf\u0131ndan hesaplanan sonu\u00e7lar 3 kategoride hesaplan\u0131yor AB, Total ve ABC1 kategorileri sonu\u00e7lar\u0131nda share ve rating s\u0131ral\u0131 olarak 100 Tv program\u0131 g\u00fcnl\u00fck olarak payla\u015f\u0131l\u0131yor reklam verenler ve yap\u0131mc\u0131lar i\u00e7in \u00f6nemli yere sahip olan sonu\u00e7lar denek tv&#8217;lerde ki \u00f6l\u00e7\u00fcm cihazlar\u0131 vas\u0131tas\u0131yla istatistiki bilgileri al\u0131n\u0131yor.<\/p>\n<p>Bu hafta en \u00e7ok izlenen ilk ona giren dizlere g\u00f6z atal\u0131m. Bu s\u0131ralama sadece dizilerin reytingler y\u00fczdesine g\u00f6re en \u00e7ok izlenen dizilerin ilk 10\u2019da yer alanlar\u0131n\u0131 s\u0131ralamaya koyuyorum. Yar\u0131\u015fma, e\u011flence ve haber programlar\u0131 y\u00fczdeleri y\u00fcksek olsa da bu s\u0131ralamaya koymuyorum. Bu sadece dizilerin yar\u0131\u015f\u0131d\u0131r, en \u00e7ok izlenen dizilerin s\u0131ralamas\u0131d\u0131r. Bir nevi dizilerin karnesidir.<\/p>\n<p>&nbsp;<\/p>\n<p><strong>Ge\u00e7en Haftan\u0131n En \u00c7ok \u0130zlenen Dizileri:<\/strong><\/p>\n<p><strong>Total ilk 10 :<\/strong><\/p>\n<p>1.E\u015fk\u0131ya D\u00fcnyaya H\u00fck\u00fcmdar Olmaz 41.B\u00f6l\u00fcm (Atv)&#8230;8,34 &#8211; 22,66<\/p>\n<p>2.Arka Sokaklar 411.B\u00f6l\u00fcm (Kanal D)&#8230;&#8230;&#8230;&#8230;&#8230;&#8230;&#8230;&#8230;&#8230;7,36 &#8211; 20,09<\/p>\n<p>3.\u0130\u00e7erde 3.B\u00f6l\u00fcm (Show Tv)&#8230;&#8230;&#8230;&#8230;&#8230;&#8230;&#8230;&#8230;&#8230;&#8230;&#8230;&#8230;&#8230;&#8230;7,10 &#8211; 18,21<\/p>\n<p>4.No:309 16.B\u00f6l\u00fcm (Fox Tv)&#8230;&#8230;&#8230;&#8230;&#8230;&#8230;&#8230;&#8230;&#8230;&#8230;&#8230;&#8230;&#8230;..6,64 &#8211; 18,84<\/p>\n<p>5.K\u0131rg\u0131n \u00c7i\u00e7ekler 53.B\u00f6l\u00fcm (Atv)&#8230;&#8230;&#8230;&#8230;&#8230;&#8230;&#8230;&#8230;&#8230;&#8230;&#8230;.6,25 &#8211; 16,06<\/p>\n<p>6.Kiral\u0131k A\u015fk 55.B\u00f6l\u00fcm (Star Tv)&#8230;&#8230;&#8230;&#8230;&#8230;&#8230;&#8230;&#8230;&#8230;&#8230;&#8230;.6,10 &#8211; 16,59<\/p>\n<p>7.Kara Sevda 38.B\u00f6l\u00fcm (Star Tv)&#8230;&#8230;&#8230;&#8230;&#8230;&#8230;&#8230;&#8230;&#8230;&#8230;&#8230;5,70 &#8211; 16,09<\/p>\n<p>8.O Hayat Benim 104.B\u00f6l\u00fcm (Fox Tv)&#8230;&#8230;&#8230;&#8230;&#8230;&#8230;&#8230;&#8230;4,90 &#8211; 12,90<\/p>\n<p>9.Seviyor Sevmiyor 13.B\u00f6l\u00fcm (Atv)&#8230;&#8230;&#8230;&#8230;&#8230;&#8230;&#8230;&#8230;&#8230;..4,85 &#8211; 12,64<\/p>\n<p>10.Y\u00fcksek Sosyete 15.B\u00f6l\u00fcm (Star Tv)&#8230;&#8230;&#8230;&#8230;&#8230;&#8230;&#8230;&#8230;.4,50 &#8211; 11,84<\/p>\n<p>&nbsp;<\/p>\n<p><strong>AB\u2019de ilk 10 :<\/strong><\/p>\n<p>1.\u0130\u00e7erde 3.B\u00f6l\u00fcm (Show Tv)&#8230;&#8230;&#8230;&#8230;&#8230;&#8230;&#8230;&#8230;&#8230;&#8230;&#8230;&#8230;&#8230;&#8230;.8,24 &#8211; 21,61<\/p>\n<p>2.E\u015fk\u0131ya D\u00fcnyaya H\u00fck\u00fcmdar Olmaz 41.B\u00f6l\u00fcm (Atv)&#8230;8,23 &#8211; 21,78<\/p>\n<p>3.Kiral\u0131k A\u015fk 55.B\u00f6l\u00fcm (Star Tv)&#8230;&#8230;&#8230;&#8230;&#8230;&#8230;&#8230;&#8230;&#8230;&#8230;&#8230;..6,82 &#8211; 18,94<\/p>\n<p>4.No:309 16.B\u00f6l\u00fcm (Fox Tv)&#8230;&#8230;&#8230;&#8230;&#8230;&#8230;&#8230;&#8230;&#8230;&#8230;&#8230;&#8230;&#8230;..6,74 &#8211; 19,23<\/p>\n<p>5.Kara Sevda 38.B\u00f6l\u00fcm (Star Tv)&#8230;&#8230;&#8230;&#8230;&#8230;&#8230;&#8230;&#8230;&#8230;&#8230;&#8230;.5,87 &#8211; 16,75<\/p>\n<p>6.Seviyor Sevmiyor 13.B\u00f6l\u00fcm (Atv)&#8230;&#8230;&#8230;&#8230;&#8230;&#8230;&#8230;&#8230;&#8230;&#8230;.5,17 &#8211; 13,61<\/p>\n<p>7.K\u0131rg\u0131n \u00c7i\u00e7ekler 53.B\u00f6l\u00fcm (Atv)&#8230;&#8230;&#8230;&#8230;&#8230;&#8230;&#8230;&#8230;&#8230;&#8230;&#8230;..5,15 &#8211; 13,54<\/p>\n<p>8.Arka Sokaklar 411.B\u00f6l\u00fcm (Kanal D)&#8230;&#8230;&#8230;&#8230;&#8230;&#8230;&#8230;&#8230;&#8230;5,06 &#8211; 14,10<\/p>\n<p>9.Hayat \u015eark\u0131s\u0131 24.B\u00f6l\u00fcm (Kanal D)&#8230;&#8230;&#8230;&#8230;&#8230;&#8230;&#8230;&#8230;&#8230;..4,84 &#8211; 13,13<\/p>\n<p>10.Bana Sevmeyi Anlat 6.B\u00f6l\u00fcm (Fox Tv)&#8230;&#8230;&#8230;&#8230;&#8230;&#8230;&#8230;4,71 &#8211; 13,10<\/p>\n<p>&nbsp;<\/p>\n<p><strong>TOTAL ve AB Grubunda reytingleri en y\u00fcksek olan Haftan\u0131n ilk 5 s\u0131ralamas\u0131 :<\/strong><\/p>\n<p><strong>1.E\u015fk\u0131ya D\u00fcnyaya H\u00fck\u00fcmdar Olmaz :<\/strong> Atv&#8217;nin Sal\u0131 gecesinin iddial\u0131 dizisi, ge\u00e7en sezonda oldu\u011fu gibi iddias\u0131n\u0131 s\u00fcrd\u00fcr\u00fcyor. Total&#8217;de ald\u0131\u011f\u0131 8,34 reyting puan\u0131 ile 1.s\u0131rada yer almaya devam ediyor.<\/p>\n<p><img loading=\"lazy\" decoding=\"async\" class=\"alignnone size-full wp-image-15705\" src=\"http:\/\/balcilar-blog.com\/wp-content\/uploads\/2016\/10\/2_b-e\u015fk\u0131ya-d\u00fcnya.jpg\" alt=\"2_b-eskiya-dunya\" width=\"640\" height=\"422\" srcset=\"https:\/\/balcilar-blog.com\/wp-content\/uploads\/2016\/10\/2_b-e\u015fk\u0131ya-d\u00fcnya.jpg 640w, https:\/\/balcilar-blog.com\/wp-content\/uploads\/2016\/10\/2_b-e\u015fk\u0131ya-d\u00fcnya-300x198.jpg 300w\" sizes=\"auto, (max-width: 640px) 100vw, 640px\" \/><\/p>\n<p>Meryem ve H\u0131z\u0131r&#8217;\u0131n a\u015fk\u0131 ba\u015flar\u0131na gelen son olayla bir kez daha s\u0131nanm\u0131\u015ft\u0131r. D\u00fc\u015fmanlar\u0131n\u0131n yapmak istediklerinin aksine, her felaketten sonra birbirlerine daha s\u0131k\u0131 sar\u0131l\u0131r \u00c7ak\u0131rbeyli \u00e7ifti. Aile biraz olsun toparland\u0131\u011f\u0131nda s\u0131ra yar\u0131m kalan bir meseleyi halletmeye gelir. \u0130lyas ve Esra&#8217;y\u0131 evlendirmeye\u2026 Beklenen d\u00fc\u011f\u00fcn\u00fcn gecesinde geli\u015fen olaylar ve kar\u015f\u0131la\u015f\u0131lan ac\u0131 s\u00fcrprizler herkesin tad\u0131n\u0131 ka\u00e7\u0131racakt\u0131r. En \u00e7ok da Meryem&#8217;in&#8230; H\u0131z\u0131r&#8217;\u0131n eski a\u015fk\u0131 Ceylan&#8217;\u0131n ortaya \u00e7\u0131kmas\u0131 onun i\u00e7in tehditlerin en b\u00fcy\u00fc\u011f\u00fcd\u00fcr. Birbirlerinin arkas\u0131ndan i\u015f \u00e7evirmekten geri duramayan masa \u00fcyeleri bu kez birlik olup ortak d\u00fc\u015fmanlara kar\u015f\u0131 sava\u015f a\u00e7acaklard\u0131r. Hainlerin cezas\u0131 kesilirken Alparslan&#8217;\u0131n b\u00fcy\u00fck s\u0131rr\u0131n\u0131n ortaya \u00e7\u0131kmas\u0131 da an meselesidir. H\u0131z\u0131r \u00c7ak\u0131rbeyli&#8217;nin ihanetin hi\u00e7 bir t\u00fcrl\u00fcs\u00fcne tahamm\u00fcl\u00fc yoktur. O&#8217;nun kurallar\u0131na g\u00f6re &#8220;ihanet eden \u00f6l\u00fcr&#8221;.<\/p>\n<p>&nbsp;<\/p>\n<p><strong>2.\u0130\u00c7ERDE :<\/strong> Show Tv&#8217;nin polisiye dizisi yeni sezona damgas\u0131n\u0131 vurmaya devam ediyor. 3.b\u00f6l\u00fcm\u00fcnde de AB Grubunda zirvede yer ald\u0131. Bu hafta, 3.b\u00f6l\u00fcm\u00fcnde AB&#8217;de ald\u0131\u011f\u0131 8,24 puanla 2.s\u0131rada yer ald\u0131.<\/p>\n<p><img loading=\"lazy\" decoding=\"async\" class=\"alignnone size-full wp-image-15604\" src=\"http:\/\/balcilar-blog.com\/wp-content\/uploads\/2016\/10\/3-1.jpg\" alt=\"3-1\" width=\"640\" height=\"410\" srcset=\"https:\/\/balcilar-blog.com\/wp-content\/uploads\/2016\/10\/3-1.jpg 640w, https:\/\/balcilar-blog.com\/wp-content\/uploads\/2016\/10\/3-1-300x192.jpg 300w\" sizes=\"auto, (max-width: 640px) 100vw, 640px\" \/><\/p>\n<p>\u201c\u0130\u00e7erde\u201dnin 3. b\u00f6l\u00fcm\u00fcnde; \u00d6mer\u2019in, Davut taraf\u0131ndan infaz edildi\u011fi gece Sarp, Komiser Mert\u2019in hayat\u0131n\u0131 kurtarmak i\u00e7in kendi kendini omzundan vurmak zorunda kal\u0131r. Bu durum Mert\u2019in ve Sarp\u2019\u0131n aras\u0131nda s\u0131r olarak kalmak zorundad\u0131r. Mert ka\u00e7\u0131p kendisini kurtarmaya \u00e7al\u0131\u015f\u0131rken yaral\u0131 olan Sarp\u2019\u0131, Davut o gece ormanda \u00f6l\u00fcme terk eder. O gece ormanda \u00f6lece\u011fini d\u00fc\u015f\u00fcnen Sarp\u2019a son anda hi\u00e7 beklemedi\u011fi birinden yard\u0131m eli uzan\u0131r. Alyanak, otoparka yaral\u0131 halde gelen Sarp\u2019a birinin yard\u0131m etti\u011finden \u015f\u00fcphelenmektedir. F\u00fcsun b\u00fct\u00fcn gece Sarp\u2019\u0131 aram\u0131\u015ft\u0131r fakat ula\u015famaz. Ba\u015f\u0131na bir \u015fey geldi\u011finden endi\u015felenen F\u00fcsun solu\u011fu Alyanak\u2019\u0131n otopark\u0131nda al\u0131r. Sarp\u2019\u0131n yaraland\u0131\u011f\u0131n\u0131 F\u00fcsun\u2019dan gizlerler. Kebap\u00e7\u0131 Celal Sarp\u2019\u0131 gizli bir g\u00f6l evinde tedavi ettirir. Onu yaln\u0131z b\u0131rakmayan Melek\u2019le aralar\u0131nda duygusal bir yak\u0131nla\u015fma ba\u015flar.<\/p>\n<p><strong>3.ARKA SOKAKLAR :<\/strong> Kanal D&#8217;nin sevilen dizisi Arka Sokaklar yine yeni sezonda da iddias\u0131n\u0131 s\u00fcrd\u00fcr\u00fcyor. 411.B\u00f6l\u00fcm\u00fcnde, Total grubunda ald\u0131\u011f\u0131 7,36 reyting puan\u0131 ile 3.s\u0131rada yer al\u0131yor.<\/p>\n<p><img loading=\"lazy\" decoding=\"async\" class=\"alignnone size-full wp-image-15707\" src=\"http:\/\/balcilar-blog.com\/wp-content\/uploads\/2016\/10\/arka-sokaklar-411-yeni-bolum-fragmani-yayinlandi-mi-7726544.jpeg\" alt=\"arka-sokaklar-411-yeni-bolum-fragmani-yayinlandi-mi-7726544\" width=\"640\" height=\"428\" srcset=\"https:\/\/balcilar-blog.com\/wp-content\/uploads\/2016\/10\/arka-sokaklar-411-yeni-bolum-fragmani-yayinlandi-mi-7726544.jpeg 640w, https:\/\/balcilar-blog.com\/wp-content\/uploads\/2016\/10\/arka-sokaklar-411-yeni-bolum-fragmani-yayinlandi-mi-7726544-300x201.jpeg 300w\" sizes=\"auto, (max-width: 640px) 100vw, 640px\" \/><\/p>\n<p>Arka Sokaklar 411. B\u00f6l\u00fcm&#8217;de; Hakan, mahkemeye \u00e7\u0131kar\u0131l\u0131r ve tutuklanmas\u0131na karar verilir! Hakan mahkemeye \u00e7\u0131kar\u0131l\u0131r ve tutuklanmas\u0131na karar verilir. Hakan\u2019\u0131n annesi Nesrin kendinden ge\u00e7er. Aylin hem Nesrin\u2019e destek olmaya \u00e7al\u0131\u015f\u0131r hem de sevdi\u011fi adam ger\u00e7ekten ter\u00f6r \u00f6rg\u00fct\u00fc \u00fcyesi olabilir mi diye d\u00fc\u015f\u00fcn\u00fcr. Hakan, cezaevine hen\u00fcz giri\u015f yapm\u0131\u015f bir tutuklu olarak gardiyanlar e\u015fli\u011finde ko\u011fu\u015funa g\u00f6t\u00fcr\u00fcl\u00fcr. R\u0131za, Mesut, H\u00fcsn\u00fc, Ali ile beraber ne olaca\u011f\u0131n\u0131 konu\u015furlar. Kimse bu duruma asla inanmak istemez. Ekip arkada\u015flar\u0131ndan \u015f\u00fcphe etmezler. Ancak, R\u0131za baba ve Arif M\u00fcd\u00fcr\u00fcn olaya fazla sert bak\u0131\u015f\u0131 herkesin akl\u0131na bir &#8220;Acaba m\u0131?&#8221; ihtimalini getirir.<\/p>\n<p>Tekin\u2019in okulda g\u00f6sterisi vard\u0131r. G\u00f6steride de kanto s\u00f6yleyecek, kad\u0131n k\u0131l\u0131\u011f\u0131na girecektir. Bu konuda Nazike\u2019den yard\u0131m ister. Kost\u00fcml\u00fc genel provaya Nazike, Zeliha ve Metin\u2019de gider. Bu s\u0131rada prova oldu\u011funu duyan Suat H\u00fcsn\u00fc\u2019y\u00fc aray\u0131p durumdan habersiz bir \u015fekilde Tekin\u2019e gidip hem s\u00fcrpriz yapmak hem de o\u011fullar\u0131n\u0131 sahnede izlemek i\u00e7in okula giderler. H\u00fcsn\u00fc hi\u00e7bir \u015feyden habersiz olarak Tekin\u2019i sahnede kad\u0131n k\u0131l\u0131\u011f\u0131nda g\u00f6r\u00fcnce olanlar olur\u2026<\/p>\n<p>Tun\u00e7\u2019un Ebru ile ili\u015fkisi devam etmekte, gittik\u00e7e baba o\u011ful ili\u015fkileri de y\u0131pranmaktad\u0131r. Ebru eski sevgilisi Oktay\u2019\u0131n evinde Tun\u00e7 ile birlikte tak\u0131lmakta ve yava\u015f yava\u015f uyu\u015fturucuya al\u0131\u015ft\u0131rmaktad\u0131r.<\/p>\n<p>&nbsp;<\/p>\n<p><strong>4.K\u0130RALIK A\u015eK :<\/strong> Star Tv&#8217;nin sevilen dizisi yeni sezonda AB&#8217;de ald\u0131\u011f\u0131 6,82 puanla ge\u00e7en hafta oldu\u011fu gibi yine 4.s\u0131rada yer alm\u0131\u015ft\u0131r.<\/p>\n<p><img loading=\"lazy\" decoding=\"async\" class=\"alignnone size-full wp-image-15706\" src=\"http:\/\/balcilar-blog.com\/wp-content\/uploads\/2016\/10\/70394-kiral\u0131k-a\u015fk.jpg\" alt=\"70394-kiralik-ask\" width=\"640\" height=\"425\" srcset=\"https:\/\/balcilar-blog.com\/wp-content\/uploads\/2016\/10\/70394-kiral\u0131k-a\u015fk.jpg 640w, https:\/\/balcilar-blog.com\/wp-content\/uploads\/2016\/10\/70394-kiral\u0131k-a\u015fk-300x199.jpg 300w\" sizes=\"auto, (max-width: 640px) 100vw, 640px\" \/><\/p>\n<p>Defne, son kar\u015f\u0131la\u015fmadan sonra \u00d6mer&#8217;e i\u00e7inde kalan her \u015feyi s\u00f6yledi. \u015eimdi ise s\u0131ra \u00d6mer&#8217;de&#8230; \u00d6mer&#8217;in bundan sonraki ad\u0131m\u0131 \u015fa\u015f\u0131rt\u0131c\u0131 ve olduk\u00e7a iddial\u0131! \u00d6mer ve Pamir&#8217;in aras\u0131ndaki gerginlik giderek t\u0131rman\u0131yor. Defne etraf\u0131na duvarlar \u00f6rerken, \u00d6mer bu duvarlar\u0131n gerisinde durmaya ve arkada\u015f kalmaya niyetli de\u011fil. K\u00f6\u015feye s\u0131k\u0131\u015fan Defne art\u0131k rolleri belirlemek zorunda.<\/p>\n<p>Di\u011fer yandan \u015firkette i\u015fleri yoluna koymaya \u00e7al\u0131\u015fan \u00d6mer&#8217;in imdad\u0131na can simidi Necmi yeti\u015fiyor. Bir de \u015firkette tadilat tela\u015f\u0131 var. Tadilat tarihinde uzla\u015fma sa\u011flanabilecek mi? Seda ve Sinan yak\u0131nla\u015fmas\u0131nda yeni bir perde aralan\u0131yor. Bir anda ortaya \u00e7\u0131kan ger\u00e7ek, bu gergin ortam\u0131 az da olsa yumu\u015fat\u0131yor. Pamir rengini belli etti. Art\u0131k &#8220;bende oyuna dahil oluyorum&#8221; diyor ve kartlar\u0131n\u0131 a\u00e7\u0131p Neriman&#8217;a meydan okuyor. Neriman&#8217;\u0131n kumandas\u0131 art\u0131k Pamir&#8217;de! Koray yeniden dedikoduya \u00e7a\u011f atlatacak bir performansta. \u0130so ise yine f\u0131rt\u0131nal\u0131 sularda ve pusulas\u0131 yine y\u00fcre\u011fi&#8230; D\u00fckkana gelen s\u00fcrpriz misafir \u0130so&#8217;yu heyecana bo\u011fuyor. Defne&#8217;nin s\u00fcrpriz cesaret g\u00f6sterisi hepimizi \u015fa\u015fk\u0131na \u00e7eviriyor. Defne art\u0131k hi\u00e7bir \u015feyden \u00e7ekinmez halde ve belki de hi\u00e7 olmad\u0131\u011f\u0131 kadar kendinde&#8230; \u00d6mer ve Defne \u00e7\u0131kmaz\u0131nda sizi ekrana kilitleyecek bu finali sak\u0131n ka\u00e7\u0131rmay\u0131n! Ve beklenen Defne \u00d6mer kar\u015f\u0131la\u015fmas\u0131nda kazanan a\u015fk m\u0131 yoksa gurur mu olacak?<\/p>\n<p>&nbsp;<\/p>\n<p><strong>5.NO:309 :<\/strong> Fox Tv&#8217;nin yaz dizisi sezon dizileri aras\u0131nda tutundu ve ilk be\u015fteki diziler aras\u0131nda yer al\u0131yor. 16.b\u00f6l\u00fcm\u00fcnde AB&#8217;de ald\u0131\u011f\u0131 6,74 reyting puan\u0131 ile 5.s\u0131rada yer al\u0131yor.<\/p>\n<p><img loading=\"lazy\" decoding=\"async\" class=\"alignnone size-full wp-image-15704\" src=\"http:\/\/balcilar-blog.com\/wp-content\/uploads\/2016\/10\/no-309-16-bolum-640x360.jpg\" alt=\"no-309-16-bolum-640x360\" width=\"640\" height=\"360\" srcset=\"https:\/\/balcilar-blog.com\/wp-content\/uploads\/2016\/10\/no-309-16-bolum-640x360.jpg 640w, https:\/\/balcilar-blog.com\/wp-content\/uploads\/2016\/10\/no-309-16-bolum-640x360-300x169.jpg 300w\" sizes=\"auto, (max-width: 640px) 100vw, 640px\" \/><\/p>\n<p>Onur ve Pelinsu\u2019nun bar \u00e7\u0131k\u0131\u015f\u0131 yakalanmalar\u0131 ertesi g\u00fcn man\u015fet olur. Haberleri g\u00f6ren Song\u00fcl , Lale\u2019nin etkilenmemesi i\u00e7in haberleri saklamaya karar verir. Bu arada olay\u0131n i\u00e7 y\u00fcz\u00fcn\u00fc ara\u015ft\u0131ran Song\u00fcl, k\u0131zlarla i\u015fbirli\u011fi yapar. Song\u00fcl\u2019\u00fcn gazab\u0131na u\u011frayan Onur ise Lale\u2019yle aralar\u0131ndaki ili\u015fkinin bozulmas\u0131ndan korkar ve olanlar\u0131 anlatmak i\u00e7in do\u011fru zaman\u0131 bekler.<\/p>\n<p>&nbsp;<\/p>\n<p><strong>Her iki kategorinin ilk on&#8217;da yer alan dizileri :<\/strong><\/p>\n<p>\u0130\u00e7erde, K\u0131rg\u0131n \u00c7i\u00e7ekler, E\u015fk\u0131ya D\u00fcnyaya H\u00fck\u00fcmdar Olmaz, No:309, Kara Sevda, Arka Sokaklar, Kiral\u0131k A\u015fk ve Seviyor Sevmiyor her iki grupta yer alan diziler olmu\u015ftur.<\/p>\n<p>&nbsp;<\/p>\n<p><strong>Kanallara g\u00f6re s\u0131ralamaya g\u00f6z atarsak :<\/strong><\/p>\n<p>Total grubunda: Atv ve Star Tv 3 dizi. Fox Tv 2 dizi. Kanal D ve Show Tv birer dizi ile yer ald\u0131lar.<\/p>\n<p>AB\u2019de ilk onda: Atv 3 dizi. Kanal D, Fox Tv ve Star Tv 2 dizi. Show Tv bir dizi ile yer alm\u0131\u015ft\u0131r.<\/p>\n<p>Bu haftan\u0131n kanal\u0131; Total&#8217;de ve AB&#8217;de 3 dizi ile yer alan Atv olmu\u015ftur. Star Tv Total&#8217;de 3 dizi ile 2.s\u0131rada yer alm\u0131\u015ft\u0131r.<\/p>\n<p><img loading=\"lazy\" decoding=\"async\" class=\"alignnone size-full wp-image-15708\" src=\"http:\/\/balcilar-blog.com\/wp-content\/uploads\/2016\/10\/CuZCtNTXYAEmfLc.jpg\" alt=\"cuzctntxyaemflc\" width=\"640\" height=\"383\" srcset=\"https:\/\/balcilar-blog.com\/wp-content\/uploads\/2016\/10\/CuZCtNTXYAEmfLc.jpg 640w, https:\/\/balcilar-blog.com\/wp-content\/uploads\/2016\/10\/CuZCtNTXYAEmfLc-300x180.jpg 300w\" sizes=\"auto, (max-width: 640px) 100vw, 640px\" \/><\/p>\n<p>&#8220;\u0130\u00e7erde&#8221; dizisiyle ekranlarda boy g\u00f6steren \u00c7a\u011fatay Ulusoy, L\u2019Officiel Hommes dergisine samimi a\u00e7\u0131klamalarda bulunmu\u015f. Ulusoy, arada ise senaryo yazd\u0131\u011f\u0131n\u0131 s\u00f6ylemi\u015f. Kamera arkas\u0131nda yap\u0131lan i\u015flemleri sevdi\u011fini ve merak etti\u011fini ifade eden yak\u0131\u015f\u0131kl\u0131 oyuncu, &#8220;Arada karal\u0131yorum bir \u015feyler ve kendi \u00e7ap\u0131mda bir \u015feyler \u00e7ekiyorum ama \u00f6yle ha dedi\u011finde olacak bir \u015fey de\u011fil bu. \u015eu an sadece g\u00f6zlemliyorum&#8221; diyerek bir dizi senaryo yazd\u0131\u011f\u0131n\u0131 itiraf etmi\u015f. Ben de diyorum ki; Daha \u00e7ok erken \u00c7a\u011fatay, sevenlerin seni kamera \u00f6n\u00fcnde oyuncu olarak g\u00f6rmek istiyor. Hen\u00fcz daha 3 dizi, 2 sinema filminde oynad\u0131n. En verimli ya\u015f\u0131ndas\u0131n, kamera arkas\u0131na ge\u00e7ece\u011fin g\u00fcnler de gelecek. Acele etme olur mu?<\/p>\n<p><img loading=\"lazy\" decoding=\"async\" class=\"alignnone size-full wp-image-15487\" src=\"http:\/\/balcilar-blog.com\/wp-content\/uploads\/2016\/09\/CtEFtf1XYAAg99d.jpg\" alt=\"cteftf1xyaag99d\" width=\"640\" height=\"360\" srcset=\"https:\/\/balcilar-blog.com\/wp-content\/uploads\/2016\/09\/CtEFtf1XYAAg99d.jpg 640w, https:\/\/balcilar-blog.com\/wp-content\/uploads\/2016\/09\/CtEFtf1XYAAg99d-300x169.jpg 300w\" sizes=\"auto, (max-width: 640px) 100vw, 640px\" \/><\/p>\n<p>Ge\u00e7en Sezon Fox Tv ekranlar\u0131nda izleyece\u011fimiz, K\u00f6sem Ba\u011fdat Fatihi IV.Murad&#8217;\u0131n fragmanlar\u0131 d\u00f6nmeye ba\u015flad\u0131. Beren Saat&#8217;in yerine yeni K\u00f6sem rol\u00fcnde Nurg\u00fcl Ye\u015fil\u00e7ay giriyor. \u0130lk b\u00f6l\u00fcmde Beren Saat son defa yer alacak, sonraki b\u00f6l\u00fcmde zaman atlamas\u0131 yap\u0131larak Nurg\u00fcl Ye\u015fil\u00e7ay dizide yer alacak. \u0131v.Murad da Metin Akd\u00fclger oluyor.<\/p>\n<p>Se\u00e7kin \u00d6zdemir, Kiral\u0131k A\u015fk&#8217;a Pamir Maden karakteri olarak girdi. Yak\u0131\u015f\u0131kl\u0131 oyuncu \u00d6mer&#8217;in elinden kur yaparak Defne&#8217;yi almaya \u00e7al\u0131\u015f\u0131yor. El\u00e7in Sangu ve Bar\u0131\u015f Ardu\u00e7 dizinin ba\u015frol\u00fcn\u00fc oynuyorlar.<\/p>\n<p><img loading=\"lazy\" decoding=\"async\" class=\"alignnone size-full wp-image-15690\" src=\"http:\/\/balcilar-blog.com\/wp-content\/uploads\/2016\/10\/cesur-ve-guzel.jpg\" alt=\"cesur-ve-guzel\" width=\"640\" height=\"427\" srcset=\"https:\/\/balcilar-blog.com\/wp-content\/uploads\/2016\/10\/cesur-ve-guzel.jpg 640w, https:\/\/balcilar-blog.com\/wp-content\/uploads\/2016\/10\/cesur-ve-guzel-300x200.jpg 300w\" sizes=\"auto, (max-width: 640px) 100vw, 640px\" \/><\/p>\n<p>K\u0131van\u00e7 Tatl\u0131tu\u011f ve Tuba B\u00fcy\u00fck\u00fcst\u00fcn&#8217;\u00fcn yeni dizisi &#8220;Cesur ve G\u00fczel&#8221;de \u00e7ekimleri ba\u015flad\u0131. Ve setten ilk kare resim geldi. Ekim ay\u0131 sonlar\u0131nda yay\u0131na girecek dizinin senaryosunu Ece Y\u00f6ren\u00e7 yaz\u0131yor.<\/p>\n<p>Ekim ay\u0131n\u0131n ortas\u0131na geldi\u011fimiz \u015fu g\u00fcnlerde dizi sekt\u00f6r\u00fc olduk\u00e7a hareketli. 2016 &#8211; 2017 dizi sezonu devam ediyor. Bu sezon diziler y\u00f6n\u00fcnden olduk\u00e7a verimli ge\u00e7ecek. B\u00fct\u00fcn \u00fcnl\u00fc oyuncular kamera kar\u015f\u0131s\u0131nda&#8230; Seranay Sar\u0131kaya ve Kerem Bursin&#8217;in dizileri \u015fimdilik netlik yok.<\/p>\n<p>Keyifli Seyirler<\/p>\n<p>Sayg\u0131lar ve sevgiler.<\/p>\n<p>Abdurrahman Balc\u0131lar<\/p>\n<p>Twitter:\u00a0<a href=\"https:\/\/twitter.com\/abbalcilar\">abdurrahman balc\u0131lar<\/a><a href=\"https:\/\/twitter.com\/abbalcilar\"><strong>@abbalcilar<\/strong><\/a><\/p>\n<p>Mail :\u00a0<a href=\"mailto:ab.balcilar@hotmail.com\">ab.balcilar@hotmail.com<\/a><\/p>\n<p>Blog:\u00a0<a href=\"http:\/\/t.co\/znqmIZgIqn\">blog.milliyet.com.tr\/cansever<\/a><\/p>\n<p>Blog:\u00a0<strong>balcilar-blog.com<\/strong><\/p>\n<p>Not: G\u00f6rseller ve dizi \u00f6zetleri ilgili kanallar\u0131n dizi ana sayfalar\u0131ndan al\u0131nm\u0131\u015ft\u0131r. S\u0131ralamalar dizi reytinglerine g\u00f6re yap\u0131lm\u0131\u015ft\u0131r.<\/p>\n","protected":false},"excerpt":{"rendered":"<p>&nbsp; TNS \u00f6l\u00e7\u00fcmlerine g\u00f6re haz\u0131rlad\u0131\u011f\u0131m 03 &#8211; 09 Ekim 2016 Tarihleri aras\u0131nda ekranlar\u0131m\u0131za gelen, Total\u2019de ve AB\u2019de ilk ona giren, haftan\u0131n dizi karnesini a\u015fa\u011f\u0131da bilgilerinize sunuyorum. Ge\u00e7en hafta da diziler aras\u0131ndaki yar\u0131\u015f ba\u015flad\u0131. Kanallar kendi dizilerini \u00f6ne \u00e7\u0131karmak i\u00e7in ellerinden geleni yap\u0131yor. Pazartesi gecesi ba\u015flayan yar\u0131\u015f hafta boyunca devam ediyor. \u0130\u015fte g\u00f6sterimdeki diziler. \u0130\u00e7erde, Babam [&hellip;]<\/p>\n","protected":false},"author":3,"featured_media":15709,"comment_status":"open","ping_status":"open","sticky":false,"template":"","format":"standard","meta":{"footnotes":""},"categories":[2],"tags":[1263,15,801,1219,743,80,1177,375,254,530],"class_list":["post-15703","post","type-post","status-publish","format-standard","has-post-thumbnail","hentry","category-tv-programlari","tag-ara-sokaklar","tag-cagatay-ulusoy","tag-eskiya-dunyaya-hukumdar-olmaz","tag-icerde","tag-kiralik-ask","tag-kivanc-tatlitug","tag-no309","tag-reytingler","tag-seckin-ozdemir","tag-tns-olcumleri"],"views":2921,"blog_post_layout_featured_media_urls":{"thumbnail":["https:\/\/balcilar-blog.com\/wp-content\/uploads\/2016\/10\/cats-10-EK\u0130M-150x150.jpg",150,150,true],"full":["https:\/\/balcilar-blog.com\/wp-content\/uploads\/2016\/10\/cats-10-EK\u0130M.jpg",640,413,false]},"categories_names":{"2":{"name":"TV Programlar\u0131","link":"https:\/\/balcilar-blog.com\/?cat=2"}},"tags_names":{"1263":{"name":"Ara Sokaklar","link":"https:\/\/balcilar-blog.com\/?tag=ara-sokaklar"},"15":{"name":"\u00e7a\u011fatay ulusoy","link":"https:\/\/balcilar-blog.com\/?tag=cagatay-ulusoy"},"801":{"name":"E\u015fk\u0131ya D\u00fcnya'ya H\u00fck\u00fcmdar Olmaz","link":"https:\/\/balcilar-blog.com\/?tag=eskiya-dunyaya-hukumdar-olmaz"},"1219":{"name":"\u0130\u00c7ERDE","link":"https:\/\/balcilar-blog.com\/?tag=icerde"},"743":{"name":"Kiral\u0131k A\u015fk","link":"https:\/\/balcilar-blog.com\/?tag=kiralik-ask"},"80":{"name":"K\u0131van\u00e7 Tatl\u0131tu\u011f","link":"https:\/\/balcilar-blog.com\/?tag=kivanc-tatlitug"},"1177":{"name":"No:309","link":"https:\/\/balcilar-blog.com\/?tag=no309"},"375":{"name":"Reytingler","link":"https:\/\/balcilar-blog.com\/?tag=reytingler"},"254":{"name":"Se\u00e7kin \u00d6zdemir","link":"https:\/\/balcilar-blog.com\/?tag=seckin-ozdemir"},"530":{"name":"TNS \u00f6l\u00e7\u00fcmleri","link":"https:\/\/balcilar-blog.com\/?tag=tns-olcumleri"}},"comments_number":"0","wpmagazine_modules_lite_featured_media_urls":{"thumbnail":["https:\/\/balcilar-blog.com\/wp-content\/uploads\/2016\/10\/cats-10-EK\u0130M-150x150.jpg",150,150,true],"cvmm-medium":["https:\/\/balcilar-blog.com\/wp-content\/uploads\/2016\/10\/cats-10-EK\u0130M.jpg",300,194,false],"cvmm-medium-plus":["https:\/\/balcilar-blog.com\/wp-content\/uploads\/2016\/10\/cats-10-EK\u0130M.jpg",305,197,false],"cvmm-portrait":["https:\/\/balcilar-blog.com\/wp-content\/uploads\/2016\/10\/cats-10-EK\u0130M.jpg",400,258,false],"cvmm-medium-square":["https:\/\/balcilar-blog.com\/wp-content\/uploads\/2016\/10\/cats-10-EK\u0130M.jpg",600,387,false],"cvmm-large":["https:\/\/balcilar-blog.com\/wp-content\/uploads\/2016\/10\/cats-10-EK\u0130M.jpg",640,413,false],"cvmm-small":["https:\/\/balcilar-blog.com\/wp-content\/uploads\/2016\/10\/cats-10-EK\u0130M.jpg",130,84,false],"full":["https:\/\/balcilar-blog.com\/wp-content\/uploads\/2016\/10\/cats-10-EK\u0130M.jpg",640,413,false]},"_links":{"self":[{"href":"https:\/\/balcilar-blog.com\/index.php?rest_route=\/wp\/v2\/posts\/15703","targetHints":{"allow":["GET"]}}],"collection":[{"href":"https:\/\/balcilar-blog.com\/index.php?rest_route=\/wp\/v2\/posts"}],"about":[{"href":"https:\/\/balcilar-blog.com\/index.php?rest_route=\/wp\/v2\/types\/post"}],"author":[{"embeddable":true,"href":"https:\/\/balcilar-blog.com\/index.php?rest_route=\/wp\/v2\/users\/3"}],"replies":[{"embeddable":true,"href":"https:\/\/balcilar-blog.com\/index.php?rest_route=%2Fwp%2Fv2%2Fcomments&post=15703"}],"version-history":[{"count":3,"href":"https:\/\/balcilar-blog.com\/index.php?rest_route=\/wp\/v2\/posts\/15703\/revisions"}],"predecessor-version":[{"id":15712,"href":"https:\/\/balcilar-blog.com\/index.php?rest_route=\/wp\/v2\/posts\/15703\/revisions\/15712"}],"wp:featuredmedia":[{"embeddable":true,"href":"https:\/\/balcilar-blog.com\/index.php?rest_route=\/wp\/v2\/media\/15709"}],"wp:attachment":[{"href":"https:\/\/balcilar-blog.com\/index.php?rest_route=%2Fwp%2Fv2%2Fmedia&parent=15703"}],"wp:term":[{"taxonomy":"category","embeddable":true,"href":"https:\/\/balcilar-blog.com\/index.php?rest_route=%2Fwp%2Fv2%2Fcategories&post=15703"},{"taxonomy":"post_tag","embeddable":true,"href":"https:\/\/balcilar-blog.com\/index.php?rest_route=%2Fwp%2Fv2%2Ftags&post=15703"}],"curies":[{"name":"wp","href":"https:\/\/api.w.org\/{rel}","templated":true}]}}