{"id":15645,"date":"2016-10-07T15:35:25","date_gmt":"2016-10-07T12:35:25","guid":{"rendered":"http:\/\/balcilar-blog.com\/?p=15645"},"modified":"2016-10-07T18:23:19","modified_gmt":"2016-10-07T15:23:19","slug":"yuksek-sosyetede-buyuk-hesaplasma-dizi-finale-mi-gidiyor","status":"publish","type":"post","link":"https:\/\/balcilar-blog.com\/?p=15645","title":{"rendered":"Y\u00fcksek Sosyete&#8217;de b\u00fcy\u00fck hesapla\u015fma! Dizi Finale mi gidiyor?"},"content":{"rendered":"<p><img loading=\"lazy\" decoding=\"async\" class=\"alignnone size-full wp-image-15648\" src=\"http:\/\/balcilar-blog.com\/wp-content\/uploads\/2016\/10\/CuG5-i3W8AAu5aC.jpg\" alt=\"cug5-i3w8aau5ac\" width=\"480\" height=\"480\" srcset=\"https:\/\/balcilar-blog.com\/wp-content\/uploads\/2016\/10\/CuG5-i3W8AAu5aC.jpg 480w, https:\/\/balcilar-blog.com\/wp-content\/uploads\/2016\/10\/CuG5-i3W8AAu5aC-150x150.jpg 150w, https:\/\/balcilar-blog.com\/wp-content\/uploads\/2016\/10\/CuG5-i3W8AAu5aC-300x300.jpg 300w\" sizes=\"auto, (max-width: 480px) 100vw, 480px\" \/><\/p>\n<p>Ba\u015f rollerini Hazar Erg\u00fc\u00e7l\u00fc ve Engin \u00d6zt\u00fcrk&#8217;\u00fcn yaz dizisi &#8220;Y\u00fcksek Sosyete&#8221; ilgi ile seyretti\u011fim dizilerden biri&#8230; D\u00fcn ak\u015fam Milli Ma\u00e7\u0131n da olmas\u0131 nedeniyle, ikisi aras\u0131nda gel-gitlerle seyrettim. D\u00fcn ak\u015fam b\u00fcy\u00fck hesapla\u015fmalar\u0131n ya\u015fand\u0131\u011f\u0131 bir b\u00f6l\u00fcmd\u00fc. Kerem ile Cansu aralar\u0131na Asu&#8217;nun girmesi ile i\u015f \u00e7\u0131\u011f\u0131r\u0131ndan \u00e7\u0131kt\u0131. Kerem&#8217;i arayan Cansu&#8217;nun telefonunu Asu&#8217;nun a\u00e7mas\u0131 ile ipler koptu. Asu&#8217;nun s\u00f6yledi\u011fi &#8220;Kendisi \u015fu an \u00e7ok me\u015fgul, Kerem banyoda&#8221; laf\u0131 i\u015fin tuzu biberi oldu. Her \u015feyi yanl\u0131\u015f anlad\u0131, af etmek istese de yapamad\u0131. \u00c7\u00fcnk\u00fc Kerem&#8217;i af edemiyordu. Kerem&#8217;\u0131n Oliva&#8217;dan ayr\u0131lma sebebi ile d\u00fczenlenen partide ipler koptu. Kerem de \u00f6\u011frenmek istediklerini Asu&#8217;nun \u00e7ekip, internete verdi\u011fi ve panoda yay\u0131nlad\u0131\u011f\u0131 resimlerden \u00f6\u011frendi. Cansu da \u015foktayd\u0131. Eve d\u00f6nd\u00fc\u011f\u00fcnde annesi S\u00fcreyya k\u0131z\u0131n\u0131n bir markette garson olarak \u00e7al\u0131\u015ft\u0131\u011f\u0131n\u0131 magazin bas\u0131n\u0131ndan \u00f6\u011frendi. Babas\u0131 da, onu oda hapsine koydu.<\/p>\n<p>&nbsp;<\/p>\n<p><img loading=\"lazy\" decoding=\"async\" class=\"alignnone size-full wp-image-15656\" src=\"http:\/\/balcilar-blog.com\/wp-content\/uploads\/2016\/10\/CuGt3QDXgAQd3Qd.jpg\" alt=\"cugt3qdxgaqd3qd\" width=\"640\" height=\"363\" srcset=\"https:\/\/balcilar-blog.com\/wp-content\/uploads\/2016\/10\/CuGt3QDXgAQd3Qd.jpg 640w, https:\/\/balcilar-blog.com\/wp-content\/uploads\/2016\/10\/CuGt3QDXgAQd3Qd-300x170.jpg 300w\" sizes=\"auto, (max-width: 640px) 100vw, 640px\" \/><\/p>\n<p>Kerem, zor da olsa Ece&#8217;yi ikna eder. Ece de Mert&#8217;i af eder. Market ortas\u0131nda boynuna sar\u0131l\u0131r.\u00a0Onu dudaklar\u0131ndan \u00f6per.<\/p>\n<p><img loading=\"lazy\" decoding=\"async\" class=\"alignnone size-full wp-image-15655\" src=\"http:\/\/balcilar-blog.com\/wp-content\/uploads\/2016\/10\/CuGnJlcWYAAla7L.jpg\" alt=\"cugnjlcwyaala7l\" width=\"640\" height=\"363\" srcset=\"https:\/\/balcilar-blog.com\/wp-content\/uploads\/2016\/10\/CuGnJlcWYAAla7L.jpg 640w, https:\/\/balcilar-blog.com\/wp-content\/uploads\/2016\/10\/CuGnJlcWYAAla7L-300x170.jpg 300w\" sizes=\"auto, (max-width: 640px) 100vw, 640px\" \/><\/p>\n<p>Kerem Cansu&#8217;nun kendisini yanl\u0131\u015f anlad\u0131\u011f\u0131n\u0131 s\u00f6yler, ama dinletemez. Cansu istifa eder i\u015ften yar\u0131l\u0131r.<\/p>\n<p><img loading=\"lazy\" decoding=\"async\" class=\"alignnone size-full wp-image-15654\" src=\"http:\/\/balcilar-blog.com\/wp-content\/uploads\/2016\/10\/CuGjhzuXYAAbTAM.jpg\" alt=\"cugjhzuxyaabtam\" width=\"640\" height=\"363\" srcset=\"https:\/\/balcilar-blog.com\/wp-content\/uploads\/2016\/10\/CuGjhzuXYAAbTAM.jpg 640w, https:\/\/balcilar-blog.com\/wp-content\/uploads\/2016\/10\/CuGjhzuXYAAbTAM-300x170.jpg 300w\" sizes=\"auto, (max-width: 640px) 100vw, 640px\" \/><\/p>\n<p>S\u0131ra Cansu ile Kerem&#8217;e gelir. \u0130\u015f yerinden istifa edip ayr\u0131lan Cansu&#8217;yu Kerem&#8217;in veda partisine getirip, bar\u0131\u015ft\u0131rma i\u015fi Mert&#8217;e d\u00fc\u015fer.<\/p>\n<p><img loading=\"lazy\" decoding=\"async\" class=\"alignnone size-full wp-image-15657\" src=\"http:\/\/balcilar-blog.com\/wp-content\/uploads\/2016\/10\/CuGu2_2WgAAo-Xm.jpg\" alt=\"cugu2_2wgaao-xm\" width=\"640\" height=\"363\" srcset=\"https:\/\/balcilar-blog.com\/wp-content\/uploads\/2016\/10\/CuGu2_2WgAAo-Xm.jpg 640w, https:\/\/balcilar-blog.com\/wp-content\/uploads\/2016\/10\/CuGu2_2WgAAo-Xm-300x170.jpg 300w\" sizes=\"auto, (max-width: 640px) 100vw, 640px\" \/><\/p>\n<p>Mert Cansu&#8217;nun evine kadar gider, veda partisine gelmesini ikna eder. Cansu&#8217;nun kim oldu\u011funu merak eden Asu da, pe\u015finden Cansu&#8217;nun evine kadar gelir ve Cansu&#8217;nun y\u00fcksek sosyete k\u0131z\u0131 oldu\u011funu \u00f6\u011frenir.<\/p>\n<p>Kerem&#8217;in veda partisine b\u00fct\u00fcn personel toplan\u0131r. Mert konu\u015fma yapar, personelden de Kerem ad\u0131na \u00e7ok g\u00fczel s\u00f6zler s\u00f6ylenir. S\u0131ra Asu&#8217;nun konu\u015fmas\u0131na gelir.<\/p>\n<p><img loading=\"lazy\" decoding=\"async\" class=\"alignnone size-full wp-image-15669\" src=\"http:\/\/balcilar-blog.com\/wp-content\/uploads\/2016\/10\/Ekran-Al\u0131nt\u0131s\u0131-Y.S.15.5.jpg\" alt=\"ekran-alintisi-y-s-15-5\" width=\"640\" height=\"408\" srcset=\"https:\/\/balcilar-blog.com\/wp-content\/uploads\/2016\/10\/Ekran-Al\u0131nt\u0131s\u0131-Y.S.15.5.jpg 640w, https:\/\/balcilar-blog.com\/wp-content\/uploads\/2016\/10\/Ekran-Al\u0131nt\u0131s\u0131-Y.S.15.5-300x191.jpg 300w\" sizes=\"auto, (max-width: 640px) 100vw, 640px\" \/><\/p>\n<p>Panoya Cansu&#8217;nun internete d\u00fc\u015fen haberini koyar.<\/p>\n<p><img loading=\"lazy\" decoding=\"async\" class=\"alignnone size-full wp-image-15647\" src=\"http:\/\/balcilar-blog.com\/wp-content\/uploads\/2016\/10\/CuG5ENNXEAAObTC.jpg-large.jpg\" alt=\"cug5ennxeaaobtc-jpg-large\" width=\"480\" height=\"480\" srcset=\"https:\/\/balcilar-blog.com\/wp-content\/uploads\/2016\/10\/CuG5ENNXEAAObTC.jpg-large.jpg 480w, https:\/\/balcilar-blog.com\/wp-content\/uploads\/2016\/10\/CuG5ENNXEAAObTC.jpg-large-150x150.jpg 150w, https:\/\/balcilar-blog.com\/wp-content\/uploads\/2016\/10\/CuG5ENNXEAAObTC.jpg-large-300x300.jpg 300w\" sizes=\"auto, (max-width: 480px) 100vw, 480px\" \/><\/p>\n<p>Kerem her \u015feyi, Cansu&#8217;nun kim oldu\u011funu orada herkesle birlikte \u00f6\u011frenir. \u015ea\u015fk\u0131nd\u0131r, g\u00f6zleri bu\u011fulan\u0131r. Son anda Cansu da gelir. G\u00f6rd\u00fckleri kar\u015f\u0131s\u0131nda ne yapaca\u011f\u0131n\u0131 bilemez. G\u00f6zlerinden ya\u015flar gelir.<\/p>\n<p><img loading=\"lazy\" decoding=\"async\" class=\"alignnone size-full wp-image-15649\" src=\"http:\/\/balcilar-blog.com\/wp-content\/uploads\/2016\/10\/CuG5teTWcAI6l32.jpg\" alt=\"cug5tetwcai6l32\" width=\"640\" height=\"363\" srcset=\"https:\/\/balcilar-blog.com\/wp-content\/uploads\/2016\/10\/CuG5teTWcAI6l32.jpg 640w, https:\/\/balcilar-blog.com\/wp-content\/uploads\/2016\/10\/CuG5teTWcAI6l32-300x170.jpg 300w\" sizes=\"auto, (max-width: 640px) 100vw, 640px\" \/><\/p>\n<p>O s\u0131rad Oliva&#8217;ya gelen Bedia \u00c7alhan her \u015feyi \u00f6\u011frenmi\u015ftir. Ve Kerem&#8217;e hesap sordu. Y\u00fczle\u015fme \u00e7ok sert oldu.<\/p>\n<p><img loading=\"lazy\" decoding=\"async\" class=\"alignnone size-full wp-image-15650\" src=\"http:\/\/balcilar-blog.com\/wp-content\/uploads\/2016\/10\/CuG7Px1WcAA-_xN.jpg-large.jpg\" alt=\"cug7px1wcaa-_xn-jpg-large\" width=\"480\" height=\"480\" srcset=\"https:\/\/balcilar-blog.com\/wp-content\/uploads\/2016\/10\/CuG7Px1WcAA-_xN.jpg-large.jpg 480w, https:\/\/balcilar-blog.com\/wp-content\/uploads\/2016\/10\/CuG7Px1WcAA-_xN.jpg-large-150x150.jpg 150w, https:\/\/balcilar-blog.com\/wp-content\/uploads\/2016\/10\/CuG7Px1WcAA-_xN.jpg-large-300x300.jpg 300w\" sizes=\"auto, (max-width: 480px) 100vw, 480px\" \/><\/p>\n<p>Ailenizi i\u015fe ald\u0131m, i\u015f verdim, a\u015f verdim, y\u0131llarca bakt\u0131m. Sen torunumdan bir de \u00e7anta dolusu para m\u0131 istedin, diyerek hakaretler ya\u011fd\u0131rd\u0131. Kerem, para desteleri market i\u00e7ine savurdu ve &#8220;Her \u015fey sizin olsun&#8221; diyerek Oliva&#8217;y\u0131 terk etti.<\/p>\n<p><img loading=\"lazy\" decoding=\"async\" class=\"alignnone size-full wp-image-15661\" src=\"http:\/\/balcilar-blog.com\/wp-content\/uploads\/2016\/10\/Ekran-Al\u0131nt\u0131s\u0131-y.s.15.6.d.jpg\" alt=\"ekran-alintisi-y-s-15-6-d\" width=\"640\" height=\"370\" srcset=\"https:\/\/balcilar-blog.com\/wp-content\/uploads\/2016\/10\/Ekran-Al\u0131nt\u0131s\u0131-y.s.15.6.d.jpg 640w, https:\/\/balcilar-blog.com\/wp-content\/uploads\/2016\/10\/Ekran-Al\u0131nt\u0131s\u0131-y.s.15.6.d-300x173.jpg 300w\" sizes=\"auto, (max-width: 640px) 100vw, 640px\" \/><\/p>\n<p>Bu durumu seyreden Mert ve Ece \u015fa\u015fk\u0131nd\u0131.<\/p>\n<p><img loading=\"lazy\" decoding=\"async\" class=\"alignnone size-full wp-image-15659\" src=\"http:\/\/balcilar-blog.com\/wp-content\/uploads\/2016\/10\/Ekran-Al\u0131nt\u0131s\u0131-y\u00fcksek-sosyet-15.5.jpg\" alt=\"ekran-alintisi-yuksek-sosyet-15-5\" width=\"640\" height=\"375\" srcset=\"https:\/\/balcilar-blog.com\/wp-content\/uploads\/2016\/10\/Ekran-Al\u0131nt\u0131s\u0131-y\u00fcksek-sosyet-15.5.jpg 640w, https:\/\/balcilar-blog.com\/wp-content\/uploads\/2016\/10\/Ekran-Al\u0131nt\u0131s\u0131-y\u00fcksek-sosyet-15.5-300x176.jpg 300w\" sizes=\"auto, (max-width: 640px) 100vw, 640px\" \/><\/p>\n<p>Babaanne Bedia \u00c7alhan&#8217;\u0131n gazap r\u00fczgarlar\u0131 onlara do\u011fru esiyordu.<\/p>\n<p><img loading=\"lazy\" decoding=\"async\" class=\"alignnone size-full wp-image-15660\" src=\"http:\/\/balcilar-blog.com\/wp-content\/uploads\/2016\/10\/Ekran-Al\u0131nt\u0131s\u0131-levent.jpg\" alt=\"ekran-alintisi-levent\" width=\"640\" height=\"379\" srcset=\"https:\/\/balcilar-blog.com\/wp-content\/uploads\/2016\/10\/Ekran-Al\u0131nt\u0131s\u0131-levent.jpg 640w, https:\/\/balcilar-blog.com\/wp-content\/uploads\/2016\/10\/Ekran-Al\u0131nt\u0131s\u0131-levent-300x178.jpg 300w\" sizes=\"auto, (max-width: 640px) 100vw, 640px\" \/><\/p>\n<p>Di\u011fer tarafta S\u00fcreyya Han\u0131m, iki adamdan Levent&#8217;i de\u011fil kocas\u0131 Metin&#8217;i se\u00e7er. Metin ile aralar\u0131 a\u00e7\u0131lan I\u015f\u0131l al\u0131r \u00e7ocu\u011funu Metin&#8217;in evine girer.<\/p>\n<p><img loading=\"lazy\" decoding=\"async\" class=\"alignnone size-full wp-image-15658\" src=\"http:\/\/balcilar-blog.com\/wp-content\/uploads\/2016\/10\/CuGvbyaWYAAMICb.jpg\" alt=\"cugvbyawyaamicb\" width=\"640\" height=\"363\" srcset=\"https:\/\/balcilar-blog.com\/wp-content\/uploads\/2016\/10\/CuGvbyaWYAAMICb.jpg 640w, https:\/\/balcilar-blog.com\/wp-content\/uploads\/2016\/10\/CuGvbyaWYAAMICb-300x170.jpg 300w\" sizes=\"auto, (max-width: 640px) 100vw, 640px\" \/><\/p>\n<p>Ve \u00e7ocu\u011funu evin kap\u0131s\u0131na b\u0131rak\u0131r, zili \u00e7alar kaybolur.<\/p>\n<p><img loading=\"lazy\" decoding=\"async\" class=\"alignnone size-full wp-image-15653\" src=\"http:\/\/balcilar-blog.com\/wp-content\/uploads\/2016\/10\/CuG9v6MWEAA5J_h.jpg\" alt=\"cug9v6mweaa5j_h\" width=\"640\" height=\"363\" srcset=\"https:\/\/balcilar-blog.com\/wp-content\/uploads\/2016\/10\/CuG9v6MWEAA5J_h.jpg 640w, https:\/\/balcilar-blog.com\/wp-content\/uploads\/2016\/10\/CuG9v6MWEAA5J_h-300x170.jpg 300w\" sizes=\"auto, (max-width: 640px) 100vw, 640px\" \/><\/p>\n<p>Metin Beyin sevgilisi I\u015f\u0131l da \u00e7ocuklar\u0131na &#8220;Bakma s\u0131ras\u0131 sende&#8221; diye not koydu ve k\u00f6\u015fk\u00fcn kap\u0131na b\u0131rakt\u0131. Bu notu okuyan kar\u0131s\u0131 S\u00fcreyya da \u00e7ok \u015fa\u015f\u0131rd\u0131. Metin ne yapaca\u011f\u0131n\u0131 bilemedi.<\/p>\n<p><img loading=\"lazy\" decoding=\"async\" class=\"alignnone size-full wp-image-15652\" src=\"http:\/\/balcilar-blog.com\/wp-content\/uploads\/2016\/10\/CuG8y93WYAAuQj5.jpg-large.jpg\" alt=\"cug8y93wyaauqj5-jpg-large\" width=\"480\" height=\"480\" srcset=\"https:\/\/balcilar-blog.com\/wp-content\/uploads\/2016\/10\/CuG8y93WYAAuQj5.jpg-large.jpg 480w, https:\/\/balcilar-blog.com\/wp-content\/uploads\/2016\/10\/CuG8y93WYAAuQj5.jpg-large-150x150.jpg 150w, https:\/\/balcilar-blog.com\/wp-content\/uploads\/2016\/10\/CuG8y93WYAAuQj5.jpg-large-300x300.jpg 300w\" sizes=\"auto, (max-width: 480px) 100vw, 480px\" \/><\/p>\n<p>S\u00fcreyya Han\u0131m ve babas\u0131 Metin Bey, Cansu&#8217;yu odaya kapat\u0131rlar. D\u0131\u015far\u0131 \u00e7\u0131kmas\u0131n\u0131 yasaklarlar.<\/p>\n<p><img loading=\"lazy\" decoding=\"async\" class=\"alignnone size-full wp-image-15646\" src=\"http:\/\/balcilar-blog.com\/wp-content\/uploads\/2016\/10\/CuG2U2gWcAEs6lz.jpg\" alt=\"cug2u2gwcaes6lz\" width=\"480\" height=\"480\" srcset=\"https:\/\/balcilar-blog.com\/wp-content\/uploads\/2016\/10\/CuG2U2gWcAEs6lz.jpg 480w, https:\/\/balcilar-blog.com\/wp-content\/uploads\/2016\/10\/CuG2U2gWcAEs6lz-150x150.jpg 150w, https:\/\/balcilar-blog.com\/wp-content\/uploads\/2016\/10\/CuG2U2gWcAEs6lz-300x300.jpg 300w\" sizes=\"auto, (max-width: 480px) 100vw, 480px\" \/><\/p>\n<p>Kerem&#8217;in annesi Ay\u015fen Han\u0131m o\u011flu Kerem&#8217;i Cansu ile sofrada bekliyordu. Ama \u00f6yle olmad\u0131, haz\u0131rlad\u0131\u011f\u0131 m\u00fckemmel sofra bo\u015fa gitti. Kerem, sofraya bile oturmad\u0131. Derin bir \u00fcz\u00fcnt\u00fc i\u00e7indeydi. Annesine masay\u0131 kald\u0131rmas\u0131n\u0131 istedi. Annesi ve babas\u0131na; &#8220;Ziyafet yok, sevilmek yok, sevmek yok, ac\u0131mak yok.. Oliva bitti, Cansu bitti, Bedia bitti, Kerem de bitti.&#8221; Diyerek noktaya koydu. Ve Cansu k\u00f6\u015fkte oda hapsinde 15.b\u00f6l\u00fcm sona erdi.<\/p>\n<p><img loading=\"lazy\" decoding=\"async\" class=\"alignnone size-full wp-image-15662\" src=\"http:\/\/balcilar-blog.com\/wp-content\/uploads\/2016\/10\/Ekran-Al\u0131nt\u0131s\u0131-y.s.15.son_.jpg\" alt=\"ekran-alintisi-y-s-15-son\" width=\"640\" height=\"386\" srcset=\"https:\/\/balcilar-blog.com\/wp-content\/uploads\/2016\/10\/Ekran-Al\u0131nt\u0131s\u0131-y.s.15.son_.jpg 640w, https:\/\/balcilar-blog.com\/wp-content\/uploads\/2016\/10\/Ekran-Al\u0131nt\u0131s\u0131-y.s.15.son_-300x181.jpg 300w\" sizes=\"auto, (max-width: 640px) 100vw, 640px\" \/><\/p>\n<p>\u015eimdi ne olacak? Herkes herkesle hesapla\u015ft\u0131, eteklerindeki ta\u015f\u0131 d\u00f6kt\u00fc. B\u00fcy\u00fck hesapla\u015fmalar oldu! D\u00fc\u011f\u00fcmler \u00e7\u00f6z\u00fcld\u00fc. Asl\u0131nda konu da bitti say\u0131l\u0131r. Bana g\u00f6re dizinin finaline gelindi. 1-2 hafta i\u00e7inde final olabilir. Star Tv&#8217;nin yeni dizileri geliyor. Vahide Per\u00e7in ve Cansu Dere&#8217;nin Anne, K\u0131van\u00e7 Tatl\u0131tu\u011f ile Tuba B\u00fcy\u00fck\u00fcst\u00fcn&#8217;\u00fcn Cesur ve G\u00fczel Ekim ay\u0131 i\u00e7inde ve Birce Akalay ile Ufuk \u00d6zkan&#8217;\u0131n dizisi Hayat Bazen Tatl\u0131&#8217;d\u0131r Kas\u0131m ay\u0131nda Star ekranlar\u0131nda olacak. Bo\u015f g\u00fcn laz\u0131m de\u011fil mi? Pazartesi: Parampar\u00e7a, \u00c7ar\u015famba: Kara Sevda, Per\u015fembe: Y\u00fcksek Sosyete. Cuma: Kiral\u0131k A\u015fk. Cumartesi &#8211; Pazar yar\u0131\u015fma program\u0131&#8230; Sadece Sal\u0131 g\u00fcn\u00fc bo\u015f. S\u0131rada bekleyen ise \u00fc\u00e7 yeni dizi var.<\/p>\n<p>Karar\u0131 kanal ve yap\u0131mc\u0131 karar verecek! \u015eimdilik Bi Yap\u0131m &#8211; Burak Sa\u011fya\u015far&#8217;dan bir ses yok. Star Tv genelde reytinglere bakar. \u015eayet reyting puan\u0131 4&#8217;\u00fcn alt\u0131na d\u00fc\u015ferse pek ac\u0131maz. Son 15.b\u00f6l\u00fcmde \u00a0alt\u0131na d\u00fc\u015ft\u00fc. Total&#8217;de ve AB&#8217;de 4&#8217;5 puan ald\u0131. Ge\u00e7en hafta da reyting puanlar\u0131 4&#8217;\u00fcn alt\u0131na d\u00fc\u015fm\u00fc\u015ft\u00fcr.<\/p>\n<p>Bana g\u00f6re g\u00fczel bir yap\u0131md\u0131. Ben ikinci rolde rol alan Meri\u00e7 Aral (Ece) ve Ozan Dolunay&#8217;\u0131 (Mert) daha keyifle izliyorum<\/p>\n<p>Hay\u0131rl\u0131s\u0131 ne ise o olsun diyelim.<\/p>\n<p>\u0130yi Seyirler.<\/p>\n<p>Sayg\u0131lar ve sevgiler..<\/p>\n<p>Abdurrahman Balc\u0131lar<\/p>\n<p>Twitter:\u00a0<a href=\"https:\/\/twitter.com\/abbalcilar\">abdurrahman balc\u0131lar<\/a><a href=\"https:\/\/twitter.com\/abbalcilar\"><strong>@abbalcilar<\/strong><\/a><\/p>\n<p>Mail :\u00a0<a href=\"mailto:ab.balcilar@hotmail.com\">ab.balcilar@hotmail.com<\/a><\/p>\n<p>Blog:\u00a0<a href=\"http:\/\/t.co\/znqmIZgIqn\">blog.milliyet.com.tr\/cansever<\/a><\/p>\n<p>Blog:\u00a0<strong>balcilar-blog.com<\/strong><\/p>\n<p>&nbsp;<\/p>\n","protected":false},"excerpt":{"rendered":"<p>Ba\u015f rollerini Hazar Erg\u00fc\u00e7l\u00fc ve Engin \u00d6zt\u00fcrk&#8217;\u00fcn yaz dizisi &#8220;Y\u00fcksek Sosyete&#8221; ilgi ile seyretti\u011fim dizilerden biri&#8230; D\u00fcn ak\u015fam Milli Ma\u00e7\u0131n da olmas\u0131 nedeniyle, ikisi aras\u0131nda gel-gitlerle seyrettim. D\u00fcn ak\u015fam b\u00fcy\u00fck hesapla\u015fmalar\u0131n ya\u015fand\u0131\u011f\u0131 bir b\u00f6l\u00fcmd\u00fc. Kerem ile Cansu aralar\u0131na Asu&#8217;nun girmesi ile i\u015f \u00e7\u0131\u011f\u0131r\u0131ndan \u00e7\u0131kt\u0131. Kerem&#8217;i arayan Cansu&#8217;nun telefonunu Asu&#8217;nun a\u00e7mas\u0131 ile ipler koptu. Asu&#8217;nun s\u00f6yledi\u011fi [&hellip;]<\/p>\n","protected":false},"author":3,"featured_media":15648,"comment_status":"open","ping_status":"open","sticky":false,"template":"","format":"standard","meta":{"footnotes":""},"categories":[2],"tags":[1140,1139,30,25,1138],"class_list":["post-15645","post","type-post","status-publish","format-standard","has-post-thumbnail","hentry","category-tv-programlari","tag-bi-yapim","tag-engin-ozturk","tag-hazar-erguclu","tag-star-tv","tag-yuksek-sosyete"],"views":3645,"blog_post_layout_featured_media_urls":{"thumbnail":["https:\/\/balcilar-blog.com\/wp-content\/uploads\/2016\/10\/CuG5-i3W8AAu5aC-150x150.jpg",150,150,true],"full":["https:\/\/balcilar-blog.com\/wp-content\/uploads\/2016\/10\/CuG5-i3W8AAu5aC.jpg",480,480,false]},"categories_names":{"2":{"name":"TV Programlar\u0131","link":"https:\/\/balcilar-blog.com\/?cat=2"}},"tags_names":{"1140":{"name":"Bi Yap\u0131m","link":"https:\/\/balcilar-blog.com\/?tag=bi-yapim"},"1139":{"name":"Engin \u00d6zt\u00fcrk","link":"https:\/\/balcilar-blog.com\/?tag=engin-ozturk"},"30":{"name":"Hazar Erg\u00fc\u00e7l\u00fc","link":"https:\/\/balcilar-blog.com\/?tag=hazar-erguclu"},"25":{"name":"Star Tv","link":"https:\/\/balcilar-blog.com\/?tag=star-tv"},"1138":{"name":"Y\u00fcksek Sosyete","link":"https:\/\/balcilar-blog.com\/?tag=yuksek-sosyete"}},"comments_number":"0","wpmagazine_modules_lite_featured_media_urls":{"thumbnail":["https:\/\/balcilar-blog.com\/wp-content\/uploads\/2016\/10\/CuG5-i3W8AAu5aC-150x150.jpg",150,150,true],"cvmm-medium":["https:\/\/balcilar-blog.com\/wp-content\/uploads\/2016\/10\/CuG5-i3W8AAu5aC.jpg",300,300,false],"cvmm-medium-plus":["https:\/\/balcilar-blog.com\/wp-content\/uploads\/2016\/10\/CuG5-i3W8AAu5aC.jpg",207,207,false],"cvmm-portrait":["https:\/\/balcilar-blog.com\/wp-content\/uploads\/2016\/10\/CuG5-i3W8AAu5aC.jpg",400,400,false],"cvmm-medium-square":["https:\/\/balcilar-blog.com\/wp-content\/uploads\/2016\/10\/CuG5-i3W8AAu5aC.jpg",480,480,false],"cvmm-large":["https:\/\/balcilar-blog.com\/wp-content\/uploads\/2016\/10\/CuG5-i3W8AAu5aC.jpg",480,480,false],"cvmm-small":["https:\/\/balcilar-blog.com\/wp-content\/uploads\/2016\/10\/CuG5-i3W8AAu5aC.jpg",95,95,false],"full":["https:\/\/balcilar-blog.com\/wp-content\/uploads\/2016\/10\/CuG5-i3W8AAu5aC.jpg",480,480,false]},"_links":{"self":[{"href":"https:\/\/balcilar-blog.com\/index.php?rest_route=\/wp\/v2\/posts\/15645","targetHints":{"allow":["GET"]}}],"collection":[{"href":"https:\/\/balcilar-blog.com\/index.php?rest_route=\/wp\/v2\/posts"}],"about":[{"href":"https:\/\/balcilar-blog.com\/index.php?rest_route=\/wp\/v2\/types\/post"}],"author":[{"embeddable":true,"href":"https:\/\/balcilar-blog.com\/index.php?rest_route=\/wp\/v2\/users\/3"}],"replies":[{"embeddable":true,"href":"https:\/\/balcilar-blog.com\/index.php?rest_route=%2Fwp%2Fv2%2Fcomments&post=15645"}],"version-history":[{"count":7,"href":"https:\/\/balcilar-blog.com\/index.php?rest_route=\/wp\/v2\/posts\/15645\/revisions"}],"predecessor-version":[{"id":15670,"href":"https:\/\/balcilar-blog.com\/index.php?rest_route=\/wp\/v2\/posts\/15645\/revisions\/15670"}],"wp:featuredmedia":[{"embeddable":true,"href":"https:\/\/balcilar-blog.com\/index.php?rest_route=\/wp\/v2\/media\/15648"}],"wp:attachment":[{"href":"https:\/\/balcilar-blog.com\/index.php?rest_route=%2Fwp%2Fv2%2Fmedia&parent=15645"}],"wp:term":[{"taxonomy":"category","embeddable":true,"href":"https:\/\/balcilar-blog.com\/index.php?rest_route=%2Fwp%2Fv2%2Fcategories&post=15645"},{"taxonomy":"post_tag","embeddable":true,"href":"https:\/\/balcilar-blog.com\/index.php?rest_route=%2Fwp%2Fv2%2Ftags&post=15645"}],"curies":[{"name":"wp","href":"https:\/\/api.w.org\/{rel}","templated":true}]}}