{"id":156,"date":"2014-01-23T21:38:58","date_gmt":"2014-01-23T19:38:58","guid":{"rendered":"http:\/\/balcilar-blog.com\/?p=156"},"modified":"2014-02-19T21:42:59","modified_gmt":"2014-02-19T19:42:59","slug":"medcezir-taner-olmez-mert-hazar-erguclu-eylul-ikilisini-yaratti","status":"publish","type":"post","link":"https:\/\/balcilar-blog.com\/?p=156","title":{"rendered":"Medcezir, Taner \u00d6lmez (Mert) &#038; Hazar Erg\u00fc\u00e7l\u00fc (Eyl\u00fcl) ikilisini yaratt\u0131!"},"content":{"rendered":"<div>\n<h4>23 Ocak &#8217;14<\/h4>\n<\/div>\n<div><\/div>\n<dl>\n<dt>Kategori<\/dt>\n<dd><a href=\"http:\/\/blog.milliyet.com.tr\/tv-programlari\/Kategori\/?KategoriNo=351\"><strong>TV Programlar\u0131<\/strong><\/a><\/dd>\n<\/dl>\n<div>\n<div><img loading=\"lazy\" decoding=\"async\" alt=\"Medcezir, Taner \u00d6lmez (Mert) &amp; Hazar Erg\u00fc\u00e7l\u00fc (Eyl\u00fcl) ikilisini yaratt\u0131!\" src=\"http:\/\/iblog.milliyet.com.tr\/imgroot\/blogv7\/Blog333\/2014\/01\/23\/21\/445976-3-4-d365f.jpg\" width=\"333\" height=\"240\" \/><\/p>\n<div><\/div>\n<p>&nbsp;<\/p>\n<\/div>\n<div id=\"BlogDetail\">\n<p><a href=\"http:\/\/blog.milliyet.com.tr\/AramaBlog\/?search=Star%20Tv\" rel=\"external nofollow\">Star Tv<\/a>.in s\u00fcper dizisi \u201c<a href=\"http:\/\/blog.milliyet.com.tr\/AramaBlog\/?search=Medcezir\" rel=\"external nofollow\">Medcezir<\/a>\u201d ba\u015frol oyuncular\u0131\u00a0<a href=\"http:\/\/blog.milliyet.com.tr\/AramaBlog\/?search=%C3%87a%C4%9Fatay%20Ulusoy\" rel=\"external nofollow\">\u00c7a\u011fatay Ulusoy<\/a>,\u00a0<a href=\"http:\/\/blog.milliyet.com.tr\/AramaBlog\/?search=Serenay%20Sar%C4%B1kaya\" rel=\"external nofollow\">Serenay Sar\u0131kaya<\/a>ikilisinden sonra, yard\u0131mc\u0131 rollerde\u00a0<a href=\"http:\/\/blog.milliyet.com.tr\/AramaBlog\/?search=Taner%20%C3%96lmez\" rel=\"external nofollow\">Taner \u00d6lmez<\/a>ve\u00a0<a href=\"http:\/\/blog.milliyet.com.tr\/AramaBlog\/?search=Hazar%20Erg%C3%BC%C3%A7l%C3%BC\" rel=\"external nofollow\">Hazar Erg\u00fc\u00e7l\u00fc<\/a>\u00a0ikilisini yaratt\u0131. Her ikisi de zaten tek ba\u015flar\u0131na da olsa s\u00fcper performanslar\u0131 ile g\u00f6z dolduruyorlard\u0131. Mert zaten \u00e7ocuklu\u011fundan beri Eyl\u00fcl\u2019e a\u015f\u0131k. Son b\u00f6l\u00fcmlerde Eyl\u00fcl\u2019\u00fcn ben Mert\u2019e a\u015f\u0131k oldum demesiyle iki sevgili olmaya ba\u015flad\u0131lar. Eyl\u00fcl bu durumu etraf\u0131ndakilere a\u00e7\u0131klamaktan utansa da bu bir g\u00fcn olacak.<\/p>\n<p>\u00d6nceleri, Mert\u2019in \u015faklaban hareketlerinden \u00f6t\u00fcr\u00fc Eyl\u00fcl, \u201c\u015eebek\u201d lakab\u0131n\u0131 takm\u0131\u015ft\u0131. Mert \u00e7ocuksu davran\u0131\u015flar\u0131, komik laflar\u0131ndan dolay\u0131 \u00e7ok sevildi. Eyl\u00fcl de \u00e7\u0131t\u0131 p\u0131t\u0131 gen\u00e7 bir k\u0131z, g\u00fczelli\u011fi, lafazanl\u0131\u011f\u0131 ile arkada\u015flar\u0131 aras\u0131nda sevilen bir tip. Mira\u2019n\u0131n da can dostu.<\/p>\n<p>Eyl\u00fcl, dizinin 1.ci b\u00f6l\u00fcm\u00fcnde As\u0131m \u015eekip Kaya Vakf\u0131\u2019n\u0131n a\u00e7\u0131k artt\u0131rma gecesinde bak\u0131n Mert&#8217;e sakar hareketlerini g\u00fclerek, Mira\u2019ya Mert i\u00e7in neler s\u00f6ylemi\u015fti. \u201cBak \u015fu \u00e7ocu\u011fu enine boyuna \u00e7eki\u015ftirip \u015f\u00f6yle bir d\u00fczelteceksin, sa\u00e7lar\u0131n\u0131 k\u00f6pek tara\u011f\u0131 ile iyice f\u0131r\u00e7alad\u0131n m\u0131, biraz da baklava, kollara kas, belki o zaman bir \u015feye benzer\u2026 Ama \u015fap\u015fall\u0131\u011f\u0131 i\u00e7in yap\u0131cak hi\u00e7 bir \u015fey yok\u201d. Demi\u015fti. Ben Eyl\u00fcl\u2019\u00fcn bu laf\u0131na \u00e7ok g\u00fclm\u00fc\u015ft\u00fcm.<\/p>\n<p>Di\u011fer b\u00f6l\u00fcmlerde de bu ikili aras\u0131nda bir dolu komik sahnelere \u015fahit olduk.<\/p>\n<p><img decoding=\"async\" alt=\"\" src=\"https:\/\/encrypted-tbn1.gstatic.com\/images?q=tbn:ANd9GcSiFLQZaOmESCTQopE8-yPfXB3203mIF1k2ZVhRjd_rK4lQYP6ElA\" \/><\/p>\n<p>\u0130lk \u00f6p\u00fcc\u00fck Eyl\u00fcl&#8217;den gelmi\u015ftir Mert&#8217;e. Eyl\u00fcl ad\u0131n\u0131 verdi\u011fi teknesinin yan\u0131na gelmi\u015f, onu dola\u015ft\u0131rm\u0131\u015ft\u0131. Eyl\u00fcl&#8217;de Mert&#8217;e te\u015fekk\u00fcr etmi\u015f, ilk \u00f6p\u00fcc\u00fc\u011f\u00fc dudaklar\u0131na kondurmu\u015ftu.<\/p>\n<p><img decoding=\"async\" alt=\"\" src=\"https:\/\/encrypted-tbn3.gstatic.com\/images?q=tbn:ANd9GcQH0XA16KT72cJB_HjmmreO8WjBHO9qpg9JqNsBznjKWib28Nz_\" \/><\/p>\n<p>Mert, Eyl\u00fcl&#8217;\u00fc o kadar \u00e7ok sever ki, bir gece \u00f6nce yatt\u0131\u011f\u0131 yataktaki yeri bantla i\u015faretler ve ertesi g\u00fcn\u00fc yan\u0131na yarar, \u00e7ok da keyif al\u0131r.<\/p>\n<p>18.B\u00f6l\u00fcmden Mert\u2019in odas\u0131nda Mert ile Eyl\u00fcl aras\u0131nda ge\u00e7en konu\u015fmalar\u0131 bir hat\u0131rlayal\u0131m isterseniz. Eyl\u00fcl, Orkun\u2019un do\u011fum g\u00fcn\u00fcnde \u00e7\u0131kan olay sonras\u0131 Mert\u2019in evine gelir. Konu\u015fal\u0131m diye odaya \u00e7\u0131karlar.<\/p>\n<p><img decoding=\"async\" alt=\"G\u00f6m\u00fcl\u00fc resim i\u00e7in kal\u0131c\u0131 ba\u011flant\u0131\" src=\"https:\/\/pbs.twimg.com\/media\/Bd81o1KCQAEoMIh.jpg\" \/><\/p>\n<p><strong>Eyl\u00fcl<\/strong>: -\u00c7ok sa\u00e7ma bir geceydi. Hatta sa\u00e7ma \u00f6tesiydi.<\/p>\n<p><strong>Mert<\/strong>: -\u00d6yleymi\u015f.<\/p>\n<p><strong>Eyl\u00fcl<\/strong>: -Mert, ben sana oraya gidece\u011fimi s\u00f6ylemedim, \u00e7\u00fcnk\u00fc\u2026<\/p>\n<p><strong>Mert<\/strong>:\u00a0 -\u00c7\u00fcnk\u00fc, evde ders \u00e7al\u0131\u015facakt\u0131n. Hatta konsantrasyonun \u00a0da\u011f\u0131lmas\u0131n diye benimle birlikte \u00e7al\u0131\u015fmay\u0131 istemedin.<\/p>\n<p><strong>Eyl\u00fcl<\/strong>: -Yaa, inan ki s\u00f6yleyecektim ama,<\/p>\n<p><strong>Mert<\/strong>: -Kazara gelece\u011fimden mi korktun? Orkun\u2019un do\u011fum g\u00fcn\u00fc olsa bile, s\u0131rf seninle birlikte olmak i\u00e7in gelece\u011fimden korktun.<\/p>\n<p><strong>Eyl\u00fcl<\/strong>: -As\u0131l\u0131nda \u015f\u00f6yle, biz Mira ile gitmeyi hi\u00e7 istemiyorduk, hatta gitmeyecektik. Ama sonra gitmezsek ba\u015fka t\u00fcrl\u00fc laf edeceklerdi. Biz de bari gidelim, u\u011fray\u0131p \u00e7\u0131kar\u0131z dedik.<\/p>\n<p><strong>Mert<\/strong>: -Yaman tesad\u00fcfen orda olmasayd\u0131 bana yine s\u00f6ylemeyecektin. O s\u00f6ylemedi bile\u2026 Ben sordum. Sanki i\u00e7ime do\u011fmu\u015f gibi. Sen benden utan\u0131yorsun di mi Eyl\u00fcl? Yani benimle birlikte oldu\u011funu s\u00f6ylemekten utan\u0131yorsun.<\/p>\n<p><img decoding=\"async\" alt=\"Foto\u011fraf: \" src=\"https:\/\/fbcdn-sphotos-c-a.akamaihd.net\/hphotos-ak-prn1\/t1\/s403x403\/1524735_594523260625212_914961823_n.jpg\" \/><\/p>\n<p><strong>Eyl\u00fcl<\/strong>: -Mert, \u00f6z\u00fcr dilerim, seni k\u0131rmak istemedim ama, benden de hemen de\u011fi\u015fmemi bekleme, hayat\u0131mdaki Mert etkisi yava\u015f, yava\u015f, kendini g\u00f6steriyor. D\u00fcn daha ben bile yalan s\u00f6yl\u00fcyordum.<\/p>\n<p><strong>Mert<\/strong>: -Yani bizi sakl\u0131yorsun.<\/p>\n<p><strong>Eyl\u00fcl<\/strong>: &#8211; Olamaz m\u0131?<\/p>\n<p><strong>Mert<\/strong>: &#8211; Olmaz, olamaz, yaa Eyl\u00fcl ben senin i\u00e7in her \u015feyi yapar\u0131m. Bu tuhaf. Yaa bu \u00e7ok tuhaf. \u00c7ok \u00fcz\u00fcc\u00fc.<\/p>\n<p><strong>Eyl\u00fcl<\/strong>: &#8211; Hay\u0131r, \u00f6yle d\u00fc\u015f\u00fcnme. Hem sonsuza kadar b\u00f6yle s\u00fcrs\u00fcn istemiyorum ki. Benim birazc\u0131k zamana ihtiyac\u0131m var. Ya mert, sonra insanlara ilan ederiz.<\/p>\n<p><strong>Mert<\/strong>: -Zamanla ne de\u011fi\u015fecek. Benden utanmayacaks\u0131n, ba\u015fka bir adam m\u0131 yaratacaks\u0131n.<\/p>\n<p><strong>Eyl\u00fc<\/strong>l: &#8211; Senden utanm\u0131yorum.<\/p>\n<p><strong>Mert<\/strong>: &#8211; Ba\u015f ba\u015fayken.<\/p>\n<p><strong>Eyl\u00fcl<\/strong>: &#8211; Ya.. hay\u0131r ya.. ah..<\/p>\n<p><strong>Mert<\/strong>:\u00a0 &#8211; Beni kand\u0131rmana gerek yok, Kelebek.<\/p>\n<p><strong>Eyl\u00fcl<\/strong>: &#8211; Off\u2026 Mert l\u00fctfen sa\u00e7malama. Ya\u2026 nas\u0131l anlataca\u011f\u0131ma bilmiyorum, sen benim i\u00e7in d\u00fcne kadar \u015febektin. Ama art\u0131k a\u015f\u0131k oldu\u011fum adams\u0131n. Uzaktan bak\u0131nca ben bile inanam\u0131yorum. Yani kamera \u015fakas\u0131 gibi. Biz ger\u00e7ek oldu\u011funu biliyoruz ama, insanlar bilmiyor.<\/p>\n<p><strong>Mert<\/strong>: &#8211; Ya\u2026 ba\u015fka s\u0131n\u0131n ne dedi\u011fi bu kadar \u00f6nemli.<\/p>\n<p><strong>Eyl\u00fcl<\/strong>: -\u00c7\u00fcnk\u00fc, \u00f6nemli. \u00c7\u00fcnk\u00fc ben senin gibi biri de\u011filim. B\u00f6yle biriyim. \u0130nsanlar\u0131n benimle dalga ge\u00e7mesini izin veremem. Seni a\u011f\u0131zlar\u0131na dolamlar\u0131na kabul edemem. L\u00fctfen izin ver, \u00f6nce ben kendimi bir haz\u0131rlayay\u0131m, sonra meydana \u00e7\u0131kar\u0131z, yoksa h\u0131rpalan\u0131r\u0131m. Etkilenirim yani\u2026 Senden \u00e7ok b\u00fcy\u00fck bir \u015fey istedi\u011fimin fark\u0131nday\u0131m. E\u011fer olmaz dersen\u2026<\/p>\n<p><strong>Mert<\/strong>: -hay\u0131r Can\u0131m, ben bunu istemiyorum tabi ama\u2026<\/p>\n<p><strong>Eyl\u00fcl<\/strong>: &#8211; S\u00f6z veriyorum o zaman\u0131 geldi\u011finde herkese ben ilan edicem.<\/p>\n<p><strong>Mert<\/strong>: &#8211; Peki sen \u00f6yle diyorsan. Peki\u2026<\/p>\n<p><strong>Eyl\u00fcl<\/strong>: &#8211; Te\u015fekk\u00fcr ederim.<\/p>\n<p>Mert\u2019in elini tutar, elini \u00f6per. G\u00f6z g\u00f6ze bak\u0131\u015f\u0131rlar. \u0130\u015fte b\u00f6yle Mert- Eyl\u00fcl a\u015fk\u0131 peki\u015fmeye ba\u015flad\u0131.<\/p>\n<p>\u0130leriki b\u00f6l\u00fcmlerde bu ikiliyi daha da \u00e7ok seveceksiniz.<\/p>\n<p>\u201cMert\u201d karakteriyle Taner \u00d6lmez ve \u201cEyl\u00fcl\u201d karakteriyle Hazar Erg\u00fc\u00e7l\u00fc bence 2013 y\u0131l\u0131n\u0131n Televizyon dizileri \u201cEn iyi yard\u0131mc\u0131 erkek ve Kad\u0131n oyuncu\u201d dallar\u0131nda \u00f6d\u00fcle lay\u0131klar. Alacaklar\u0131n\u0131 da inan\u0131yorum. \u015eimdiden baz\u0131 kurulu\u015flar\u0131n oylamalar\u0131nda aday g\u00f6sterilmi\u015fler ve de en \u00e7ok oy alarak, yar\u0131\u015fa devam ettiklerini g\u00f6r\u00fcyoruz.<\/p>\n<p>Taner \u00d6lmez &#8211; Hazar Erg\u00fc\u00e7l\u00fc, sizler Medcezir\u2019 in yaratt\u0131\u011f\u0131 star ikilisisiniz.<\/p>\n<p>Ba\u015far\u0131lar, Her \u015fey g\u00f6nl\u00fcn\u00fczce olsun.<\/p>\n<p>Sayg\u0131lar, sevgiler.<\/p>\n<p>Abdurrahman Balc\u0131lar<\/p>\n<p>Twitter: abdurrahman balc\u0131lar@abbalcilar<\/p>\n<p>Face :\u00a0<a href=\"mailto:ab.balcilar@hotmail.com\" target=\"_blank\">ab.balcilar@hotmail.com<\/a><\/p>\n<p>Blog: milliyet.com.tr\/cansever<\/p>\n<p>Not: G\u00f6rseller internetten al\u0131nm\u0131\u015ft\u0131r.<\/p>\n<\/div>\n<p>&nbsp;<\/p>\n<\/div>\n","protected":false},"excerpt":{"rendered":"<p>23 Ocak &#8217;14 Kategori TV Programlar\u0131 &nbsp; Star Tv.in s\u00fcper dizisi \u201cMedcezir\u201d ba\u015frol oyuncular\u0131\u00a0\u00c7a\u011fatay Ulusoy,\u00a0Serenay Sar\u0131kayaikilisinden sonra, yard\u0131mc\u0131 rollerde\u00a0Taner \u00d6lmezve\u00a0Hazar Erg\u00fc\u00e7l\u00fc\u00a0ikilisini yaratt\u0131. Her ikisi de zaten tek ba\u015flar\u0131na da olsa s\u00fcper performanslar\u0131 ile g\u00f6z dolduruyorlard\u0131. Mert zaten \u00e7ocuklu\u011fundan beri Eyl\u00fcl\u2019e a\u015f\u0131k. Son b\u00f6l\u00fcmlerde Eyl\u00fcl\u2019\u00fcn ben Mert\u2019e a\u015f\u0131k oldum demesiyle iki sevgili olmaya ba\u015flad\u0131lar. Eyl\u00fcl bu [&hellip;]<\/p>\n","protected":false},"author":3,"featured_media":0,"comment_status":"open","ping_status":"open","sticky":false,"template":"","format":"standard","meta":{"footnotes":""},"categories":[2],"tags":[15,30,16,27,25,28],"class_list":["post-156","post","type-post","status-publish","format-standard","hentry","category-tv-programlari","tag-cagatay-ulusoy","tag-hazar-erguclu","tag-medcezir","tag-serenay-sarikaya","tag-star-tv","tag-taner-olmez"],"views":4522,"blog_post_layout_featured_media_urls":{"thumbnail":"","full":""},"categories_names":{"2":{"name":"TV Programlar\u0131","link":"https:\/\/balcilar-blog.com\/?cat=2"}},"tags_names":{"15":{"name":"\u00e7a\u011fatay ulusoy","link":"https:\/\/balcilar-blog.com\/?tag=cagatay-ulusoy"},"30":{"name":"Hazar Erg\u00fc\u00e7l\u00fc","link":"https:\/\/balcilar-blog.com\/?tag=hazar-erguclu"},"16":{"name":"medcezir","link":"https:\/\/balcilar-blog.com\/?tag=medcezir"},"27":{"name":"Serenay Sar\u0131kaya","link":"https:\/\/balcilar-blog.com\/?tag=serenay-sarikaya"},"25":{"name":"Star Tv","link":"https:\/\/balcilar-blog.com\/?tag=star-tv"},"28":{"name":"Taner \u00d6lmez","link":"https:\/\/balcilar-blog.com\/?tag=taner-olmez"}},"comments_number":"0","wpmagazine_modules_lite_featured_media_urls":{"thumbnail":"","cvmm-medium":"","cvmm-medium-plus":"","cvmm-portrait":"","cvmm-medium-square":"","cvmm-large":"","cvmm-small":"","full":""},"_links":{"self":[{"href":"https:\/\/balcilar-blog.com\/index.php?rest_route=\/wp\/v2\/posts\/156","targetHints":{"allow":["GET"]}}],"collection":[{"href":"https:\/\/balcilar-blog.com\/index.php?rest_route=\/wp\/v2\/posts"}],"about":[{"href":"https:\/\/balcilar-blog.com\/index.php?rest_route=\/wp\/v2\/types\/post"}],"author":[{"embeddable":true,"href":"https:\/\/balcilar-blog.com\/index.php?rest_route=\/wp\/v2\/users\/3"}],"replies":[{"embeddable":true,"href":"https:\/\/balcilar-blog.com\/index.php?rest_route=%2Fwp%2Fv2%2Fcomments&post=156"}],"version-history":[{"count":1,"href":"https:\/\/balcilar-blog.com\/index.php?rest_route=\/wp\/v2\/posts\/156\/revisions"}],"predecessor-version":[{"id":157,"href":"https:\/\/balcilar-blog.com\/index.php?rest_route=\/wp\/v2\/posts\/156\/revisions\/157"}],"wp:attachment":[{"href":"https:\/\/balcilar-blog.com\/index.php?rest_route=%2Fwp%2Fv2%2Fmedia&parent=156"}],"wp:term":[{"taxonomy":"category","embeddable":true,"href":"https:\/\/balcilar-blog.com\/index.php?rest_route=%2Fwp%2Fv2%2Fcategories&post=156"},{"taxonomy":"post_tag","embeddable":true,"href":"https:\/\/balcilar-blog.com\/index.php?rest_route=%2Fwp%2Fv2%2Ftags&post=156"}],"curies":[{"name":"wp","href":"https:\/\/api.w.org\/{rel}","templated":true}]}}