{"id":15585,"date":"2016-10-03T15:36:05","date_gmt":"2016-10-03T12:36:05","guid":{"rendered":"http:\/\/balcilar-blog.com\/?p=15585"},"modified":"2016-10-03T15:54:18","modified_gmt":"2016-10-03T12:54:18","slug":"cagatay-ulusoyun-cocuklugunu-canlandiran-cagan-efe-akin-hayali-gercek-oldu","status":"publish","type":"post","link":"https:\/\/balcilar-blog.com\/?p=15585","title":{"rendered":"\u00c7a\u011fatay Ulusoy&#8217;un \u00e7ocuklu\u011funu canland\u0131ran \u00c7a\u011fan Efe Ak&#8217;\u0131n hayali ger\u00e7ek oldu!"},"content":{"rendered":"<p><img loading=\"lazy\" decoding=\"async\" class=\"alignnone size-full wp-image-15586\" src=\"http:\/\/balcilar-blog.com\/wp-content\/uploads\/2016\/10\/\u00e7a\u011fan-efe-ak-cagatay-ulusoy.jpg\" alt=\"cagan-efe-ak-cagatay-ulusoy\" width=\"640\" height=\"415\" srcset=\"https:\/\/balcilar-blog.com\/wp-content\/uploads\/2016\/10\/\u00e7a\u011fan-efe-ak-cagatay-ulusoy.jpg 640w, https:\/\/balcilar-blog.com\/wp-content\/uploads\/2016\/10\/\u00e7a\u011fan-efe-ak-cagatay-ulusoy-300x195.jpg 300w\" sizes=\"auto, (max-width: 640px) 100vw, 640px\" \/><\/p>\n<p>Bu g\u00fcnk\u00fc blog yaz\u0131m &#8220;<strong>Ge\u00e7en Haftan\u0131n (26 Eyl\u00fcl \u2013 2 Ekim 2016) en \u00e7ok izlenen dizileri!<\/strong>&#8221; i\u00e7inde <span style=\"color: #ff0000;\"><strong>\u00c7a\u011fatay Ulusoy<\/strong><\/span>&#8216;un canland\u0131rd\u0131\u011f\u0131 Sarp karakterinin 9 ya\u015f\u0131ndaki \u00e7ocuklu\u011funu canland\u0131ran, <span style=\"color: #ff0000;\"><strong>\u00c7a\u011fan Efe Ak<\/strong><\/span>&#8216;\u0131n ba\u015far\u0131s\u0131n\u0131 bir nebze de\u011finmi\u015ftim. Persona Sanat da bir bas\u0131n b\u00fclteni yay\u0131nlayarak bu konuyu \u00f6ne \u00e7\u0131karm\u0131\u015f.<\/p>\n<p>Ay Yap\u0131m imzal\u0131, ekranlar\u0131n yeni fenomeni<span style=\"color: #0000ff;\"><strong> \u0130\u00e7erde<\/strong><\/span> dizisinde \u00c7a\u011fatay Ulusoy&#8217;un \u00e7ocuklu\u011funu canland\u0131ran \u00c7a\u011fan Efe Ak ba\u015far\u0131l\u0131 performans\u0131yla dikkatleri \u00fczerine \u00e7ekti.<\/p>\n<p>9 ya\u015f\u0131nda olan \u0130lk\u00f6\u011fretim 4.s\u0131n\u0131fta okuyan \u00c7a\u011fan Efe Ak ekranlarda sergiledi\u011fi m\u00fcthi\u015f performans\u0131yla g\u00f6z dolduruyor. \u00c7a\u011fatay Ulusoy hayran\u0131 olan Efe, \u0130\u00e7erde&#8217;de Ulusoy ile \u00e7al\u0131\u015ft\u0131\u011f\u0131 i\u00e7in \u00e7ok mutlu oldu\u011funu her f\u0131rsatta dile getiriyor. Efe, soluksuz izledi\u011fi Medcezir&#8217;de hayran oldu\u011fu Ulusoy&#8217;la ayn\u0131 dizide rol alabilece\u011fini \u00f6\u011frendi\u011finde b\u00fcy\u00fck heyecan duydu\u011funu s\u00f6zlerine ekliyor&#8230;<\/p>\n<p><img loading=\"lazy\" decoding=\"async\" class=\"alignnone size-full wp-image-15589\" src=\"http:\/\/balcilar-blog.com\/wp-content\/uploads\/2016\/10\/i\u00e7erde-3-3.jpg\" alt=\"icerde-3-3\" width=\"640\" height=\"418\" srcset=\"https:\/\/balcilar-blog.com\/wp-content\/uploads\/2016\/10\/i\u00e7erde-3-3.jpg 640w, https:\/\/balcilar-blog.com\/wp-content\/uploads\/2016\/10\/i\u00e7erde-3-3-300x196.jpg 300w\" sizes=\"auto, (max-width: 640px) 100vw, 640px\" \/><\/p>\n<p>&nbsp;<\/p>\n<p><strong>SARP VE MERT KAR\u015eI KAR\u015eIYA!<\/strong><\/p>\n<p><img loading=\"lazy\" decoding=\"async\" class=\"alignnone size-full wp-image-15588\" src=\"http:\/\/balcilar-blog.com\/wp-content\/uploads\/2016\/10\/i\u00e7erde-3-2.jpg\" alt=\"icerde-3-2\" width=\"640\" height=\"395\" srcset=\"https:\/\/balcilar-blog.com\/wp-content\/uploads\/2016\/10\/i\u00e7erde-3-2.jpg 640w, https:\/\/balcilar-blog.com\/wp-content\/uploads\/2016\/10\/i\u00e7erde-3-2-300x185.jpg 300w\" sizes=\"auto, (max-width: 640px) 100vw, 640px\" \/><\/p>\n<p>\u0130\u00e7erde&#8217;nin Pazartesi ak\u015fam\u0131 yay\u0131nlanacak yeni b\u00f6l\u00fcm\u00fcnde; Mert, a\u011fabeyi oldu\u011fundan habersiz Sarp&#8217;\u0131n hayat\u0131n\u0131, polisli\u011fini riske atarak kurtaracak. Mert&#8217;i \u00f6ld\u00fcrmemek i\u00e7in kendini vurmay\u0131 se\u00e7en yani g\u00f6revde ba\u015far\u0131l\u0131 olamayan Sarp i\u00e7in Celal bir karar verecek. Heyecan dolu b\u00f6l\u00fcmde; G\u00f6l evinde tedaviye al\u0131nan Sarp&#8217;\u0131n s\u00fcrpriz ziyaret\u00e7isi Melek olacak&#8230;<\/p>\n<p><img loading=\"lazy\" decoding=\"async\" class=\"alignnone size-full wp-image-15587\" src=\"http:\/\/balcilar-blog.com\/wp-content\/uploads\/2016\/10\/i\u00e7erde-3-1.jpg\" alt=\"icerde-3-1\" width=\"640\" height=\"414\" srcset=\"https:\/\/balcilar-blog.com\/wp-content\/uploads\/2016\/10\/i\u00e7erde-3-1.jpg 640w, https:\/\/balcilar-blog.com\/wp-content\/uploads\/2016\/10\/i\u00e7erde-3-1-300x194.jpg 300w\" sizes=\"auto, (max-width: 640px) 100vw, 640px\" \/><\/p>\n<p>Y\u00f6netmenli\u011fini Ulu\u00e7 Bayraktar&#8217;\u0131n, senaristli\u011fini Ertan Kurtulan ve Toprak Karao\u011flu&#8217;nun \u00fcstlendi\u011fi \u0130\u00e7erde nefes kesen yeni b\u00f6l\u00fcm\u00fcyle 3 Ekim Pazartesi g\u00fcn\u00fc (bu ak\u015fam) saat 20:00&#8217;da Show TV&#8217;de ekrana gelecek&#8230;<\/p>\n<p>\u0130\u00c7ERDE 3.B\u00d6L\u00dcM FRAGMAN: \u00a0<a href=\"https:\/\/www.youtube.com\/watch?v=JVm60QIoRyU\" target=\"_blank\">https:\/\/www.youtube.com\/watch?v=JVm60QIoRyU<\/a><\/p>\n<p><strong>\u0130\u00c7ERDE<\/strong>, bu ak\u015fam 3.b\u00f6l\u00fcmde heyecan f\u0131rt\u0131nas\u0131 devam ediyor!<\/p>\n<p>\u0130yi Seyirler.<\/p>\n<p>Sayg\u0131lar ve sevgiler.<\/p>\n<p>Abdurrahman Balc\u0131lar<\/p>\n<p>Twitter:\u00a0<a href=\"https:\/\/twitter.com\/abbalcilar\">abdurrahman balc\u0131lar<\/a><a href=\"https:\/\/twitter.com\/abbalcilar\"><strong>@abbalcilar<\/strong><\/a><\/p>\n<p>Mail :\u00a0<a href=\"mailto:ab.balcilar@hotmail.com\">ab.balcilar@hotmail.com<\/a><\/p>\n<p>Blog:\u00a0<a href=\"http:\/\/t.co\/znqmIZgIqn\">blog.milliyet.com.tr\/cansever<\/a><\/p>\n<p>Blog:\u00a0<strong>balcilar-blog.com<\/strong><\/p>\n<p>Not: Kaynak haber ve g\u00f6rseller, Persone Sanat Bas\u0131n B\u00fclteni<\/p>\n","protected":false},"excerpt":{"rendered":"<p>Bu g\u00fcnk\u00fc blog yaz\u0131m &#8220;Ge\u00e7en Haftan\u0131n (26 Eyl\u00fcl \u2013 2 Ekim 2016) en \u00e7ok izlenen dizileri!&#8221; i\u00e7inde \u00c7a\u011fatay Ulusoy&#8216;un canland\u0131rd\u0131\u011f\u0131 Sarp karakterinin 9 ya\u015f\u0131ndaki \u00e7ocuklu\u011funu canland\u0131ran, \u00c7a\u011fan Efe Ak&#8216;\u0131n ba\u015far\u0131s\u0131n\u0131 bir nebze de\u011finmi\u015ftim. Persona Sanat da bir bas\u0131n b\u00fclteni yay\u0131nlayarak bu konuyu \u00f6ne \u00e7\u0131karm\u0131\u015f. Ay Yap\u0131m imzal\u0131, ekranlar\u0131n yeni fenomeni \u0130\u00e7erde dizisinde \u00c7a\u011fatay Ulusoy&#8217;un \u00e7ocuklu\u011funu [&hellip;]<\/p>\n","protected":false},"author":3,"featured_media":15586,"comment_status":"open","ping_status":"open","sticky":false,"template":"","format":"standard","meta":{"footnotes":""},"categories":[2],"tags":[26,1258,15,1219],"class_list":["post-15585","post","type-post","status-publish","format-standard","has-post-thumbnail","hentry","category-tv-programlari","tag-ay-yapim","tag-cagan-efe-ak","tag-cagatay-ulusoy","tag-icerde"],"views":5122,"blog_post_layout_featured_media_urls":{"thumbnail":["https:\/\/balcilar-blog.com\/wp-content\/uploads\/2016\/10\/\u00e7a\u011fan-efe-ak-cagatay-ulusoy-150x150.jpg",150,150,true],"full":["https:\/\/balcilar-blog.com\/wp-content\/uploads\/2016\/10\/\u00e7a\u011fan-efe-ak-cagatay-ulusoy.jpg",640,415,false]},"categories_names":{"2":{"name":"TV Programlar\u0131","link":"https:\/\/balcilar-blog.com\/?cat=2"}},"tags_names":{"26":{"name":"Ay Yap\u0131m","link":"https:\/\/balcilar-blog.com\/?tag=ay-yapim"},"1258":{"name":"\u00c7a\u011fan Efe Ak","link":"https:\/\/balcilar-blog.com\/?tag=cagan-efe-ak"},"15":{"name":"\u00e7a\u011fatay ulusoy","link":"https:\/\/balcilar-blog.com\/?tag=cagatay-ulusoy"},"1219":{"name":"\u0130\u00c7ERDE","link":"https:\/\/balcilar-blog.com\/?tag=icerde"}},"comments_number":"0","wpmagazine_modules_lite_featured_media_urls":{"thumbnail":["https:\/\/balcilar-blog.com\/wp-content\/uploads\/2016\/10\/\u00e7a\u011fan-efe-ak-cagatay-ulusoy-150x150.jpg",150,150,true],"cvmm-medium":["https:\/\/balcilar-blog.com\/wp-content\/uploads\/2016\/10\/\u00e7a\u011fan-efe-ak-cagatay-ulusoy.jpg",300,195,false],"cvmm-medium-plus":["https:\/\/balcilar-blog.com\/wp-content\/uploads\/2016\/10\/\u00e7a\u011fan-efe-ak-cagatay-ulusoy.jpg",305,198,false],"cvmm-portrait":["https:\/\/balcilar-blog.com\/wp-content\/uploads\/2016\/10\/\u00e7a\u011fan-efe-ak-cagatay-ulusoy.jpg",400,259,false],"cvmm-medium-square":["https:\/\/balcilar-blog.com\/wp-content\/uploads\/2016\/10\/\u00e7a\u011fan-efe-ak-cagatay-ulusoy.jpg",600,389,false],"cvmm-large":["https:\/\/balcilar-blog.com\/wp-content\/uploads\/2016\/10\/\u00e7a\u011fan-efe-ak-cagatay-ulusoy.jpg",640,415,false],"cvmm-small":["https:\/\/balcilar-blog.com\/wp-content\/uploads\/2016\/10\/\u00e7a\u011fan-efe-ak-cagatay-ulusoy.jpg",130,84,false],"full":["https:\/\/balcilar-blog.com\/wp-content\/uploads\/2016\/10\/\u00e7a\u011fan-efe-ak-cagatay-ulusoy.jpg",640,415,false]},"_links":{"self":[{"href":"https:\/\/balcilar-blog.com\/index.php?rest_route=\/wp\/v2\/posts\/15585","targetHints":{"allow":["GET"]}}],"collection":[{"href":"https:\/\/balcilar-blog.com\/index.php?rest_route=\/wp\/v2\/posts"}],"about":[{"href":"https:\/\/balcilar-blog.com\/index.php?rest_route=\/wp\/v2\/types\/post"}],"author":[{"embeddable":true,"href":"https:\/\/balcilar-blog.com\/index.php?rest_route=\/wp\/v2\/users\/3"}],"replies":[{"embeddable":true,"href":"https:\/\/balcilar-blog.com\/index.php?rest_route=%2Fwp%2Fv2%2Fcomments&post=15585"}],"version-history":[{"count":4,"href":"https:\/\/balcilar-blog.com\/index.php?rest_route=\/wp\/v2\/posts\/15585\/revisions"}],"predecessor-version":[{"id":15593,"href":"https:\/\/balcilar-blog.com\/index.php?rest_route=\/wp\/v2\/posts\/15585\/revisions\/15593"}],"wp:featuredmedia":[{"embeddable":true,"href":"https:\/\/balcilar-blog.com\/index.php?rest_route=\/wp\/v2\/media\/15586"}],"wp:attachment":[{"href":"https:\/\/balcilar-blog.com\/index.php?rest_route=%2Fwp%2Fv2%2Fmedia&parent=15585"}],"wp:term":[{"taxonomy":"category","embeddable":true,"href":"https:\/\/balcilar-blog.com\/index.php?rest_route=%2Fwp%2Fv2%2Fcategories&post=15585"},{"taxonomy":"post_tag","embeddable":true,"href":"https:\/\/balcilar-blog.com\/index.php?rest_route=%2Fwp%2Fv2%2Ftags&post=15585"}],"curies":[{"name":"wp","href":"https:\/\/api.w.org\/{rel}","templated":true}]}}