{"id":15477,"date":"2016-09-24T13:16:39","date_gmt":"2016-09-24T10:16:39","guid":{"rendered":"http:\/\/balcilar-blog.com\/?p=15477"},"modified":"2016-09-24T14:04:01","modified_gmt":"2016-09-24T11:04:01","slug":"yeni-kosem-sultan","status":"publish","type":"post","link":"https:\/\/balcilar-blog.com\/?p=15477","title":{"rendered":"Yeni K\u00f6sem Sultan \/ Ba\u011fdat Fatihi IV.Murad olarak geliyor!"},"content":{"rendered":"<p><img loading=\"lazy\" decoding=\"async\" class=\"alignnone size-full wp-image-15480\" src=\"http:\/\/balcilar-blog.com\/wp-content\/uploads\/2016\/09\/CtDkNzxXYAACrJ4.jpg\" alt=\"ctdknzxxyaacrj4\" width=\"552\" height=\"480\" srcset=\"https:\/\/balcilar-blog.com\/wp-content\/uploads\/2016\/09\/CtDkNzxXYAACrJ4.jpg 552w, https:\/\/balcilar-blog.com\/wp-content\/uploads\/2016\/09\/CtDkNzxXYAACrJ4-300x261.jpg 300w\" sizes=\"auto, (max-width: 552px) 100vw, 552px\" \/><\/p>\n<p>Tims Production&#8217;un yap\u0131mc\u0131s\u0131 oldu\u011fu; Muhte\u015fem Y\u00fczy\u0131l K\u00f6sem&#8217;i, 2.sezonda &#8220;Ba\u011fdat Fatihi IV.Murad&#8221; olarak devam ettiriyor. Ge\u00e7en sezon Star Tv ekranlar\u0131nda yay\u0131nlanan dizi, yeni sezonda Fox Tv&#8217;e ge\u00e7ti. Yeni 2.sezonda IV.Murad d\u00f6nemi anlat\u0131lacak.<\/p>\n<p>Ge\u00e7en sezonda ekranlara gelen 30 b\u00f6l\u00fcmde, Kadir Do\u011fulu, Erkan Kol\u00e7ak K\u00f6stendil, H\u00fclya Av\u015far, Mete Horuzo\u011flu, Ekin Ko\u00e7, Taner \u00d6lmez, Esra Dermanc\u0131o\u011flu, Asl\u0131han G\u00fcrb\u00fcz ve T\u00fclin \u00d6zen gibi bir\u00e7ok \u00fcnl\u00fc isim rollerini tamamlay\u0131p diziden ayr\u0131ld\u0131.<\/p>\n<p><img loading=\"lazy\" decoding=\"async\" class=\"alignnone size-full wp-image-15479\" src=\"http:\/\/balcilar-blog.com\/wp-content\/uploads\/2016\/09\/230920162311057080057_2.jpg\" alt=\"230920162311057080057_2\" width=\"640\" height=\"302\" srcset=\"https:\/\/balcilar-blog.com\/wp-content\/uploads\/2016\/09\/230920162311057080057_2.jpg 640w, https:\/\/balcilar-blog.com\/wp-content\/uploads\/2016\/09\/230920162311057080057_2-300x142.jpg 300w\" sizes=\"auto, (max-width: 640px) 100vw, 640px\" \/><\/p>\n<p>Yeni sezona bir \u00e7ok yeni isim kat\u0131ld\u0131. Ba\u015fta K\u00f6sem Sultan Beren Saat&#8217;in yerine yeni K\u00f6sem Nurg\u00fcl Ye\u015fil\u00e7ay geldi. Yeni \u00e7ocuk padi\u015fah Murad (Metin Akd\u00fclger) gen\u00e7 padi\u015fah IV.Murad oluyor. Medcezir dizisindeki Orkun karakteri ile \u00fcnlenen Metin Akd\u00fclger padi\u015fah oluyor. Ayr\u0131ca, Farah Zeynep Abdullah, Mehmet G\u00fcnsur, Canan Erg\u00fcder, Burak Yamant\u00fcrk, Necip Memeli, Ushan \u00c7ak\u0131r (Hazerfen Ahmet \u00c7elebi), Caner Cindoruk (Silahtar Mustafa Pa\u015fa), Ece \u00c7e\u015fmio\u011flu (Atike Sultan) ve Asl\u0131 Tando\u011fan (Gevher Sultan) diziye dahil oldu.<\/p>\n<p><img loading=\"lazy\" decoding=\"async\" class=\"alignnone size-full wp-image-15478\" src=\"http:\/\/balcilar-blog.com\/wp-content\/uploads\/2016\/09\/muhtesem-yuzyil-kosemjpg8bITPtdO.jpg\" alt=\"muhtesem-yuzyil-kosemjpg8bitptdo\" width=\"435\" height=\"640\" srcset=\"https:\/\/balcilar-blog.com\/wp-content\/uploads\/2016\/09\/muhtesem-yuzyil-kosemjpg8bITPtdO.jpg 435w, https:\/\/balcilar-blog.com\/wp-content\/uploads\/2016\/09\/muhtesem-yuzyil-kosemjpg8bITPtdO-204x300.jpg 204w\" sizes=\"auto, (max-width: 435px) 100vw, 435px\" \/><\/p>\n<p>Muhte\u015fem Y\u00fczy\u0131l K\u00f6sem&#8217;in yeni sezonundan beklenen tan\u0131t\u0131m yay\u0131nland\u0131! Yeni tan\u0131t\u0131m \u00e7ok ses getirecek gibi duruyor. \u0130lk b\u00f6l\u00fcmde Beren Saat yer alacak, daha sonra zaman atlamas\u0131 ya\u015fanacak, \u00e7ocuk padi\u015fah b\u00fcy\u00fcm\u00fc\u015f, gen\u00e7 padi\u015fah Sultan IV.Murad ortaya \u00e7\u0131kacak.<\/p>\n<p><img loading=\"lazy\" decoding=\"async\" class=\"alignnone size-full wp-image-15487\" src=\"http:\/\/balcilar-blog.com\/wp-content\/uploads\/2016\/09\/CtEFtf1XYAAg99d.jpg\" alt=\"cteftf1xyaag99d\" width=\"640\" height=\"360\" srcset=\"https:\/\/balcilar-blog.com\/wp-content\/uploads\/2016\/09\/CtEFtf1XYAAg99d.jpg 640w, https:\/\/balcilar-blog.com\/wp-content\/uploads\/2016\/09\/CtEFtf1XYAAg99d-300x169.jpg 300w\" sizes=\"auto, (max-width: 640px) 100vw, 640px\" \/><\/p>\n<p>Ve anne K\u00f6sem de ya\u015flanm\u0131\u015f olarak Nurg\u00fcl Ye\u015fil\u00e7ay.<\/p>\n<p><img loading=\"lazy\" decoding=\"async\" class=\"alignnone size-full wp-image-15489\" src=\"http:\/\/balcilar-blog.com\/wp-content\/uploads\/2016\/09\/CsQc1bXWEAEkEZD.jpg\" alt=\"csqc1bxweaekezd\" width=\"480\" height=\"480\" srcset=\"https:\/\/balcilar-blog.com\/wp-content\/uploads\/2016\/09\/CsQc1bXWEAEkEZD.jpg 480w, https:\/\/balcilar-blog.com\/wp-content\/uploads\/2016\/09\/CsQc1bXWEAEkEZD-150x150.jpg 150w, https:\/\/balcilar-blog.com\/wp-content\/uploads\/2016\/09\/CsQc1bXWEAEkEZD-300x300.jpg 300w\" sizes=\"auto, (max-width: 480px) 100vw, 480px\" \/><\/p>\n<p>\u0130\u015fte o tan\u0131t\u0131m Fragman\u0131:<\/p>\n<p>https:\/\/youtu.be\/7WGSjH2UMIs<\/p>\n<p>Yeni b\u00f6l\u00fcm i\u00e7in tarih verilmese de, Ekim ay\u0131 i\u00e7inde ilk b\u00f6l\u00fcm Fox ekranlar\u0131nda olacakt\u0131r.<\/p>\n<p>Y\u00f6netmen koltu\u011funda M.\u00c7a\u011fatay Tosun&#8217;un oturdu\u011fu Muhte\u015fen Y\u00fczy\u0131l IV.Murat dizinin \u00e7ekimleri devam ediyor.<\/p>\n<p>Ben kendi ad\u0131ma yeni sezonda bu tarihi dizinin i\u015f yapaca\u011f\u0131n\u0131 s\u00f6yl\u00fcyorum.<\/p>\n<p>Ben merakla seyredece\u011fim. Sizi bilemem.<\/p>\n<p>Sayg\u0131lar ve sevgiler.<\/p>\n<p>Abdurrahman Balc\u0131lar<\/p>\n<p>Twitter:\u00a0<a href=\"https:\/\/twitter.com\/abbalcilar\">abdurrahman balc\u0131lar<\/a><a href=\"https:\/\/twitter.com\/abbalcilar\"><strong>@abbalcilar<\/strong><\/a><\/p>\n<p>Mail :\u00a0<a href=\"mailto:ab.balcilar@hotmail.com\">ab.balcilar@hotmail.com<\/a><\/p>\n<p>Blog:\u00a0<a href=\"http:\/\/t.co\/znqmIZgIqn\">blog.milliyet.com.tr\/cansever<\/a><\/p>\n<p>Blog:\u00a0<strong>balcilar-blog.com<\/strong><\/p>\n","protected":false},"excerpt":{"rendered":"<p>Tims Production&#8217;un yap\u0131mc\u0131s\u0131 oldu\u011fu; Muhte\u015fem Y\u00fczy\u0131l K\u00f6sem&#8217;i, 2.sezonda &#8220;Ba\u011fdat Fatihi IV.Murad&#8221; olarak devam ettiriyor. Ge\u00e7en sezon Star Tv ekranlar\u0131nda yay\u0131nlanan dizi, yeni sezonda Fox Tv&#8217;e ge\u00e7ti. Yeni 2.sezonda IV.Murad d\u00f6nemi anlat\u0131lacak. Ge\u00e7en sezonda ekranlara gelen 30 b\u00f6l\u00fcmde, Kadir Do\u011fulu, Erkan Kol\u00e7ak K\u00f6stendil, H\u00fclya Av\u015far, Mete Horuzo\u011flu, Ekin Ko\u00e7, Taner \u00d6lmez, Esra Dermanc\u0131o\u011flu, Asl\u0131han G\u00fcrb\u00fcz ve [&hellip;]<\/p>\n","protected":false},"author":3,"featured_media":15480,"comment_status":"open","ping_status":"open","sticky":false,"template":"","format":"standard","meta":{"footnotes":""},"categories":[2],"tags":[453,798,559,940,1254],"class_list":["post-15477","post","type-post","status-publish","format-standard","has-post-thumbnail","hentry","category-tv-programlari","tag-kosem-sultan","tag-metin-akdulger","tag-nurgul-yesilcay","tag-tims-productions","tag-tox-tv"],"views":4857,"blog_post_layout_featured_media_urls":{"thumbnail":["https:\/\/balcilar-blog.com\/wp-content\/uploads\/2016\/09\/CtDkNzxXYAACrJ4-150x150.jpg",150,150,true],"full":["https:\/\/balcilar-blog.com\/wp-content\/uploads\/2016\/09\/CtDkNzxXYAACrJ4.jpg",552,480,false]},"categories_names":{"2":{"name":"TV Programlar\u0131","link":"https:\/\/balcilar-blog.com\/?cat=2"}},"tags_names":{"453":{"name":"K\u00f6sem Sultan","link":"https:\/\/balcilar-blog.com\/?tag=kosem-sultan"},"798":{"name":"Metin Akd\u00fclger","link":"https:\/\/balcilar-blog.com\/?tag=metin-akdulger"},"559":{"name":"Nurg\u00fcl Ye\u015fil\u00e7ay","link":"https:\/\/balcilar-blog.com\/?tag=nurgul-yesilcay"},"940":{"name":"Tims Productions","link":"https:\/\/balcilar-blog.com\/?tag=tims-productions"},"1254":{"name":"Tox Tv","link":"https:\/\/balcilar-blog.com\/?tag=tox-tv"}},"comments_number":"0","wpmagazine_modules_lite_featured_media_urls":{"thumbnail":["https:\/\/balcilar-blog.com\/wp-content\/uploads\/2016\/09\/CtDkNzxXYAACrJ4-150x150.jpg",150,150,true],"cvmm-medium":["https:\/\/balcilar-blog.com\/wp-content\/uploads\/2016\/09\/CtDkNzxXYAACrJ4.jpg",300,261,false],"cvmm-medium-plus":["https:\/\/balcilar-blog.com\/wp-content\/uploads\/2016\/09\/CtDkNzxXYAACrJ4.jpg",238,207,false],"cvmm-portrait":["https:\/\/balcilar-blog.com\/wp-content\/uploads\/2016\/09\/CtDkNzxXYAACrJ4.jpg",400,348,false],"cvmm-medium-square":["https:\/\/balcilar-blog.com\/wp-content\/uploads\/2016\/09\/CtDkNzxXYAACrJ4.jpg",552,480,false],"cvmm-large":["https:\/\/balcilar-blog.com\/wp-content\/uploads\/2016\/09\/CtDkNzxXYAACrJ4.jpg",552,480,false],"cvmm-small":["https:\/\/balcilar-blog.com\/wp-content\/uploads\/2016\/09\/CtDkNzxXYAACrJ4.jpg",109,95,false],"full":["https:\/\/balcilar-blog.com\/wp-content\/uploads\/2016\/09\/CtDkNzxXYAACrJ4.jpg",552,480,false]},"_links":{"self":[{"href":"https:\/\/balcilar-blog.com\/index.php?rest_route=\/wp\/v2\/posts\/15477","targetHints":{"allow":["GET"]}}],"collection":[{"href":"https:\/\/balcilar-blog.com\/index.php?rest_route=\/wp\/v2\/posts"}],"about":[{"href":"https:\/\/balcilar-blog.com\/index.php?rest_route=\/wp\/v2\/types\/post"}],"author":[{"embeddable":true,"href":"https:\/\/balcilar-blog.com\/index.php?rest_route=\/wp\/v2\/users\/3"}],"replies":[{"embeddable":true,"href":"https:\/\/balcilar-blog.com\/index.php?rest_route=%2Fwp%2Fv2%2Fcomments&post=15477"}],"version-history":[{"count":5,"href":"https:\/\/balcilar-blog.com\/index.php?rest_route=\/wp\/v2\/posts\/15477\/revisions"}],"predecessor-version":[{"id":15490,"href":"https:\/\/balcilar-blog.com\/index.php?rest_route=\/wp\/v2\/posts\/15477\/revisions\/15490"}],"wp:featuredmedia":[{"embeddable":true,"href":"https:\/\/balcilar-blog.com\/index.php?rest_route=\/wp\/v2\/media\/15480"}],"wp:attachment":[{"href":"https:\/\/balcilar-blog.com\/index.php?rest_route=%2Fwp%2Fv2%2Fmedia&parent=15477"}],"wp:term":[{"taxonomy":"category","embeddable":true,"href":"https:\/\/balcilar-blog.com\/index.php?rest_route=%2Fwp%2Fv2%2Fcategories&post=15477"},{"taxonomy":"post_tag","embeddable":true,"href":"https:\/\/balcilar-blog.com\/index.php?rest_route=%2Fwp%2Fv2%2Ftags&post=15477"}],"curies":[{"name":"wp","href":"https:\/\/api.w.org\/{rel}","templated":true}]}}