{"id":15462,"date":"2016-09-23T17:37:53","date_gmt":"2016-09-23T14:37:53","guid":{"rendered":"http:\/\/balcilar-blog.com\/?p=15462"},"modified":"2016-09-23T17:44:14","modified_gmt":"2016-09-23T14:44:14","slug":"bana-sevmeyi-anlat-leyla-ile-alper-tehlikede","status":"publish","type":"post","link":"https:\/\/balcilar-blog.com\/?p=15462","title":{"rendered":"Bana Sevmeyi Anlat \/ Leyla ile Alper tehlikede!"},"content":{"rendered":"<div id=\"Item.MessagePartBody\" class=\"_rp_L4\">\n<div id=\"Item.MessageUniqueBody\" class=\"_rp_M4 ms-font-weight-regular ms-font-color-neutralDark rpHighlightAllClass rpHighlightBodyClass\" tabindex=\"0\">\n<div class=\"rps_9cb1\">\n<div dir=\"ltr\">\n<p class=\"x_MsoNormal\">\u00a0<img loading=\"lazy\" decoding=\"async\" class=\"alignnone size-full wp-image-15463\" src=\"http:\/\/balcilar-blog.com\/wp-content\/uploads\/2016\/09\/BSA-4-1.jpg\" alt=\"bsa-4-1\" width=\"640\" height=\"399\" srcset=\"https:\/\/balcilar-blog.com\/wp-content\/uploads\/2016\/09\/BSA-4-1.jpg 640w, https:\/\/balcilar-blog.com\/wp-content\/uploads\/2016\/09\/BSA-4-1-300x187.jpg 300w\" sizes=\"auto, (max-width: 640px) 100vw, 640px\" \/><\/p>\n<div id=\"Item.MessagePartBody\" class=\"_rp_L4\"><\/div>\n<p><strong>LEYLA \u0130LE ALPER TEHL\u0130KEDE!<\/strong><\/p>\n<p><strong>Bana Sevmeyi Anlat&#8217;ta bu ak\u015fam; Ha\u015fmet&#8217;ten k\u00f6\u015fe bucak ka\u00e7an Leyla&#8217;y\u0131 yeni b\u00f6l\u00fcmde Alper bir kez daha kurtarmay\u0131 ba\u015farabilecek mi?<\/strong><\/p>\n<p>Ay Yap\u0131m imzal\u0131, Kadir Do\u011fulu, Seda Bakan ve Mustafa \u00dcst\u00fcnda\u011f&#8217;\u0131n rol ald\u0131\u011f\u0131 &#8220;Bana Sevmeyi Anlat&#8221;ta bu ak\u015fam heyecan doru\u011fa \u00e7\u0131k\u0131yor. Alper&#8217;in en yak\u0131n arkada\u015f\u0131 ayn\u0131 zamanda Ha\u015fmet&#8217;in sa\u011f kolu olan Engin&#8217;in, Leyla ve Alper&#8217;i bir arada yakalamas\u0131 seyri de\u011fi\u015ftiriyor. Ha\u015fmet&#8217;ten ka\u00e7an Leyla&#8217;n\u0131n \u00e7\u0131kt\u0131\u011f\u0131 tehlikeli yolculu\u011fa e\u015flik eden Alper, Leyla i\u00e7in geri d\u00f6n\u00fclmesi zor yeni kararlar al\u0131yor.<\/p>\n<p><strong>LEYLA VE ALPER DERT ORTA\u011eI!<\/strong><\/p>\n<p><img loading=\"lazy\" decoding=\"async\" class=\"alignnone size-full wp-image-15293\" src=\"http:\/\/balcilar-blog.com\/wp-content\/uploads\/2016\/09\/BANA-SEVMEY\u0130-ANLAT-3-BOLUM-12.jpg\" alt=\"bana-sevmeyi-anlat-3-bolum-12\" width=\"640\" height=\"373\" srcset=\"https:\/\/balcilar-blog.com\/wp-content\/uploads\/2016\/09\/BANA-SEVMEY\u0130-ANLAT-3-BOLUM-12.jpg 640w, https:\/\/balcilar-blog.com\/wp-content\/uploads\/2016\/09\/BANA-SEVMEY\u0130-ANLAT-3-BOLUM-12-300x175.jpg 300w\" sizes=\"auto, (max-width: 640px) 100vw, 640px\" \/><\/p>\n<p>Alper&#8217;in \u00e7ocukluk arkada\u015f\u0131 Engin&#8217;le aras\u0131nda ya\u015fanacak gerginlik Leyla ve Alper&#8217;in yak\u0131nla\u015fmas\u0131na neden olacak. K\u0131z\u0131 ve iki ye\u011feni ile birlikte ya\u015fayan ve e\u015fi Berna&#8217;n\u0131n komada olmas\u0131ndan dolay\u0131 zorlu bir d\u00f6nemden ge\u00e7en Alper&#8217;in sakin liman\u0131 Leyla olacak. Leyla, her derdini \u00e7\u00f6zmek i\u00e7in ko\u015fan Alper&#8217;in adeta dert orta\u011f\u0131 olacak. Yeni b\u00f6l\u00fcmde Leyla acaba Ha\u015fmet&#8217;i neden terk etti\u011fini Alper&#8217;e anlatabilecek mi?<\/p>\n<p><img loading=\"lazy\" decoding=\"async\" class=\"alignnone size-full wp-image-15465\" src=\"http:\/\/balcilar-blog.com\/wp-content\/uploads\/2016\/09\/BSA-4-3.jpg\" alt=\"bsa-4-3\" width=\"640\" height=\"400\" srcset=\"https:\/\/balcilar-blog.com\/wp-content\/uploads\/2016\/09\/BSA-4-3.jpg 640w, https:\/\/balcilar-blog.com\/wp-content\/uploads\/2016\/09\/BSA-4-3-300x188.jpg 300w\" sizes=\"auto, (max-width: 640px) 100vw, 640px\" \/><\/p>\n<p>Mesude Eraslan&#8217;\u0131n y\u00f6netmenli\u011fini, Deniz Ak\u00e7ay&#8217;\u0131n senaristli\u011fini \u00fcstlendi\u011fi Bana Sevmeyi Anlat Cuma g\u00fcn\u00fc saat 20:00&#8217;da FOX&#8217;ta!<\/p>\n<p class=\"x_MsoNormal\"><b>\u00a0<\/b><\/p>\n<p class=\"x_MsoNormal\">4.B\u00d6L\u00dcM FRAGMAN: <b><u><a href=\"https:\/\/www.youtube.com\/watch?v=croRIoK5ae8\" target=\"_blank\">https:\/\/www.youtube.com\/watch?v=croRIoK5ae8<\/a><\/u><\/b><\/p>\n<p class=\"x_MsoNormal\"><b>\u00a0Sevilen dizi bu ak\u015fam Fox Tv ekranlar\u0131nda&#8230;<\/b><\/p>\n<p class=\"x_MsoNormal\">Keyifli seyirler<\/p>\n<p>Sayg\u0131lar ve sevgiler.<\/p>\n<p>Abdurrahman Balc\u0131lar<\/p>\n<p>Twitter:\u00a0<a href=\"https:\/\/twitter.com\/abbalcilar\">abdurrahman balc\u0131lar<\/a><a href=\"https:\/\/twitter.com\/abbalcilar\"><strong>@abbalcilar<\/strong><\/a><\/p>\n<p>Mail :\u00a0<a href=\"mailto:ab.balcilar@hotmail.com\">ab.balcilar@hotmail.com<\/a><\/p>\n<p>Blog:\u00a0<a href=\"http:\/\/t.co\/znqmIZgIqn\">blog.milliyet.com.tr\/cansever<\/a><\/p>\n<p>Blog:\u00a0<strong>balcilar-blog.com<\/strong><\/p>\n<p>Not: Haber ve g\u00f6rseller Persona Bas\u0131n B\u00fclteni<\/p>\n<p class=\"x_MsoNormal\">\n<\/div>\n<\/div>\n<\/div>\n<\/div>\n<div class=\"_pe_d _pe_Y1\" tabindex=\"0\"><\/div>\n","protected":false},"excerpt":{"rendered":"<p>\u00a0 LEYLA \u0130LE ALPER TEHL\u0130KEDE! Bana Sevmeyi Anlat&#8217;ta bu ak\u015fam; Ha\u015fmet&#8217;ten k\u00f6\u015fe bucak ka\u00e7an Leyla&#8217;y\u0131 yeni b\u00f6l\u00fcmde Alper bir kez daha kurtarmay\u0131 ba\u015farabilecek mi? Ay Yap\u0131m imzal\u0131, Kadir Do\u011fulu, Seda Bakan ve Mustafa \u00dcst\u00fcnda\u011f&#8217;\u0131n rol ald\u0131\u011f\u0131 &#8220;Bana Sevmeyi Anlat&#8221;ta bu ak\u015fam heyecan doru\u011fa \u00e7\u0131k\u0131yor. Alper&#8217;in en yak\u0131n arkada\u015f\u0131 ayn\u0131 zamanda Ha\u015fmet&#8217;in sa\u011f kolu olan Engin&#8217;in, [&hellip;]<\/p>\n","protected":false},"author":3,"featured_media":15463,"comment_status":"open","ping_status":"open","sticky":false,"template":"","format":"standard","meta":{"footnotes":""},"categories":[2],"tags":[1206,1253,118,1237,1175],"class_list":["post-15462","post","type-post","status-publish","format-standard","has-post-thumbnail","hentry","category-tv-programlari","tag-bana-sevmeyi-anlat","tag-deniz-akcay","tag-kadir-dogulu","tag-mustaf-ustundag","tag-seda-balkan"],"views":2821,"blog_post_layout_featured_media_urls":{"thumbnail":["https:\/\/balcilar-blog.com\/wp-content\/uploads\/2016\/09\/BSA-4-1-150x150.jpg",150,150,true],"full":["https:\/\/balcilar-blog.com\/wp-content\/uploads\/2016\/09\/BSA-4-1.jpg",640,399,false]},"categories_names":{"2":{"name":"TV Programlar\u0131","link":"https:\/\/balcilar-blog.com\/?cat=2"}},"tags_names":{"1206":{"name":"Bana Sevmeyi Anlat","link":"https:\/\/balcilar-blog.com\/?tag=bana-sevmeyi-anlat"},"1253":{"name":"Deniz Ak\u00e7ay","link":"https:\/\/balcilar-blog.com\/?tag=deniz-akcay"},"118":{"name":"Kadir Do\u011fulu","link":"https:\/\/balcilar-blog.com\/?tag=kadir-dogulu"},"1237":{"name":"Mustaf \u00dcst\u00fcnda\u011f","link":"https:\/\/balcilar-blog.com\/?tag=mustaf-ustundag"},"1175":{"name":"Seda Balkan","link":"https:\/\/balcilar-blog.com\/?tag=seda-balkan"}},"comments_number":"0","wpmagazine_modules_lite_featured_media_urls":{"thumbnail":["https:\/\/balcilar-blog.com\/wp-content\/uploads\/2016\/09\/BSA-4-1-150x150.jpg",150,150,true],"cvmm-medium":["https:\/\/balcilar-blog.com\/wp-content\/uploads\/2016\/09\/BSA-4-1.jpg",300,187,false],"cvmm-medium-plus":["https:\/\/balcilar-blog.com\/wp-content\/uploads\/2016\/09\/BSA-4-1.jpg",305,190,false],"cvmm-portrait":["https:\/\/balcilar-blog.com\/wp-content\/uploads\/2016\/09\/BSA-4-1.jpg",400,249,false],"cvmm-medium-square":["https:\/\/balcilar-blog.com\/wp-content\/uploads\/2016\/09\/BSA-4-1.jpg",600,374,false],"cvmm-large":["https:\/\/balcilar-blog.com\/wp-content\/uploads\/2016\/09\/BSA-4-1.jpg",640,399,false],"cvmm-small":["https:\/\/balcilar-blog.com\/wp-content\/uploads\/2016\/09\/BSA-4-1.jpg",130,81,false],"full":["https:\/\/balcilar-blog.com\/wp-content\/uploads\/2016\/09\/BSA-4-1.jpg",640,399,false]},"_links":{"self":[{"href":"https:\/\/balcilar-blog.com\/index.php?rest_route=\/wp\/v2\/posts\/15462","targetHints":{"allow":["GET"]}}],"collection":[{"href":"https:\/\/balcilar-blog.com\/index.php?rest_route=\/wp\/v2\/posts"}],"about":[{"href":"https:\/\/balcilar-blog.com\/index.php?rest_route=\/wp\/v2\/types\/post"}],"author":[{"embeddable":true,"href":"https:\/\/balcilar-blog.com\/index.php?rest_route=\/wp\/v2\/users\/3"}],"replies":[{"embeddable":true,"href":"https:\/\/balcilar-blog.com\/index.php?rest_route=%2Fwp%2Fv2%2Fcomments&post=15462"}],"version-history":[{"count":4,"href":"https:\/\/balcilar-blog.com\/index.php?rest_route=\/wp\/v2\/posts\/15462\/revisions"}],"predecessor-version":[{"id":15469,"href":"https:\/\/balcilar-blog.com\/index.php?rest_route=\/wp\/v2\/posts\/15462\/revisions\/15469"}],"wp:featuredmedia":[{"embeddable":true,"href":"https:\/\/balcilar-blog.com\/index.php?rest_route=\/wp\/v2\/media\/15463"}],"wp:attachment":[{"href":"https:\/\/balcilar-blog.com\/index.php?rest_route=%2Fwp%2Fv2%2Fmedia&parent=15462"}],"wp:term":[{"taxonomy":"category","embeddable":true,"href":"https:\/\/balcilar-blog.com\/index.php?rest_route=%2Fwp%2Fv2%2Fcategories&post=15462"},{"taxonomy":"post_tag","embeddable":true,"href":"https:\/\/balcilar-blog.com\/index.php?rest_route=%2Fwp%2Fv2%2Ftags&post=15462"}],"curies":[{"name":"wp","href":"https:\/\/api.w.org\/{rel}","templated":true}]}}