{"id":15382,"date":"2016-09-18T11:13:13","date_gmt":"2016-09-18T08:13:13","guid":{"rendered":"http:\/\/balcilar-blog.com\/?p=15382"},"modified":"2016-09-18T11:34:24","modified_gmt":"2016-09-18T08:34:24","slug":"kurtlar-vadisi-pusu-kanal-belli-degil-transferlere-devam","status":"publish","type":"post","link":"https:\/\/balcilar-blog.com\/?p=15382","title":{"rendered":"Kurtlar Vadisi Pusu; Kanal belli de\u011fil, Transferlere devam!"},"content":{"rendered":"<p>&nbsp;<\/p>\n<div class=\"newsdetailwrap\">\n<div class=\"text-area\">\n<div class=\"ayirac\"><img loading=\"lazy\" decoding=\"async\" class=\"alignnone size-full wp-image-15385\" src=\"http:\/\/balcilar-blog.com\/wp-content\/uploads\/2016\/09\/kurtlar_vadisi_pusu.jpg\" alt=\"kurtlar_vadisi_pusu\" width=\"640\" height=\"333\" srcset=\"https:\/\/balcilar-blog.com\/wp-content\/uploads\/2016\/09\/kurtlar_vadisi_pusu.jpg 640w, https:\/\/balcilar-blog.com\/wp-content\/uploads\/2016\/09\/kurtlar_vadisi_pusu-300x156.jpg 300w\" sizes=\"auto, (max-width: 640px) 100vw, 640px\" \/><\/div>\n<div class=\"ayirac\"><\/div>\n<div class=\"ayirac\">\n<p>Kurtlar Vadisi Pusu&#8217;nun bu sezon hangi kanalda yay\u0131nlanaca\u011f\u0131 hala ortaya \u00e7\u0131km\u0131\u015f de\u011fil. Ge\u00e7ti\u011fimiz Temmuz sonlar\u0131nda \u00e7\u0131kan bir haberde \u00f6n\u00fcm\u00fczdeki sezon Vadi&#8217;nin yay\u0131nlanmayaca\u011f\u0131 Pana Film &#8211; Necati \u015ea\u015fmaz a\u00e7\u0131klanm\u0131\u015ft\u0131. Diziye bir y\u0131l ara verece\u011fini, bu arada sinema filmi \u00e7ekece\u011fini duyurmu\u015ftu. Ge\u00e7en hafta \u00e7\u0131kan bir duyuma g\u00f6re kanal aray\u0131\u015f\u0131na devam edildi\u011fi, Ocak ay\u0131nda tekrar yay\u0131na girece\u011fi s\u00f6ylendi.<\/p>\n<p>Pana Film bu arada bo\u015f durmuyor, oyuncu kadrosuna yeni isimlerle takviye yap\u0131yor. Memati&#8217;nin diziden ayr\u0131lmas\u0131 ile G\u00fcrkan Uygun&#8217;un bo\u015flu\u011fu bir t\u00fcrl\u00fc doldurulamam\u0131\u015ft\u0131. Bunun bilincinde olan yap\u0131mc\u0131, g\u00fc\u00e7l\u00fc bir ismi diziye katt\u0131\u011f\u0131 yaz\u0131ld\u0131. Bir d\u00f6nem Arka Sokaklar dizisinde oynayan deneyimli oyuncu U\u011fur Pekta\u015f ile anla\u015fma sa\u011f\u0131ld\u0131\u011f\u0131 s\u00f6yleniyor.<\/p>\n<p><strong>U\u011eUR PEKTA\u015e kimdir?<\/strong><\/p>\n<\/div>\n<div class=\"ayirac\">U\u011fur Pekta\u015f, 16 Nisan 1979 \u0130stanbul do\u011fumlu T\u00fcrk oyuncudur. Anne &#8211; babas\u0131 13 ya\u015f\u0131ndayken bo\u015fand\u0131. Yoga, Aikido ve Tai Chi sporlar\u0131 yapt\u0131. Kocaeli \u00dcniversitesi Otelcilik B\u00f6l\u00fcm\u00fc&#8217;nde okudu. Ayn\u0131 zamanda Tur rehberli\u011fi yapt\u0131, bir bira firmas\u0131n\u0131n parti ekibinde organizat\u00f6r olarak \u00e7al\u0131\u015ft\u0131. Ayr\u0131ca babas\u0131yla ortak oldu\u011fu Otomobil tamiri ve bak\u0131m servisi d\u00fckkan\u0131 var.<\/div>\n<div class=\"ayirac\"><\/div>\n<div class=\"ayirac\">\n<p><img loading=\"lazy\" decoding=\"async\" class=\"alignnone size-full wp-image-15383\" src=\"http:\/\/balcilar-blog.com\/wp-content\/uploads\/2016\/09\/fft16_mf2515596.jpeg\" alt=\"fft16_mf2515596\" width=\"640\" height=\"426\" srcset=\"https:\/\/balcilar-blog.com\/wp-content\/uploads\/2016\/09\/fft16_mf2515596.jpeg 640w, https:\/\/balcilar-blog.com\/wp-content\/uploads\/2016\/09\/fft16_mf2515596-300x200.jpeg 300w\" sizes=\"auto, (max-width: 640px) 100vw, 640px\" \/><\/p>\n<p>Kanal D ekranlar\u0131nda yay\u0131nlanan Survivor T\u00fcrkiye yar\u0131\u015fmas\u0131nda birinci olduktan sonra oyunculu\u011fa ba\u015flad\u0131. Ku\u015fdili ve D\u00fc\u015fler ve Ger\u00e7ekler dizilerinde yer ald\u0131. Arka Sokaklar dizisinde oynad\u0131. 19 Haziran 2008&#8217;de kendisi gibi oyuncu olan Gamze \u00d6z\u00e7elik ile evlenmi\u015ftir. Murathan isminde bir o\u011fullar\u0131 olmu\u015ftur. Arka Sokaklar dizisinden Gamze \u00d6z\u00e7elik ile beraber ayr\u0131lm\u0131\u015f, daha sonra tekrar 10. sezonda yeniden ekibe geri d\u00f6nm\u00fc\u015ft\u00fcr.<\/p>\n<p><strong>Kurtlar Vadisi Pusu; Yeni Sezon Ne Zaman?<\/strong><\/p>\n<p>Daha \u00f6nce Pana film Kurtlar Vadisi Pusu dizisinin 2016-2017 yeni sezonunda ekranlarda olmayaca\u011f\u0131 a\u00e7\u0131klamas\u0131n\u0131n ard\u0131ndan Kurtlar Vadisi Pusu dizisi ile ilgili t\u00fcm \u00e7al\u0131\u015fmalara ara verilmi\u015fti. Pana Film, Twitter sayfas\u0131ndan bir duyuru yay\u0131nlad\u0131.<\/p>\n<\/div>\n<div class=\"ayirac\">\n<p><img loading=\"lazy\" decoding=\"async\" class=\"alignnone size-full wp-image-15384\" src=\"http:\/\/balcilar-blog.com\/wp-content\/uploads\/2016\/09\/Cp6HCKWW8AAquVx.jpg\" alt=\"cp6hckww8aaquvx\" width=\"640\" height=\"452\" srcset=\"https:\/\/balcilar-blog.com\/wp-content\/uploads\/2016\/09\/Cp6HCKWW8AAquVx.jpg 640w, https:\/\/balcilar-blog.com\/wp-content\/uploads\/2016\/09\/Cp6HCKWW8AAquVx-300x212.jpg 300w\" sizes=\"auto, (max-width: 640px) 100vw, 640px\" \/><\/p>\n<p>Kurtlar Vadisi Pusu dizisi ile ilgili ajanslara yeni bir haber d\u00fc\u015ft\u00fc. Kurtlar Vadisi Pusu dizisi set ekibi ekim ay\u0131nda Kurtlar Vadisi Darbe filmi \u00e7ekimlerine ba\u015flayacak. Kurtlar Vadisi Darbe filminin \u00e7ekimlerinin ise aral\u0131k ay\u0131nda bitmesi planlan\u0131yor. Kurtlar Vadisi Darbe filminin ard\u0131ndan ise Kurtlar Vadisi Pusu yeni sezonu ile yeni kanal\u0131nda olacak.<\/p>\n<p>Kurtlar Vadisi Pusu dizisi yeni sezon senaryo \u00e7al\u0131\u015fmalar\u0131 ve oyuncu se\u00e7imi \u00e7al\u0131\u015fmalar\u0131 ise yeniden ba\u015flad\u0131. Bu \u00e7er\u00e7evede U\u011fur Pekta\u015f ile anla\u015fma sa\u011fland\u0131. Bu durumda Kurtlar Vadisi Pusu dizisinin 2017-2018 yeni sezonunu beklemeden 2017 y\u0131l\u0131n ba\u015f\u0131nda da ba\u015flamas\u0131na kesin g\u00f6z\u00fc ile bak\u0131l\u0131yor. Kanal D ile g\u00f6r\u00fc\u015fmeler s\u00fcr\u00fcyor. Bir habere g\u00f6re de Show Tv ile yak\u0131n temasta&#8230;<\/p>\n<p>U\u011fur Pekta\u015f&#8217;\u0131n Memati&#8217;nin yerine doldurur mu bilemem! Ama diziye g\u00fc\u00e7 kataca\u011f\u0131 kesin.<\/p>\n<\/div>\n<div class=\"ayirac\"><\/div>\n<div class=\"ayirac\">Kurtlar Vadisi Pusu; 14. Sezon, 301 b\u00f6l\u00fcm bakal\u0131m hangi kanalda izleyece\u011fiz?<\/div>\n<div class=\"ayirac\">\n<p>&nbsp;<\/p>\n<p>Sayg\u0131lar ve sevgiler.<\/p>\n<p>Abdurrahman Balc\u0131lar<\/p>\n<p>Twitter:\u00a0<a href=\"https:\/\/twitter.com\/abbalcilar\">abdurrahman balc\u0131lar<\/a><a href=\"https:\/\/twitter.com\/abbalcilar\"><strong>@abbalcilar<\/strong><\/a><\/p>\n<p>Mail :\u00a0<a href=\"mailto:ab.balcilar@hotmail.com\">ab.balcilar@hotmail.com<\/a><\/p>\n<p>Blog:\u00a0<a href=\"http:\/\/t.co\/znqmIZgIqn\">blog.milliyet.com.tr\/cansever<\/a><\/p>\n<p>Blog:\u00a0<strong>balcilar-blog.com<\/strong><\/p>\n<\/div>\n<div class=\"ayirac\"><\/div>\n<\/div>\n<\/div>\n","protected":false},"excerpt":{"rendered":"<p>&nbsp; Kurtlar Vadisi Pusu&#8217;nun bu sezon hangi kanalda yay\u0131nlanaca\u011f\u0131 hala ortaya \u00e7\u0131km\u0131\u015f de\u011fil. Ge\u00e7ti\u011fimiz Temmuz sonlar\u0131nda \u00e7\u0131kan bir haberde \u00f6n\u00fcm\u00fczdeki sezon Vadi&#8217;nin yay\u0131nlanmayaca\u011f\u0131 Pana Film &#8211; Necati \u015ea\u015fmaz a\u00e7\u0131klanm\u0131\u015ft\u0131. Diziye bir y\u0131l ara verece\u011fini, bu arada sinema filmi \u00e7ekece\u011fini duyurmu\u015ftu. Ge\u00e7en hafta \u00e7\u0131kan bir duyuma g\u00f6re kanal aray\u0131\u015f\u0131na devam edildi\u011fi, Ocak ay\u0131nda tekrar yay\u0131na girece\u011fi [&hellip;]<\/p>\n","protected":false},"author":3,"featured_media":15385,"comment_status":"open","ping_status":"open","sticky":false,"template":"","format":"standard","meta":{"footnotes":""},"categories":[2],"tags":[1240,49,1249,429,35,1248],"class_list":["post-15382","post","type-post","status-publish","format-standard","has-post-thumbnail","hentry","category-tv-programlari","tag-gurkan-ugur","tag-kurtlar-vadisi-pusu","tag-mamati","tag-pana-film","tag-show-tv","tag-ugur-prktas"],"views":3564,"blog_post_layout_featured_media_urls":{"thumbnail":["https:\/\/balcilar-blog.com\/wp-content\/uploads\/2016\/09\/kurtlar_vadisi_pusu-150x150.jpg",150,150,true],"full":["https:\/\/balcilar-blog.com\/wp-content\/uploads\/2016\/09\/kurtlar_vadisi_pusu.jpg",640,333,false]},"categories_names":{"2":{"name":"TV Programlar\u0131","link":"https:\/\/balcilar-blog.com\/?cat=2"}},"tags_names":{"1240":{"name":"G\u00fcrkan U\u011fur","link":"https:\/\/balcilar-blog.com\/?tag=gurkan-ugur"},"49":{"name":"Kurtlar Vadisi Pusu","link":"https:\/\/balcilar-blog.com\/?tag=kurtlar-vadisi-pusu"},"1249":{"name":"Mamati","link":"https:\/\/balcilar-blog.com\/?tag=mamati"},"429":{"name":"Pana Film","link":"https:\/\/balcilar-blog.com\/?tag=pana-film"},"35":{"name":"Show Tv","link":"https:\/\/balcilar-blog.com\/?tag=show-tv"},"1248":{"name":"U\u011fur Prkta\u015f","link":"https:\/\/balcilar-blog.com\/?tag=ugur-prktas"}},"comments_number":"0","wpmagazine_modules_lite_featured_media_urls":{"thumbnail":["https:\/\/balcilar-blog.com\/wp-content\/uploads\/2016\/09\/kurtlar_vadisi_pusu-150x150.jpg",150,150,true],"cvmm-medium":["https:\/\/balcilar-blog.com\/wp-content\/uploads\/2016\/09\/kurtlar_vadisi_pusu.jpg",300,156,false],"cvmm-medium-plus":["https:\/\/balcilar-blog.com\/wp-content\/uploads\/2016\/09\/kurtlar_vadisi_pusu.jpg",305,159,false],"cvmm-portrait":["https:\/\/balcilar-blog.com\/wp-content\/uploads\/2016\/09\/kurtlar_vadisi_pusu.jpg",400,208,false],"cvmm-medium-square":["https:\/\/balcilar-blog.com\/wp-content\/uploads\/2016\/09\/kurtlar_vadisi_pusu.jpg",600,312,false],"cvmm-large":["https:\/\/balcilar-blog.com\/wp-content\/uploads\/2016\/09\/kurtlar_vadisi_pusu.jpg",640,333,false],"cvmm-small":["https:\/\/balcilar-blog.com\/wp-content\/uploads\/2016\/09\/kurtlar_vadisi_pusu.jpg",130,68,false],"full":["https:\/\/balcilar-blog.com\/wp-content\/uploads\/2016\/09\/kurtlar_vadisi_pusu.jpg",640,333,false]},"_links":{"self":[{"href":"https:\/\/balcilar-blog.com\/index.php?rest_route=\/wp\/v2\/posts\/15382","targetHints":{"allow":["GET"]}}],"collection":[{"href":"https:\/\/balcilar-blog.com\/index.php?rest_route=\/wp\/v2\/posts"}],"about":[{"href":"https:\/\/balcilar-blog.com\/index.php?rest_route=\/wp\/v2\/types\/post"}],"author":[{"embeddable":true,"href":"https:\/\/balcilar-blog.com\/index.php?rest_route=\/wp\/v2\/users\/3"}],"replies":[{"embeddable":true,"href":"https:\/\/balcilar-blog.com\/index.php?rest_route=%2Fwp%2Fv2%2Fcomments&post=15382"}],"version-history":[{"count":3,"href":"https:\/\/balcilar-blog.com\/index.php?rest_route=\/wp\/v2\/posts\/15382\/revisions"}],"predecessor-version":[{"id":15388,"href":"https:\/\/balcilar-blog.com\/index.php?rest_route=\/wp\/v2\/posts\/15382\/revisions\/15388"}],"wp:featuredmedia":[{"embeddable":true,"href":"https:\/\/balcilar-blog.com\/index.php?rest_route=\/wp\/v2\/media\/15385"}],"wp:attachment":[{"href":"https:\/\/balcilar-blog.com\/index.php?rest_route=%2Fwp%2Fv2%2Fmedia&parent=15382"}],"wp:term":[{"taxonomy":"category","embeddable":true,"href":"https:\/\/balcilar-blog.com\/index.php?rest_route=%2Fwp%2Fv2%2Fcategories&post=15382"},{"taxonomy":"post_tag","embeddable":true,"href":"https:\/\/balcilar-blog.com\/index.php?rest_route=%2Fwp%2Fv2%2Ftags&post=15382"}],"curies":[{"name":"wp","href":"https:\/\/api.w.org\/{rel}","templated":true}]}}