{"id":15371,"date":"2016-09-17T19:22:43","date_gmt":"2016-09-17T16:22:43","guid":{"rendered":"http:\/\/balcilar-blog.com\/?p=15371"},"modified":"2016-09-17T20:46:22","modified_gmt":"2016-09-17T17:46:22","slug":"kara-sevdayi-oyunculari-anlatti-bu-seda-bitmez","status":"publish","type":"post","link":"https:\/\/balcilar-blog.com\/?p=15371","title":{"rendered":"Kara Sevda&#8217;y\u0131 oyuncular\u0131 anlatt\u0131 \/ Bu Sevda bitmez!"},"content":{"rendered":"<div tabindex=\"-1\">\n<div tabindex=\"-1\">\n<div tabindex=\"0\">\n<div class=\"_rp_25\" tabindex=\"-1\">\n<div class=\"_rp_J4 ms-border-color-neutralLight ShowReferenceAttachmentsLinks\" tabindex=\"-1\">\n<div class=\"_rp_V4\">\n<div>\n<div id=\"Item.MessagePartBody\" class=\"_rp_L4\">\n<div id=\"Item.MessageUniqueBody\" class=\"_rp_M4 ms-font-weight-regular ms-font-color-neutralDark rpHighlightAllClass rpHighlightBodyClass\" tabindex=\"0\">\n<div class=\"rps_c310\">\n<div dir=\"ltr\">\n<p class=\"x_MsoNormal\"><img loading=\"lazy\" decoding=\"async\" class=\"alignnone size-full wp-image-15373\" src=\"http:\/\/balcilar-blog.com\/wp-content\/uploads\/2016\/09\/KARASEVDA1.jpg\" alt=\"karasevda1\" width=\"480\" height=\"636\" srcset=\"https:\/\/balcilar-blog.com\/wp-content\/uploads\/2016\/09\/KARASEVDA1.jpg 480w, https:\/\/balcilar-blog.com\/wp-content\/uploads\/2016\/09\/KARASEVDA1-226x300.jpg 226w\" sizes=\"auto, (max-width: 480px) 100vw, 480px\" \/><\/p>\n<p class=\"x_MsoNormal\">Kara Sevda&#8217;n\u0131n oyuncular\u0131 Burak \u00d6z\u00e7ivit, Neslihan Atag\u00fcl, Kaan Urganc\u0131o\u011flu ve Hazal Filiz K\u00fc\u00e7\u00fckk\u00f6se dizinin yeni sezonunu anlatt\u0131.<\/p>\n<p><strong>BU SEVDA B\u0130TMEZ!<\/strong><\/p>\n<p>Ay Yap\u0131m imzal\u0131, Burak \u00d6z\u00e7ivit, Neslihan Atag\u00fcl ve Kaan Urganc\u0131o\u011flu&#8217;nun rol ald\u0131\u011f\u0131 ge\u00e7ti\u011fimiz sezona damga vuran &#8220;Kara Sevda&#8221; 21 Eyl\u00fcl \u00c7ar\u015famba g\u00fcn\u00fc ikinci sezonuyla Star TV&#8217;de ba\u015fl\u0131yor.<\/p>\n<p>Dizinin yeni sezon b\u00f6l\u00fcmlerinde Kemal ve Nihan&#8217;\u0131n b\u00fcy\u00fck a\u015fklar\u0131 zorlu bir s\u00fcre\u00e7ten ge\u00e7ecek. Yeni b\u00f6l\u00fcmlerde ekrana gelecek bu d\u00f6n\u00fc\u015f\u00fcmleri dizinin oyuncular\u0131na sorduk.<\/p>\n<p><strong>Burak \u00d6Z\u00c7\u0130V\u0130T (Kemal): &#8221; Kara Sevda Asl\u0131nda Yeni Ba\u015fl\u0131yor!&#8221;<\/strong><\/p>\n<p><img loading=\"lazy\" decoding=\"async\" class=\"alignnone size-full wp-image-15377\" src=\"http:\/\/balcilar-blog.com\/wp-content\/uploads\/2016\/09\/images-burak.jpg\" alt=\"images-burak\" width=\"640\" height=\"394\" srcset=\"https:\/\/balcilar-blog.com\/wp-content\/uploads\/2016\/09\/images-burak.jpg 640w, https:\/\/balcilar-blog.com\/wp-content\/uploads\/2016\/09\/images-burak-300x185.jpg 300w\" sizes=\"auto, (max-width: 640px) 100vw, 640px\" \/><\/p>\n<p>\u0130lk sezon seyirci i\u00e7in olmasa da asl\u0131nda bizim i\u00e7in giri\u015fti. As\u0131l Kara Sevda \u015fimdi ba\u015fl\u0131yor. Ekran ba\u015f\u0131ndakiler ikinci sezonda, ya\u015fad\u0131klar\u0131n\u0131n ard\u0131ndan de\u011fi\u015fen Kemal&#8217;i izleyecekler. Yeni Kemal&#8217;i \u00f6zellikle ben kendi ad\u0131ma \u00e7ok merak ediyorum, \u00e7ok heyecanl\u0131y\u0131m. Eskiden bildi\u011fimiz adaletli, sevecen, anlay\u0131\u015fl\u0131 bir Kemal vard\u0131 \u015fimdi art\u0131k de\u011fi\u015fiyor, i\u015fi kural\u0131na g\u00f6re oynayacak. Kara Sevda asl\u0131nda yeni ba\u015fl\u0131yor.<\/p>\n<p>&nbsp;<\/p>\n<p><strong>Neslihan Atag\u00fcl (Nihan): Nihan De\u011fi\u015fiyor!<\/strong><\/p>\n<p><img loading=\"lazy\" decoding=\"async\" class=\"alignnone size-full wp-image-15378\" src=\"http:\/\/balcilar-blog.com\/wp-content\/uploads\/2016\/09\/indir-neslihan.jpg\" alt=\"indir-neslihan\" width=\"640\" height=\"445\" srcset=\"https:\/\/balcilar-blog.com\/wp-content\/uploads\/2016\/09\/indir-neslihan.jpg 640w, https:\/\/balcilar-blog.com\/wp-content\/uploads\/2016\/09\/indir-neslihan-300x209.jpg 300w\" sizes=\"auto, (max-width: 640px) 100vw, 640px\" \/><\/p>\n<p>Kara Sevda&#8217;n\u0131n yeni sezonunda neredeyse t\u00fcm karakterler d\u00f6n\u00fc\u015f\u00fcme girdi. Nihan, Kemal, Emir&#8217;in ya\u015fayaca\u011f\u0131 d\u00f6n\u00fc\u015f\u00fcm izleyenleri \u00e7ok \u015fa\u015f\u0131rtacak. Nihan \u00e7ok grisi olmayan bir karakterdi yeni sezonda art\u0131k grisi de olacak diyebilirim.<\/p>\n<p>&nbsp;<\/p>\n<p><strong>Kaan Urganc\u0131o\u011flu (Emir): &#8220;Heyecanl\u0131 Bir Sezon Geliyor!&#8221;<\/strong><\/p>\n<p><img loading=\"lazy\" decoding=\"async\" class=\"alignnone size-full wp-image-15376\" src=\"http:\/\/balcilar-blog.com\/wp-content\/uploads\/2016\/09\/kara-sevda-emir-sevgilisi-kim.jpg\" alt=\"kara-sevda-emir-sevgilisi-kim\" width=\"480\" height=\"609\" srcset=\"https:\/\/balcilar-blog.com\/wp-content\/uploads\/2016\/09\/kara-sevda-emir-sevgilisi-kim.jpg 480w, https:\/\/balcilar-blog.com\/wp-content\/uploads\/2016\/09\/kara-sevda-emir-sevgilisi-kim-236x300.jpg 236w\" sizes=\"auto, (max-width: 480px) 100vw, 480px\" \/><\/p>\n<p>Yeni sezona yeniliklerle giriyoruz. Bizi ve izleyicileri ge\u00e7en sezondan daha heyecanl\u0131 bir sezon bekliyor. \u0130kinci sezon i\u00e7in d\u00f6n\u00fc\u015f\u00fcm demek daha do\u011fru olabilir. Ayn\u0131 Emir Kozcuo\u011flu&#8217;nu izlemeyece\u011finize dair ipucu verebilirim.<\/p>\n<p>&nbsp;<\/p>\n<p><strong>Hazal Filiz K\u00fc\u00e7\u00fckk\u00f6se (Zeynep): &#8220;Duygu anlam\u0131nda yo\u011fun bir sezon bizi bekliyor!&#8221;<\/strong><\/p>\n<p><img loading=\"lazy\" decoding=\"async\" class=\"alignnone size-full wp-image-15372\" src=\"http:\/\/balcilar-blog.com\/wp-content\/uploads\/2016\/09\/HAZAL-F\u0130L\u0130Z-K\u00dc\u00c7\u00dcKK\u00d6SE.jpg\" alt=\"hazal-filiz-kucukkose\" width=\"480\" height=\"591\" srcset=\"https:\/\/balcilar-blog.com\/wp-content\/uploads\/2016\/09\/HAZAL-F\u0130L\u0130Z-K\u00dc\u00c7\u00dcKK\u00d6SE.jpg 480w, https:\/\/balcilar-blog.com\/wp-content\/uploads\/2016\/09\/HAZAL-F\u0130L\u0130Z-K\u00dc\u00c7\u00dcKK\u00d6SE-244x300.jpg 244w\" sizes=\"auto, (max-width: 480px) 100vw, 480px\" \/><\/p>\n<p>Birinci sezonda bol bol izledi\u011fimiz ters k\u00f6\u015feleri bu sezonda da izliyor olaca\u011f\u0131z. &#8220;Kesin b\u00f6yle olacak&#8221; dedi\u011fimiz anda bile hi\u00e7 ummad\u0131\u011f\u0131m\u0131z \u015feyleri izleyece\u011fiz. Ge\u00e7en y\u0131ldan farkl\u0131 olarak t\u00fcm karakterlerin dolu dolu hikayeleri oldu art\u0131k, ya\u015fanm\u0131\u015fl\u0131klar\u0131n verdi\u011fi a\u011f\u0131rl\u0131klar, zorluklar daha fazla hissedilecek. Duygu anlam\u0131nda yo\u011fun bir sezon bizi bekliyor. Ge\u00e7ti\u011fimiz sezon Zeynep \u00e7ok travmatik bir d\u00f6nem ge\u00e7irdi. Ya\u015fad\u0131klar\u0131 unutulacak ve kolay hazmedilecek \u015feyler de\u011fildi. Mutlaka ruhunda izler b\u0131rakm\u0131\u015ft\u0131r bu da hayata bak\u0131\u015f\u0131na ,tav\u0131rlar\u0131na ve di\u011fer karakterlerle olan ili\u015fkilerine yans\u0131yacakt\u0131r. Sezon i\u00e7inde izleyip g\u00f6rece\u011fiz Zeynep yeni hayat\u0131na nerden ve nas\u0131l bakacak bende keyifle ,heyecanla ve sab\u0131rs\u0131zl\u0131kla bekliyorum.<\/p>\n<p><img loading=\"lazy\" decoding=\"async\" class=\"alignnone size-full wp-image-15374\" src=\"http:\/\/balcilar-blog.com\/wp-content\/uploads\/2016\/09\/nihan-kemal.jpg\" alt=\"nihan-kemal\" width=\"585\" height=\"480\" srcset=\"https:\/\/balcilar-blog.com\/wp-content\/uploads\/2016\/09\/nihan-kemal.jpg 585w, https:\/\/balcilar-blog.com\/wp-content\/uploads\/2016\/09\/nihan-kemal-300x246.jpg 300w\" sizes=\"auto, (max-width: 585px) 100vw, 585px\" \/><\/p>\n<p class=\"x_MsoNormal\" align=\"center\"><b>KARA SEVDA FRAGMAN:<\/b><b><u><a href=\"https:\/\/www.youtube.com\/watch?v=oUIIndXndtA\" target=\"_blank\">https:\/\/www.youtube.com\/watch?v=oUIIndXndtA<\/a><\/u><\/b><\/p>\n<p><strong>&#8220;Kara Sevda&#8221;<\/strong> <strong>21 Eyl\u00fcl \u00c7ar\u015famba<\/strong> g\u00fcn\u00fc ikinci sezonuyla <strong>Star TV<\/strong>&#8216;de&#8230;<\/p>\n<p><strong>Bu sevda bitmez!<\/strong><\/p>\n<p>Keyifli Seyirler<\/p>\n<p>Sayg\u0131lar ve sevgiler.<\/p>\n<p>Abdurrahman Balc\u0131lar<\/p>\n<p>Twitter:\u00a0<a href=\"https:\/\/twitter.com\/abbalcilar\">abdurrahman balc\u0131lar<\/a><a href=\"https:\/\/twitter.com\/abbalcilar\"><strong>@abbalcilar<\/strong><\/a><\/p>\n<p>Mail :\u00a0<a href=\"mailto:ab.balcilar@hotmail.com\">ab.balcilar@hotmail.com<\/a><\/p>\n<p>Blog:\u00a0<a href=\"http:\/\/t.co\/znqmIZgIqn\">blog.milliyet.com.tr\/cansever<\/a><\/p>\n<p>Blog:\u00a0<strong>balcilar-blog.com<\/strong><\/p>\n<p>Not:Kaynak haber ve g\u00f6rseller Persona Sanat Bas\u0131n B\u00fclteni&#8217;ninden al\u0131nm\u0131\u015ft\u0131r.<\/p>\n<p class=\"x_MsoNormal\" align=\"center\"><b>\u00a0<\/b><\/p>\n<\/div>\n<p class=\"x_MsoNormal\" align=\"center\">\n<\/div>\n<\/div>\n<\/div>\n<div class=\"_pe_d _pe_X1\" tabindex=\"0\"><\/div>\n<\/div>\n<div class=\"_rp_Q4\"><\/div>\n<\/div>\n<\/div>\n<\/div>\n<\/div>\n<\/div>\n<div class=\"_rp_f\" tabindex=\"-1\">\n<div class=\"_qc_F ms-bg-color-white _qc_G\">\n<hr class=\"_qc_B\" \/>\n<div class=\"_qc_y ms-border-color-neutralLight _qc_z\" tabindex=\"-1\"><\/div>\n<\/div>\n<\/div>\n<\/div>\n","protected":false},"excerpt":{"rendered":"<p>Kara Sevda&#8217;n\u0131n oyuncular\u0131 Burak \u00d6z\u00e7ivit, Neslihan Atag\u00fcl, Kaan Urganc\u0131o\u011flu ve Hazal Filiz K\u00fc\u00e7\u00fckk\u00f6se dizinin yeni sezonunu anlatt\u0131. BU SEVDA B\u0130TMEZ! Ay Yap\u0131m imzal\u0131, Burak \u00d6z\u00e7ivit, Neslihan Atag\u00fcl ve Kaan Urganc\u0131o\u011flu&#8217;nun rol ald\u0131\u011f\u0131 ge\u00e7ti\u011fimiz sezona damga vuran &#8220;Kara Sevda&#8221; 21 Eyl\u00fcl \u00c7ar\u015famba g\u00fcn\u00fc ikinci sezonuyla Star TV&#8217;de ba\u015fl\u0131yor. Dizinin yeni sezon b\u00f6l\u00fcmlerinde Kemal ve Nihan&#8217;\u0131n b\u00fcy\u00fck [&hellip;]<\/p>\n","protected":false},"author":3,"featured_media":15373,"comment_status":"open","ping_status":"open","sticky":false,"template":"","format":"standard","meta":{"footnotes":""},"categories":[2],"tags":[26,409,525,355,799,119],"class_list":["post-15371","post","type-post","status-publish","format-standard","has-post-thumbnail","hentry","category-tv-programlari","tag-ay-yapim","tag-burak-ozcivit","tag-hazal-filiz-kucukkose","tag-kaan-urgancioglu","tag-kara-sevda","tag-neslihan-atagul"],"views":3901,"blog_post_layout_featured_media_urls":{"thumbnail":["https:\/\/balcilar-blog.com\/wp-content\/uploads\/2016\/09\/KARASEVDA1-150x150.jpg",150,150,true],"full":["https:\/\/balcilar-blog.com\/wp-content\/uploads\/2016\/09\/KARASEVDA1.jpg",480,636,false]},"categories_names":{"2":{"name":"TV Programlar\u0131","link":"https:\/\/balcilar-blog.com\/?cat=2"}},"tags_names":{"26":{"name":"Ay Yap\u0131m","link":"https:\/\/balcilar-blog.com\/?tag=ay-yapim"},"409":{"name":"Burak \u00d6z\u00e7ivit","link":"https:\/\/balcilar-blog.com\/?tag=burak-ozcivit"},"525":{"name":"Hazal Filiz K\u00fc\u00e7\u00fckk\u00f6se","link":"https:\/\/balcilar-blog.com\/?tag=hazal-filiz-kucukkose"},"355":{"name":"Kaan Urganc\u0131o\u011flu","link":"https:\/\/balcilar-blog.com\/?tag=kaan-urgancioglu"},"799":{"name":"Kara Sevda","link":"https:\/\/balcilar-blog.com\/?tag=kara-sevda"},"119":{"name":"Neslihan Atag\u00fcl","link":"https:\/\/balcilar-blog.com\/?tag=neslihan-atagul"}},"comments_number":"0","wpmagazine_modules_lite_featured_media_urls":{"thumbnail":["https:\/\/balcilar-blog.com\/wp-content\/uploads\/2016\/09\/KARASEVDA1-150x150.jpg",150,150,true],"cvmm-medium":["https:\/\/balcilar-blog.com\/wp-content\/uploads\/2016\/09\/KARASEVDA1.jpg",226,300,false],"cvmm-medium-plus":["https:\/\/balcilar-blog.com\/wp-content\/uploads\/2016\/09\/KARASEVDA1.jpg",156,207,false],"cvmm-portrait":["https:\/\/balcilar-blog.com\/wp-content\/uploads\/2016\/09\/KARASEVDA1.jpg",400,530,false],"cvmm-medium-square":["https:\/\/balcilar-blog.com\/wp-content\/uploads\/2016\/09\/KARASEVDA1.jpg",453,600,false],"cvmm-large":["https:\/\/balcilar-blog.com\/wp-content\/uploads\/2016\/09\/KARASEVDA1.jpg",480,636,false],"cvmm-small":["https:\/\/balcilar-blog.com\/wp-content\/uploads\/2016\/09\/KARASEVDA1.jpg",72,95,false],"full":["https:\/\/balcilar-blog.com\/wp-content\/uploads\/2016\/09\/KARASEVDA1.jpg",480,636,false]},"_links":{"self":[{"href":"https:\/\/balcilar-blog.com\/index.php?rest_route=\/wp\/v2\/posts\/15371","targetHints":{"allow":["GET"]}}],"collection":[{"href":"https:\/\/balcilar-blog.com\/index.php?rest_route=\/wp\/v2\/posts"}],"about":[{"href":"https:\/\/balcilar-blog.com\/index.php?rest_route=\/wp\/v2\/types\/post"}],"author":[{"embeddable":true,"href":"https:\/\/balcilar-blog.com\/index.php?rest_route=\/wp\/v2\/users\/3"}],"replies":[{"embeddable":true,"href":"https:\/\/balcilar-blog.com\/index.php?rest_route=%2Fwp%2Fv2%2Fcomments&post=15371"}],"version-history":[{"count":4,"href":"https:\/\/balcilar-blog.com\/index.php?rest_route=\/wp\/v2\/posts\/15371\/revisions"}],"predecessor-version":[{"id":15381,"href":"https:\/\/balcilar-blog.com\/index.php?rest_route=\/wp\/v2\/posts\/15371\/revisions\/15381"}],"wp:featuredmedia":[{"embeddable":true,"href":"https:\/\/balcilar-blog.com\/index.php?rest_route=\/wp\/v2\/media\/15373"}],"wp:attachment":[{"href":"https:\/\/balcilar-blog.com\/index.php?rest_route=%2Fwp%2Fv2%2Fmedia&parent=15371"}],"wp:term":[{"taxonomy":"category","embeddable":true,"href":"https:\/\/balcilar-blog.com\/index.php?rest_route=%2Fwp%2Fv2%2Fcategories&post=15371"},{"taxonomy":"post_tag","embeddable":true,"href":"https:\/\/balcilar-blog.com\/index.php?rest_route=%2Fwp%2Fv2%2Ftags&post=15371"}],"curies":[{"name":"wp","href":"https:\/\/api.w.org\/{rel}","templated":true}]}}