{"id":15365,"date":"2016-09-16T17:58:35","date_gmt":"2016-09-16T14:58:35","guid":{"rendered":"http:\/\/balcilar-blog.com\/?p=15365"},"modified":"2016-09-16T18:11:12","modified_gmt":"2016-09-16T15:11:12","slug":"bir-sanat-abidesi-turk-sinemasinin-yakisikli-jonu-devrildi","status":"publish","type":"post","link":"https:\/\/balcilar-blog.com\/?p=15365","title":{"rendered":"Bir sanat abidesi, T\u00fcrk sinemas\u0131n\u0131n yak\u0131\u015f\u0131kl\u0131 j\u00f6n\u00fc devrildi!"},"content":{"rendered":"<p><img loading=\"lazy\" decoding=\"async\" class=\"alignnone size-full wp-image-15367\" src=\"http:\/\/balcilar-blog.com\/wp-content\/uploads\/2016\/09\/57dbcaa8c03c0e06ac849706.jpg\" alt=\"57dbcaa8c03c0e06ac849706\" width=\"640\" height=\"361\" srcset=\"https:\/\/balcilar-blog.com\/wp-content\/uploads\/2016\/09\/57dbcaa8c03c0e06ac849706.jpg 640w, https:\/\/balcilar-blog.com\/wp-content\/uploads\/2016\/09\/57dbcaa8c03c0e06ac849706-300x169.jpg 300w\" sizes=\"auto, (max-width: 640px) 100vw, 640px\" \/><\/p>\n<p>&nbsp;<\/p>\n<p>Tar\u0131k Akan T\u00fcrk Sinemas\u0131n\u0131n, Ye\u015fil\u00e7am&#8217;\u0131n 70 y\u0131llar\u0131n\u0131n en \u00fcnl\u00fc j\u00f6nlerindendi. Onu bu sabah kaybettik, amans\u0131z hastal\u0131\u011fa yenik d\u00fc\u015ft\u00fc. Ben Tar\u0131k Akan ile ayn\u0131 y\u0131l\u0131n \u00e7ocuklar\u0131, yani ayn\u0131 ya\u015ftayd\u0131k. \u00dcniversite y\u0131llar\u0131mda hi\u00e7 unutmam Ses Mecmuas\u0131na kapak olmu\u015ftu. Sinema Artisti yar\u0131\u015fmas\u0131nda 1970 y\u0131l\u0131nda, yar\u0131\u015fman\u0131n 1.si olmu\u015ftu. Ses Mecmuas\u0131&#8217;n\u0131n 1971 Ocak say\u0131s\u0131na kapak olmu\u015ftur. O zaman k\u0131z arkada\u015flar o dergiyi sat\u0131n alm\u0131\u015flar bana da g\u00f6stermi\u015flerdi, d\u00fcn gibi hat\u0131rl\u0131yorum.<\/p>\n<p>\u0130\u015fe Ocak 1971 Ses Mecmuas\u0131 Kapa\u011f\u0131 :<\/p>\n<p><img loading=\"lazy\" decoding=\"async\" class=\"alignnone size-full wp-image-15366\" src=\"http:\/\/balcilar-blog.com\/wp-content\/uploads\/2016\/09\/80427_880x487.jpg\" alt=\"80427_880x487\" width=\"640\" height=\"354\" srcset=\"https:\/\/balcilar-blog.com\/wp-content\/uploads\/2016\/09\/80427_880x487.jpg 640w, https:\/\/balcilar-blog.com\/wp-content\/uploads\/2016\/09\/80427_880x487-300x166.jpg 300w\" sizes=\"auto, (max-width: 640px) 100vw, 640px\" \/><\/p>\n<p>Daha \u00f6nce hi\u00e7 bir sinema filminde oynamam\u0131\u015f, yak\u0131\u015f\u0131kl\u0131, ye\u015fil g\u00f6zl\u00fc bu uzun adam\u0131 Ses Mecbuas\u0131, T\u00fcrk Sinemas\u0131na kazand\u0131rm\u0131\u015ft\u0131r.<\/p>\n<p>Tar\u0131k Akan do\u011fum ad\u0131 ile Tar\u0131k Tahsin \u00dcreg\u00fcl, 13 Aral\u0131k 1949, \u0130stanbul do\u011fumlu T\u00fcrk sinema ve dizi oyuncusuydu.<\/p>\n<p>1986 y\u0131l\u0131nda Yasemin Erkut ile evlenen oyuncunun ayn\u0131 y\u0131l Bar\u0131\u015f Zeki Ereg\u00fcl adl\u0131 o\u011flu d\u00fcnyaya gelmi\u015ftir. \u0130ki y\u0131l sonra, 1988 y\u0131l\u0131nda <i>Ya\u015far \u00d6zg\u00fcr Ereg\u00fcl<\/i> ve <i>\u00d6zlem Ereg\u00fcl<\/i> ad\u0131ndaki ikiz \u00e7ocuklar\u0131 d\u00fcnyaya gelmi\u015ftir. Oyuncu, evlendikten d\u00f6rt y\u0131l sonra 1989 y\u0131l\u0131nda bo\u015fanm\u0131\u015ft\u0131r. 1990 y\u0131l\u0131nda, Acun G\u00fcnay ile birlikte ya\u015famaya ba\u015flam\u0131\u015ft\u0131r ve birliktelikleri hala devam etmektedir. Akan&#8217;\u0131n, ilk \u00e7ocu\u011fu olan <i>Bar\u0131\u015f Zeki Ereg\u00fcl<\/i> 2009 y\u0131l\u0131nda Tar\u0131k Akan&#8217;\u0131nda oynad\u0131\u011f\u0131 &#8220;Deli Deli Olma&#8221; adl\u0131 filmde babas\u0131n\u0131n gen\u00e7li\u011fini oynayarak oyunculuk hayat\u0131na at\u0131lm\u0131\u015ft\u0131r. Akci\u011fer kanseri olan Akan, tedavisini \u0130stanbul&#8217;da s\u00fcrd\u00fcrmekteyken 16 Eyl\u00fcl 2016 Cuma g\u00fcn\u00fc sabah saatlerinde hayat\u0131n\u0131 kaybetmi\u015ftir<\/p>\n<p>1971 y\u0131l\u0131nda ilk sinema filmi &#8220;Emine&#8221; ile oyunculuk kariyeri ba\u015flam\u0131\u015ft\u0131r. Bir anda Ye\u015fil\u00e7am&#8217;\u0131n en yak\u0131\u015f\u0131kl\u0131 oyuncular\u0131ndan birisi haline gelmi\u015ftir. Daha sonra 1972 y\u0131l\u0131nda oynad\u0131\u011f\u0131 film Su\u00e7lu ile 1973 y\u0131l\u0131nda Alt\u0131n Portakal Film Festivali&#8217;nde En \u0130yi Erkek Oyuncu \u00f6d\u00fcl\u00fcn\u00fc al\u0131r. 1973 y\u0131l\u0131nda Ye\u015fil\u00e7am&#8217;\u0131n en iyi duygusal filmlerinden birisi olarak bilinen Can\u0131m Karde\u015fim (1973) adl\u0131 filmde Halit Ak\u00e7atepe ile ba\u015frol oynar. 1974 y\u0131l\u0131nda Ertem E\u011filmez&#8217;in y\u00f6netti\u011fi R\u0131fat Ilgaz&#8217;\u0131n ayn\u0131 adl\u0131 eserinden uyarlanan Hababam S\u0131n\u0131f\u0131 (1975) adl\u0131 filmde Damat Ferit adl\u0131 karakteri canland\u0131r\u0131r, film 1975 y\u0131l\u0131nda vizyona girer ve T\u00fcrkiye&#8217;nin gelmi\u015f ge\u00e7mi\u015f en iyi filmlerinden birisi olur ve bir klasik haline gelir. Ard\u0131ndan Hababam S\u0131n\u0131f\u0131 S\u0131n\u0131fta Kald\u0131 (1976) adl\u0131, serinin ikinci filminde rol al\u0131r. Film Akan&#8217;\u0131n oynad\u0131\u011f\u0131 son Hababam S\u0131n\u0131f\u0131 filmi olmu\u015ftur ve serinin gelmi\u015f ge\u00e7mi\u015f en \u00e7ok has\u0131lat yapan filmi olur. G\u00fcl\u015fen Bubiko\u011flu ile oynad\u0131\u011f\u0131 her filmde b\u00fcy\u00fck ba\u015far\u0131 elde eden Akan&#8217;\u0131n, 1975 y\u0131l\u0131nda Bubiko\u011flu ile birlikte oynad\u0131klar\u0131 Ah Nerede adl\u0131 romantik-komedi filmi ile b\u00fcy\u00fck ba\u015far\u0131 elde eder.<\/p>\n<p>1970&#8217;li y\u0131llarda oynad\u0131\u011f\u0131 filmlerle ad\u0131ndan s\u0131k\u00e7a s\u00f6z ettirmi\u015ftir. Boyu, giyini\u015fi ve sa\u00e7 stili ile 70&#8217;li y\u0131llara damgas\u0131n\u0131 vurarak Ye\u015fil\u00e7am&#8217;\u0131n b\u00fcy\u00fck j\u00f6nleri aras\u0131na ad\u0131n\u0131 yazd\u0131rm\u0131\u015ft\u0131r. Ye\u015fil\u00e7am&#8217;\u0131n &#8220;cici \u00e7ocu\u011fu&#8221; olarak bilinen Akan, 1977 y\u0131l\u0131nda Zeki \u00d6kten&#8217;in y\u00f6netmenli\u011fini \u00fcstlendi\u011fi ba\u015frollerini Melike Demira\u011f ve Tuncel Kurtiz ile payla\u015ft\u0131\u011f\u0131 S\u00fcr\u00fc adl\u0131 filmde oynam\u0131\u015ft\u0131r. 70&#8217;li y\u0131llardaki tarz\u0131ndan uzak ve art\u0131k genelde b\u0131y\u0131kl\u0131 olarak film \u00e7ekmi\u015ftir. S\u00fcr\u00fc adl\u0131 film ile \u00e7ok b\u00fcy\u00fck ba\u015far\u0131 sa\u011flam\u0131\u015ft\u0131r. Ard\u0131ndan 1978 y\u0131l\u0131nda C\u00fcneyt Ark\u0131n ile beraber ba\u015frol oynad\u0131\u011f\u0131 Maden adl\u0131 film ile art\u0131k her t\u00fcrl\u00fc filmde oynayabilece\u011fini kan\u0131tlam\u0131\u015ft\u0131r. 1982 y\u0131l\u0131nda \u015eerif G\u00f6ren ve Y\u0131lmaz G\u00fcney&#8217;in y\u00f6netti\u011fi efsane olan Yol filmi ile \u00e7ok b\u00fcy\u00fck ba\u015far\u0131 elde etmi\u015f ve d\u00fcnyaya ad\u0131n\u0131 duyurmu\u015ftur. Film 1982 y\u0131l\u0131nda Cannes Film Festivali&#8217;nde Alt\u0131n Palmiye \u00f6d\u00fcl\u00fcn\u00fc alan tek film olmu\u015ftur ve Akan, En \u0130yi Erkek Oyuncu kategorisinde aday olmu\u015ftur. 1990 y\u0131l\u0131nda ba\u015frol\u00fcn\u00fc oynad\u0131\u011f\u0131 Karartma Geceleri adl\u0131 film Ye\u015fil\u00e7am&#8217;\u0131n klasikleri aras\u0131nda yer alm\u0131\u015ft\u0131r. Tar\u0131k Akan, Alt\u0131n Portakal Film Festivali adl\u0131 \u00f6d\u00fcl yar\u0131\u015fmas\u0131nda yedi \u00f6d\u00fcl alan tek erkek oyuncudur.<\/p>\n<p>\u00dcniversite y\u0131llar\u0131mda ve sonras\u0131 hemen hemen b\u00fct\u00fcn filmlerini izlemi\u015fimdir. Be\u011fendi\u011fim takdir etti\u011fin bir sinema oyuncudur. Ya\u015f\u0131t olmam\u0131z nedeni ile, aniden hayat\u0131n\u0131 kaybetmesi bende ayr\u0131 bir \u00fcz\u00fcnt\u00fc kayna\u011f\u0131 olmu\u015ftur.<\/p>\n<p>Tar\u0131k Akan&#8217;a Allahtan rahmet, mekan\u0131 Cennet olsun. T\u00fcrk Sinema Camias\u0131n\u0131n, ailesi ve b\u00fct\u00fcn sevenlerinin ba\u015f\u0131 sa\u011f olsun.<\/p>\n<p>Sayg\u0131lar ve sevgiler.<\/p>\n<p>Abdurrahman Balc\u0131lar<\/p>\n<p>Twitter:\u00a0<a href=\"https:\/\/twitter.com\/abbalcilar\">abdurrahman balc\u0131lar<\/a><a href=\"https:\/\/twitter.com\/abbalcilar\"><strong>@abbalcilar<\/strong><\/a><\/p>\n<p>Mail :\u00a0<a href=\"mailto:ab.balcilar@hotmail.com\">ab.balcilar@hotmail.com<\/a><\/p>\n<p>Blog:\u00a0<a href=\"http:\/\/t.co\/znqmIZgIqn\">blog.milliyet.com.tr\/cansever<\/a><\/p>\n<p>Blog:\u00a0<strong>balcilar-blog.com<\/strong><\/p>\n<p>Not: Tar\u0131k Akan hayat\u0131 kaynak; Vikipedi \u00f6zg\u00fcr ansiklopedi&#8217;den al\u0131nm\u0131\u015ft\u0131r.<\/p>\n","protected":false},"excerpt":{"rendered":"<p>&nbsp; Tar\u0131k Akan T\u00fcrk Sinemas\u0131n\u0131n, Ye\u015fil\u00e7am&#8217;\u0131n 70 y\u0131llar\u0131n\u0131n en \u00fcnl\u00fc j\u00f6nlerindendi. Onu bu sabah kaybettik, amans\u0131z hastal\u0131\u011fa yenik d\u00fc\u015ft\u00fc. Ben Tar\u0131k Akan ile ayn\u0131 y\u0131l\u0131n \u00e7ocuklar\u0131, yani ayn\u0131 ya\u015ftayd\u0131k. \u00dcniversite y\u0131llar\u0131mda hi\u00e7 unutmam Ses Mecmuas\u0131na kapak olmu\u015ftu. Sinema Artisti yar\u0131\u015fmas\u0131nda 1970 y\u0131l\u0131nda, yar\u0131\u015fman\u0131n 1.si olmu\u015ftu. Ses Mecmuas\u0131&#8217;n\u0131n 1971 Ocak say\u0131s\u0131na kapak olmu\u015ftur. O zaman k\u0131z [&hellip;]<\/p>\n","protected":false},"author":3,"featured_media":15367,"comment_status":"open","ping_status":"open","sticky":false,"template":"","format":"standard","meta":{"footnotes":""},"categories":[10],"tags":[1247,1246,1245,582],"class_list":["post-15365","post","type-post","status-publish","format-standard","has-post-thumbnail","hentry","category-sinema","tag-altin-portakal-film-festivali","tag-ses-mecmuasi","tag-tarik-akan","tag-turk-sinemasi"],"views":4019,"blog_post_layout_featured_media_urls":{"thumbnail":["https:\/\/balcilar-blog.com\/wp-content\/uploads\/2016\/09\/57dbcaa8c03c0e06ac849706-150x150.jpg",150,150,true],"full":["https:\/\/balcilar-blog.com\/wp-content\/uploads\/2016\/09\/57dbcaa8c03c0e06ac849706.jpg",640,361,false]},"categories_names":{"10":{"name":"Sinema","link":"https:\/\/balcilar-blog.com\/?cat=10"}},"tags_names":{"1247":{"name":"Alt\u0131n Portakal Film Festivali","link":"https:\/\/balcilar-blog.com\/?tag=altin-portakal-film-festivali"},"1246":{"name":"Ses Mecmuas\u0131","link":"https:\/\/balcilar-blog.com\/?tag=ses-mecmuasi"},"1245":{"name":"Tar\u0131k Akan","link":"https:\/\/balcilar-blog.com\/?tag=tarik-akan"},"582":{"name":"T\u00fcrk Sinemas\u0131","link":"https:\/\/balcilar-blog.com\/?tag=turk-sinemasi"}},"comments_number":"0","wpmagazine_modules_lite_featured_media_urls":{"thumbnail":["https:\/\/balcilar-blog.com\/wp-content\/uploads\/2016\/09\/57dbcaa8c03c0e06ac849706-150x150.jpg",150,150,true],"cvmm-medium":["https:\/\/balcilar-blog.com\/wp-content\/uploads\/2016\/09\/57dbcaa8c03c0e06ac849706.jpg",300,169,false],"cvmm-medium-plus":["https:\/\/balcilar-blog.com\/wp-content\/uploads\/2016\/09\/57dbcaa8c03c0e06ac849706.jpg",305,172,false],"cvmm-portrait":["https:\/\/balcilar-blog.com\/wp-content\/uploads\/2016\/09\/57dbcaa8c03c0e06ac849706.jpg",400,226,false],"cvmm-medium-square":["https:\/\/balcilar-blog.com\/wp-content\/uploads\/2016\/09\/57dbcaa8c03c0e06ac849706.jpg",600,338,false],"cvmm-large":["https:\/\/balcilar-blog.com\/wp-content\/uploads\/2016\/09\/57dbcaa8c03c0e06ac849706.jpg",640,361,false],"cvmm-small":["https:\/\/balcilar-blog.com\/wp-content\/uploads\/2016\/09\/57dbcaa8c03c0e06ac849706.jpg",130,73,false],"full":["https:\/\/balcilar-blog.com\/wp-content\/uploads\/2016\/09\/57dbcaa8c03c0e06ac849706.jpg",640,361,false]},"_links":{"self":[{"href":"https:\/\/balcilar-blog.com\/index.php?rest_route=\/wp\/v2\/posts\/15365","targetHints":{"allow":["GET"]}}],"collection":[{"href":"https:\/\/balcilar-blog.com\/index.php?rest_route=\/wp\/v2\/posts"}],"about":[{"href":"https:\/\/balcilar-blog.com\/index.php?rest_route=\/wp\/v2\/types\/post"}],"author":[{"embeddable":true,"href":"https:\/\/balcilar-blog.com\/index.php?rest_route=\/wp\/v2\/users\/3"}],"replies":[{"embeddable":true,"href":"https:\/\/balcilar-blog.com\/index.php?rest_route=%2Fwp%2Fv2%2Fcomments&post=15365"}],"version-history":[{"count":3,"href":"https:\/\/balcilar-blog.com\/index.php?rest_route=\/wp\/v2\/posts\/15365\/revisions"}],"predecessor-version":[{"id":15370,"href":"https:\/\/balcilar-blog.com\/index.php?rest_route=\/wp\/v2\/posts\/15365\/revisions\/15370"}],"wp:featuredmedia":[{"embeddable":true,"href":"https:\/\/balcilar-blog.com\/index.php?rest_route=\/wp\/v2\/media\/15367"}],"wp:attachment":[{"href":"https:\/\/balcilar-blog.com\/index.php?rest_route=%2Fwp%2Fv2%2Fmedia&parent=15365"}],"wp:term":[{"taxonomy":"category","embeddable":true,"href":"https:\/\/balcilar-blog.com\/index.php?rest_route=%2Fwp%2Fv2%2Fcategories&post=15365"},{"taxonomy":"post_tag","embeddable":true,"href":"https:\/\/balcilar-blog.com\/index.php?rest_route=%2Fwp%2Fv2%2Ftags&post=15365"}],"curies":[{"name":"wp","href":"https:\/\/api.w.org\/{rel}","templated":true}]}}