{"id":15334,"date":"2016-09-13T20:58:30","date_gmt":"2016-09-13T17:58:30","guid":{"rendered":"http:\/\/balcilar-blog.com\/?p=15334"},"modified":"2016-09-13T21:02:12","modified_gmt":"2016-09-13T18:02:12","slug":"show-tvde-ses-getirecek-dizi-icerdenin-3-fragmani-yayinlandi","status":"publish","type":"post","link":"https:\/\/balcilar-blog.com\/?p=15334","title":{"rendered":"Show Tv&#8217;de ses getirecek dizi &#8216;\u0130\u00e7erde&#8217;nin 3.Fragman\u0131 yay\u0131nland\u0131!"},"content":{"rendered":"<div>\u00a0<img loading=\"lazy\" decoding=\"async\" class=\"alignnone size-full wp-image-15221\" src=\"http:\/\/balcilar-blog.com\/wp-content\/uploads\/2016\/09\/CrcdgFbXgAAlshh.jpg\" alt=\"CrcdgFbXgAAlshh\" width=\"480\" height=\"480\" srcset=\"https:\/\/balcilar-blog.com\/wp-content\/uploads\/2016\/09\/CrcdgFbXgAAlshh.jpg 480w, https:\/\/balcilar-blog.com\/wp-content\/uploads\/2016\/09\/CrcdgFbXgAAlshh-150x150.jpg 150w, https:\/\/balcilar-blog.com\/wp-content\/uploads\/2016\/09\/CrcdgFbXgAAlshh-300x300.jpg 300w\" sizes=\"auto, (max-width: 480px) 100vw, 480px\" \/><\/div>\n<p>\u00c7a\u011fatay Ulusoy, Aras Bulut \u0130ynemli, \u00c7etin Tekindor, Bensu Soral, Damla Colbay, Mustafa U\u011furlu, R\u0131za Kocao\u011flu, Nihal Kolda\u015f, Y\u0131ld\u0131ray \u015eahinler ve G\u00f6zde Kansu rol alaca\u011f\u0131 dizinin y\u00f6netmenli\u011fini Ulu\u015f Bayraktar \u00fcstleniyor. \u0130\u00e7erde, nefes kesen konusu ve m\u00fckemmel oyuncu ekibi ile 19 Eyl\u00fcl Pazartesi g\u00fcn\u00fc saat 20.00&#8217;de Show TV\u2019de ekranlarda yer alacak.<\/p>\n<p>Ay Yap\u0131m&#8217;\u0131n yap\u0131mc\u0131s\u0131 oldu\u011fu &#8216;\u0130\u00c7ERDE&#8217;nin d\u00fcn ak\u015fam Show Tv&#8217;de 3.Fragman\u0131 yay\u0131nland\u0131. Dizi hakk\u0131nda ip u\u00e7lar\u0131 veren fragmanda Sarp ile Umut&#8217;un \u00e7ocukluklar\u0131ndan kesitler verildi. Ba\u015f rolleri \u00c7a\u011fatay Ulusoy ile Aras Bulut \u0130ynemli&#8217;nin oynad\u0131\u011f\u0131 dizide, Sarp ile Umut&#8217;un \u00e7ok g\u00fczel \u00e7ocukluklar\u0131 ge\u00e7er. Oyunlar\u0131nda bile mantar tabancas\u0131 patlatarak silah sesleri ars\u0131nda oynayarak b\u00fcy\u00fcrler.<br \/>\n<img loading=\"lazy\" decoding=\"async\" class=\"alignnone size-full wp-image-15336\" src=\"http:\/\/balcilar-blog.com\/wp-content\/uploads\/2016\/09\/Ekran-Al\u0131nt\u0131s\u0131\u0130\u00c7ERDE-3.FR_.jpg\" alt=\"ekran-alintisiicerde-3-fr\" width=\"640\" height=\"361\" srcset=\"https:\/\/balcilar-blog.com\/wp-content\/uploads\/2016\/09\/Ekran-Al\u0131nt\u0131s\u0131\u0130\u00c7ERDE-3.FR_.jpg 640w, https:\/\/balcilar-blog.com\/wp-content\/uploads\/2016\/09\/Ekran-Al\u0131nt\u0131s\u0131\u0130\u00c7ERDE-3.FR_-300x169.jpg 300w\" sizes=\"auto, (max-width: 640px) 100vw, 640px\" \/><\/p>\n<p>Karde\u015fi Umut&#8217;un ka\u00e7\u0131r\u0131lmas\u0131, anne yeme\u011fi bilmeksizin annesiz b\u00fcy\u00fcmesi ve kaderin cilvesi ayn\u0131 polis okulunda birbirlerinden habersiz okumalar\u0131&#8230; Ve polis olarak kar\u015f\u0131 kar\u015f\u0131ya gelmeleri&#8230; Ge\u00e7mi\u015fe g\u00f6ndermeler yap\u0131lan bir b\u00f6l\u00fcm izleyece\u011fiz. Sarp&#8217;\u0131n babas\u0131n\u0131n kirli i\u015fler nedeniyle hapse girmesi, anne elinde b\u00fcy\u00fcmesi, karde\u015finin yoklu\u011fu onu &#8220;Ben buyum&#8221; dedirten bir adam yapar. Sarp&#8217;\u0131n bu durumu annesini bile \u00e7ileden \u00e7\u0131kart\u0131r. Hep k\u00f6t\u00fc yola sapmamas\u0131n\u0131, kirlenmesini istemez. &#8220;Hadi git&#8221; Diyerek evden kovmaya kalkar.<\/p>\n<p><img loading=\"lazy\" decoding=\"async\" class=\"alignnone size-full wp-image-15338\" src=\"http:\/\/balcilar-blog.com\/wp-content\/uploads\/2016\/09\/Ekran-Al\u0131nt\u0131s\u0131\u0130\u00c7ERDE-3.FR_.2.jpg\" alt=\"ekran-alintisiicerde-3-fr-2\" width=\"640\" height=\"366\" srcset=\"https:\/\/balcilar-blog.com\/wp-content\/uploads\/2016\/09\/Ekran-Al\u0131nt\u0131s\u0131\u0130\u00c7ERDE-3.FR_.2.jpg 640w, https:\/\/balcilar-blog.com\/wp-content\/uploads\/2016\/09\/Ekran-Al\u0131nt\u0131s\u0131\u0130\u00c7ERDE-3.FR_.2-300x172.jpg 300w\" sizes=\"auto, (max-width: 640px) 100vw, 640px\" \/><\/p>\n<p>Avukat Melek Sarp&#8217;a; &#8220;Ne k\u0131ymetli adamm\u0131\u015fs\u0131n sen&#8221; diye bir soru sorar? Cevab\u0131n\u0131 dizide alaca\u011f\u0131z.<\/p>\n<p><img loading=\"lazy\" decoding=\"async\" class=\"alignnone size-medium wp-image-15337\" src=\"http:\/\/balcilar-blog.com\/wp-content\/uploads\/2016\/09\/Ekran-Al\u0131nt\u0131s\u0131\u0130\u00c7ERDE.3.FR_.5-300x253.jpg\" alt=\"ekran-alintisiicerde-3-fr-5\" width=\"300\" height=\"253\" srcset=\"https:\/\/balcilar-blog.com\/wp-content\/uploads\/2016\/09\/Ekran-Al\u0131nt\u0131s\u0131\u0130\u00c7ERDE.3.FR_.5-300x253.jpg 300w, https:\/\/balcilar-blog.com\/wp-content\/uploads\/2016\/09\/Ekran-Al\u0131nt\u0131s\u0131\u0130\u00c7ERDE.3.FR_.5.jpg 398w\" sizes=\"auto, (max-width: 300px) 100vw, 300px\" \/>\u00a0<img loading=\"lazy\" decoding=\"async\" class=\"alignnone size-medium wp-image-15339\" src=\"http:\/\/balcilar-blog.com\/wp-content\/uploads\/2016\/09\/Ekran-Al\u0131nt\u0131s\u0131\u0130\u00c7ERDE-3.FR_.4-300x242.jpg\" alt=\"ekran-alintisiicerde-3-fr-4\" width=\"300\" height=\"242\" srcset=\"https:\/\/balcilar-blog.com\/wp-content\/uploads\/2016\/09\/Ekran-Al\u0131nt\u0131s\u0131\u0130\u00c7ERDE-3.FR_.4-300x242.jpg 300w, https:\/\/balcilar-blog.com\/wp-content\/uploads\/2016\/09\/Ekran-Al\u0131nt\u0131s\u0131\u0130\u00c7ERDE-3.FR_.4.jpg 417w\" sizes=\"auto, (max-width: 300px) 100vw, 300px\" \/><br \/>\n\u0130\u015fte o fragman :<\/p>\n<p>https:\/\/www.youtube.com\/watch?v=mHkTf8kYky0<\/p>\n<p>&nbsp;<\/p>\n<p>19 Eyl\u00fcl Pazartesi ak\u015fam\u0131 Saat:20:00&#8217;de Show Tv ekranlar\u0131nda bulu\u015fmak \u00fczere&#8230; \u0130\u00e7erde sizi de kendi i\u00e7ine alacak, onlarla birlikte o heyecan\u0131 ya\u015fayaca\u011f\u0131z. Poyraz Karayel tad\u0131nda bir polisiye dizi sizleri bekliyor.<\/p>\n<p>Keyifli Seyirler.<\/p>\n<p>Sayg\u0131lar ve sevgiler.<\/p>\n<p>Abdurrahman Balc\u0131lar<\/p>\n<p>Twitter:\u00a0<a href=\"https:\/\/twitter.com\/abbalcilar\">abdurrahman balc\u0131lar<\/a><a href=\"https:\/\/twitter.com\/abbalcilar\"><strong>@abbalcilar<\/strong><\/a><\/p>\n<p>Mail :\u00a0<a href=\"mailto:ab.balcilar@hotmail.com\">ab.balcilar@hotmail.com<\/a><\/p>\n<p>Blog:\u00a0<a href=\"http:\/\/t.co\/znqmIZgIqn\">blog.milliyet.com.tr\/cansever<\/a><\/p>\n<p>Blog:\u00a0<strong>balcilar-blog.com<\/strong><\/p>\n<p>&nbsp;<\/p>\n","protected":false},"excerpt":{"rendered":"<p>\u00a0 \u00c7a\u011fatay Ulusoy, Aras Bulut \u0130ynemli, \u00c7etin Tekindor, Bensu Soral, Damla Colbay, Mustafa U\u011furlu, R\u0131za Kocao\u011flu, Nihal Kolda\u015f, Y\u0131ld\u0131ray \u015eahinler ve G\u00f6zde Kansu rol alaca\u011f\u0131 dizinin y\u00f6netmenli\u011fini Ulu\u015f Bayraktar \u00fcstleniyor. \u0130\u00e7erde, nefes kesen konusu ve m\u00fckemmel oyuncu ekibi ile 19 Eyl\u00fcl Pazartesi g\u00fcn\u00fc saat 20.00&#8217;de Show TV\u2019de ekranlarda yer alacak. Ay Yap\u0131m&#8217;\u0131n yap\u0131mc\u0131s\u0131 oldu\u011fu &#8216;\u0130\u00c7ERDE&#8217;nin [&hellip;]<\/p>\n","protected":false},"author":3,"featured_media":15221,"comment_status":"open","ping_status":"open","sticky":false,"template":"","format":"standard","meta":{"footnotes":""},"categories":[2],"tags":[533,26,15,1219,605],"class_list":["post-15334","post","type-post","status-publish","format-standard","has-post-thumbnail","hentry","category-tv-programlari","tag-aras-bulut-iynemli","tag-ay-yapim","tag-cagatay-ulusoy","tag-icerde","tag-poyraz-karayel"],"views":3446,"blog_post_layout_featured_media_urls":{"thumbnail":["https:\/\/balcilar-blog.com\/wp-content\/uploads\/2016\/09\/CrcdgFbXgAAlshh-150x150.jpg",150,150,true],"full":["https:\/\/balcilar-blog.com\/wp-content\/uploads\/2016\/09\/CrcdgFbXgAAlshh.jpg",480,480,false]},"categories_names":{"2":{"name":"TV Programlar\u0131","link":"https:\/\/balcilar-blog.com\/?cat=2"}},"tags_names":{"533":{"name":"Aras Bulut \u0130ynemli","link":"https:\/\/balcilar-blog.com\/?tag=aras-bulut-iynemli"},"26":{"name":"Ay Yap\u0131m","link":"https:\/\/balcilar-blog.com\/?tag=ay-yapim"},"15":{"name":"\u00e7a\u011fatay ulusoy","link":"https:\/\/balcilar-blog.com\/?tag=cagatay-ulusoy"},"1219":{"name":"\u0130\u00c7ERDE","link":"https:\/\/balcilar-blog.com\/?tag=icerde"},"605":{"name":"Poyraz Karayel","link":"https:\/\/balcilar-blog.com\/?tag=poyraz-karayel"}},"comments_number":"0","wpmagazine_modules_lite_featured_media_urls":{"thumbnail":["https:\/\/balcilar-blog.com\/wp-content\/uploads\/2016\/09\/CrcdgFbXgAAlshh-150x150.jpg",150,150,true],"cvmm-medium":["https:\/\/balcilar-blog.com\/wp-content\/uploads\/2016\/09\/CrcdgFbXgAAlshh.jpg",300,300,false],"cvmm-medium-plus":["https:\/\/balcilar-blog.com\/wp-content\/uploads\/2016\/09\/CrcdgFbXgAAlshh.jpg",207,207,false],"cvmm-portrait":["https:\/\/balcilar-blog.com\/wp-content\/uploads\/2016\/09\/CrcdgFbXgAAlshh.jpg",400,400,false],"cvmm-medium-square":["https:\/\/balcilar-blog.com\/wp-content\/uploads\/2016\/09\/CrcdgFbXgAAlshh.jpg",480,480,false],"cvmm-large":["https:\/\/balcilar-blog.com\/wp-content\/uploads\/2016\/09\/CrcdgFbXgAAlshh.jpg",480,480,false],"cvmm-small":["https:\/\/balcilar-blog.com\/wp-content\/uploads\/2016\/09\/CrcdgFbXgAAlshh.jpg",95,95,false],"full":["https:\/\/balcilar-blog.com\/wp-content\/uploads\/2016\/09\/CrcdgFbXgAAlshh.jpg",480,480,false]},"_links":{"self":[{"href":"https:\/\/balcilar-blog.com\/index.php?rest_route=\/wp\/v2\/posts\/15334","targetHints":{"allow":["GET"]}}],"collection":[{"href":"https:\/\/balcilar-blog.com\/index.php?rest_route=\/wp\/v2\/posts"}],"about":[{"href":"https:\/\/balcilar-blog.com\/index.php?rest_route=\/wp\/v2\/types\/post"}],"author":[{"embeddable":true,"href":"https:\/\/balcilar-blog.com\/index.php?rest_route=\/wp\/v2\/users\/3"}],"replies":[{"embeddable":true,"href":"https:\/\/balcilar-blog.com\/index.php?rest_route=%2Fwp%2Fv2%2Fcomments&post=15334"}],"version-history":[{"count":6,"href":"https:\/\/balcilar-blog.com\/index.php?rest_route=\/wp\/v2\/posts\/15334\/revisions"}],"predecessor-version":[{"id":15344,"href":"https:\/\/balcilar-blog.com\/index.php?rest_route=\/wp\/v2\/posts\/15334\/revisions\/15344"}],"wp:featuredmedia":[{"embeddable":true,"href":"https:\/\/balcilar-blog.com\/index.php?rest_route=\/wp\/v2\/media\/15221"}],"wp:attachment":[{"href":"https:\/\/balcilar-blog.com\/index.php?rest_route=%2Fwp%2Fv2%2Fmedia&parent=15334"}],"wp:term":[{"taxonomy":"category","embeddable":true,"href":"https:\/\/balcilar-blog.com\/index.php?rest_route=%2Fwp%2Fv2%2Fcategories&post=15334"},{"taxonomy":"post_tag","embeddable":true,"href":"https:\/\/balcilar-blog.com\/index.php?rest_route=%2Fwp%2Fv2%2Ftags&post=15334"}],"curies":[{"name":"wp","href":"https:\/\/api.w.org\/{rel}","templated":true}]}}