{"id":15320,"date":"2016-09-12T15:02:09","date_gmt":"2016-09-12T12:02:09","guid":{"rendered":"http:\/\/balcilar-blog.com\/?p=15320"},"modified":"2016-09-12T15:24:42","modified_gmt":"2016-09-12T12:24:42","slug":"gecen-haftanin-04-11-eylul-2016-en-cok-izlenen-dizileri","status":"publish","type":"post","link":"https:\/\/balcilar-blog.com\/?p=15320","title":{"rendered":"Ge\u00e7en Haftan\u0131n (04 &#8211; 11 Eyl\u00fcl 2016) en \u00e7ok izlenen dizileri!"},"content":{"rendered":"<p><img loading=\"lazy\" decoding=\"async\" class=\"alignnone size-full wp-image-15332\" src=\"http:\/\/balcilar-blog.com\/wp-content\/uploads\/2016\/09\/cats-12-eyl\u00fcl.jpg\" alt=\"cats-12-eylul\" width=\"640\" height=\"423\" srcset=\"https:\/\/balcilar-blog.com\/wp-content\/uploads\/2016\/09\/cats-12-eyl\u00fcl.jpg 640w, https:\/\/balcilar-blog.com\/wp-content\/uploads\/2016\/09\/cats-12-eyl\u00fcl-300x198.jpg 300w\" sizes=\"auto, (max-width: 640px) 100vw, 640px\" \/><\/p>\n<p>TNS \u00f6l\u00e7\u00fcmlerine g\u00f6re haz\u0131rlad\u0131\u011f\u0131m <strong>04 &#8211; 11 Eyl\u00fcl 2016<\/strong> Tarihleri aras\u0131nda ekranlar\u0131m\u0131za gelen, Total\u2019de ve AB\u2019de ilk ona giren, haftan\u0131n dizi karnesini a\u015fa\u011f\u0131da bilgilerinize sunuyorum.<\/p>\n<p>Ge\u00e7en hafta Eyl\u00fcl ayn\u0131n 2.haftas\u0131yd\u0131. T\u00fcm sezon dizileri ve yeni dizilerin ba\u015flamas\u0131na bir hafta kald\u0131. Danan\u0131n kuyru\u011fu kopacak, 19 Eyl\u00fcl Pazartesi start alacak dizilerle ba\u015flayacak. Yazl\u0131k dizilerden elenenler olacak. \u0130lk s\u0131ralara yeni diziler ya da yeni sezonlar\u0131na ba\u015flayan diziler girecek.<\/p>\n<p><strong>Haftan\u0131n dizilerinde<\/strong> Total&#8217;de ilk onun 1. s\u0131ras\u0131nda, Fox Tv&#8217;nin yaz dizisi No; 309 ge\u00e7en hafta ald\u0131\u011f\u0131 7,62 puan ile gene ilk s\u0131rada yer ald\u0131. Total&#8217;in 10.s\u0131ras\u0131nda ise, Show Tv&#8217;nin yeni dizisi &#8220;Arkada\u015flar \u0130yidir&#8221; ald\u0131\u011f\u0131 2,85 puanla yer ald\u0131.<\/p>\n<p>AB&#8217;nin ilk s\u0131ras\u0131nda da, Fox Tv&#8217;nin No:309 ald\u0131\u011f\u0131 7,84 gibi y\u00fcksek bir reyting puan\u0131 ile yer al\u0131yor. AB&#8217;nin 10.s\u0131ras\u0131nda ise gene \u00f6nceki hafta oldu\u011fu gibi &#8220;Arkada\u015flar \u0130yidir&#8221; 2,72 puanla yer ald\u0131\u011f\u0131n\u0131 g\u00f6r\u00fcyoruz.<\/p>\n<p>Bu hafta Kanal D&#8217;nin yeni iddial\u0131 dizisi Bodrum Masal\u0131 4.b\u00f6l\u00fcm\u00fc ile ekranlar\u0131m\u0131za geldi. Per\u015fembe ak\u015fam\u0131 yay\u0131nlanan dizi, Total&#8217;de ve AB&#8217;de 1.s\u0131rada yer ald\u0131. Ba\u015frollerini Timu\u00e7in Esen, \u015eevval Sam ve Murat Aygen oynuyor. Ate\u015f ve karde\u015fi Su karakterini canland\u0131ran gen\u00e7ler oyunculuklar\u0131 ile dikkati \u00e7ekiyorlar.<\/p>\n<p>Kanal D&#8217;nin &#8220;Hayat\u0131m\u0131n A\u015fk\u0131&#8221; dizisinden oyuncu Duygu Boztepe, dizinin sevenlerine final karar\u0131n\u0131 dizi ekibiyle birlikte \u00e7elikleri bu video ile duyurmu\u015ftu. \u00d6n\u00fcm\u00fczdeki hafta 17.b\u00f6l\u00fcmde final yap\u0131yor.<\/p>\n<p>Yeni sezon dizilerinin yan\u0131nda eski sezon dizileri ba\u015fl\u0131yor. Parampar\u00e7a, Kara Sevda, Kiral\u0131k a\u015fk, K\u0131rg\u0131n \u00c7i\u00e7ekler, Yeter, E\u015fk\u0131ya D\u00fcnyaya H\u00fck\u00fcmdar Olmaz, Kertenkele, Arka Sokaklar, Poyraz Karayel, O Hayat Benim, Hayat \u015eark\u0131s\u0131, K\u00f6rd\u00fc\u011f\u00fcm, Kurtlar vadisi Pusu, Asla Vazge\u00e7mem, K\u00f6sem Sultan, Dirili\u015f Ertu\u011frul, ve Zeytin Tepesi gibi tan\u0131d\u0131k diziler geliyor.<\/p>\n<p><strong>Reyting Nedir?<\/strong><\/p>\n<p>Reyting, izleyici tercihlerine g\u00f6re ortaya \u00e7\u0131kan izlenme pay\u0131n\u0131n kanallara ve programlara payla\u015ft\u0131r\u0131lmas\u0131 ile olu\u015fan de\u011ferlendirmedir. Reyting de\u011ferlendirmesi kanallar ve reklam \u015firketleri ad\u0131na TNS taraf\u0131ndan ger\u00e7ekle\u015ftirilir. \u00d6l\u00e7me i\u015flemi yakla\u015f\u0131k 2200 haneye yerle\u015ftirilen ve gizli tutulan reyting \u00f6l\u00e7me cihazlar\u0131 ile elde edilir. Reyting sonu\u00e7lar\u0131, t\u00fcm g\u00fcn boyunca izlenen programlar\u0131n listelenmesine imkan verir.<\/p>\n<p><strong>\u00d6l\u00e7\u00fcmler nas\u0131l yap\u0131l\u0131yor ?<\/strong><\/p>\n<p>Ba\u011f\u0131ms\u0131z kurulu\u015f taraf\u0131ndan hesaplanan sonu\u00e7lar 3 kategoride hesaplan\u0131yor AB, Total ve ABC1 kategorileri sonu\u00e7lar\u0131nda share ve rating s\u0131ral\u0131 olarak 100 Tv program\u0131 g\u00fcnl\u00fck olarak payla\u015f\u0131l\u0131yor reklam verenler ve yap\u0131mc\u0131lar i\u00e7in \u00f6nemli yere sahip olan sonu\u00e7lar denek tv&#8217;lerde ki \u00f6l\u00e7\u00fcm cihazlar\u0131 vas\u0131tas\u0131yla istatistiki bilgileri al\u0131n\u0131yor.<\/p>\n<p>Bu hafta en \u00e7ok izlenen ilk ona giren dizlere g\u00f6z atal\u0131m. Bu s\u0131ralama sadece dizilerin reytingler y\u00fczdesine g\u00f6re en \u00e7ok izlenen dizilerin ilk 10\u2019da yer alanlar\u0131n\u0131 s\u0131ralamaya koyuyorum. Yar\u0131\u015fma, e\u011flence ve haber programlar\u0131 y\u00fczdeleri y\u00fcksek olsa da bu s\u0131ralamaya koymuyorum. Bu sadece dizilerin yar\u0131\u015f\u0131d\u0131r, en \u00e7ok izlenen dizilerin s\u0131ralamas\u0131d\u0131r. Bir nevi dizilerin karnesidir.<\/p>\n<p>&nbsp;<\/p>\n<p><strong>Ge\u00e7en Haftan\u0131n En \u00c7ok \u0130zlenen Dizileri:<\/strong><\/p>\n<p><strong>Total ilk 10 :<\/strong><\/p>\n<p>1.No:309 \u00d6zel 13.B\u00f6l\u00fcm (Fox Tv)&#8230;&#8230;&#8230;&#8230;&#8230;&#8230;&#8230;&#8230;7,62 &#8211; 24,64<\/p>\n<p>2.G\u00fcl\u00fcmse Yeter 8.B\u00f6l\u00fcm (Show Tv)&#8230;&#8230;&#8230;&#8230;&#8230;&#8230;.6,11 &#8211; 20,10<\/p>\n<p>3.Bana Sevmeyi Anlat 3.B\u00f6l\u00fcm (Fox Tv)&#8230;&#8230;&#8230;&#8230;.6,08 &#8211; 20,98<\/p>\n<p>4.Bodrum Masal\u0131 4.B\u00f6l\u00fcm (Kanal D)&#8230;&#8230;&#8230;&#8230;&#8230;&#8230;5,44 &#8211; 17,30<\/p>\n<p>5.Y\u00fcksek Sosyete 12.B\u00f6l\u00fcm (Star Tv)&#8230;&#8230;&#8230;&#8230;&#8230;&#8230;.5,25 &#8211; 16,59<\/p>\n<p>6.R\u00fczgar\u0131n Kalbi 4.B\u00f6l\u00fcm (Fox Tv)&#8230;&#8230;&#8230;&#8230;&#8230;&#8230;&#8230;5,21 &#8211; 18,32<\/p>\n<p>7.A\u015fk Laftan Anlamaz 10.B\u00f6l\u00fcm (Show Tv)&#8230;&#8230;&#8230;5,15 &#8211; 16,50<\/p>\n<p>8.Hayat Sevince G\u00fczel 13.B\u00f6l\u00fcm (Fox Tv)&#8230;&#8230;&#8230;..4,81 &#8211; 14,90<\/p>\n<p>9.Seviyor Sevmiyor 9.B\u00f6l\u00fcm (Atv)&#8230;&#8230;&#8230;&#8230;&#8230;&#8230;&#8230;..4,29 &#8211; 15,88<\/p>\n<p>10.Arkada\u015flar \u0130yidir 3.B\u00f6l\u00fcm (Show Tv)&#8230;&#8230;&#8230;&#8230;..2,85 &#8211; 10,51<\/p>\n<p>&nbsp;<\/p>\n<p><strong>AB\u2019de ilk 10 :<\/strong><\/p>\n<p>1.No:309 13.B\u00f6l\u00fcm (Fox Tv)&#8230;&#8230;&#8230;&#8230;&#8230;&#8230;&#8230;&#8230;&#8230;..7,84 &#8211; 25,41<\/p>\n<p>2.Bana Sevmeyi Anlat 3.B\u00f6l\u00fcm (Fox Tv)&#8230;&#8230;&#8230;.6,02 &#8211; 22,94<\/p>\n<p>3.Bodrum Masal\u0131 4.B\u00f6l\u00fcm (Kanal D)&#8230;&#8230;&#8230;&#8230;&#8230;.5,75 &#8211; 19,59<\/p>\n<p>4.Y\u00fcksek Sosyete 12.B\u00f6l\u00fcm (Star Tv)&#8230;&#8230;&#8230;&#8230;&#8230;.5,72 &#8211; 19,38<\/p>\n<p>5.R\u00fczgar\u0131n Kalbi 4.B\u00f6l\u00fcm (Fox Tv)&#8230;&#8230;&#8230;&#8230;&#8230;&#8230;.5,38 &#8211; 20,21<\/p>\n<p>6.G\u00fcl\u00fcmse Yeter 8.B\u00f6l\u00fcm (Show Tv)&#8230;&#8230;&#8230;&#8230;&#8230;.4,82 &#8211; 16,19<\/p>\n<p>7.A\u015fk Laftan Anlamaz 10.B\u00f6l\u00fcm (Show Tv)&#8230;&#8230;.4,56 &#8211; 14,66<\/p>\n<p>8.Seviyor Sevmiyor 9.B\u00f6l\u00fcm (Atv)&#8230;&#8230;&#8230;&#8230;&#8230;&#8230;&#8230;.3,34 &#8211; 14,51<\/p>\n<p>9.Hangimiz Sevmedik 5.B\u00f6l\u00fcm (TRT1)&#8230;&#8230;&#8230;&#8230;..3,20 &#8211; 9,36<\/p>\n<p>10.Arkada\u015flar \u0130yidir 3.B\u00f6l\u00fcm (Show Tv)&#8230;&#8230;&#8230;&#8230;.2,71 &#8211; 11,92<\/p>\n<p>&nbsp;<\/p>\n<p><strong>TOTAL ve AB Grubunda reytingleri en y\u00fcksek olan Haftan\u0131n ilk 5 s\u0131ralamas\u0131 :<\/strong><\/p>\n<p>1.No:309 : Fox Tv&#8217;nin bu g\u00fczel a\u015fk dizisinin 13.b\u00f6l\u00fcm\u00fcnde AB&#8217;de ald\u0131\u011f\u0131 7,84 puanla 1.s\u0131rada yer alm\u0131\u015ft\u0131r.<\/p>\n<p>Beklenen b\u00fcy\u00fck g\u00fcn gelmi\u015ftir. \u0130ki aile de heyecanl\u0131d\u0131r. \u00d6p\u00fcc\u00fc\u011f\u00fcn etkisi Lale de ve Onur da kendini g\u00f6stermeye ba\u015flam\u0131\u015ft\u0131r. Bu \u00f6p\u00fcc\u00fck ayn\u0131 zamanda Onur\u2019un baz\u0131 kararlar almas\u0131na sebep olacakt\u0131r. D\u00fc\u011f\u00fcn \u00f6ncesi Onur\u2019un Lale\u2019ye bir s\u00fcrpriz vard\u0131r. Lale evlenece\u011fi i\u00e7in, kendini ilk defa mutlu hissetmektedir. Bu arada erkek taraf\u0131 bo\u015f durmaz, Onur\u2019a bekarl\u0131\u011fa veda partisi d\u00fczenler. Onur\u2019a s\u00fcrpriz haz\u0131rlanan bu geceden, Lale de nasibini alacakt\u0131r.<\/p>\n<p><img loading=\"lazy\" decoding=\"async\" class=\"alignnone size-full wp-image-15323\" src=\"http:\/\/balcilar-blog.com\/wp-content\/uploads\/2016\/09\/fft16_mf7634153.jpeg\" alt=\"fft16_mf7634153\" width=\"640\" height=\"459\" srcset=\"https:\/\/balcilar-blog.com\/wp-content\/uploads\/2016\/09\/fft16_mf7634153.jpeg 640w, https:\/\/balcilar-blog.com\/wp-content\/uploads\/2016\/09\/fft16_mf7634153-300x215.jpeg 300w\" sizes=\"auto, (max-width: 640px) 100vw, 640px\" \/><\/p>\n<p>&nbsp;<\/p>\n<p><strong>2.G\u00fcl\u00fcmse Yeter :<\/strong> Show Tv&#8217;nin sevilen dizisi G\u00fcl\u00fcmse Yeter&#8217;in 8.B\u00f6l\u00fcm\u00fcnde, ald\u0131\u011f\u0131 6,11 reyting puan\u0131 ile 2.s\u0131rada yer alm\u0131\u015ft\u0131r.<\/p>\n<p>Sokak ortas\u0131nda aniden Sarp\u2019\u0131 \u00f6pen Yasemin, duygular\u0131n\u0131 apa\u00e7\u0131k belli etmi\u015ftir. Neye u\u011frad\u0131\u011f\u0131n\u0131 \u015fa\u015f\u0131ran Sarp\u2019\u0131n kafas\u0131 kar\u0131\u015f\u0131r, hisleri birbirine girer. Yasemin ve G\u00fcl\u2019\u00fcn aras\u0131nda kalan Sarp i\u00e7in \u015fimdi duygular\u0131n\u0131 sorgulama zaman\u0131d\u0131r. Sarp\u2019\u0131 tekrar \u00e7al\u0131\u015fmaya ikna eden Cem, durumu f\u0131rsata \u00e7evirmeye \u00e7al\u0131\u015f\u0131r. Yasemin\u2019e yapt\u0131\u011f\u0131 b\u00fcy\u00fck s\u00fcrprizle sevgisini kazanmaya \u00e7al\u0131\u015f\u0131r.<\/p>\n<p><img loading=\"lazy\" decoding=\"async\" class=\"alignnone size-full wp-image-15325\" src=\"http:\/\/balcilar-blog.com\/wp-content\/uploads\/2016\/09\/G\u00fcl\u00fcmse-Yeter-1.jpg\" alt=\"gulumse-yeter-1\" width=\"640\" height=\"380\" srcset=\"https:\/\/balcilar-blog.com\/wp-content\/uploads\/2016\/09\/G\u00fcl\u00fcmse-Yeter-1.jpg 640w, https:\/\/balcilar-blog.com\/wp-content\/uploads\/2016\/09\/G\u00fcl\u00fcmse-Yeter-1-300x178.jpg 300w\" sizes=\"auto, (max-width: 640px) 100vw, 640px\" \/><\/p>\n<p>&nbsp;<\/p>\n<p><strong>3.Bana Sevmeyi Anlat :<\/strong> Fox Tv&#8217;nin yeni dizisi Bana Sevmeyi Anlat 3.b\u00f6l\u00fcm\u00fcnde Total&#8217;de ald\u0131\u011f\u0131 6,08 reyting puan\u0131 ile 3.s\u0131rada yer alm\u0131\u015ft\u0131r.<\/p>\n<p>Hakverdi, Duygu\u2019ya kavu\u015fmak i\u00e7in iyice g\u00f6z\u00fcn\u00fc karartm\u0131\u015ft\u0131r. R\u00fczgar\u2019\u0131n oyunca\u011f\u0131na saklad\u0131\u011f\u0131 uyu\u015fturuculara ula\u015fmak i\u00e7in Alper ile kar\u015f\u0131 kar\u015f\u0131ya gelmek durumunda kal\u0131r. Leyla yine Alper\u2019i zor durumda b\u0131rakman\u0131n mahcubiyeti i\u00e7erisindedir. Ha\u015fmet, Leyla\u2019ya ula\u015famad\u0131k\u00e7a ad\u0131mlar\u0131n\u0131 keskinle\u015ftirir. Hakverdi\u2019nin de ortadan yok olmas\u0131 ile son hamlesini Salih \u00fczerine oynar. Salih\u2019in kalp krizi ge\u00e7irmesi \u00fczerine hastaneye gelen Leyla, Ha\u015fmet ile kar\u015f\u0131 kar\u015f\u0131ya kal\u0131r. Alper ise ge\u00e7mi\u015ften aralanan bir perde ile hi\u00e7 beklemedi\u011fi ger\u00e7eklerle y\u00fczle\u015fmek zorunda kalacakt\u0131r.<\/p>\n<p><img loading=\"lazy\" decoding=\"async\" class=\"alignnone size-full wp-image-15326\" src=\"http:\/\/balcilar-blog.com\/wp-content\/uploads\/2016\/09\/57d18d9c67b0a922c47d87de.jpg\" alt=\"57d18d9c67b0a922c47d87de\" width=\"640\" height=\"361\" srcset=\"https:\/\/balcilar-blog.com\/wp-content\/uploads\/2016\/09\/57d18d9c67b0a922c47d87de.jpg 640w, https:\/\/balcilar-blog.com\/wp-content\/uploads\/2016\/09\/57d18d9c67b0a922c47d87de-300x169.jpg 300w\" sizes=\"auto, (max-width: 640px) 100vw, 640px\" \/><\/p>\n<p>&nbsp;<\/p>\n<p><strong>4.Bodrum Masal\u0131<\/strong> : Fox Tv&#8217;nin yeni iddial\u0131 dizi bu hafta da, 4.b\u00f6l\u00fcm\u00fcnde AB&#8217;de ald\u0131\u011f\u0131 5,75 puanla 4.s\u0131rada yer alm\u0131\u015ft\u0131r.<\/p>\n<p>Cahit\u2019in karar\u0131 ile Ate\u015f\u2019ten uzak durmas\u0131 i\u00e7in Londra\u2019ya yollanan Alara, Ate\u015f olmadan yapamayaca\u011f\u0131n\u0131 anlar ve babas\u0131na ra\u011fmen harekete ge\u00e7er. Ate\u015f ise, Alara ile ayn\u0131 \u015fehre gidebilmek i\u00e7in y\u00fczme bursunun pe\u015fine d\u00fc\u015fer. Alara i\u00e7in, hayat\u0131 boyunca \u00e7abalamad\u0131\u011f\u0131 kadar \u00e7abalamaya haz\u0131rd\u0131r. Ayn\u0131 bursa Kelebek\u2019in de talip olmas\u0131 iki genci kar\u015f\u0131 kar\u015f\u0131ya getirir. Cahit ise, Ate\u015f ve Alara\u2019y\u0131 bir araya getirmemeye kararl\u0131d\u0131r.\u00a0Faryal\u0131, Y\u0131ld\u0131z ve G\u00f6zde \u00fc\u00e7 ortak olarak oteli i\u015fletmeye \u00e7abalamaktad\u0131rlar. Evren bu ortakl\u0131ktan memnun de\u011fildir. Oteli satabilmek i\u00e7in yeni planlar yapar. Bu u\u011furda can d\u00fc\u015fman\u0131 Cahit ile ortak \u00e7al\u0131\u015fmay\u0131 bile g\u00f6ze al\u0131r. Bu durum Erg\u00fcven ailesinin t\u00fcm fertlerini etkileyecektir. Y\u0131ld\u0131z \u00e7ocuklar\u0131ndan yana tav\u0131r al\u0131rken, Evren yine kendi \u00e7\u0131kar\u0131n\u0131 d\u00fc\u015f\u00fcnmektedir.<\/p>\n<p><img loading=\"lazy\" decoding=\"async\" class=\"alignnone size-full wp-image-15324\" src=\"http:\/\/balcilar-blog.com\/wp-content\/uploads\/2016\/09\/Screenshot_1-bod.mas_..png\" alt=\"screenshot_1-bod-mas\" width=\"640\" height=\"452\" srcset=\"https:\/\/balcilar-blog.com\/wp-content\/uploads\/2016\/09\/Screenshot_1-bod.mas_..png 640w, https:\/\/balcilar-blog.com\/wp-content\/uploads\/2016\/09\/Screenshot_1-bod.mas_.-300x212.png 300w\" sizes=\"auto, (max-width: 640px) 100vw, 640px\" \/><\/p>\n<p>&nbsp;<\/p>\n<p><strong>5.Y\u00fcksek Sosyete :<\/strong> Star Tv&#8217;nin sevilen dizisi 12.b\u00f6l\u00fcm\u00fc ile ekranlara geldi. AB&#8217;de ald\u0131\u011f\u0131 5,72 reyting puan\u0131 ile 5.s\u0131rada yer ald\u0131.<\/p>\n<p>Kerem&#8217;e ger\u00e7ekleri a\u00e7\u0131klayamadan Can&#8217;\u0131n kazas\u0131n\u0131 \u00f6\u011frenen Cansu, ailesiyle beraber umutla iyi bir haber bekler. Bu s\u00fcrede ise Kerem&#8217;i kendinden uzak tutmaya \u00e7al\u0131\u015f\u0131r. Cansu&#8217;nun yalanlar\u0131n\u0131 yakalayan ve iyice \u015f\u00fcphelenmeye ba\u015flayan Kerem, onun hakk\u0131nda ara\u015ft\u0131rma yapmaya ba\u015flar. Kerem&#8217;in Cansu hakk\u0131nda bulduklar\u0131 kafas\u0131n\u0131 daha \u00e7ok kar\u0131\u015ft\u0131r\u0131r. Bu s\u0131rada Ece ve Mert Cansu&#8217;ya destek olmaya \u00e7al\u0131\u015f\u0131rlar. Di\u011fer yandan Can&#8217;\u0131n kazas\u0131ndan kendini sorumlu tutan S\u00fcreyya derin bir u\u00e7urumun e\u015fi\u011findedir. Cansu&#8217;nun b\u00fcy\u00fck s\u0131rr\u0131 ise hi\u00e7 beklenmeyen bir anda, b\u00fct\u00fcn sosyetenin \u00f6n\u00fcnde onu k\u00f6\u015feye s\u0131k\u0131\u015ft\u0131r\u0131r.<\/p>\n<p><img loading=\"lazy\" decoding=\"async\" class=\"alignnone size-full wp-image-15322\" src=\"http:\/\/balcilar-blog.com\/wp-content\/uploads\/2016\/09\/dd3b139b6bb8bc124908bd16643ac207.jpg\" alt=\"dd3b139b6bb8bc124908bd16643ac207\" width=\"640\" height=\"320\" srcset=\"https:\/\/balcilar-blog.com\/wp-content\/uploads\/2016\/09\/dd3b139b6bb8bc124908bd16643ac207.jpg 640w, https:\/\/balcilar-blog.com\/wp-content\/uploads\/2016\/09\/dd3b139b6bb8bc124908bd16643ac207-300x150.jpg 300w\" sizes=\"auto, (max-width: 640px) 100vw, 640px\" \/><\/p>\n<p>&nbsp;<\/p>\n<p><strong>Her iki kategorinin ilk on&#8217;da yer alan dizileri :<\/strong><\/p>\n<p>Hayat Sevince G\u00fczel, G\u00fcl\u00fcmse Yeter, No:309, A\u015fk Laftan Anlamaz, Y\u00fcksek Sosyete, Bodrum Masal\u0131, Bana Sevmeyi Anlat, R\u00fczgar\u0131n Kalbi, Arkada\u015flar \u0130yidir ve Seviyor Sevmiyor her iki grupta yer alan diziler olmu\u015ftur.<\/p>\n<p>&nbsp;<\/p>\n<p><strong>Kanallara g\u00f6re s\u0131ralamaya g\u00f6z atarsak :<\/strong><\/p>\n<p>Total grubunda: Fox Tv 4 dizi. Show Tv 3 dizi. Kanal D, Atv ve Star Tv birer dizi ile yer ald\u0131lar.<\/p>\n<p>AB\u2019de ilk onda: Fox Tv ve Show Tv 3 dizi. Kanal D, Atv, Star ve TRT1 birer dizi ile yer alm\u0131\u015ft\u0131r.<\/p>\n<p><strong>Bu haftan\u0131n kanal\u0131<\/strong>; Total&#8217;de 4 ve AB&#8217;de 3 dizi ile <strong>Fox Tv<\/strong> haftan\u0131n tart\u0131\u015fmas\u0131z tek kanal\u0131 olmu\u015ftur. 2.s\u0131rada Total&#8217;de ve AB&#8217;de 3 dizi le <strong>Show Tv<\/strong> yer alm\u0131\u015ft\u0131r.<\/p>\n<p>Show Tv yeni sezona \u00e7ok iddial\u0131 giriyor. Ay Yap\u0131m ile \u00c7a\u011fatay Ulusoy&#8217;un polisiye dizisi &#8220;\u0130\u00e7erde&#8221;nin yay\u0131nlamas\u0131 konusunda anla\u015ft\u0131. Dizinin 2.fragman\u0131 sosyal medyada yank\u0131 uyand\u0131rd\u0131.<\/p>\n<p><img loading=\"lazy\" decoding=\"async\" class=\"alignnone size-full wp-image-15328\" src=\"http:\/\/balcilar-blog.com\/wp-content\/uploads\/2016\/09\/2016090516474590_300_180_1_0.jpeg\" alt=\"2016090516474590_300_180_1_0\" width=\"640\" height=\"384\" srcset=\"https:\/\/balcilar-blog.com\/wp-content\/uploads\/2016\/09\/2016090516474590_300_180_1_0.jpeg 640w, https:\/\/balcilar-blog.com\/wp-content\/uploads\/2016\/09\/2016090516474590_300_180_1_0-300x180.jpeg 300w\" sizes=\"auto, (max-width: 640px) 100vw, 640px\" \/><\/p>\n<p>\u00c7a\u011fatay Ulusoy, Aras Bulut \u0130ynemli ve Bensu Soral oynad\u0131\u011f\u0131 polisiye dizisi &#8216;\u0130\u00e7erde&#8217;de; <strong>\u00c7a\u011fatay Ulusoy<\/strong> imaj de\u011fi\u015fikli\u011fi ile dikkatleri \u00e7ekti. Sa\u00e7lar\u0131n\u0131 ve sakal\u0131n\u0131 kesen Ulusoy, Polis Sarp karakteri olarak olduk\u00e7a iddial\u0131&#8230; Olduk\u00e7a sert, tuttu\u011funu koparan bir polisi canland\u0131r\u0131yor. <strong>\u0130\u00e7erde<\/strong>, <strong>19 Eyl\u00fcl Pazartesi ak\u015fam\u0131 Show Tv&#8217;de<\/strong> ilk b\u00f6l\u00fcm ekranlarda olacak.<\/p>\n<p><img loading=\"lazy\" decoding=\"async\" class=\"alignnone size-full wp-image-15247\" src=\"http:\/\/balcilar-blog.com\/wp-content\/uploads\/2016\/09\/Cr0r80LWcAEVPh1.jpg\" alt=\"cr0r80lwcaevph1\" width=\"505\" height=\"480\" srcset=\"https:\/\/balcilar-blog.com\/wp-content\/uploads\/2016\/09\/Cr0r80LWcAEVPh1.jpg 505w, https:\/\/balcilar-blog.com\/wp-content\/uploads\/2016\/09\/Cr0r80LWcAEVPh1-300x285.jpg 300w\" sizes=\"auto, (max-width: 505px) 100vw, 505px\" \/><\/p>\n<p>Burak \u00d6z\u00e7ivit, Neslihan Atag\u00fcl ve Kaan Urganc\u0131o\u011flu&#8217;nun &#8220;Kara Sevda&#8221; <strong>G\u00fcney Kore Seul<\/strong>&#8216;de <strong>En \u0130yi Drama dizileri<\/strong> dal\u0131nda yar\u0131\u015fmaya kat\u0131lm\u0131\u015f, yar\u0131\u015fma sonuncunda en iyi dizi <strong>Juri \u00d6zel \u00f6d\u00fcl\u00fc<\/strong>ne lay\u0131k g\u00f6r\u00fclm\u00fc\u015ft\u00fcr. Buradan ald\u0131\u011f\u0131 g\u00fc\u00e7l\u00fc yeni sezona iddial\u0131 olarak ba\u015fl\u0131yor.<\/p>\n<p><img loading=\"lazy\" decoding=\"async\" class=\"alignnone size-full wp-image-14153\" src=\"http:\/\/balcilar-blog.com\/wp-content\/uploads\/2016\/06\/muhtesem-yuzyil-kosem-dizisijpg.jpg\" alt=\"muhtesem-yuzyil-kosem-dizisijpg\" width=\"448\" height=\"265\" srcset=\"https:\/\/balcilar-blog.com\/wp-content\/uploads\/2016\/06\/muhtesem-yuzyil-kosem-dizisijpg.jpg 448w, https:\/\/balcilar-blog.com\/wp-content\/uploads\/2016\/06\/muhtesem-yuzyil-kosem-dizisijpg-300x177.jpg 300w\" sizes=\"auto, (max-width: 448px) 100vw, 448px\" \/><\/p>\n<p>Ge\u00e7en Sezon Star ekranlar\u0131nda izledi\u011fimiz, <strong>Muhte\u015fem Y\u00fczy\u0131l K\u00f6sem<\/strong> bu sezon yeni kadrosu ile Fox Tv ekranlar\u0131nda olacak. Yeni K\u00f6sem rol\u00fcnde Nurg\u00fcl Ye\u015fil\u00e7ay&#8217;\u0131 izleyece\u011fiz. O\u011flu \u015eehzade 4.Murad karakterini Metin Akd\u00fclger can verecek. Ayr\u0131ca Gevheran Sultan olarak Asl\u0131 Tando\u011fan, Evliya \u00c7elebi olarak; Necip Memili, Hazerfen Ahmet \u00c7elebi rol\u00fcn\u00fc Mehmet G\u00fcnsur oynayacak. Ayr\u0131ca, Zeynep Farah Abdullah, Naz Elmas, Burak Yamant\u00fcrk ve Canan Erg\u00fcder diziye kat\u0131lan yeni isimlerden. K\u00f6sem keyifle izlenecek dizilerden biri&#8230;<\/p>\n<p>Star Tv&#8217;nin Parampar\u00e7a dizisine Mine Tugay&#8217;dan sonra, Nebahat \u00c7ehre&#8217;nin kat\u0131l\u0131m\u0131 ile g\u00fc\u00e7 kazanm\u0131\u015ft\u0131r.<\/p>\n<p><img loading=\"lazy\" decoding=\"async\" class=\"alignnone size-full wp-image-4544\" src=\"http:\/\/balcilar-blog.com\/wp-content\/uploads\/2014\/11\/gunahkar-dizisi-yusuf-seckin-ozdemir.jpg\" alt=\"gunahkar-dizisi-yusuf-seckin-ozdemir\" width=\"318\" height=\"290\" srcset=\"https:\/\/balcilar-blog.com\/wp-content\/uploads\/2014\/11\/gunahkar-dizisi-yusuf-seckin-ozdemir.jpg 318w, https:\/\/balcilar-blog.com\/wp-content\/uploads\/2014\/11\/gunahkar-dizisi-yusuf-seckin-ozdemir-300x273.jpg 300w\" sizes=\"auto, (max-width: 318px) 100vw, 318px\" \/><\/p>\n<p>Ac\u0131 A\u015fk&#8217;\u0131n yak\u0131\u015f\u0131kl\u0131 oyuncusu Se\u00e7kin \u00d6zdemir de, Kiral\u0131k A\u015fk&#8217;a Pamir Maden karakteri olarak kat\u0131l\u0131yor. El\u00e7in Sangu ve Bar\u0131\u015f Ardu\u00e7&#8217;un ba\u015frol\u00fc oynad\u0131klar\u0131 Kiral\u0131k A\u015fk, gene Cuma gecelerinin iddial\u0131 dizilerinden biri olarak g\u00f6z\u00fck\u00fcyor.<\/p>\n<p><img loading=\"lazy\" decoding=\"async\" class=\"alignnone size-full wp-image-15276\" src=\"http:\/\/balcilar-blog.com\/wp-content\/uploads\/2016\/09\/cesur-ve-guzel-oyunculari-730x411.jpg\" alt=\"cesur-ve-guzel-oyunculari-730x411\" width=\"640\" height=\"360\" srcset=\"https:\/\/balcilar-blog.com\/wp-content\/uploads\/2016\/09\/cesur-ve-guzel-oyunculari-730x411.jpg 640w, https:\/\/balcilar-blog.com\/wp-content\/uploads\/2016\/09\/cesur-ve-guzel-oyunculari-730x411-300x169.jpg 300w\" sizes=\"auto, (max-width: 640px) 100vw, 640px\" \/><\/p>\n<p>K\u0131van\u00e7 Tatl\u0131tu\u011f ve Tuba B\u00fcy\u00fck\u00fcst\u00fcn&#8217;\u00fcn yeni dizisi &#8220;Cesur ve G\u00fczel&#8221;de y\u0131l\u0131n \u00e7ifti olarak g\u00f6steriliyor. Ekim ay\u0131 i\u00e7inde yay\u0131na girecek dizinin senaryosunu Ece Y\u00f6ren\u00e7 yaz\u0131yormu\u015f.<\/p>\n<p>Ayr\u0131ca Vahide Per\u00e7in ile Cansu Dere&#8217;nin yeni dizisi &#8220;Anne&#8221; Ekim ay\u0131nda yay\u0131na girecek iddial\u0131 dizilerden biri olarak g\u00f6steriliyor.<\/p>\n<p>T\u00fcm dost, bloger arkada\u015flar\u0131m ve okuyucular\u0131ma iyi bayramlar dilerim.<\/p>\n<p>Sayg\u0131lar ve sevgiler.<\/p>\n<p>Abdurrahman Balc\u0131lar<\/p>\n<p>Twitter:\u00a0<a href=\"https:\/\/twitter.com\/abbalcilar\">abdurrahman balc\u0131lar<\/a><a href=\"https:\/\/twitter.com\/abbalcilar\"><strong>@abbalcilar<\/strong><\/a><\/p>\n<p>Mail :\u00a0<a href=\"mailto:ab.balcilar@hotmail.com\">ab.balcilar@hotmail.com<\/a><\/p>\n<p>Blog:\u00a0<a href=\"http:\/\/t.co\/znqmIZgIqn\">blog.milliyet.com.tr\/cansever<\/a><\/p>\n<p>Blog:\u00a0<strong>balcilar-blog.com<\/strong><\/p>\n<p>Not: G\u00f6rseller taraf\u0131mdan \u0130nternetten, s\u0131ralamalar dizi reytinglerine g\u00f6re yap\u0131lm\u0131\u015ft\u0131r.<\/p>\n<p>&nbsp;<\/p>\n","protected":false},"excerpt":{"rendered":"<p>TNS \u00f6l\u00e7\u00fcmlerine g\u00f6re haz\u0131rlad\u0131\u011f\u0131m 04 &#8211; 11 Eyl\u00fcl 2016 Tarihleri aras\u0131nda ekranlar\u0131m\u0131za gelen, Total\u2019de ve AB\u2019de ilk ona giren, haftan\u0131n dizi karnesini a\u015fa\u011f\u0131da bilgilerinize sunuyorum. Ge\u00e7en hafta Eyl\u00fcl ayn\u0131n 2.haftas\u0131yd\u0131. T\u00fcm sezon dizileri ve yeni dizilerin ba\u015flamas\u0131na bir hafta kald\u0131. Danan\u0131n kuyru\u011fu kopacak, 19 Eyl\u00fcl Pazartesi start alacak dizilerle ba\u015flayacak. Yazl\u0131k dizilerden elenenler olacak. \u0130lk [&hellip;]<\/p>\n","protected":false},"author":3,"featured_media":15332,"comment_status":"open","ping_status":"open","sticky":false,"template":"","format":"standard","meta":{"footnotes":""},"categories":[2],"tags":[1206,1215,15,712,1207,1219,1241,559,254,530,1138],"class_list":["post-15320","post","type-post","status-publish","format-standard","has-post-thumbnail","hentry","category-tv-programlari","tag-bana-sevmeyi-anlat","tag-bodrum-masali","tag-cagatay-ulusoy","tag-dizi-reytingleri","tag-gulumse-yeter","tag-icerde","tag-no-309","tag-nurgul-yesilcay","tag-seckin-ozdemir","tag-tns-olcumleri","tag-yuksek-sosyete"],"views":2982,"blog_post_layout_featured_media_urls":{"thumbnail":["https:\/\/balcilar-blog.com\/wp-content\/uploads\/2016\/09\/cats-12-eyl\u00fcl-150x150.jpg",150,150,true],"full":["https:\/\/balcilar-blog.com\/wp-content\/uploads\/2016\/09\/cats-12-eyl\u00fcl.jpg",640,423,false]},"categories_names":{"2":{"name":"TV Programlar\u0131","link":"https:\/\/balcilar-blog.com\/?cat=2"}},"tags_names":{"1206":{"name":"Bana Sevmeyi Anlat","link":"https:\/\/balcilar-blog.com\/?tag=bana-sevmeyi-anlat"},"1215":{"name":"Bodrum Masal\u0131","link":"https:\/\/balcilar-blog.com\/?tag=bodrum-masali"},"15":{"name":"\u00e7a\u011fatay ulusoy","link":"https:\/\/balcilar-blog.com\/?tag=cagatay-ulusoy"},"712":{"name":"Dizi reytingleri","link":"https:\/\/balcilar-blog.com\/?tag=dizi-reytingleri"},"1207":{"name":"G\u00fcl\u00fcmse Yeter","link":"https:\/\/balcilar-blog.com\/?tag=gulumse-yeter"},"1219":{"name":"\u0130\u00c7ERDE","link":"https:\/\/balcilar-blog.com\/?tag=icerde"},"1241":{"name":"No.309","link":"https:\/\/balcilar-blog.com\/?tag=no-309"},"559":{"name":"Nurg\u00fcl Ye\u015fil\u00e7ay","link":"https:\/\/balcilar-blog.com\/?tag=nurgul-yesilcay"},"254":{"name":"Se\u00e7kin \u00d6zdemir","link":"https:\/\/balcilar-blog.com\/?tag=seckin-ozdemir"},"530":{"name":"TNS \u00f6l\u00e7\u00fcmleri","link":"https:\/\/balcilar-blog.com\/?tag=tns-olcumleri"},"1138":{"name":"Y\u00fcksek Sosyete","link":"https:\/\/balcilar-blog.com\/?tag=yuksek-sosyete"}},"comments_number":"0","wpmagazine_modules_lite_featured_media_urls":{"thumbnail":["https:\/\/balcilar-blog.com\/wp-content\/uploads\/2016\/09\/cats-12-eyl\u00fcl-150x150.jpg",150,150,true],"cvmm-medium":["https:\/\/balcilar-blog.com\/wp-content\/uploads\/2016\/09\/cats-12-eyl\u00fcl.jpg",300,198,false],"cvmm-medium-plus":["https:\/\/balcilar-blog.com\/wp-content\/uploads\/2016\/09\/cats-12-eyl\u00fcl.jpg",305,202,false],"cvmm-portrait":["https:\/\/balcilar-blog.com\/wp-content\/uploads\/2016\/09\/cats-12-eyl\u00fcl.jpg",400,264,false],"cvmm-medium-square":["https:\/\/balcilar-blog.com\/wp-content\/uploads\/2016\/09\/cats-12-eyl\u00fcl.jpg",600,397,false],"cvmm-large":["https:\/\/balcilar-blog.com\/wp-content\/uploads\/2016\/09\/cats-12-eyl\u00fcl.jpg",640,423,false],"cvmm-small":["https:\/\/balcilar-blog.com\/wp-content\/uploads\/2016\/09\/cats-12-eyl\u00fcl.jpg",130,86,false],"full":["https:\/\/balcilar-blog.com\/wp-content\/uploads\/2016\/09\/cats-12-eyl\u00fcl.jpg",640,423,false]},"_links":{"self":[{"href":"https:\/\/balcilar-blog.com\/index.php?rest_route=\/wp\/v2\/posts\/15320","targetHints":{"allow":["GET"]}}],"collection":[{"href":"https:\/\/balcilar-blog.com\/index.php?rest_route=\/wp\/v2\/posts"}],"about":[{"href":"https:\/\/balcilar-blog.com\/index.php?rest_route=\/wp\/v2\/types\/post"}],"author":[{"embeddable":true,"href":"https:\/\/balcilar-blog.com\/index.php?rest_route=\/wp\/v2\/users\/3"}],"replies":[{"embeddable":true,"href":"https:\/\/balcilar-blog.com\/index.php?rest_route=%2Fwp%2Fv2%2Fcomments&post=15320"}],"version-history":[{"count":5,"href":"https:\/\/balcilar-blog.com\/index.php?rest_route=\/wp\/v2\/posts\/15320\/revisions"}],"predecessor-version":[{"id":15333,"href":"https:\/\/balcilar-blog.com\/index.php?rest_route=\/wp\/v2\/posts\/15320\/revisions\/15333"}],"wp:featuredmedia":[{"embeddable":true,"href":"https:\/\/balcilar-blog.com\/index.php?rest_route=\/wp\/v2\/media\/15332"}],"wp:attachment":[{"href":"https:\/\/balcilar-blog.com\/index.php?rest_route=%2Fwp%2Fv2%2Fmedia&parent=15320"}],"wp:term":[{"taxonomy":"category","embeddable":true,"href":"https:\/\/balcilar-blog.com\/index.php?rest_route=%2Fwp%2Fv2%2Fcategories&post=15320"},{"taxonomy":"post_tag","embeddable":true,"href":"https:\/\/balcilar-blog.com\/index.php?rest_route=%2Fwp%2Fv2%2Ftags&post=15320"}],"curies":[{"name":"wp","href":"https:\/\/api.w.org\/{rel}","templated":true}]}}