{"id":15290,"date":"2016-09-10T14:40:37","date_gmt":"2016-09-10T11:40:37","guid":{"rendered":"http:\/\/balcilar-blog.com\/?p=15290"},"modified":"2016-09-10T14:57:45","modified_gmt":"2016-09-10T11:57:45","slug":"cuma-aksamlarinin-vazgecilmezi-geceniz-reyting-rekortmeni","status":"publish","type":"post","link":"https:\/\/balcilar-blog.com\/?p=15290","title":{"rendered":"Cuma ak\u015famlar\u0131n\u0131n vazge\u00e7ilmezi, geceniz reyting rekortmeni!"},"content":{"rendered":"<p class=\"x_inbox-inbox-MsoNormal\" align=\"center\"><img loading=\"lazy\" decoding=\"async\" class=\"alignnone size-full wp-image-15291\" src=\"http:\/\/balcilar-blog.com\/wp-content\/uploads\/2016\/09\/BANA-SEVMEY\u0130-ANLAT-3-BOLUM-24.jpg\" alt=\"bana-sevmeyi-anlat-3-bolum-24\" width=\"640\" height=\"377\" srcset=\"https:\/\/balcilar-blog.com\/wp-content\/uploads\/2016\/09\/BANA-SEVMEY\u0130-ANLAT-3-BOLUM-24.jpg 640w, https:\/\/balcilar-blog.com\/wp-content\/uploads\/2016\/09\/BANA-SEVMEY\u0130-ANLAT-3-BOLUM-24-300x177.jpg 300w\" sizes=\"auto, (max-width: 640px) 100vw, 640px\" \/><\/p>\n<p class=\"x_inbox-inbox-MsoNormal\" align=\"center\"><b>\u00a0<\/b><\/p>\n<p>&#8220;Bana Sevmeyi Anlat&#8221; Cuma ak\u015famlar\u0131n\u0131n vazge\u00e7ilmezi oldu\u011fu gibi, ayn\u0131 zamanda gecenin reyting rekortmeni.<\/p>\n<p>Ay Yap\u0131m imzal\u0131, Kadir Do\u011fulu, Seda Bakan, Mustafa \u00dcst\u00fcnda\u011f ve Dolunay Soysert&#8217;in ba\u015frollerini payla\u015ft\u0131\u011f\u0131 &#8220;Bana Sevmeyi Anlat&#8221; yay\u0131nland\u0131\u011f\u0131 ilk b\u00f6l\u00fcmden itibaren izleyenlerin g\u00f6nl\u00fcne taht kurdu. \u0130kinci b\u00f6l\u00fcm\u00fcyle ratingini yakla\u015f\u0131k iki kat\u0131na \u00e7\u0131kararak zirveye yerle\u015fen Bana Sevmeyi Anlat, d\u00fcn ak\u015fam ekrana gelen 3. b\u00f6l\u00fcm\u00fcyle de t\u00fcm kategorilerde birinci olarak zirvedeki yerini korudu.<\/p>\n<p>Total&#8217;de 6,08 &#8211; 20,98 reyting puan\u0131 alan sevilen dizi, AB&#8217;de 6,02 &#8211; 22,97 puan ald\u0131 ve her iki kategoride gecenin ilk s\u0131ras\u0131nda yer ald\u0131.<\/p>\n<p>Cuma ak\u015famlar\u0131n\u0131n vazge\u00e7ilmezi olan Bana Sevmeyi Anlat, sosyal medyada da en \u00e7ok konu\u015fulan konulardan biri oldu.<\/p>\n<p><img loading=\"lazy\" decoding=\"async\" class=\"alignnone size-full wp-image-15293\" src=\"http:\/\/balcilar-blog.com\/wp-content\/uploads\/2016\/09\/BANA-SEVMEY\u0130-ANLAT-3-BOLUM-12.jpg\" alt=\"bana-sevmeyi-anlat-3-bolum-12\" width=\"640\" height=\"373\" srcset=\"https:\/\/balcilar-blog.com\/wp-content\/uploads\/2016\/09\/BANA-SEVMEY\u0130-ANLAT-3-BOLUM-12.jpg 640w, https:\/\/balcilar-blog.com\/wp-content\/uploads\/2016\/09\/BANA-SEVMEY\u0130-ANLAT-3-BOLUM-12-300x175.jpg 300w\" sizes=\"auto, (max-width: 640px) 100vw, 640px\" \/><\/p>\n<p>Art\u0131k birbirlerini tan\u0131maya ba\u015flayan Alper (Kadir Do\u011fulu) ve Leyla&#8217;n\u0131n (Seda Bakan) yak\u0131nla\u015fmalar\u0131 ekrana geldi\u011fi son b\u00f6l\u00fcmde, Canan\u2019n\u0131n (Dolunay Soysert) Leyla\u2019n\u0131n annesi oldu\u011funun ortaya \u00e7\u0131kmas\u0131 \u015fok etkisi yaratt\u0131.<\/p>\n<p><img loading=\"lazy\" decoding=\"async\" class=\"alignnone size-full wp-image-15292\" src=\"http:\/\/balcilar-blog.com\/wp-content\/uploads\/2016\/09\/BANA-SEVMEY\u0130-ANLAT-3-BOLUM-1.jpg\" alt=\"bana-sevmeyi-anlat-3-bolum-1\" width=\"640\" height=\"427\" srcset=\"https:\/\/balcilar-blog.com\/wp-content\/uploads\/2016\/09\/BANA-SEVMEY\u0130-ANLAT-3-BOLUM-1.jpg 640w, https:\/\/balcilar-blog.com\/wp-content\/uploads\/2016\/09\/BANA-SEVMEY\u0130-ANLAT-3-BOLUM-1-300x200.jpg 300w\" sizes=\"auto, (max-width: 640px) 100vw, 640px\" \/><\/p>\n<p>Ha\u015fmet\u2019ten ka\u00e7an Leyla\u2019n\u0131n, Alper\u2019le birlikte Engin\u2019e yakaland\u0131\u011f\u0131 final sahnesi y\u00fcrekleri a\u011fza getirdi.<\/p>\n<p class=\"x_inbox-inbox-MsoNormal\" align=\"center\"><a href=\"https:\/\/www.youtube.com\/watch?v=IskxyuzkCLI\" target=\"_blank\">https:\/\/www.youtube.com\/watch?v=IskxyuzkCLI<\/a><\/p>\n<p>https:\/\/www.youtube.com\/watch?v=IskxyuzkCLI<\/p>\n<p>Y\u00f6netmenli\u011fini Mesude Eraslan&#8217;\u0131n, senaristli\u011fini Deniz Ak\u00e7ay&#8217;\u0131n \u00fcstlendi\u011fi Bana Sevmeyi Anlat Cuma ak\u015famlar\u0131 saat 20:00\u2019da FOX\u2019ta.<\/p>\n<p>Keyifli Seyirler.<\/p>\n<p>Sayg\u0131lar ve sevgiler.<\/p>\n<p>Abdurrahman Balc\u0131lar<\/p>\n<p>Twitter:\u00a0<a href=\"https:\/\/twitter.com\/abbalcilar\">abdurrahman balc\u0131lar<\/a><a href=\"https:\/\/twitter.com\/abbalcilar\"><strong>@abbalcilar<\/strong><\/a><\/p>\n<p>Mail :\u00a0<a href=\"mailto:ab.balcilar@hotmail.com\">ab.balcilar@hotmail.com<\/a><\/p>\n<p>Blog:\u00a0<a href=\"http:\/\/t.co\/znqmIZgIqn\">blog.milliyet.com.tr\/cansever<\/a><\/p>\n<p>Blog:\u00a0<strong>balcilar-blog.com<\/strong><\/p>\n<p>Not: Haber ve g\u00f6rseller Persona Sanat Bas\u0131n B\u00fclteni.<\/p>\n<p class=\"x_inbox-inbox-MsoNormal\" align=\"center\">\n","protected":false},"excerpt":{"rendered":"<p>\u00a0 &#8220;Bana Sevmeyi Anlat&#8221; Cuma ak\u015famlar\u0131n\u0131n vazge\u00e7ilmezi oldu\u011fu gibi, ayn\u0131 zamanda gecenin reyting rekortmeni. Ay Yap\u0131m imzal\u0131, Kadir Do\u011fulu, Seda Bakan, Mustafa \u00dcst\u00fcnda\u011f ve Dolunay Soysert&#8217;in ba\u015frollerini payla\u015ft\u0131\u011f\u0131 &#8220;Bana Sevmeyi Anlat&#8221; yay\u0131nland\u0131\u011f\u0131 ilk b\u00f6l\u00fcmden itibaren izleyenlerin g\u00f6nl\u00fcne taht kurdu. \u0130kinci b\u00f6l\u00fcm\u00fcyle ratingini yakla\u015f\u0131k iki kat\u0131na \u00e7\u0131kararak zirveye yerle\u015fen Bana Sevmeyi Anlat, d\u00fcn ak\u015fam ekrana gelen [&hellip;]<\/p>\n","protected":false},"author":3,"featured_media":15291,"comment_status":"open","ping_status":"open","sticky":false,"template":"","format":"standard","meta":{"footnotes":""},"categories":[2],"tags":[26,1206,463,118,1025],"class_list":["post-15290","post","type-post","status-publish","format-standard","has-post-thumbnail","hentry","category-tv-programlari","tag-ay-yapim","tag-bana-sevmeyi-anlat","tag-fox","tag-kadir-dogulu","tag-seda-bakan"],"views":2775,"blog_post_layout_featured_media_urls":{"thumbnail":["https:\/\/balcilar-blog.com\/wp-content\/uploads\/2016\/09\/BANA-SEVMEY\u0130-ANLAT-3-BOLUM-24-150x150.jpg",150,150,true],"full":["https:\/\/balcilar-blog.com\/wp-content\/uploads\/2016\/09\/BANA-SEVMEY\u0130-ANLAT-3-BOLUM-24.jpg",640,377,false]},"categories_names":{"2":{"name":"TV Programlar\u0131","link":"https:\/\/balcilar-blog.com\/?cat=2"}},"tags_names":{"26":{"name":"Ay Yap\u0131m","link":"https:\/\/balcilar-blog.com\/?tag=ay-yapim"},"1206":{"name":"Bana Sevmeyi Anlat","link":"https:\/\/balcilar-blog.com\/?tag=bana-sevmeyi-anlat"},"463":{"name":"Fox","link":"https:\/\/balcilar-blog.com\/?tag=fox"},"118":{"name":"Kadir Do\u011fulu","link":"https:\/\/balcilar-blog.com\/?tag=kadir-dogulu"},"1025":{"name":"Seda Bakan","link":"https:\/\/balcilar-blog.com\/?tag=seda-bakan"}},"comments_number":"0","wpmagazine_modules_lite_featured_media_urls":{"thumbnail":["https:\/\/balcilar-blog.com\/wp-content\/uploads\/2016\/09\/BANA-SEVMEY\u0130-ANLAT-3-BOLUM-24-150x150.jpg",150,150,true],"cvmm-medium":["https:\/\/balcilar-blog.com\/wp-content\/uploads\/2016\/09\/BANA-SEVMEY\u0130-ANLAT-3-BOLUM-24.jpg",300,177,false],"cvmm-medium-plus":["https:\/\/balcilar-blog.com\/wp-content\/uploads\/2016\/09\/BANA-SEVMEY\u0130-ANLAT-3-BOLUM-24.jpg",305,180,false],"cvmm-portrait":["https:\/\/balcilar-blog.com\/wp-content\/uploads\/2016\/09\/BANA-SEVMEY\u0130-ANLAT-3-BOLUM-24.jpg",400,236,false],"cvmm-medium-square":["https:\/\/balcilar-blog.com\/wp-content\/uploads\/2016\/09\/BANA-SEVMEY\u0130-ANLAT-3-BOLUM-24.jpg",600,353,false],"cvmm-large":["https:\/\/balcilar-blog.com\/wp-content\/uploads\/2016\/09\/BANA-SEVMEY\u0130-ANLAT-3-BOLUM-24.jpg",640,377,false],"cvmm-small":["https:\/\/balcilar-blog.com\/wp-content\/uploads\/2016\/09\/BANA-SEVMEY\u0130-ANLAT-3-BOLUM-24.jpg",130,77,false],"full":["https:\/\/balcilar-blog.com\/wp-content\/uploads\/2016\/09\/BANA-SEVMEY\u0130-ANLAT-3-BOLUM-24.jpg",640,377,false]},"_links":{"self":[{"href":"https:\/\/balcilar-blog.com\/index.php?rest_route=\/wp\/v2\/posts\/15290","targetHints":{"allow":["GET"]}}],"collection":[{"href":"https:\/\/balcilar-blog.com\/index.php?rest_route=\/wp\/v2\/posts"}],"about":[{"href":"https:\/\/balcilar-blog.com\/index.php?rest_route=\/wp\/v2\/types\/post"}],"author":[{"embeddable":true,"href":"https:\/\/balcilar-blog.com\/index.php?rest_route=\/wp\/v2\/users\/3"}],"replies":[{"embeddable":true,"href":"https:\/\/balcilar-blog.com\/index.php?rest_route=%2Fwp%2Fv2%2Fcomments&post=15290"}],"version-history":[{"count":3,"href":"https:\/\/balcilar-blog.com\/index.php?rest_route=\/wp\/v2\/posts\/15290\/revisions"}],"predecessor-version":[{"id":15296,"href":"https:\/\/balcilar-blog.com\/index.php?rest_route=\/wp\/v2\/posts\/15290\/revisions\/15296"}],"wp:featuredmedia":[{"embeddable":true,"href":"https:\/\/balcilar-blog.com\/index.php?rest_route=\/wp\/v2\/media\/15291"}],"wp:attachment":[{"href":"https:\/\/balcilar-blog.com\/index.php?rest_route=%2Fwp%2Fv2%2Fmedia&parent=15290"}],"wp:term":[{"taxonomy":"category","embeddable":true,"href":"https:\/\/balcilar-blog.com\/index.php?rest_route=%2Fwp%2Fv2%2Fcategories&post=15290"},{"taxonomy":"post_tag","embeddable":true,"href":"https:\/\/balcilar-blog.com\/index.php?rest_route=%2Fwp%2Fv2%2Ftags&post=15290"}],"curies":[{"name":"wp","href":"https:\/\/api.w.org\/{rel}","templated":true}]}}