{"id":15274,"date":"2016-09-09T16:44:41","date_gmt":"2016-09-09T13:44:41","guid":{"rendered":"http:\/\/balcilar-blog.com\/?p=15274"},"modified":"2016-09-09T17:00:43","modified_gmt":"2016-09-09T14:00:43","slug":"kivanc-tatlitug-tuba-buyukustun-ruya-ikili-gorundu","status":"publish","type":"post","link":"https:\/\/balcilar-blog.com\/?p=15274","title":{"rendered":"K\u0131van\u00e7 Tatl\u0131tu\u011f &#038; Tuba B\u00fcy\u00fck\u00fcst\u00fcn \/ R\u00fcya \u0130kili g\u00f6r\u00fcnd\u00fc!"},"content":{"rendered":"<div tabindex=\"-1\">\n<div tabindex=\"-1\">\n<div tabindex=\"0\">\n<div class=\"_rp_25\" tabindex=\"-1\">\n<div class=\"_rp_J4 ms-border-color-neutralLight ShowReferenceAttachmentsLinks\" tabindex=\"-1\">\n<div class=\"_rp_V4\">\n<div>\n<div id=\"Item.MessagePartBody\" class=\"_rp_L4\">\n<div id=\"Item.MessageUniqueBody\" class=\"_rp_M4 ms-font-weight-regular ms-font-color-neutralDark rpHighlightAllClass rpHighlightBodyClass\" tabindex=\"0\">\n<div class=\"rps_eda9\">\n<div dir=\"ltr\">\n<p><img loading=\"lazy\" decoding=\"async\" class=\"alignnone size-full wp-image-15275\" src=\"http:\/\/balcilar-blog.com\/wp-content\/uploads\/2016\/09\/cesur-ve-g\u00fczel.jpg\" alt=\"cesur-ve-guzel\" width=\"427\" height=\"640\" srcset=\"https:\/\/balcilar-blog.com\/wp-content\/uploads\/2016\/09\/cesur-ve-g\u00fczel.jpg 427w, https:\/\/balcilar-blog.com\/wp-content\/uploads\/2016\/09\/cesur-ve-g\u00fczel-200x300.jpg 200w\" sizes=\"auto, (max-width: 427px) 100vw, 427px\" \/><\/p>\n<p>CESUR VE G\u00dcZEL HEYECAN YARATTI!<\/p>\n<p>R\u00dcYA \u0130K\u0130L\u0130 G\u00d6R\u00dcND\u00dc!<\/p>\n<p>Ay Yap\u0131m imzal\u0131 &#8220;Cesur ve G\u00fczel&#8221; in ba\u015frol oyuncular\u0131 K\u0131van\u00e7 Tatl\u0131tu\u011f ve Tuba B\u00fcy\u00fck\u00fcst\u00fcn, Star TV&#8217;nin yay\u0131nlanan yeni sezon tan\u0131t\u0131m filmiyle ilk kez bir arada ekrana geldi.<\/p>\n<p>Cesur ve G\u00fczel adl\u0131 diziyle ekranlara geri d\u00f6necek olan ikilinin ilk karesi sosyal medyada bomba etkisi yaratt\u0131. \u0130kiliyi r\u00fcya \u00e7ift olarak yorumlayan izleyenler dizinin yay\u0131n\u0131 i\u00e7in sab\u0131rs\u0131zland\u0131klar\u0131n\u0131 dile getirdiler.<\/p>\n<p>Senaristli\u011fini Ece Y\u00f6ren\u00e7&#8217;in \u00fcstlendi\u011fi Cesur ve G\u00fczel&#8217;in \u00e7al\u0131\u015fmalar\u0131 t\u00fcm h\u0131z\u0131yla devam ediyor. Daha \u00f6nce senaryoyu kod ad\u0131 &#8220;Siyah Beyaz&#8221; olarak Eylem Canpolat &#8211; Sema Ergenekon yaz\u0131yordu. Bayramdan sonra \u00e7ekimleri h\u0131zla ba\u015flayacak olan dizi, Ekim ay\u0131ndan itibaren Star Tv ekranlar\u0131nda olacak. Cesur ve G\u00fczel dizisinin m\u00fcziklerini Toygar I\u015f\u0131kl\u0131 yap\u0131yor. Diziyi izlerken ayn\u0131 zamanda kula\u011f\u0131n\u0131z\u0131n pas\u0131 silinecek.<\/p>\n<p><img loading=\"lazy\" decoding=\"async\" class=\"alignnone size-full wp-image-15276\" src=\"http:\/\/balcilar-blog.com\/wp-content\/uploads\/2016\/09\/cesur-ve-guzel-oyunculari-730x411.jpg\" alt=\"cesur-ve-guzel-oyunculari-730x411\" width=\"640\" height=\"360\" srcset=\"https:\/\/balcilar-blog.com\/wp-content\/uploads\/2016\/09\/cesur-ve-guzel-oyunculari-730x411.jpg 640w, https:\/\/balcilar-blog.com\/wp-content\/uploads\/2016\/09\/cesur-ve-guzel-oyunculari-730x411-300x169.jpg 300w\" sizes=\"auto, (max-width: 640px) 100vw, 640px\" \/><\/p>\n<p>K\u0131van\u00e7 Tatl\u0131tu\u011f ile Tuba B\u00fcy\u00fck\u00fcst\u00fcn nas\u0131l bir iki olacaklar, inan\u0131n ben de \u00e7ok merak ediyorum.<\/p>\n<p>\u0130yi Seyirler.<\/p>\n<p>Sayg\u0131lar ve sevgiler.<\/p>\n<p>Abdurrahman Balc\u0131lar<\/p>\n<p>Twitter:\u00a0<a href=\"https:\/\/twitter.com\/abbalcilar\">abdurrahman balc\u0131lar<\/a><a href=\"https:\/\/twitter.com\/abbalcilar\"><strong>@abbalcilar<\/strong><\/a><\/p>\n<p>Mail :\u00a0<a href=\"mailto:ab.balcilar@hotmail.com\">ab.balcilar@hotmail.com<\/a><\/p>\n<p>Blog:\u00a0<a href=\"http:\/\/t.co\/znqmIZgIqn\">blog.milliyet.com.tr\/cansever<\/a><\/p>\n<p>Blog:\u00a0<strong>balcilar-blog.com<\/strong><\/p>\n<p>Not: Haber ve g\u00f6rseller Persona Sanat Bas\u0131n B\u00fclteni.<\/p>\n<p class=\"x_MsoNormal\">\n<\/div>\n<\/div>\n<\/div>\n<\/div>\n<\/div>\n<\/div>\n<\/div>\n<\/div>\n<\/div>\n<\/div>\n<div class=\"_rp_f\" tabindex=\"-1\">\n<div class=\"_qc_F ms-bg-color-white _qc_G\">\n<hr class=\"_qc_B\" \/>\n<div class=\"_qc_y ms-border-color-neutralLight _qc_z\" tabindex=\"-1\"><\/div>\n<\/div>\n<\/div>\n<\/div>\n","protected":false},"excerpt":{"rendered":"<p>CESUR VE G\u00dcZEL HEYECAN YARATTI! R\u00dcYA \u0130K\u0130L\u0130 G\u00d6R\u00dcND\u00dc! Ay Yap\u0131m imzal\u0131 &#8220;Cesur ve G\u00fczel&#8221; in ba\u015frol oyuncular\u0131 K\u0131van\u00e7 Tatl\u0131tu\u011f ve Tuba B\u00fcy\u00fck\u00fcst\u00fcn, Star TV&#8217;nin yay\u0131nlanan yeni sezon tan\u0131t\u0131m filmiyle ilk kez bir arada ekrana geldi. Cesur ve G\u00fczel adl\u0131 diziyle ekranlara geri d\u00f6necek olan ikilinin ilk karesi sosyal medyada bomba etkisi yaratt\u0131. \u0130kiliyi r\u00fcya \u00e7ift [&hellip;]<\/p>\n","protected":false},"author":3,"featured_media":15275,"comment_status":"open","ping_status":"open","sticky":false,"template":"","format":"standard","meta":{"footnotes":""},"categories":[2],"tags":[26,1225,29,80,25,305],"class_list":["post-15274","post","type-post","status-publish","format-standard","has-post-thumbnail","hentry","category-tv-programlari","tag-ay-yapim","tag-cesur-ve-guzel","tag-ece-yorenc","tag-kivanc-tatlitug","tag-star-tv","tag-tuba-buyukustun"],"views":2945,"blog_post_layout_featured_media_urls":{"thumbnail":["https:\/\/balcilar-blog.com\/wp-content\/uploads\/2016\/09\/cesur-ve-g\u00fczel-150x150.jpg",150,150,true],"full":["https:\/\/balcilar-blog.com\/wp-content\/uploads\/2016\/09\/cesur-ve-g\u00fczel.jpg",427,640,false]},"categories_names":{"2":{"name":"TV Programlar\u0131","link":"https:\/\/balcilar-blog.com\/?cat=2"}},"tags_names":{"26":{"name":"Ay Yap\u0131m","link":"https:\/\/balcilar-blog.com\/?tag=ay-yapim"},"1225":{"name":"Cesur ve G\u00fczel","link":"https:\/\/balcilar-blog.com\/?tag=cesur-ve-guzel"},"29":{"name":"Ece Y\u00f6ren\u00e7","link":"https:\/\/balcilar-blog.com\/?tag=ece-yorenc"},"80":{"name":"K\u0131van\u00e7 Tatl\u0131tu\u011f","link":"https:\/\/balcilar-blog.com\/?tag=kivanc-tatlitug"},"25":{"name":"Star Tv","link":"https:\/\/balcilar-blog.com\/?tag=star-tv"},"305":{"name":"Tuba B\u00fcy\u00fck\u00fcst\u00fcn","link":"https:\/\/balcilar-blog.com\/?tag=tuba-buyukustun"}},"comments_number":"0","wpmagazine_modules_lite_featured_media_urls":{"thumbnail":["https:\/\/balcilar-blog.com\/wp-content\/uploads\/2016\/09\/cesur-ve-g\u00fczel-150x150.jpg",150,150,true],"cvmm-medium":["https:\/\/balcilar-blog.com\/wp-content\/uploads\/2016\/09\/cesur-ve-g\u00fczel.jpg",200,300,false],"cvmm-medium-plus":["https:\/\/balcilar-blog.com\/wp-content\/uploads\/2016\/09\/cesur-ve-g\u00fczel.jpg",138,207,false],"cvmm-portrait":["https:\/\/balcilar-blog.com\/wp-content\/uploads\/2016\/09\/cesur-ve-g\u00fczel.jpg",400,600,false],"cvmm-medium-square":["https:\/\/balcilar-blog.com\/wp-content\/uploads\/2016\/09\/cesur-ve-g\u00fczel.jpg",400,600,false],"cvmm-large":["https:\/\/balcilar-blog.com\/wp-content\/uploads\/2016\/09\/cesur-ve-g\u00fczel.jpg",427,640,false],"cvmm-small":["https:\/\/balcilar-blog.com\/wp-content\/uploads\/2016\/09\/cesur-ve-g\u00fczel.jpg",63,95,false],"full":["https:\/\/balcilar-blog.com\/wp-content\/uploads\/2016\/09\/cesur-ve-g\u00fczel.jpg",427,640,false]},"_links":{"self":[{"href":"https:\/\/balcilar-blog.com\/index.php?rest_route=\/wp\/v2\/posts\/15274","targetHints":{"allow":["GET"]}}],"collection":[{"href":"https:\/\/balcilar-blog.com\/index.php?rest_route=\/wp\/v2\/posts"}],"about":[{"href":"https:\/\/balcilar-blog.com\/index.php?rest_route=\/wp\/v2\/types\/post"}],"author":[{"embeddable":true,"href":"https:\/\/balcilar-blog.com\/index.php?rest_route=\/wp\/v2\/users\/3"}],"replies":[{"embeddable":true,"href":"https:\/\/balcilar-blog.com\/index.php?rest_route=%2Fwp%2Fv2%2Fcomments&post=15274"}],"version-history":[{"count":3,"href":"https:\/\/balcilar-blog.com\/index.php?rest_route=\/wp\/v2\/posts\/15274\/revisions"}],"predecessor-version":[{"id":15279,"href":"https:\/\/balcilar-blog.com\/index.php?rest_route=\/wp\/v2\/posts\/15274\/revisions\/15279"}],"wp:featuredmedia":[{"embeddable":true,"href":"https:\/\/balcilar-blog.com\/index.php?rest_route=\/wp\/v2\/media\/15275"}],"wp:attachment":[{"href":"https:\/\/balcilar-blog.com\/index.php?rest_route=%2Fwp%2Fv2%2Fmedia&parent=15274"}],"wp:term":[{"taxonomy":"category","embeddable":true,"href":"https:\/\/balcilar-blog.com\/index.php?rest_route=%2Fwp%2Fv2%2Fcategories&post=15274"},{"taxonomy":"post_tag","embeddable":true,"href":"https:\/\/balcilar-blog.com\/index.php?rest_route=%2Fwp%2Fv2%2Ftags&post=15274"}],"curies":[{"name":"wp","href":"https:\/\/api.w.org\/{rel}","templated":true}]}}