{"id":15260,"date":"2016-09-09T12:48:18","date_gmt":"2016-09-09T09:48:18","guid":{"rendered":"http:\/\/balcilar-blog.com\/?p=15260"},"modified":"2016-09-09T22:18:57","modified_gmt":"2016-09-09T19:18:57","slug":"cagatay-kivanc-dostlugu-allah-muhabbetlerini-arttirsin","status":"publish","type":"post","link":"https:\/\/balcilar-blog.com\/?p=15260","title":{"rendered":"\u00c7a\u011fatay Ulusoy &#8211; K\u0131van\u00e7 Tatl\u0131tu\u011f dostlu\u011fu&#8230; Allah muhabbetlerini artt\u0131rs\u0131n!"},"content":{"rendered":"<p><img loading=\"lazy\" decoding=\"async\" class=\"alignnone size-full wp-image-15269\" src=\"http:\/\/balcilar-blog.com\/wp-content\/uploads\/2016\/09\/cats-K.T-\u00c7.U..jpg\" alt=\"cats-k-t-c-u\" width=\"640\" height=\"460\" srcset=\"https:\/\/balcilar-blog.com\/wp-content\/uploads\/2016\/09\/cats-K.T-\u00c7.U..jpg 640w, https:\/\/balcilar-blog.com\/wp-content\/uploads\/2016\/09\/cats-K.T-\u00c7.U.-300x216.jpg 300w\" sizes=\"auto, (max-width: 640px) 100vw, 640px\" \/><\/p>\n<p><span style=\"color: #ff0000;\"><strong>\u00c7a\u011fatay Ulusoy<\/strong><\/span> ile <span style=\"color: #ff0000;\"><strong>K\u0131van\u00e7 Tatl\u0131tu\u011f<\/strong><\/span> dostlu\u011fu devam ediyor. <span style=\"color: #0000ff;\"><strong>Los Angeles bulu\u015fmas\u0131<\/strong><\/span>, ard\u0131ndan <span style=\"color: #0000ff;\"><strong>Marmaris tekne gezisi<\/strong><\/span> ile devam eden dostluk, \u00f6nceki ak\u015fam Beyo\u011flu&#8217;ndaki Soho House mekanda devam etti. K\u0131van\u00e7 Tatl\u0131tu\u011f e\u015fi Ba\u015fak Dizer ile kat\u0131ld\u0131\u011f\u0131 yemekte, Ulusoy ile yeni projeleri \u00fczerinde sohbet ettiler. <span style=\"color: #0000ff;\"><strong>Ay Yap\u0131m<\/strong><\/span>&#8216;\u0131n bu iki j\u00f6n\u00fc, olduk\u00e7a keyifli ge\u00e7en yemekten sonra, Tatl\u0131tu\u011f ve e\u015fi Ba\u015fak Han\u0131m mekandan el ele ayr\u0131lm\u0131\u015flar.<\/p>\n<p><img loading=\"lazy\" decoding=\"async\" class=\"alignnone size-full wp-image-15266\" src=\"http:\/\/balcilar-blog.com\/wp-content\/uploads\/2016\/09\/kivanc-tatli-054628QV.jpg\" alt=\"kivanc-tatli-054628qv\" width=\"480\" height=\"556\" srcset=\"https:\/\/balcilar-blog.com\/wp-content\/uploads\/2016\/09\/kivanc-tatli-054628QV.jpg 480w, https:\/\/balcilar-blog.com\/wp-content\/uploads\/2016\/09\/kivanc-tatli-054628QV-259x300.jpg 259w\" sizes=\"auto, (max-width: 480px) 100vw, 480px\" \/><\/p>\n<p><span style=\"color: #ff0000;\"><strong>\u00c7a\u011fatay Ulusoy<\/strong><\/span> ise yeni dizisi &#8220;<span style=\"color: #0000ff;\"><strong>\u0130\u00e7erde<\/strong><\/span>&#8221; i\u00e7in sa\u00e7lar\u0131n\u0131 \u00fc\u00e7 numaraya vurdurmu\u015ftu. \u015eapka takmayan Ulusoy, son derece rahat tav\u0131rlar\u0131 ve yeni imaj\u0131 ile dikkati \u00e7ekti. Dizinin ilk b\u00f6l\u00fcm\u00fcndeki mezuniyet t\u00f6reni i\u00e7in sakal\u0131n\u0131 tamamen kesen Ulusoy, sonraki b\u00f6l\u00fcmler i\u00e7in sakal\u0131n\u0131 tekrar uzatmaya ba\u015flad\u0131. Kirli sakan ile g\u00f6r\u00fcnt\u00fclenen \u00c7a\u011fatay&#8217;\u0131n elinde cep telefonu ile etrafa g\u00fcl\u00fcc\u00fckler da\u011f\u0131tt\u0131\u011f\u0131, son derece moralli oldu\u011fu dikkatlerden ka\u00e7mad\u0131. Zira\u00a0yeni dizisi &#8216;\u0130\u00c7ERDE&#8217; ile <span style=\"color: #0000ff;\"><strong>19 Eyl\u00fcl Pazartesi ak\u015fam\u0131 SHOW TV<\/strong><\/span>\u2019de hayranlar\u0131n\u0131n kar\u015f\u0131s\u0131na \u00e7\u0131kmaya haz\u0131rlan\u0131yor.<\/p>\n<p><img loading=\"lazy\" decoding=\"async\" class=\"alignnone size-full wp-image-15263\" src=\"http:\/\/balcilar-blog.com\/wp-content\/uploads\/2016\/09\/CrsfreKW8AAcrko.jpg\" alt=\"crsfrekw8aacrko\" width=\"640\" height=\"441\" srcset=\"https:\/\/balcilar-blog.com\/wp-content\/uploads\/2016\/09\/CrsfreKW8AAcrko.jpg 640w, https:\/\/balcilar-blog.com\/wp-content\/uploads\/2016\/09\/CrsfreKW8AAcrko-300x207.jpg 300w\" sizes=\"auto, (max-width: 640px) 100vw, 640px\" \/><\/p>\n<p>Daha sonra kar\u015f\u0131da bekleyen arabas\u0131na do\u011fru y\u00fcr\u00fcd\u00fc.<\/p>\n<p><img loading=\"lazy\" decoding=\"async\" class=\"alignnone size-full wp-image-15262\" src=\"http:\/\/balcilar-blog.com\/wp-content\/uploads\/2016\/09\/CrrSLQ_WEAAzcpU.jpg\" alt=\"crrslq_weaazcpu\" width=\"480\" height=\"615\" srcset=\"https:\/\/balcilar-blog.com\/wp-content\/uploads\/2016\/09\/CrrSLQ_WEAAzcpU.jpg 480w, https:\/\/balcilar-blog.com\/wp-content\/uploads\/2016\/09\/CrrSLQ_WEAAzcpU-234x300.jpg 234w\" sizes=\"auto, (max-width: 480px) 100vw, 480px\" \/><\/p>\n<p>\u015eof\u00f6r\u00fcn\u00fcn kulland\u0131\u011f\u0131 arabas\u0131n\u0131n \u00f6n koltu\u011funa oturdu.<\/p>\n<p><img loading=\"lazy\" decoding=\"async\" class=\"alignnone size-full wp-image-15261\" src=\"http:\/\/balcilar-blog.com\/wp-content\/uploads\/2016\/09\/CrrSLPkWgAA4PV2.jpg\" alt=\"crrslpkwgaa4pv2\" width=\"449\" height=\"640\" srcset=\"https:\/\/balcilar-blog.com\/wp-content\/uploads\/2016\/09\/CrrSLPkWgAA4PV2.jpg 449w, https:\/\/balcilar-blog.com\/wp-content\/uploads\/2016\/09\/CrrSLPkWgAA4PV2-210x300.jpg 210w\" sizes=\"auto, (max-width: 449px) 100vw, 449px\" \/><\/p>\n<p>Menajeri Engin Aykanat da araban\u0131n arka koltu\u011funda oldu\u011fu g\u00f6r\u00fcld\u00fc.<\/p>\n<p><img loading=\"lazy\" decoding=\"async\" class=\"alignnone size-full wp-image-15267\" src=\"http:\/\/balcilar-blog.com\/wp-content\/uploads\/2016\/09\/kivanc-tatli-054628KX.jpg\" alt=\"kivanc-tatli-054628kx\" width=\"640\" height=\"444\" srcset=\"https:\/\/balcilar-blog.com\/wp-content\/uploads\/2016\/09\/kivanc-tatli-054628KX.jpg 640w, https:\/\/balcilar-blog.com\/wp-content\/uploads\/2016\/09\/kivanc-tatli-054628KX-300x208.jpg 300w\" sizes=\"auto, (max-width: 640px) 100vw, 640px\" \/><\/p>\n<p>Daha sonra evinin yolunu tuttu. Ne diyelim K\u0131van\u00e7 Tatl\u0131tu\u011f ile \u00c7a\u011fatay Ulusoy&#8217;un bu dostlu\u011funu kimse bozmas\u0131n.<\/p>\n<p>Allah muhabbetlerini art\u0131rs\u0131n diyelim.<\/p>\n<p>Sayg\u0131lar ve sevgiler.<\/p>\n<p>Abdurrahman Balc\u0131lar<\/p>\n<p>Twitter:\u00a0<a href=\"https:\/\/twitter.com\/abbalcilar\">abdurrahman balc\u0131lar<\/a><a href=\"https:\/\/twitter.com\/abbalcilar\"><strong>@abbalcilar<\/strong><\/a><\/p>\n<p>Mail :\u00a0<a href=\"mailto:ab.balcilar@hotmail.com\">ab.balcilar@hotmail.com<\/a><\/p>\n<p>Blog:\u00a0<a href=\"http:\/\/t.co\/znqmIZgIqn\">blog.milliyet.com.tr\/cansever<\/a><\/p>\n<p>Blog:\u00a0<strong>balcilar-blog.com<\/strong><\/p>\n<p>&nbsp;<\/p>\n<p class=\"selectionShareable\">Not: Kaynak Habert\u00fcrk Magazin&#8217;den Serkan \u00d6zt\u00fcrk&#8217;\u00fcn haberi.<\/p>\n","protected":false},"excerpt":{"rendered":"<p>\u00c7a\u011fatay Ulusoy ile K\u0131van\u00e7 Tatl\u0131tu\u011f dostlu\u011fu devam ediyor. Los Angeles bulu\u015fmas\u0131, ard\u0131ndan Marmaris tekne gezisi ile devam eden dostluk, \u00f6nceki ak\u015fam Beyo\u011flu&#8217;ndaki Soho House mekanda devam etti. K\u0131van\u00e7 Tatl\u0131tu\u011f e\u015fi Ba\u015fak Dizer ile kat\u0131ld\u0131\u011f\u0131 yemekte, Ulusoy ile yeni projeleri \u00fczerinde sohbet ettiler. Ay Yap\u0131m&#8216;\u0131n bu iki j\u00f6n\u00fc, olduk\u00e7a keyifli ge\u00e7en yemekten sonra, Tatl\u0131tu\u011f ve e\u015fi [&hellip;]<\/p>\n","protected":false},"author":3,"featured_media":15269,"comment_status":"open","ping_status":"open","sticky":false,"template":"","format":"standard","meta":{"footnotes":""},"categories":[7],"tags":[26,15,1238,1219,80,35],"class_list":["post-15260","post","type-post","status-publish","format-standard","has-post-thumbnail","hentry","category-magazin","tag-ay-yapim","tag-cagatay-ulusoy","tag-dostluk","tag-icerde","tag-kivanc-tatlitug","tag-show-tv"],"views":5513,"blog_post_layout_featured_media_urls":{"thumbnail":["https:\/\/balcilar-blog.com\/wp-content\/uploads\/2016\/09\/cats-K.T-\u00c7.U.-150x150.jpg",150,150,true],"full":["https:\/\/balcilar-blog.com\/wp-content\/uploads\/2016\/09\/cats-K.T-\u00c7.U..jpg",640,460,false]},"categories_names":{"7":{"name":"Magazin","link":"https:\/\/balcilar-blog.com\/?cat=7"}},"tags_names":{"26":{"name":"Ay Yap\u0131m","link":"https:\/\/balcilar-blog.com\/?tag=ay-yapim"},"15":{"name":"\u00e7a\u011fatay ulusoy","link":"https:\/\/balcilar-blog.com\/?tag=cagatay-ulusoy"},"1238":{"name":"Dostluk","link":"https:\/\/balcilar-blog.com\/?tag=dostluk"},"1219":{"name":"\u0130\u00c7ERDE","link":"https:\/\/balcilar-blog.com\/?tag=icerde"},"80":{"name":"K\u0131van\u00e7 Tatl\u0131tu\u011f","link":"https:\/\/balcilar-blog.com\/?tag=kivanc-tatlitug"},"35":{"name":"Show Tv","link":"https:\/\/balcilar-blog.com\/?tag=show-tv"}},"comments_number":"0","wpmagazine_modules_lite_featured_media_urls":{"thumbnail":["https:\/\/balcilar-blog.com\/wp-content\/uploads\/2016\/09\/cats-K.T-\u00c7.U.-150x150.jpg",150,150,true],"cvmm-medium":["https:\/\/balcilar-blog.com\/wp-content\/uploads\/2016\/09\/cats-K.T-\u00c7.U..jpg",300,216,false],"cvmm-medium-plus":["https:\/\/balcilar-blog.com\/wp-content\/uploads\/2016\/09\/cats-K.T-\u00c7.U..jpg",288,207,false],"cvmm-portrait":["https:\/\/balcilar-blog.com\/wp-content\/uploads\/2016\/09\/cats-K.T-\u00c7.U..jpg",400,288,false],"cvmm-medium-square":["https:\/\/balcilar-blog.com\/wp-content\/uploads\/2016\/09\/cats-K.T-\u00c7.U..jpg",600,431,false],"cvmm-large":["https:\/\/balcilar-blog.com\/wp-content\/uploads\/2016\/09\/cats-K.T-\u00c7.U..jpg",640,460,false],"cvmm-small":["https:\/\/balcilar-blog.com\/wp-content\/uploads\/2016\/09\/cats-K.T-\u00c7.U..jpg",130,93,false],"full":["https:\/\/balcilar-blog.com\/wp-content\/uploads\/2016\/09\/cats-K.T-\u00c7.U..jpg",640,460,false]},"_links":{"self":[{"href":"https:\/\/balcilar-blog.com\/index.php?rest_route=\/wp\/v2\/posts\/15260","targetHints":{"allow":["GET"]}}],"collection":[{"href":"https:\/\/balcilar-blog.com\/index.php?rest_route=\/wp\/v2\/posts"}],"about":[{"href":"https:\/\/balcilar-blog.com\/index.php?rest_route=\/wp\/v2\/types\/post"}],"author":[{"embeddable":true,"href":"https:\/\/balcilar-blog.com\/index.php?rest_route=\/wp\/v2\/users\/3"}],"replies":[{"embeddable":true,"href":"https:\/\/balcilar-blog.com\/index.php?rest_route=%2Fwp%2Fv2%2Fcomments&post=15260"}],"version-history":[{"count":6,"href":"https:\/\/balcilar-blog.com\/index.php?rest_route=\/wp\/v2\/posts\/15260\/revisions"}],"predecessor-version":[{"id":15289,"href":"https:\/\/balcilar-blog.com\/index.php?rest_route=\/wp\/v2\/posts\/15260\/revisions\/15289"}],"wp:featuredmedia":[{"embeddable":true,"href":"https:\/\/balcilar-blog.com\/index.php?rest_route=\/wp\/v2\/media\/15269"}],"wp:attachment":[{"href":"https:\/\/balcilar-blog.com\/index.php?rest_route=%2Fwp%2Fv2%2Fmedia&parent=15260"}],"wp:term":[{"taxonomy":"category","embeddable":true,"href":"https:\/\/balcilar-blog.com\/index.php?rest_route=%2Fwp%2Fv2%2Fcategories&post=15260"},{"taxonomy":"post_tag","embeddable":true,"href":"https:\/\/balcilar-blog.com\/index.php?rest_route=%2Fwp%2Fv2%2Ftags&post=15260"}],"curies":[{"name":"wp","href":"https:\/\/api.w.org\/{rel}","templated":true}]}}