{"id":15193,"date":"2016-09-03T15:01:09","date_gmt":"2016-09-03T12:01:09","guid":{"rendered":"http:\/\/balcilar-blog.com\/?p=15193"},"modified":"2016-09-03T15:20:37","modified_gmt":"2016-09-03T12:20:37","slug":"bana-sevmeyi-anlat-kadir-dogulunun-kizi-oldu","status":"publish","type":"post","link":"https:\/\/balcilar-blog.com\/?p=15193","title":{"rendered":"Bana Sevmeyi Anlat \/ Kadir Do\u011fulu&#8217;nun k\u0131z\u0131 oldu!"},"content":{"rendered":"<div id=\"Item.MessagePartBody\" class=\"_rp_H4\">\n<div id=\"Item.MessageUniqueBody\" class=\"_rp_I4 ms-font-weight-regular ms-font-color-neutralDark rpHighlightAllClass rpHighlightBodyClass\" tabindex=\"0\">\n<div class=\"rps_7a3\">\n<div dir=\"ltr\">\n<div class=\"x_gmail_quote\">\n<div dir=\"ltr\">\n<div class=\"x_gmail_quote\">\n<div dir=\"ltr\">\n<p class=\"x_MsoNormal\"><img loading=\"lazy\" decoding=\"async\" class=\"alignnone size-full wp-image-15185\" src=\"http:\/\/balcilar-blog.com\/wp-content\/uploads\/2016\/09\/2-2.jpg\" alt=\"2-2\" width=\"640\" height=\"413\" srcset=\"https:\/\/balcilar-blog.com\/wp-content\/uploads\/2016\/09\/2-2.jpg 640w, https:\/\/balcilar-blog.com\/wp-content\/uploads\/2016\/09\/2-2-300x194.jpg 300w\" sizes=\"auto, (max-width: 640px) 100vw, 640px\" \/><\/p>\n<p><span style=\"color: #0000ff;\"><strong>Ay Yap\u0131m<\/strong><\/span> imzal\u0131, <span style=\"color: #ff0000;\"><strong>Kadir Do\u011fulu<\/strong><\/span>, <span style=\"color: #ff0000;\"><strong>Seda Bakan<\/strong><\/span> ve <span style=\"color: #ff0000;\"><strong>Mustafa \u00dcst\u00fcnda\u011f<\/strong><\/span>&#8216;\u0131n rol ald\u0131\u011f\u0131 &#8216;Bana Sevmeyi Anlat&#8217; ilk b\u00f6l\u00fcm\u00fcyle izleyenlerin g\u00f6nl\u00fcne taht kurdu. Dizide Do\u011fulu&#8217;nun canland\u0131rd\u0131\u011f\u0131 Alper&#8217;in k\u0131z\u0131 \u00c7i\u00e7ek&#8217;le olan b\u00fcy\u00fcleyici ili\u015fkisi b\u00fcy\u00fck be\u011feni toplad\u0131.<\/p>\n<p>Kadir Do\u011fulu ve \u00c7i\u00e7ek karakterini canland\u0131ran \u00e7ocuk oyuncu <span style=\"color: #ff0000;\"><strong>Lavinya \u00dcnl\u00fcer<\/strong><\/span> tan\u0131\u015ft\u0131klar\u0131 andan itibaren adeta baba-k\u0131z gibi oldular. Do\u011fulu, set aralar\u0131nda zaman\u0131n\u0131 Lavinya ile oyun oynayarak ge\u00e7iriyor. 5 ya\u015f\u0131nda olan \u00dcnl\u00fcer&#8217;in dizide sergiledi\u011fi performans ise izleyenleri hayran b\u0131rakt\u0131.<\/p>\n<p>&nbsp;<\/p>\n<p><img loading=\"lazy\" decoding=\"async\" class=\"alignnone size-full wp-image-15184\" src=\"http:\/\/balcilar-blog.com\/wp-content\/uploads\/2016\/09\/2-1.jpg\" alt=\"2-1\" width=\"640\" height=\"398\" srcset=\"https:\/\/balcilar-blog.com\/wp-content\/uploads\/2016\/09\/2-1.jpg 640w, https:\/\/balcilar-blog.com\/wp-content\/uploads\/2016\/09\/2-1-300x187.jpg 300w\" sizes=\"auto, (max-width: 640px) 100vw, 640px\" \/><\/p>\n<p><strong>YEN\u0130 B\u00d6L\u00dcMDE NELER OLACAK?<\/strong><\/p>\n<p><strong>LEYLA BEBE\u011e\u0130NE KAVU\u015eACAK MI?<\/strong><\/p>\n<p>Bana Sevmeyi Anlat&#8217;\u0131n 2 Eyl\u00fcl Cuma g\u00fcn\u00fc yay\u0131nlanacak yeni b\u00f6l\u00fcm\u00fcnde; Ha\u015fmet&#8217;in karanl\u0131k y\u00fcz\u00fcyle d\u00fc\u011f\u00fcn g\u00fcn\u00fc tan\u0131\u015fan Leyla ka\u00e7arak s\u00fcrpriz bir \u015fekilde Alper&#8217;in arabas\u0131na binmek zorunda kalm\u0131\u015ft\u0131.<\/p>\n<p>Yeni b\u00f6l\u00fcmde \u00f6fke krizi ge\u00e7iren Ha\u015fmet, kay\u0131p olan Leyla&#8217;n\u0131n pe\u015fine d\u00fc\u015fecek.<\/p>\n<p>Alper&#8217;in evine s\u0131\u011f\u0131nmak zorunda kalan Leyla&#8217; n\u0131n tek amac\u0131 ise bebe\u011fi R\u00fczgar&#8217;a kavu\u015fmak olacak.<\/p>\n<p><img loading=\"lazy\" decoding=\"async\" class=\"alignnone size-full wp-image-15183\" src=\"http:\/\/balcilar-blog.com\/wp-content\/uploads\/2016\/09\/1-1.jpg\" alt=\"1-1\" width=\"640\" height=\"427\" srcset=\"https:\/\/balcilar-blog.com\/wp-content\/uploads\/2016\/09\/1-1.jpg 640w, https:\/\/balcilar-blog.com\/wp-content\/uploads\/2016\/09\/1-1-300x200.jpg 300w\" sizes=\"auto, (max-width: 640px) 100vw, 640px\" \/><\/p>\n<p class=\"x_MsoNormal\">Y\u00f6netmenli\u011fini Mesude Eraslan&#8217;\u0131n, senaristli\u011fini Deniz Ak\u00e7ay&#8217;\u0131n \u00fcstlendi\u011fi Bana Sevmeyi Anlat ikinci b\u00f6l\u00fcm\u00fcyle 2 Eyl\u00fcl Cuma g\u00fcn\u00fc FOX&#8217;ta ekrana geldi.<\/p>\n<p><strong>BANA SEVMEY\u0130 ANLAT CUMA\u2019NIN B\u0130R\u0130NC\u0130S\u0130!<\/strong><\/p>\n<p>Ge\u00e7ti\u011fimiz ak\u015fam ikinci b\u00f6l\u00fcm\u00fcyle ekrana gelen Bana Sevmeyi Anlat, t\u00fcm kategorilerde 2 Eyl\u00fcl Cuma g\u00fcn\u00fcn\u00fcn en \u00e7ok izlenen program\u0131 oldu. Heyecanl\u0131 hikayesi ve oyuncu kadrosuyla b\u00fcy\u00fck be\u011feni toplayan ve ilk b\u00f6l\u00fcm ratingini ikiye katlayan dizi, sosyal medyada da payla\u015f\u0131m rekoru k\u0131rarak T\u00fcrkiye g\u00fcndemine girdi.<\/p>\n<p><img loading=\"lazy\" decoding=\"async\" class=\"alignnone size-full wp-image-15186\" src=\"http:\/\/balcilar-blog.com\/wp-content\/uploads\/2016\/09\/2-3.jpg\" alt=\"2-3\" width=\"640\" height=\"402\" srcset=\"https:\/\/balcilar-blog.com\/wp-content\/uploads\/2016\/09\/2-3.jpg 640w, https:\/\/balcilar-blog.com\/wp-content\/uploads\/2016\/09\/2-3-300x188.jpg 300w\" sizes=\"auto, (max-width: 640px) 100vw, 640px\" \/><\/p>\n<p>Ay Yap\u0131m\u2019\u0131n y\u00f6netmenli\u011fini Mesude Eraslan\u2019\u0131n yapt\u0131\u011f\u0131, ba\u015frollerini Kadir Do\u011fulu, Seda Bakan, Mustafa \u00dcst\u00fcnda\u011f, Dolunay Soysert\u2019in payla\u015ft\u0131klar\u0131 dizisi Bana Sevmeyi Anlat, Cuma ak\u015fam\u0131 yay\u0131nlanan yeni b\u00f6l\u00fcm\u00fc ile g\u00fcn\u00fcn en \u00e7ok izlenen program\u0131 oldu. Total\u2019de 5.76 ratingle ilk b\u00f6l\u00fcm ratingini neredeyse ikiye katlayan dizi, sosyal medyada da payla\u015f\u0131m rekoru k\u0131rarak g\u00fcn\u00fcn en \u00e7ok konu\u015fulan dizisi oldu.<\/p>\n<p><img loading=\"lazy\" decoding=\"async\" class=\"alignnone size-full wp-image-15182\" src=\"http:\/\/balcilar-blog.com\/wp-content\/uploads\/2016\/09\/2-4.jpg\" alt=\"2-4\" width=\"640\" height=\"365\" srcset=\"https:\/\/balcilar-blog.com\/wp-content\/uploads\/2016\/09\/2-4.jpg 640w, https:\/\/balcilar-blog.com\/wp-content\/uploads\/2016\/09\/2-4-300x171.jpg 300w\" sizes=\"auto, (max-width: 640px) 100vw, 640px\" \/><\/p>\n<p>Kendi d\u00fc\u011f\u00fcn\u00fcnden ka\u00e7arken yolu Alper\u2019le kesi\u015fen Leyla\u2019n\u0131n heyecan\u0131na ortak olan izleyiciler ikinci b\u00f6l\u00fcm\u00fc nefeslerini tutarak izledi. Leyla\u2019n\u0131n ka\u00e7\u0131\u015f\u0131yla \u00e7\u0131lg\u0131na d\u00f6nen Ha\u015fmet\u2019in korkutucu \u00f6fkesini ensesinde hisseden Hakverdi, Leyla\u2019n\u0131n pe\u015fine d\u00fc\u015ft\u00fc. Leyla\u2019n\u0131n \u00e7aresizli\u011fi kar\u015f\u0131s\u0131nda kay\u0131ts\u0131z kalamayan Alper\u2019in Leyla\u2019y\u0131 ve bebe\u011fini kendi evine g\u00f6t\u00fcrmesiyle ikili aras\u0131nda yeni bir ili\u015fkinin tohumlar\u0131 at\u0131ld\u0131. \u0130zleyicilerin birbirlerine \u00e7ok yak\u0131\u015ft\u0131rd\u0131klar\u0131 Kadir Do\u011fulu ve Seda Bakan\u2019\u0131n canland\u0131rd\u0131\u011f\u0131 karakterlerin \u00f6n\u00fcm\u00fczdeki hafta neler ya\u015fayacaklar\u0131 merakla bekleniyor.<\/p>\n<p>3.B\u00d6L\u00dcM FRAGMANI :<\/p>\n<p class=\"x_MsoNormal\"><span lang=\"EN-US\"><a href=\"https:\/\/www.youtube.com\/watch?v=8UVyfHGcxjU\" target=\"_blank\">https:\/\/www.youtube.com\/watch?v=8UVyfHGcxjU<\/a><\/span><\/p>\n<p class=\"x_MsoNormal\">Keyifli Seyirler<\/p>\n<p>Sayg\u0131lar ve sevgiler.<\/p>\n<p>Abdurrahman Balc\u0131lar<\/p>\n<p>Twitter:\u00a0<a href=\"https:\/\/twitter.com\/abbalcilar\">abdurrahman balc\u0131lar<\/a><a href=\"https:\/\/twitter.com\/abbalcilar\"><strong>@abbalcilar<\/strong><\/a><\/p>\n<p>Mail :\u00a0<a href=\"mailto:ab.balcilar@hotmail.com\">ab.balcilar@hotmail.com<\/a><\/p>\n<p>Blog:\u00a0<a href=\"http:\/\/t.co\/znqmIZgIqn\">blog.milliyet.com.tr\/cansever<\/a><\/p>\n<p>Blog:\u00a0<strong>balcilar-blog.com<\/strong><\/p>\n<p>Not: Haber ve g\u00f6rseller, Persona Sanat Bas\u0131n B\u00fclteninden al\u0131nm\u0131\u015ft\u0131r.<\/p>\n<\/div>\n<\/div>\n<\/div>\n<\/div>\n<\/div>\n<\/div>\n<\/div>\n<\/div>\n","protected":false},"excerpt":{"rendered":"<p>Ay Yap\u0131m imzal\u0131, Kadir Do\u011fulu, Seda Bakan ve Mustafa \u00dcst\u00fcnda\u011f&#8216;\u0131n rol ald\u0131\u011f\u0131 &#8216;Bana Sevmeyi Anlat&#8217; ilk b\u00f6l\u00fcm\u00fcyle izleyenlerin g\u00f6nl\u00fcne taht kurdu. Dizide Do\u011fulu&#8217;nun canland\u0131rd\u0131\u011f\u0131 Alper&#8217;in k\u0131z\u0131 \u00c7i\u00e7ek&#8217;le olan b\u00fcy\u00fcleyici ili\u015fkisi b\u00fcy\u00fck be\u011feni toplad\u0131. Kadir Do\u011fulu ve \u00c7i\u00e7ek karakterini canland\u0131ran \u00e7ocuk oyuncu Lavinya \u00dcnl\u00fcer tan\u0131\u015ft\u0131klar\u0131 andan itibaren adeta baba-k\u0131z gibi oldular. Do\u011fulu, set aralar\u0131nda zaman\u0131n\u0131 Lavinya [&hellip;]<\/p>\n","protected":false},"author":3,"featured_media":15185,"comment_status":"open","ping_status":"open","sticky":false,"template":"","format":"standard","meta":{"footnotes":""},"categories":[2],"tags":[26,1206,118,1234,1235,95,1025],"class_list":["post-15193","post","type-post","status-publish","format-standard","has-post-thumbnail","hentry","category-tv-programlari","tag-ay-yapim","tag-bana-sevmeyi-anlat","tag-kadir-dogulu","tag-livinya-unluer","tag-mesude-eraslan","tag-mustafa-ustundag","tag-seda-bakan"],"views":3965,"blog_post_layout_featured_media_urls":{"thumbnail":["https:\/\/balcilar-blog.com\/wp-content\/uploads\/2016\/09\/2-2-150x150.jpg",150,150,true],"full":["https:\/\/balcilar-blog.com\/wp-content\/uploads\/2016\/09\/2-2.jpg",640,413,false]},"categories_names":{"2":{"name":"TV Programlar\u0131","link":"https:\/\/balcilar-blog.com\/?cat=2"}},"tags_names":{"26":{"name":"Ay Yap\u0131m","link":"https:\/\/balcilar-blog.com\/?tag=ay-yapim"},"1206":{"name":"Bana Sevmeyi Anlat","link":"https:\/\/balcilar-blog.com\/?tag=bana-sevmeyi-anlat"},"118":{"name":"Kadir Do\u011fulu","link":"https:\/\/balcilar-blog.com\/?tag=kadir-dogulu"},"1234":{"name":"Livinya \u00dcnl\u00fcer","link":"https:\/\/balcilar-blog.com\/?tag=livinya-unluer"},"1235":{"name":"Mesude Eraslan","link":"https:\/\/balcilar-blog.com\/?tag=mesude-eraslan"},"95":{"name":"Mustafa \u00dcst\u00fcnda\u011f","link":"https:\/\/balcilar-blog.com\/?tag=mustafa-ustundag"},"1025":{"name":"Seda Bakan","link":"https:\/\/balcilar-blog.com\/?tag=seda-bakan"}},"comments_number":"0","wpmagazine_modules_lite_featured_media_urls":{"thumbnail":["https:\/\/balcilar-blog.com\/wp-content\/uploads\/2016\/09\/2-2-150x150.jpg",150,150,true],"cvmm-medium":["https:\/\/balcilar-blog.com\/wp-content\/uploads\/2016\/09\/2-2.jpg",300,194,false],"cvmm-medium-plus":["https:\/\/balcilar-blog.com\/wp-content\/uploads\/2016\/09\/2-2.jpg",305,197,false],"cvmm-portrait":["https:\/\/balcilar-blog.com\/wp-content\/uploads\/2016\/09\/2-2.jpg",400,258,false],"cvmm-medium-square":["https:\/\/balcilar-blog.com\/wp-content\/uploads\/2016\/09\/2-2.jpg",600,387,false],"cvmm-large":["https:\/\/balcilar-blog.com\/wp-content\/uploads\/2016\/09\/2-2.jpg",640,413,false],"cvmm-small":["https:\/\/balcilar-blog.com\/wp-content\/uploads\/2016\/09\/2-2.jpg",130,84,false],"full":["https:\/\/balcilar-blog.com\/wp-content\/uploads\/2016\/09\/2-2.jpg",640,413,false]},"_links":{"self":[{"href":"https:\/\/balcilar-blog.com\/index.php?rest_route=\/wp\/v2\/posts\/15193","targetHints":{"allow":["GET"]}}],"collection":[{"href":"https:\/\/balcilar-blog.com\/index.php?rest_route=\/wp\/v2\/posts"}],"about":[{"href":"https:\/\/balcilar-blog.com\/index.php?rest_route=\/wp\/v2\/types\/post"}],"author":[{"embeddable":true,"href":"https:\/\/balcilar-blog.com\/index.php?rest_route=\/wp\/v2\/users\/3"}],"replies":[{"embeddable":true,"href":"https:\/\/balcilar-blog.com\/index.php?rest_route=%2Fwp%2Fv2%2Fcomments&post=15193"}],"version-history":[{"count":6,"href":"https:\/\/balcilar-blog.com\/index.php?rest_route=\/wp\/v2\/posts\/15193\/revisions"}],"predecessor-version":[{"id":15218,"href":"https:\/\/balcilar-blog.com\/index.php?rest_route=\/wp\/v2\/posts\/15193\/revisions\/15218"}],"wp:featuredmedia":[{"embeddable":true,"href":"https:\/\/balcilar-blog.com\/index.php?rest_route=\/wp\/v2\/media\/15185"}],"wp:attachment":[{"href":"https:\/\/balcilar-blog.com\/index.php?rest_route=%2Fwp%2Fv2%2Fmedia&parent=15193"}],"wp:term":[{"taxonomy":"category","embeddable":true,"href":"https:\/\/balcilar-blog.com\/index.php?rest_route=%2Fwp%2Fv2%2Fcategories&post=15193"},{"taxonomy":"post_tag","embeddable":true,"href":"https:\/\/balcilar-blog.com\/index.php?rest_route=%2Fwp%2Fv2%2Ftags&post=15193"}],"curies":[{"name":"wp","href":"https:\/\/api.w.org\/{rel}","templated":true}]}}