{"id":15057,"date":"2016-08-20T11:55:23","date_gmt":"2016-08-20T08:55:23","guid":{"rendered":"http:\/\/balcilar-blog.com\/?p=15057"},"modified":"2016-08-20T12:14:18","modified_gmt":"2016-08-20T09:14:18","slug":"bodrum-masalinda-masalimsi-asklar-izleyecegiz","status":"publish","type":"post","link":"https:\/\/balcilar-blog.com\/?p=15057","title":{"rendered":"Bodrum Masal\u0131&#8217;nda, masal\u0131ms\u0131 a\u015fklar izleyece\u011fiz!"},"content":{"rendered":"<p><img loading=\"lazy\" decoding=\"async\" class=\"alignnone size-full wp-image-15061\" src=\"http:\/\/balcilar-blog.com\/wp-content\/uploads\/2016\/08\/Cl8v_SPWYAAK9GV.jpg\" alt=\"Cl8v_SPWYAAK9GV\" width=\"640\" height=\"427\" srcset=\"https:\/\/balcilar-blog.com\/wp-content\/uploads\/2016\/08\/Cl8v_SPWYAAK9GV.jpg 640w, https:\/\/balcilar-blog.com\/wp-content\/uploads\/2016\/08\/Cl8v_SPWYAAK9GV-300x200.jpg 300w\" sizes=\"auto, (max-width: 640px) 100vw, 640px\" \/><\/p>\n<p>Ge\u00e7ti\u011fimiz Per\u015fembe ak\u015fam\u0131 Kanal D&#8217;nin &#8220;Bodrum Masal\u0131&#8221; adl\u0131 yeni dizisi ekranlara geldi. Ak\u0131c\u0131 sunumu ile g\u00f6z doldurdu.<\/p>\n<p>Bodrum Masal\u0131, yap\u0131mc\u0131l\u0131\u011f\u0131n\u0131 TMC \u2013 Erol Avc\u0131, y\u00f6netmenli\u011fini Mehmet Ada \u00d6ztekin ve senaryosunu Ba\u015far Ba\u015faran ve Emre \u00d6zdur kaleme alm\u0131\u015f. Ba\u015frollerini Timu\u00e7in Esen, \u015eevval Sam, Murat Aygen, Alperen Duymaz, Toprak Sa\u011flam, Dilan \u00c7i\u00e7ek Deniz ve Hilmicem \u0130ntepe gibi oyuncular payla\u015f\u0131yor.<\/p>\n<p>Evren Erg\u00fcven pek \u00e7ok otel sahibi varl\u0131kl\u0131 ve h\u0131rsl\u0131 bir adamd\u0131r. Kar\u0131s\u0131 Y\u0131ld\u0131z, o\u011flu Ate\u015f ve k\u0131z\u0131 Su ile birlikte \u0130stanbul\u2019da g\u00f6rkemli bir hayat s\u00fcrmektedir, Otellerinin b\u00fcy\u00fck k\u0131sm\u0131n\u0131n oldu\u011fu Bodrum\u2019da ise ikinci bir kad\u0131nla kurdu\u011fu gizli bir ya\u015fam\u0131 vard\u0131r. Evren\u2019in bu d\u00fczeni \u0130stanbul&#8217;da ani iflas\u0131yla bozulur ve ailecek Bodrum&#8217;a gelirler.<\/p>\n<p><img loading=\"lazy\" decoding=\"async\" class=\"alignnone size-full wp-image-15069\" src=\"http:\/\/balcilar-blog.com\/wp-content\/uploads\/2016\/08\/ClzU0ZqWMAAA7Ur.jpg\" alt=\"ClzU0ZqWMAAA7Ur\" width=\"480\" height=\"480\" srcset=\"https:\/\/balcilar-blog.com\/wp-content\/uploads\/2016\/08\/ClzU0ZqWMAAA7Ur.jpg 480w, https:\/\/balcilar-blog.com\/wp-content\/uploads\/2016\/08\/ClzU0ZqWMAAA7Ur-150x150.jpg 150w, https:\/\/balcilar-blog.com\/wp-content\/uploads\/2016\/08\/ClzU0ZqWMAAA7Ur-300x300.jpg 300w\" sizes=\"auto, (max-width: 480px) 100vw, 480px\" \/><\/p>\n<p><img loading=\"lazy\" decoding=\"async\" class=\"alignnone size-full wp-image-15066\" src=\"http:\/\/balcilar-blog.com\/wp-content\/uploads\/2016\/08\/ClzEYBhXEAAt4bu.jpg\" alt=\"ClzEYBhXEAAt4bu\" width=\"480\" height=\"480\" srcset=\"https:\/\/balcilar-blog.com\/wp-content\/uploads\/2016\/08\/ClzEYBhXEAAt4bu.jpg 480w, https:\/\/balcilar-blog.com\/wp-content\/uploads\/2016\/08\/ClzEYBhXEAAt4bu-150x150.jpg 150w, https:\/\/balcilar-blog.com\/wp-content\/uploads\/2016\/08\/ClzEYBhXEAAt4bu-300x300.jpg 300w\" sizes=\"auto, (max-width: 480px) 100vw, 480px\" \/><\/p>\n<p>Ailenin elinde avucunda Bodrum\u2019da Y\u0131ld\u0131z\u2019\u0131n babas\u0131ndan miras eski bir ev ve k\u00fc\u00e7\u00fck bir otelin yar\u0131 hissesinden ba\u015fka bir \u015fey kalmam\u0131\u015ft\u0131r. Erg\u00fcven Ailesi l\u00fcks ya\u015famlar\u0131n\u0131 terk etmek, o k\u00f6hne eve ta\u015f\u0131nmak ve k\u00fc\u00e7\u00fck otelle hayata yeniden ba\u015flamak zorunda kal\u0131rlar. Evi tamir ederler, oturacak hale sokarlar, \u00f6yle ki tuvaleti tamir ettirecek paralar\u0131 bile yoktur.<\/p>\n<p><img loading=\"lazy\" decoding=\"async\" class=\"alignnone size-full wp-image-15063\" src=\"http:\/\/balcilar-blog.com\/wp-content\/uploads\/2016\/08\/Cly4O-vWYAAS6kx.jpg\" alt=\"Cly4O-vWYAAS6kx\" width=\"480\" height=\"480\" srcset=\"https:\/\/balcilar-blog.com\/wp-content\/uploads\/2016\/08\/Cly4O-vWYAAS6kx.jpg 480w, https:\/\/balcilar-blog.com\/wp-content\/uploads\/2016\/08\/Cly4O-vWYAAS6kx-150x150.jpg 150w, https:\/\/balcilar-blog.com\/wp-content\/uploads\/2016\/08\/Cly4O-vWYAAS6kx-300x300.jpg 300w\" sizes=\"auto, (max-width: 480px) 100vw, 480px\" \/><\/p>\n<p>Ne var ki otelin \u00f6b\u00fcr yar\u0131s\u0131 Evren ve Y\u0131ld\u0131z\u2019\u0131n hayatlar\u0131 boyunca ad\u0131n\u0131 a\u011f\u0131zlar\u0131na almamaya yemin ettikleri birine aittir. Faryal\u0131 ad\u0131yla tan\u0131nan ki\u015fi Y\u0131ld\u0131z\u2019\u0131n Evren\u2019den \u00f6nceki sevgilisidir. Evren\u2019e kal\u0131rsa Y\u0131ld\u0131z onu hi\u00e7 unutmam\u0131\u015ft\u0131r. Y\u0131ld\u0131z\u2019\u0131n ise Evinin tam kar\u015f\u0131s\u0131na ta\u015f\u0131nan kocas\u0131n\u0131n Bodrum&#8217;daki sevgilisinden hen\u00fcz haberi yoktur.<\/p>\n<p><img loading=\"lazy\" decoding=\"async\" class=\"alignnone size-full wp-image-15068\" src=\"http:\/\/balcilar-blog.com\/wp-content\/uploads\/2016\/08\/ClzsShpWYAE7WqT.jpg\" alt=\"ClzsShpWYAE7WqT\" width=\"480\" height=\"480\" srcset=\"https:\/\/balcilar-blog.com\/wp-content\/uploads\/2016\/08\/ClzsShpWYAE7WqT.jpg 480w, https:\/\/balcilar-blog.com\/wp-content\/uploads\/2016\/08\/ClzsShpWYAE7WqT-150x150.jpg 150w, https:\/\/balcilar-blog.com\/wp-content\/uploads\/2016\/08\/ClzsShpWYAE7WqT-300x300.jpg 300w\" sizes=\"auto, (max-width: 480px) 100vw, 480px\" \/><\/p>\n<p>B\u00fct\u00fcn bu s\u0131rlardan habersiz olan Ate\u015f ve Su kolejden hayallerinden arkada\u015flar\u0131ndan zengin ve g\u00fcvenli hayatlar\u0131ndan kopacak Bodrum\u2019da hayat\u0131n ve ailelerinin hi\u00e7 bilmedikleri y\u00fcz\u00fcn\u00fc \u00f6\u011freneceklerdir.<\/p>\n<p><img loading=\"lazy\" decoding=\"async\" class=\"alignnone size-full wp-image-15067\" src=\"http:\/\/balcilar-blog.com\/wp-content\/uploads\/2016\/08\/ClzkOenWYAAODUu.jpg\" alt=\"ClzkOenWYAAODUu\" width=\"480\" height=\"480\" srcset=\"https:\/\/balcilar-blog.com\/wp-content\/uploads\/2016\/08\/ClzkOenWYAAODUu.jpg 480w, https:\/\/balcilar-blog.com\/wp-content\/uploads\/2016\/08\/ClzkOenWYAAODUu-150x150.jpg 150w, https:\/\/balcilar-blog.com\/wp-content\/uploads\/2016\/08\/ClzkOenWYAAODUu-300x300.jpg 300w\" sizes=\"auto, (max-width: 480px) 100vw, 480px\" \/><\/p>\n<p><img loading=\"lazy\" decoding=\"async\" class=\"alignnone size-full wp-image-15064\" src=\"http:\/\/balcilar-blog.com\/wp-content\/uploads\/2016\/08\/Clz2Ke1XIAUdFtb.jpg\" alt=\"Clz2Ke1XIAUdFtb\" width=\"480\" height=\"480\" srcset=\"https:\/\/balcilar-blog.com\/wp-content\/uploads\/2016\/08\/Clz2Ke1XIAUdFtb.jpg 480w, https:\/\/balcilar-blog.com\/wp-content\/uploads\/2016\/08\/Clz2Ke1XIAUdFtb-150x150.jpg 150w, https:\/\/balcilar-blog.com\/wp-content\/uploads\/2016\/08\/Clz2Ke1XIAUdFtb-300x300.jpg 300w\" sizes=\"auto, (max-width: 480px) 100vw, 480px\" \/><\/p>\n<p>Ve b\u00f6l\u00fcm sonunda Ate\u015f babas\u0131n\u0131n gizli a\u015fk\u0131n\u0131 \u00f6\u011frenir, bir sabah babas\u0131n\u0131 evden \u00e7\u0131karken g\u00f6r\u00fcr ve adeta \u015fok olur.<\/p>\n<p><img loading=\"lazy\" decoding=\"async\" class=\"alignnone size-full wp-image-15065\" src=\"http:\/\/balcilar-blog.com\/wp-content\/uploads\/2016\/08\/Clz711ZWIAAxGsf.jpg\" alt=\"Clz711ZWIAAxGsf\" width=\"480\" height=\"480\" srcset=\"https:\/\/balcilar-blog.com\/wp-content\/uploads\/2016\/08\/Clz711ZWIAAxGsf.jpg 480w, https:\/\/balcilar-blog.com\/wp-content\/uploads\/2016\/08\/Clz711ZWIAAxGsf-150x150.jpg 150w, https:\/\/balcilar-blog.com\/wp-content\/uploads\/2016\/08\/Clz711ZWIAAxGsf-300x300.jpg 300w\" sizes=\"auto, (max-width: 480px) 100vw, 480px\" \/><\/p>\n<p><img loading=\"lazy\" decoding=\"async\" class=\"alignnone size-full wp-image-15062\" src=\"http:\/\/balcilar-blog.com\/wp-content\/uploads\/2016\/08\/Cl34yOPWAAA9ySh.jpg\" alt=\"Cl34yOPWAAA9ySh\" width=\"480\" height=\"480\" srcset=\"https:\/\/balcilar-blog.com\/wp-content\/uploads\/2016\/08\/Cl34yOPWAAA9ySh.jpg 480w, https:\/\/balcilar-blog.com\/wp-content\/uploads\/2016\/08\/Cl34yOPWAAA9ySh-150x150.jpg 150w, https:\/\/balcilar-blog.com\/wp-content\/uploads\/2016\/08\/Cl34yOPWAAA9ySh-300x300.jpg 300w\" sizes=\"auto, (max-width: 480px) 100vw, 480px\" \/><\/p>\n<p><img loading=\"lazy\" decoding=\"async\" class=\"alignnone size-full wp-image-15060\" src=\"http:\/\/balcilar-blog.com\/wp-content\/uploads\/2016\/08\/Cl3ZXBMWIAAvnft.jpg\" alt=\"Cl3ZXBMWIAAvnft\" width=\"480\" height=\"480\" srcset=\"https:\/\/balcilar-blog.com\/wp-content\/uploads\/2016\/08\/Cl3ZXBMWIAAvnft.jpg 480w, https:\/\/balcilar-blog.com\/wp-content\/uploads\/2016\/08\/Cl3ZXBMWIAAvnft-150x150.jpg 150w, https:\/\/balcilar-blog.com\/wp-content\/uploads\/2016\/08\/Cl3ZXBMWIAAvnft-300x300.jpg 300w\" sizes=\"auto, (max-width: 480px) 100vw, 480px\" \/><\/p>\n<p><img loading=\"lazy\" decoding=\"async\" class=\"alignnone size-full wp-image-15059\" src=\"http:\/\/balcilar-blog.com\/wp-content\/uploads\/2016\/08\/Cl3wjNHWgAAcEFH.jpg\" alt=\"Cl3wjNHWgAAcEFH\" width=\"480\" height=\"480\" srcset=\"https:\/\/balcilar-blog.com\/wp-content\/uploads\/2016\/08\/Cl3wjNHWgAAcEFH.jpg 480w, https:\/\/balcilar-blog.com\/wp-content\/uploads\/2016\/08\/Cl3wjNHWgAAcEFH-150x150.jpg 150w, https:\/\/balcilar-blog.com\/wp-content\/uploads\/2016\/08\/Cl3wjNHWgAAcEFH-300x300.jpg 300w\" sizes=\"auto, (max-width: 480px) 100vw, 480px\" \/><\/p>\n<p><img loading=\"lazy\" decoding=\"async\" class=\"alignnone size-full wp-image-15058\" src=\"http:\/\/balcilar-blog.com\/wp-content\/uploads\/2016\/08\/Cl3krzYWkAAlJRB.jpg\" alt=\"Cl3krzYWkAAlJRB\" width=\"480\" height=\"480\" srcset=\"https:\/\/balcilar-blog.com\/wp-content\/uploads\/2016\/08\/Cl3krzYWkAAlJRB.jpg 480w, https:\/\/balcilar-blog.com\/wp-content\/uploads\/2016\/08\/Cl3krzYWkAAlJRB-150x150.jpg 150w, https:\/\/balcilar-blog.com\/wp-content\/uploads\/2016\/08\/Cl3krzYWkAAlJRB-300x300.jpg 300w\" sizes=\"auto, (max-width: 480px) 100vw, 480px\" \/><\/p>\n<p>\u0130lk b\u00f6l\u00fcm\u00fc ben tuttum. Ger\u00e7ek hayatta, yaz a\u015fklar\u0131n\u0131n ya\u015fand\u0131\u011f\u0131 Bodrum&#8217;da \u015fimdi de, &#8216;Bodrum Masal\u0131&#8217;nda: Anneler &#8211; babalar, gen\u00e7ler aras\u0131nda tap-taze a\u015fklar ya\u015fanacak. Bu a\u015fklar masal\u0131ms\u0131 bir dille anlat\u0131lacak! Baba Evren ile metresi G\u00f6zde; Faryal\u0131 ile gen\u00e7lik a\u015fk\u0131 Y\u0131ld\u0131z: Yak\u0131\u015f\u0131kl\u0131 Ate\u015f ile g\u00fczel zengin k\u0131z Alara; Kelebek ile Su aras\u0131nda ya\u015fanacak a\u015flar\u0131 izleyece\u011fiz.<\/p>\n<p>\u0130lk b\u00f6l\u00fcmde izleyiciden tam not alan &#8220;Bodrum Masal\u0131&#8221; reytinglerde de ge\u00e7er not ald\u0131. Total&#8217;de; Y\u00fcksek Sosyete&#8217;nin ard\u0131ndan, 3,17 reyting puan\u0131 ile 2.s\u0131rada, AB&#8217;de gene 5.s\u0131rada yer alm\u0131\u015ft\u0131r.<\/p>\n<p>Keyifli Seyirler.<\/p>\n<p>Sayg\u0131lar ve sevgiler.<\/p>\n<p>Abdurrahman Balc\u0131lar<\/p>\n<p>Twitter:\u00a0<a href=\"https:\/\/twitter.com\/abbalcilar\">abdurrahman balc\u0131lar<\/a><a href=\"https:\/\/twitter.com\/abbalcilar\"><strong>@abbalcilar<\/strong><\/a><\/p>\n<p>Mail :\u00a0<a href=\"mailto:ab.balcilar@hotmail.com\">ab.balcilar@hotmail.com<\/a><\/p>\n<p>Blog:\u00a0<a href=\"http:\/\/t.co\/znqmIZgIqn\">blog.milliyet.com.tr\/cansever<\/a><\/p>\n<p>Blog:\u00a0<strong>balcilar-blog.com<\/strong><\/p>\n<p>Not: G\u00f6rseller, Bodrum Masal\u0131 resmi Twitter Hesab\u0131 sayfas\u0131ndan al\u0131nm\u0131\u015ft\u0131r.<\/p>\n","protected":false},"excerpt":{"rendered":"<p>Ge\u00e7ti\u011fimiz Per\u015fembe ak\u015fam\u0131 Kanal D&#8217;nin &#8220;Bodrum Masal\u0131&#8221; adl\u0131 yeni dizisi ekranlara geldi. Ak\u0131c\u0131 sunumu ile g\u00f6z doldurdu. Bodrum Masal\u0131, yap\u0131mc\u0131l\u0131\u011f\u0131n\u0131 TMC \u2013 Erol Avc\u0131, y\u00f6netmenli\u011fini Mehmet Ada \u00d6ztekin ve senaryosunu Ba\u015far Ba\u015faran ve Emre \u00d6zdur kaleme alm\u0131\u015f. Ba\u015frollerini Timu\u00e7in Esen, \u015eevval Sam, Murat Aygen, Alperen Duymaz, Toprak Sa\u011flam, Dilan \u00c7i\u00e7ek Deniz ve Hilmicem \u0130ntepe gibi [&hellip;]<\/p>\n","protected":false},"author":3,"featured_media":15061,"comment_status":"open","ping_status":"open","sticky":false,"template":"","format":"standard","meta":{"footnotes":""},"categories":[2],"tags":[1215,129,338,1217,1216],"class_list":["post-15057","post","type-post","status-publish","format-standard","has-post-thumbnail","hentry","category-tv-programlari","tag-bodrum-masali","tag-fox-tv","tag-murat-aygen","tag-sevval-sam","tag-timucin-esen"],"views":3439,"blog_post_layout_featured_media_urls":{"thumbnail":["https:\/\/balcilar-blog.com\/wp-content\/uploads\/2016\/08\/Cl8v_SPWYAAK9GV-150x150.jpg",150,150,true],"full":["https:\/\/balcilar-blog.com\/wp-content\/uploads\/2016\/08\/Cl8v_SPWYAAK9GV.jpg",640,427,false]},"categories_names":{"2":{"name":"TV Programlar\u0131","link":"https:\/\/balcilar-blog.com\/?cat=2"}},"tags_names":{"1215":{"name":"Bodrum Masal\u0131","link":"https:\/\/balcilar-blog.com\/?tag=bodrum-masali"},"129":{"name":"Fox Tv","link":"https:\/\/balcilar-blog.com\/?tag=fox-tv"},"338":{"name":"Murat Aygen","link":"https:\/\/balcilar-blog.com\/?tag=murat-aygen"},"1217":{"name":"\u015eevval Sam","link":"https:\/\/balcilar-blog.com\/?tag=sevval-sam"},"1216":{"name":"Timu\u00e7in Esen","link":"https:\/\/balcilar-blog.com\/?tag=timucin-esen"}},"comments_number":"0","wpmagazine_modules_lite_featured_media_urls":{"thumbnail":["https:\/\/balcilar-blog.com\/wp-content\/uploads\/2016\/08\/Cl8v_SPWYAAK9GV-150x150.jpg",150,150,true],"cvmm-medium":["https:\/\/balcilar-blog.com\/wp-content\/uploads\/2016\/08\/Cl8v_SPWYAAK9GV.jpg",300,200,false],"cvmm-medium-plus":["https:\/\/balcilar-blog.com\/wp-content\/uploads\/2016\/08\/Cl8v_SPWYAAK9GV.jpg",305,203,false],"cvmm-portrait":["https:\/\/balcilar-blog.com\/wp-content\/uploads\/2016\/08\/Cl8v_SPWYAAK9GV.jpg",400,267,false],"cvmm-medium-square":["https:\/\/balcilar-blog.com\/wp-content\/uploads\/2016\/08\/Cl8v_SPWYAAK9GV.jpg",600,400,false],"cvmm-large":["https:\/\/balcilar-blog.com\/wp-content\/uploads\/2016\/08\/Cl8v_SPWYAAK9GV.jpg",640,427,false],"cvmm-small":["https:\/\/balcilar-blog.com\/wp-content\/uploads\/2016\/08\/Cl8v_SPWYAAK9GV.jpg",130,87,false],"full":["https:\/\/balcilar-blog.com\/wp-content\/uploads\/2016\/08\/Cl8v_SPWYAAK9GV.jpg",640,427,false]},"_links":{"self":[{"href":"https:\/\/balcilar-blog.com\/index.php?rest_route=\/wp\/v2\/posts\/15057","targetHints":{"allow":["GET"]}}],"collection":[{"href":"https:\/\/balcilar-blog.com\/index.php?rest_route=\/wp\/v2\/posts"}],"about":[{"href":"https:\/\/balcilar-blog.com\/index.php?rest_route=\/wp\/v2\/types\/post"}],"author":[{"embeddable":true,"href":"https:\/\/balcilar-blog.com\/index.php?rest_route=\/wp\/v2\/users\/3"}],"replies":[{"embeddable":true,"href":"https:\/\/balcilar-blog.com\/index.php?rest_route=%2Fwp%2Fv2%2Fcomments&post=15057"}],"version-history":[{"count":4,"href":"https:\/\/balcilar-blog.com\/index.php?rest_route=\/wp\/v2\/posts\/15057\/revisions"}],"predecessor-version":[{"id":15076,"href":"https:\/\/balcilar-blog.com\/index.php?rest_route=\/wp\/v2\/posts\/15057\/revisions\/15076"}],"wp:featuredmedia":[{"embeddable":true,"href":"https:\/\/balcilar-blog.com\/index.php?rest_route=\/wp\/v2\/media\/15061"}],"wp:attachment":[{"href":"https:\/\/balcilar-blog.com\/index.php?rest_route=%2Fwp%2Fv2%2Fmedia&parent=15057"}],"wp:term":[{"taxonomy":"category","embeddable":true,"href":"https:\/\/balcilar-blog.com\/index.php?rest_route=%2Fwp%2Fv2%2Fcategories&post=15057"},{"taxonomy":"post_tag","embeddable":true,"href":"https:\/\/balcilar-blog.com\/index.php?rest_route=%2Fwp%2Fv2%2Ftags&post=15057"}],"curies":[{"name":"wp","href":"https:\/\/api.w.org\/{rel}","templated":true}]}}