{"id":15023,"date":"2016-08-15T13:37:53","date_gmt":"2016-08-15T10:37:53","guid":{"rendered":"http:\/\/balcilar-blog.com\/?p=15023"},"modified":"2016-08-15T15:24:47","modified_gmt":"2016-08-15T12:24:47","slug":"gecen-haftanin-08-14-agustos-2016-en-cok-izlenen-dizileri","status":"publish","type":"post","link":"https:\/\/balcilar-blog.com\/?p=15023","title":{"rendered":"Ge\u00e7en Haftan\u0131n (08 &#8211; 14 A\u011fustos 2016) en \u00e7ok izlenen dizileri!"},"content":{"rendered":"<p><img loading=\"lazy\" decoding=\"async\" class=\"alignnone size-full wp-image-15029\" src=\"http:\/\/balcilar-blog.com\/wp-content\/uploads\/2016\/08\/cats-15-agustos.jpg\" alt=\"cats 15 agustos\" width=\"640\" height=\"378\" srcset=\"https:\/\/balcilar-blog.com\/wp-content\/uploads\/2016\/08\/cats-15-agustos.jpg 640w, https:\/\/balcilar-blog.com\/wp-content\/uploads\/2016\/08\/cats-15-agustos-300x177.jpg 300w\" sizes=\"auto, (max-width: 640px) 100vw, 640px\" \/><\/p>\n<p>TNS \u00f6l\u00e7\u00fcmlerine g\u00f6re haz\u0131rlad\u0131\u011f\u0131m <strong>08 &#8211; 14 A\u011fustos 2016<\/strong> Tarihleri aras\u0131nda ekranlar\u0131m\u0131za gelen, Total\u2019de ve AB\u2019de ilk ona giren, haftan\u0131n dizi karnesini a\u015fa\u011f\u0131da bilgilerinize sunuyorum.<\/p>\n<p>Bu hafta 10 yaz dizisi g\u00f6sterime girdi. Total ve AB&#8217;de ald\u0131klar\u0131 reyting puanlar\u0131na g\u00f6re s\u0131ralamaya girdiler.<\/p>\n<p>Total&#8217;de Fox Tv&#8217;nin yaz dizisi, No:309 ald\u0131\u011f\u0131 4,80 puan ile 1.s\u0131rada yer ald\u0131. Total&#8217;in 10.s\u0131ras\u0131nda ise, Star Tv&#8217;nin \u015eahane Damat 1,98 puanla yer alm\u0131\u015ft\u0131r.<\/p>\n<p>AB&#8217;nin ilk s\u0131ras\u0131nda da gene Fox Tv&#8217;nin No:309 ald\u0131\u011f\u0131 4,56 reyting puan\u0131 ile yer ald\u0131. AB&#8217;de 10.s\u0131ras\u0131nda ise Kanal 7&#8217;nin g\u00fcnl\u00fck dizisi 1,00 puan ile yer ald\u0131\u011f\u0131n\u0131 g\u00f6rd\u00fck.<\/p>\n<p>Kanal D&#8217;nin yeni dizilerinden, Serkan \u00c7ayo\u011flu ile Hande Do\u011fandemir&#8217;in ba\u015frol\u00fc oynad\u0131klar\u0131 &#8220;Hayat\u0131m\u0131n A\u015fk\u0131&#8221; 12.b\u00f6l\u00fcm ekranlar\u0131m\u0131za geldi. Total&#8217;de 2,28 puan ile gecenin 6. s\u0131ras\u0131nda yer ald\u0131. Ab&#8217;de de gecenin 4.s\u0131ras\u0131nda yer alm\u0131\u015ft\u0131r.<\/p>\n<p>Bu hafta ekranlara gelen G\u00fcl\u00fcmse Yeter 4.b\u00f6l\u00fcmleri ile gene ilk 5&#8217;e girmeyi ba\u015fard\u0131 ve Show Tv ekranlar\u0131nda yay\u0131nlanan diziye usta oyuncu Erdal \u00d6zya\u011fc\u0131lar&#8217;\u0131n pay\u0131 \u00e7ok b\u00fcy\u00fckt\u00fcr.<\/p>\n<p>Kanal D&#8217;nin &#8220;Kan\u0131t: Ate\u015f \u00dcst\u00fcnde&#8221; dizisinin 4.b\u00f6l\u00fcm\u00fc ge\u00e7en hafta ekranlara gelmemi\u015fti. Bu hafta seyirciyle bulu\u015ftu. Ancak Total&#8217;de ald\u0131\u011f\u0131 1,87 ile ilk 10&#8217;a girmedi. AB&#8217;de 9.s\u0131rada yer alabildi.<\/p>\n<p>Bu hafta her nedense Tatl\u0131 \u0130ntikam yeni b\u00f6l\u00fcm\u00fc yoktu. \u00d6nceki b\u00f6l\u00fcm\u00fcn tekrar\u0131 vard\u0131. Han\u0131m K\u00f6yl\u00fc de ge\u00e7en hafta final yapm\u0131\u015f, sona erdi\u011fi i\u00e7in yoktu.<\/p>\n<p><strong>Reyting Nedir?<\/strong><br \/>\nReyting, izleyici tercihlerine g\u00f6re ortaya \u00e7\u0131kan izlenme pay\u0131n\u0131n kanallara ve programlara payla\u015ft\u0131r\u0131lmas\u0131 ile olu\u015fan de\u011ferlendirmedir. Reyting de\u011ferlendirmesi kanallar ve reklam \u015firketleri ad\u0131na TNS taraf\u0131ndan ger\u00e7ekle\u015ftirilir. \u00d6l\u00e7me i\u015flemi yakla\u015f\u0131k 2200 haneye yerle\u015ftirilen ve gizli tutulan reyting \u00f6l\u00e7me cihazlar\u0131 ile elde edilir. Reyting sonu\u00e7lar\u0131, t\u00fcm g\u00fcn boyunca izlenen programlar\u0131n listelenmesine imkan verir.<\/p>\n<p><strong>\u00d6l\u00e7\u00fcmler nas\u0131l yap\u0131l\u0131yor ?<\/strong><\/p>\n<p>Ba\u011f\u0131ms\u0131z kurulu\u015f taraf\u0131ndan hesaplanan sonu\u00e7lar 3 kategoride hesaplan\u0131yor AB, Total ve ABC1 kategorileri sonu\u00e7lar\u0131nda share ve rating s\u0131ral\u0131 olarak 100 Tv program\u0131 g\u00fcnl\u00fck olarak payla\u015f\u0131l\u0131yor reklam verenler ve yap\u0131mc\u0131lar i\u00e7in \u00f6nemli yere sahip olan sonu\u00e7lar denek tv&#8217;lerde ki \u00f6l\u00e7\u00fcm cihazlar\u0131 vas\u0131tas\u0131yla istatistiki bilgileri al\u0131n\u0131yor.<\/p>\n<p>Bu hafta en \u00e7ok izlenen ilk ona giren dizlere g\u00f6z atal\u0131m. Bu s\u0131ralama sadece dizilerin reytingler y\u00fczdesine g\u00f6re en \u00e7ok izlenen dizilerin ilk 10\u2019da yer alanlar\u0131n\u0131 s\u0131ralamaya koyuyorum. Yar\u0131\u015fma, e\u011flence ve haber programlar\u0131 y\u00fczdeleri y\u00fcksek olsa da bu s\u0131ralamaya koymuyorum. Bu sadece dizilerin yar\u0131\u015f\u0131d\u0131r, en \u00e7ok izlenen dizilerin s\u0131ralamas\u0131d\u0131r. Bir nevi dizilerin karnesidir.<\/p>\n<p>&nbsp;<\/p>\n<p><strong>Ge\u00e7en Haftan\u0131n En \u00c7ok \u0130zlenen Dizileri:<\/strong><\/p>\n<p><strong>Total ilk 10 :<\/strong><\/p>\n<p>1.No:309 \u00d6zel 9.B\u00f6l\u00fcm (Fox Tv)&#8230;&#8230;&#8230;&#8230;&#8230;&#8230;&#8230;&#8230;&#8230;4,80 &#8211; 18,08<\/p>\n<p>2.Y\u00fcksek Sosyete 8.B\u00f6l\u00fcm (Star Tv)&#8230;&#8230;&#8230;&#8230;&#8230;&#8230;&#8230;.4,73 &#8211; 18,31<\/p>\n<p>3.Hayat Sevince G\u00fczel 9.B\u00f6l\u00fcm (Fox Tv&#8230;&#8230;&#8230;&#8230;&#8230;.4,60 &#8211; 16,59<\/p>\n<p>4.G\u00fcl\u00fcmse Yeter 4.B\u00f6l\u00fcm (Show Tv)&#8230;&#8230;&#8230;&#8230;&#8230;&#8230;&#8230;4,45 &#8211; 16,59<\/p>\n<p>5.A\u015fk Laftan Anlamaz 7.B\u00f6l\u00fcm (Show Tv)&#8230;&#8230;&#8230;&#8230;4,36 &#8211; 16,39<\/p>\n<p>6.Seviyor Sevmiyor 5.B\u00f6l\u00fcm (Atv)&#8230;&#8230;&#8230;&#8230;&#8230;&#8230;&#8230;&#8230;.3,57 &#8211; 12,88<\/p>\n<p>7.N&#8221;olur Ayr\u0131lmayal\u0131m 5.B\u00f6l\u00fcm (Fox Tv)&#8230;&#8230;&#8230;&#8230;..2,75 &#8211; 10,72<\/p>\n<p>8.Hayat\u0131m\u0131n A\u015fk\u0131 12.B\u00f6l\u00fcm (Kanal D)&#8230;&#8230;&#8230;&#8230;&#8230;&#8230;2,28 &#8211; 9,08<\/p>\n<p>9.Yalanc\u0131 Bahar 60.B\u00f6l\u00fcm (Kanal 7)&#8230;&#8230;&#8230;&#8230;&#8230;&#8230;&#8230;2,16 &#8211; 7,72<\/p>\n<p>10.\u015eahane Damat 6.B\u00f6l\u00fcm (Star Tv)&#8230;&#8230;&#8230;&#8230;&#8230;&#8230;&#8230;.1,98 &#8211; 7,47<\/p>\n<p>&nbsp;<\/p>\n<p><strong>AB\u2019de ilk 10 :<\/strong><\/p>\n<p>1.No:309 9.B\u00f6l\u00fcm (Fox Tv)&#8230;&#8230;&#8230;&#8230;&#8230;&#8230;&#8230;&#8230;&#8230;&#8230;..4,56 &#8211; 18,46<\/p>\n<p>2.Y\u00fcksek Sosyete 8.B\u00f6l\u00fcm (Star Tv)&#8230;&#8230;&#8230;&#8230;&#8230;&#8230;.4,72 &#8211; 18,40<\/p>\n<p>3.A\u015fk Laftan Anlamaz 7.B\u00f6l\u00fcm (Show Tv)&#8230;&#8230;&#8230;3,63 &#8211; 14,64<\/p>\n<p>4.G\u00fcl\u00fcmse Yeter 4.B\u00f6l\u00fcm (Show Tv)&#8230;&#8230;&#8230;&#8230;&#8230;&#8230;3,58 &#8211; 13,54<\/p>\n<p>5.Seviyor Sevmiyor 5.B\u00f6l\u00fcm (Atv)&#8230;&#8230;&#8230;&#8230;&#8230;&#8230;&#8230;..3,50 &#8211; 13,17<\/p>\n<p>6.Hayat Sevince G\u00fczel 9.B\u00f6l\u00fcm (Fox Tv)&#8230;&#8230;&#8230;&#8230;2,64 &#8211; 10,78<\/p>\n<p>7.Hayat\u0131m\u0131n A\u015fk\u0131 12.B\u00f6l\u00fcm (Kanal D)&#8230;&#8230;&#8230;&#8230;&#8230;..2,33 &#8211; 8,70<\/p>\n<p>8.N&#8221;olur Ayr\u0131lmayal\u0131m 5.B\u00f6l\u00fcm (Fox Tv)&#8230;&#8230;&#8230;&#8230;2,19 &#8211; 9,09<\/p>\n<p>9.Kan\u0131t: Ate\u015f \u00dcst\u00fcnde 4.B\u00f6l\u00fcm (Kanal D)&#8230;&#8230;&#8230;..2,18 &#8211; 8,28<\/p>\n<p>10.Yalanc\u0131 Bahar 61.B\u00f6l\u00fcm (Kanal 7)&#8230;&#8230;&#8230;&#8230;&#8230;&#8230;.1.00 &#8211; 3,93<\/p>\n<p>&nbsp;<\/p>\n<p>T<strong>OTAL ve AB Grubunda reytingleri en y\u00fcksek olan Haftan\u0131n ilk 5 s\u0131ralamas\u0131 :<\/strong><\/p>\n<p><strong>1.No:309 :<\/strong> Fox Tv&#8217;nin bu g\u00fczel a\u015fk dizisinin 9.b\u00f6l\u00fcm\u00fcnde Total&#8217;de ald\u0131\u011f\u0131 4,80 puanla 1.s\u0131rada yer alm\u0131\u015ft\u0131r.<\/p>\n<p>Son b\u00f6l\u00fcm\u2019de erkek bebek sahibi olaca\u011f\u0131n\u0131 \u00f6\u011frenen Onur ve Lale\u2019nin heves dolu halleri izleyenleri ekrana kilitledi. Bebekleri i\u00e7in birlikte al\u0131\u015fveri\u015fe \u00e7\u0131kan ve bir s\u00fcr\u00fc \u015feyler alarak evlerine d\u00f6nen Lale ve Onur nikah i\u015flemleri i\u00e7in kollar\u0131 s\u0131vam\u0131\u015f durumda. O\u011fullar\u0131 olaca\u011f\u0131n\u0131 \u00f6\u011frenen Onur ve Lale solu\u011fu al\u0131\u015f veri\u015fte al\u0131r. \u0130kisi de \u015fimdiden bebekleriyle ilgili hayal kurmaya ba\u015flam\u0131\u015ft\u0131r bile. \u0130ddiay\u0131 kazanan Onur\u2019un iste\u011fi Lale\u2019yi \u015fa\u015f\u0131rtacakt\u0131r. Bebe\u011fin erkek olaca\u011f\u0131 iki ailede de sevin\u00e7 yarat\u0131r. \u00d6zellikle, Y\u0131ld\u0131z \u00e7ok mutludur. Pelinsu ise Onur\u2019la ba\u015f ba\u015fa kalman\u0131n ve onu etkilemenin yollar\u0131n\u0131 aramaktad\u0131r.. D\u00fc\u011f\u00fcne az bir zaman kalm\u0131\u015ft\u0131r.<\/p>\n<p><img loading=\"lazy\" decoding=\"async\" class=\"alignnone size-full wp-image-15028\" src=\"http:\/\/balcilar-blog.com\/wp-content\/uploads\/2016\/08\/No-309-son-9.-bolum-ve-FOX.jpg\" alt=\"No-309-son-9.-bolum-ve-FOX\" width=\"640\" height=\"360\" srcset=\"https:\/\/balcilar-blog.com\/wp-content\/uploads\/2016\/08\/No-309-son-9.-bolum-ve-FOX.jpg 640w, https:\/\/balcilar-blog.com\/wp-content\/uploads\/2016\/08\/No-309-son-9.-bolum-ve-FOX-300x169.jpg 300w\" sizes=\"auto, (max-width: 640px) 100vw, 640px\" \/><\/p>\n<p>&nbsp;<\/p>\n<p><strong>2.Y\u00fcksek Sosyete :<\/strong> Star Tv&#8217;nin sevilen dizisi 8.b\u00f6l\u00fcm\u00fcnde Total&#8217;de ald\u0131\u011f\u0131 4,73 reyting puan\u0131 ile 2.s\u0131rada yer alm\u0131\u015ft\u0131r.<\/p>\n<p>Yaln\u0131zca bir gece&#8230; Kerem, Cansu&#8217;ya unutulmaz bir gece i\u00e7in s\u00f6z verir ve s\u00f6z\u00fcn\u00fc tutar. \u0130lk kez \u00f6zg\u00fcr bir gece ya\u015fayan ikili birbirlerine s\u0131r\u0131ls\u0131klam a\u015f\u0131k olurlar ama sabah oldu\u011funda ger\u00e7ek d\u00fcnyan\u0131n ac\u0131mas\u0131zl\u0131\u011f\u0131 onlar\u0131 kar\u015f\u0131lar. Ece, Mert&#8217;e kar\u015f\u0131 koymak i\u00e7in kendiyle bir sava\u015f verir. Mert ise Ece&#8217;yi kazanmak i\u00e7in s\u0131ra d\u0131\u015f\u0131 bir yol dener. Levent ve Bedia&#8217;n\u0131n yeni i\u015fbirli\u011fi sayesinde ise Levent, S\u00fcreyya&#8217;dan &#8220;evet&#8221; yan\u0131t\u0131 almay\u0131 ba\u015far\u0131r. Ger\u00e7e\u011fi, Kerem oldu\u011funu s\u00f6ylemek ister ama, Mert&#8217;e araba \u00e7arpmas\u0131 her \u015feyi alt \u00fcst eder.<\/p>\n<p><img loading=\"lazy\" decoding=\"async\" class=\"alignnone size-full wp-image-15024\" src=\"http:\/\/balcilar-blog.com\/wp-content\/uploads\/2016\/08\/57ac470618c7732150944538-y\u00fcksek-soyete-8.jpg\" alt=\"57ac470618c7732150944538 y\u00fcksek soyete 8\" width=\"640\" height=\"361\" srcset=\"https:\/\/balcilar-blog.com\/wp-content\/uploads\/2016\/08\/57ac470618c7732150944538-y\u00fcksek-soyete-8.jpg 640w, https:\/\/balcilar-blog.com\/wp-content\/uploads\/2016\/08\/57ac470618c7732150944538-y\u00fcksek-soyete-8-300x169.jpg 300w\" sizes=\"auto, (max-width: 640px) 100vw, 640px\" \/><\/p>\n<p>&nbsp;<\/p>\n<p><strong>3.Hayat Sevince G\u00fczel :<\/strong> Fox Tv&#8217;nin ilgin\u00e7 dizisi Hayat Sevince G\u00fczel&#8217;in 9.B\u00f6l\u00fcm\u00fcnde, ald\u0131\u011f\u0131 4,60 reyting puan\u0131 ile 3.s\u0131rada yer alm\u0131\u015ft\u0131r.<\/p>\n<p>\u0130lk defa Zeynep\u2019e kar\u015f\u0131 yumu\u015far ve akl\u0131 kar\u0131\u015f\u0131r. Bakal\u0131m bu kez Zeynep Bar\u0131\u015f\u2019\u0131n kalbine girmeyi ba\u015farabilecek mi? Osman ve Samet aras\u0131ndaki Emine rekabeti d\u00fcelloya d\u00f6n\u00fc\u015f\u00fcr. Bu d\u00fcello Osman ve Samet aras\u0131ndaki gerilimi iyice artt\u0131r\u0131r. Bir yandan da Osman \u0130lknur\u2019la zorla evlendirilmek \u00fczeredir. Birbiriyle evlenmek istemeyen bu komik ikili, ailelerini bu i\u015ften vazge\u00e7irmek i\u00e7in her \u015feyi yaparlar. Fakat R\u00fcstem ve Muhtar\u2019\u0131 ikna etmek pek kolay olmayacak\u2026 Zarife ve Sava\u015f t\u00fcm g\u00fcnlerini beraber ge\u00e7irirken ba\u015flar\u0131na \u00f6yle bir \u015fey gelir ki, Sava\u015f hayat\u0131n\u0131 tehlikeye atmak zorunda kal\u0131r. Zarife\u2019nin g\u00f6z\u00fcnde Sava\u015f\u2019\u0131 kahraman yapan \u015fey ne olacak?<\/p>\n<p><img loading=\"lazy\" decoding=\"async\" class=\"alignnone size-full wp-image-15027\" src=\"http:\/\/balcilar-blog.com\/wp-content\/uploads\/2016\/08\/hayat-sevince-g\u00fczel.jpg\" alt=\"hayat sevince g\u00fczel\" width=\"640\" height=\"360\" srcset=\"https:\/\/balcilar-blog.com\/wp-content\/uploads\/2016\/08\/hayat-sevince-g\u00fczel.jpg 640w, https:\/\/balcilar-blog.com\/wp-content\/uploads\/2016\/08\/hayat-sevince-g\u00fczel-300x169.jpg 300w\" sizes=\"auto, (max-width: 640px) 100vw, 640px\" \/><\/p>\n<p>&nbsp;<\/p>\n<p><strong>4.G\u00fcl\u00fcmse Yeter :<\/strong> Usta oyuncu Erdal \u00d6zya\u011fc\u0131lar&#8217;\u0131n hen\u00fcz 4 b\u00f6l\u00fcm\u00fc ekranlara gelmesine ra\u011fmen dizi dolu dizgin gidiyor. Total&#8217;de ald\u0131\u011f\u0131 4,45 reyting puan\u0131 ile haftan\u0131n dizileri aras\u0131nda 4.s\u0131raya yer ald\u0131.<\/p>\n<p>Y\u0131llarca G\u00fcl\u2019\u00fcn hayaliyle ya\u015fayan Sarp, G\u00fcl ve ailesinin evlerine yerle\u015fmesiyle bir yanda b\u00fcy\u00fck heyecan ya\u015farken bir yandan da Yasemin\u2019in ortal\u0131\u011f\u0131 kar\u0131\u015ft\u0131rmalar\u0131 ve \u015f\u0131mar\u0131kl\u0131klar\u0131yla u\u011fra\u015f\u0131r. G\u00fcl ise birlikte \u00e7al\u0131\u015ft\u0131\u011f\u0131 Kemal\u2019in ilgisine kar\u015f\u0131l\u0131ks\u0131z kalamaz ve aralar\u0131ndaki \u00e7ekim G\u00fcl\u2019\u00fcn ayaklar\u0131n\u0131 yerden kesmeye ba\u015flar. Sarp\u2019a i\u015f teklif eden ama reddedilen Cem ise Sarp\u2019\u0131n ders verece\u011fi \u00fcniversiteye ba\u011f\u0131\u015f yaparak onu \u015firketinde \u00e7al\u0131\u015fmaya zorlar. Amerika\u2019ya gitme karar\u0131nda \u0131srarc\u0131 olan L\u00fctf\u00fc, u\u00e7ak biletlerini Hasan Efendi\u2019ye ald\u0131r\u0131r ama bu hayali ak\u015fam yeme\u011finde gelen b\u00fcy\u00fck haberle ikinci defa sekteye u\u011frayacakt\u0131r&#8230;<\/p>\n<p><img loading=\"lazy\" decoding=\"async\" class=\"alignnone size-full wp-image-15026\" src=\"http:\/\/balcilar-blog.com\/wp-content\/uploads\/2016\/08\/abEgj-g\u00fcl\u00fcmse-yeter-4.b\u00f6l\u00fcm.jpg\" alt=\"abEgj g\u00fcl\u00fcmse yeter 4.b\u00f6l\u00fcm\" width=\"640\" height=\"360\" srcset=\"https:\/\/balcilar-blog.com\/wp-content\/uploads\/2016\/08\/abEgj-g\u00fcl\u00fcmse-yeter-4.b\u00f6l\u00fcm.jpg 640w, https:\/\/balcilar-blog.com\/wp-content\/uploads\/2016\/08\/abEgj-g\u00fcl\u00fcmse-yeter-4.b\u00f6l\u00fcm-300x169.jpg 300w\" sizes=\"auto, (max-width: 640px) 100vw, 640px\" \/><\/p>\n<p>&nbsp;<\/p>\n<p><strong>5.A\u015fk Laftan Anlamaz :<\/strong> Bi Yap\u0131m-Burak Sa\u011fya\u015far&#8217;\u0131n, Hande Er\u00e7el ile Burak Deniz&#8217;in ba\u015frol\u00fc oynad\u0131klar\u0131 dizinin 7.b\u00f6l\u00fcm\u00fcnde Total&#8217;de ald\u0131\u011f\u0131 4,36 puanla 5.s\u0131rada yer alm\u0131\u015ft\u0131r.<\/p>\n<p>A\u015fk Laftan Anlamaz&#8217;da; Hayat Murat&#8217;\u0131 Didem&#8217;le, Murat da Hayat&#8217;\u0131 Cenk&#8217;le g\u00f6rd\u00fckten sonra aralar\u0131nda buzdan duvarlar \u00f6r\u00fcl\u00fcr. \u00dcstelik Hayat ya\u015fad\u0131\u011f\u0131 k\u00f6t\u00fc olay\u0131 Murat&#8217;tan saklar. Didem ve Murat&#8217;\u0131n g\u00f6l evinde \u00e7ekilen samimi pozlar\u0131 gazeteleri doldurur. Azime bunun \u00fczerine heyecanlan\u0131r ve Didem&#8217;le tan\u0131\u015fmak ister. Murat ise son derece sinirlidir ve kendini aklamaya \u00e7al\u0131\u015f\u0131r. Sarte, konsept fikri i\u00e7in \u00e7al\u0131\u015fmalara devam etmektedir. Murat ve Doruk, tasar\u0131mc\u0131lardan gelen hi\u00e7bir fikri be\u011fenmedikleri i\u00e7in i\u015f ba\u015fa d\u00fc\u015fer. Tuval ve Hayat da ekibe dahil olur.<\/p>\n<p><img loading=\"lazy\" decoding=\"async\" class=\"alignnone size-full wp-image-15025\" src=\"http:\/\/balcilar-blog.com\/wp-content\/uploads\/2016\/08\/1279843_6b200ffcf7f000515db5f7023c8d97cc.jpg\" alt=\"1279843_6b200ffcf7f000515db5f7023c8d97cc\" width=\"640\" height=\"433\" srcset=\"https:\/\/balcilar-blog.com\/wp-content\/uploads\/2016\/08\/1279843_6b200ffcf7f000515db5f7023c8d97cc.jpg 640w, https:\/\/balcilar-blog.com\/wp-content\/uploads\/2016\/08\/1279843_6b200ffcf7f000515db5f7023c8d97cc-300x203.jpg 300w\" sizes=\"auto, (max-width: 640px) 100vw, 640px\" \/><br \/>\n<strong>Her iki kategorinin ilk on&#8217;da yer alan dizileri :<\/strong><\/p>\n<p>Hayat Sevince G\u00fczel, G\u00fcl\u00fcmse Yeter, No:309, A\u015fk Laftan Anlamaz, Y\u00fcksek Sosyete, N&#8221;olur Ayr\u0131lmayal\u0131m,Seviyor Sevmiyor ve Hayat\u0131m\u0131n A\u015fk\u0131 her iki grupta yer alan diziler olmu\u015ftur.<\/p>\n<p>&nbsp;<\/p>\n<p><strong>Kanallara g\u00f6re s\u0131ralamaya g\u00f6z atarsak :<\/strong><\/p>\n<p>Total grubunda: Fox Tv 3 dizi. Star ve Show Tv iki\u015fer dizi. Atv, Kanal D ve Kanal 7 birer dizi ile yer ald\u0131lar.<\/p>\n<p>AB\u2019de ilk onda: Fox Tv 3 dizi. Kanal D ve Show Tv iki\u015fer dizi. Star, Atv ve Kanal \/ birer dizi ile yer alm\u0131\u015ft\u0131r.<\/p>\n<p>Bu haftan\u0131n kanal\u0131; Total&#8217;de ve AB&#8217;de 3&#8217;er ile Fox Tv haftan\u0131n birincili\u011fini alm\u0131\u015ft\u0131r.<\/p>\n<p>&nbsp;<\/p>\n<p>Ge\u00e7en haftaki gibi yaz dizi ekranlar\u0131 maalesef \u00e7ok s\u00f6n\u00fck ge\u00e7iyor. \u0130zleyiciyi ekran ba\u015f\u0131na kilitleyecek dizler yok gibi. Bu hafta boyunca 12 dizi g\u00f6sterime girdi ve 10 tanesi de ilk onda yer ald\u0131. Kanal D&#8217;de 18 A\u011fustos tarihinde ba\u015flayacak merakla beklenen &#8220;Bodrum Masal\u0131&#8221; var. Bir gen\u00e7lik dizisi olarak da iddial\u0131 geliyor.<\/p>\n<p><img loading=\"lazy\" decoding=\"async\" class=\"alignnone size-full wp-image-15020\" src=\"http:\/\/balcilar-blog.com\/wp-content\/uploads\/2016\/08\/Cp0PvjlWYAAaHt3.jpg\" alt=\"Cp0PvjlWYAAaHt3\" width=\"427\" height=\"640\" srcset=\"https:\/\/balcilar-blog.com\/wp-content\/uploads\/2016\/08\/Cp0PvjlWYAAaHt3.jpg 427w, https:\/\/balcilar-blog.com\/wp-content\/uploads\/2016\/08\/Cp0PvjlWYAAaHt3-200x300.jpg 200w\" sizes=\"auto, (max-width: 427px) 100vw, 427px\" \/><\/p>\n<p>Ge\u00e7en hafta \u00c7a\u011fatay Ulusoy&#8217;un yeni dizisi &#8220;<strong>\u0130\u00e7erde<\/strong>&#8221; \u00e7ekimleri ba\u015flad\u0131. <strong>\u00c7a\u011fatay Ulusoy<\/strong> sa\u00e7lar\u0131n\u0131 \u00fc\u00e7 numaraya vurdurdu. Sakal\u0131 haliyle, yeni imaj\u0131yla haftaya damgas\u0131n\u0131 vurdu. Ancak T\u00fcrk Polis Akademisinde ben sakall\u0131 bir \u00f6\u011frenci g\u00f6rmedim. Biliyorum \u00c7a\u011fatay bu sakall\u0131 halini \u00e7ok sevdi. Ama rol i\u00e7in uygun olmad\u0131. Sa\u00e7lar\u0131n\u0131 bu kadar k\u0131sa kesebiliyorsan, sakal\u0131 da kesmen laz\u0131md\u0131 \u00c7a\u011fatay. Halbuki bu sakal, <strong>Delibal<\/strong> filminde Bar\u0131\u015f Ayaz&#8217;a aitti. Olmad\u0131 say\u0131n Yap\u0131mc\u0131, m\u00fcdahale etmen gerekirdi. Her nedense Ay Yap\u0131m, bu dizi ile ilgili ayak s\u00fcr\u00fcd\u00fc. \u00c7ekimler ba\u015flad\u0131, tam cast a\u00e7\u0131klanmad\u0131. Bayan oyuncu hakk\u0131nda (<strong>Bensu Soral<\/strong>) netlik yok. \u00c7a\u011fatay Ulusoy, Sarp karakteri olarak h\u0131rsl\u0131, g\u00f6z\u00fc pek polisi canland\u0131racak. Bu i\u015f i\u00e7in yak\u0131n d\u00f6v\u00fc\u015f ve silah e\u011fitim dersleri alarak bir y\u0131ld\u0131r haz\u0131rlan\u0131yordu. Eyl\u00fcl ay\u0131nda reytinglerin en tepesinde yer alacak dizilerden biri olarak g\u00f6z\u00fck\u00fcyor.<\/p>\n<p>Eski sezon dizilerinin yeni b\u00f6l\u00fcmleri yeni b\u00f6l\u00fcmlerinin \u00e7ekimlerine ba\u015fl\u0131yor. Eyl\u00fcl ay\u0131ndan itibaren yar\u0131\u015fa kat\u0131lacaklar. K\u0131van\u00e7 Tatl\u0131tu\u011f, Kenan \u0130mirzal\u0131o\u011flu, Halit Ergen\u00e7 ve Kadir Do\u011fulu&#8217;n\u0131n yeni diziler de merakla bekleniyor.<\/p>\n<p>Sayg\u0131lar ve sevgiler.<\/p>\n<p>&nbsp;<\/p>\n<p>Sayg\u0131lar ve sevgiler.<\/p>\n<p>Abdurrahman Balc\u0131lar<\/p>\n<p>Twitter:\u00a0<a href=\"https:\/\/twitter.com\/abbalcilar\">abdurrahman balc\u0131lar<\/a><a href=\"https:\/\/twitter.com\/abbalcilar\"><strong>@abbalcilar<\/strong><\/a><\/p>\n<p>Mail :\u00a0<a href=\"mailto:ab.balcilar@hotmail.com\">ab.balcilar@hotmail.com<\/a><\/p>\n<p>Blog:\u00a0<a href=\"http:\/\/t.co\/znqmIZgIqn\">blog.milliyet.com.tr\/cansever<\/a><\/p>\n<p>Blog:\u00a0<strong>balcilar-blog.com<\/strong><\/p>\n<p>Not: G\u00f6rseller taraf\u0131mdan \u0130nternetten, s\u0131ralamalar dizi reytinglerine g\u00f6re yap\u0131lm\u0131\u015ft\u0131r.<\/p>\n<p>&nbsp;<\/p>\n","protected":false},"excerpt":{"rendered":"<p>TNS \u00f6l\u00e7\u00fcmlerine g\u00f6re haz\u0131rlad\u0131\u011f\u0131m 08 &#8211; 14 A\u011fustos 2016 Tarihleri aras\u0131nda ekranlar\u0131m\u0131za gelen, Total\u2019de ve AB\u2019de ilk ona giren, haftan\u0131n dizi karnesini a\u015fa\u011f\u0131da bilgilerinize sunuyorum. Bu hafta 10 yaz dizisi g\u00f6sterime girdi. Total ve AB&#8217;de ald\u0131klar\u0131 reyting puanlar\u0131na g\u00f6re s\u0131ralamaya girdiler. Total&#8217;de Fox Tv&#8217;nin yaz dizisi, No:309 ald\u0131\u011f\u0131 4,80 puan ile 1.s\u0131rada yer ald\u0131. Total&#8217;in [&hellip;]<\/p>\n","protected":false},"author":3,"featured_media":15029,"comment_status":"open","ping_status":"open","sticky":false,"template":"","format":"standard","meta":{"footnotes":""},"categories":[2],"tags":[1101,712,1207,1163,1177,530,1138],"class_list":["post-15023","post","type-post","status-publish","format-standard","has-post-thumbnail","hentry","category-tv-programlari","tag-ask-laftan-anlamaz","tag-dizi-reytingleri","tag-gulumse-yeter","tag-hayat-sevince-guzel","tag-no309","tag-tns-olcumleri","tag-yuksek-sosyete"],"views":3274,"blog_post_layout_featured_media_urls":{"thumbnail":["https:\/\/balcilar-blog.com\/wp-content\/uploads\/2016\/08\/cats-15-agustos-150x150.jpg",150,150,true],"full":["https:\/\/balcilar-blog.com\/wp-content\/uploads\/2016\/08\/cats-15-agustos.jpg",640,378,false]},"categories_names":{"2":{"name":"TV Programlar\u0131","link":"https:\/\/balcilar-blog.com\/?cat=2"}},"tags_names":{"1101":{"name":"A\u015fk Laftan Anlamaz","link":"https:\/\/balcilar-blog.com\/?tag=ask-laftan-anlamaz"},"712":{"name":"Dizi reytingleri","link":"https:\/\/balcilar-blog.com\/?tag=dizi-reytingleri"},"1207":{"name":"G\u00fcl\u00fcmse Yeter","link":"https:\/\/balcilar-blog.com\/?tag=gulumse-yeter"},"1163":{"name":"Hayat Sevince G\u00fczel","link":"https:\/\/balcilar-blog.com\/?tag=hayat-sevince-guzel"},"1177":{"name":"No:309","link":"https:\/\/balcilar-blog.com\/?tag=no309"},"530":{"name":"TNS \u00f6l\u00e7\u00fcmleri","link":"https:\/\/balcilar-blog.com\/?tag=tns-olcumleri"},"1138":{"name":"Y\u00fcksek Sosyete","link":"https:\/\/balcilar-blog.com\/?tag=yuksek-sosyete"}},"comments_number":"0","wpmagazine_modules_lite_featured_media_urls":{"thumbnail":["https:\/\/balcilar-blog.com\/wp-content\/uploads\/2016\/08\/cats-15-agustos-150x150.jpg",150,150,true],"cvmm-medium":["https:\/\/balcilar-blog.com\/wp-content\/uploads\/2016\/08\/cats-15-agustos.jpg",300,177,false],"cvmm-medium-plus":["https:\/\/balcilar-blog.com\/wp-content\/uploads\/2016\/08\/cats-15-agustos.jpg",305,180,false],"cvmm-portrait":["https:\/\/balcilar-blog.com\/wp-content\/uploads\/2016\/08\/cats-15-agustos.jpg",400,236,false],"cvmm-medium-square":["https:\/\/balcilar-blog.com\/wp-content\/uploads\/2016\/08\/cats-15-agustos.jpg",600,354,false],"cvmm-large":["https:\/\/balcilar-blog.com\/wp-content\/uploads\/2016\/08\/cats-15-agustos.jpg",640,378,false],"cvmm-small":["https:\/\/balcilar-blog.com\/wp-content\/uploads\/2016\/08\/cats-15-agustos.jpg",130,77,false],"full":["https:\/\/balcilar-blog.com\/wp-content\/uploads\/2016\/08\/cats-15-agustos.jpg",640,378,false]},"_links":{"self":[{"href":"https:\/\/balcilar-blog.com\/index.php?rest_route=\/wp\/v2\/posts\/15023","targetHints":{"allow":["GET"]}}],"collection":[{"href":"https:\/\/balcilar-blog.com\/index.php?rest_route=\/wp\/v2\/posts"}],"about":[{"href":"https:\/\/balcilar-blog.com\/index.php?rest_route=\/wp\/v2\/types\/post"}],"author":[{"embeddable":true,"href":"https:\/\/balcilar-blog.com\/index.php?rest_route=\/wp\/v2\/users\/3"}],"replies":[{"embeddable":true,"href":"https:\/\/balcilar-blog.com\/index.php?rest_route=%2Fwp%2Fv2%2Fcomments&post=15023"}],"version-history":[{"count":5,"href":"https:\/\/balcilar-blog.com\/index.php?rest_route=\/wp\/v2\/posts\/15023\/revisions"}],"predecessor-version":[{"id":15034,"href":"https:\/\/balcilar-blog.com\/index.php?rest_route=\/wp\/v2\/posts\/15023\/revisions\/15034"}],"wp:featuredmedia":[{"embeddable":true,"href":"https:\/\/balcilar-blog.com\/index.php?rest_route=\/wp\/v2\/media\/15029"}],"wp:attachment":[{"href":"https:\/\/balcilar-blog.com\/index.php?rest_route=%2Fwp%2Fv2%2Fmedia&parent=15023"}],"wp:term":[{"taxonomy":"category","embeddable":true,"href":"https:\/\/balcilar-blog.com\/index.php?rest_route=%2Fwp%2Fv2%2Fcategories&post=15023"},{"taxonomy":"post_tag","embeddable":true,"href":"https:\/\/balcilar-blog.com\/index.php?rest_route=%2Fwp%2Fv2%2Ftags&post=15023"}],"curies":[{"name":"wp","href":"https:\/\/api.w.org\/{rel}","templated":true}]}}