{"id":15010,"date":"2016-08-14T11:33:23","date_gmt":"2016-08-14T08:33:23","guid":{"rendered":"http:\/\/balcilar-blog.com\/?p=15010"},"modified":"2016-08-14T15:59:28","modified_gmt":"2016-08-14T12:59:28","slug":"icerde-dizisinde-cagatay-ulusoy-yeni-imajiyla-sarp","status":"publish","type":"post","link":"https:\/\/balcilar-blog.com\/?p=15010","title":{"rendered":"\u00c7a\u011fatay Ulusoy &#8220;\u0130\u00e7erde&#8221; dizinde yeni imaj\u0131yla \u015fa\u015f\u0131rtt\u0131!"},"content":{"rendered":"<p><img loading=\"lazy\" decoding=\"async\" class=\"alignnone size-full wp-image-15014\" src=\"http:\/\/balcilar-blog.com\/wp-content\/uploads\/2016\/08\/cats-\u0130\u00c7ERDE.jpg\" alt=\"cats \u0130\u00c7ERDE\" width=\"640\" height=\"445\" srcset=\"https:\/\/balcilar-blog.com\/wp-content\/uploads\/2016\/08\/cats-\u0130\u00c7ERDE.jpg 640w, https:\/\/balcilar-blog.com\/wp-content\/uploads\/2016\/08\/cats-\u0130\u00c7ERDE-300x209.jpg 300w\" sizes=\"auto, (max-width: 640px) 100vw, 640px\" \/><\/p>\n<p><span style=\"color: #ff0000;\"><strong>\u00c7a\u011fatay Ulusoy<\/strong><\/span>, Delibal sinema filminin bitiminden bu tarafa yeni dizisine haz\u0131rlan\u0131yordu. Ve \u00e7ekimler 11 A\u011fustosta ba\u015flad\u0131, &#8220;<span style=\"color: #0000ff;\"><strong>\u0130\u00c7ERDE<\/strong><\/span>&#8221; dizisindeki yeni imaj\u0131 ile polis Sarp ortaya \u00e7\u0131kt\u0131.<\/p>\n<p>Daha \u00f6nceki yaz\u0131lar\u0131mda \u00c7a\u011fatay Ulusoy yeni dizisinde bamba\u015fka bir imaja b\u00fcr\u00fcnece\u011fini yazm\u0131\u015ft\u0131m. Sakallar kesilecek, kirli sakal olacak ve sa\u00e7lar k\u0131salacak diye yazm\u0131\u015ft\u0131m. Sa\u00e7lar da k\u0131sald\u0131, sakal da&#8230; Sa\u00e7lar daha \u00f6nce Emir&#8217;in Yolu dizisinde oldu\u011fu gibi \u00fc\u00e7 numaraya vurulmu\u015f. Ben bu kadar da k\u0131sa beklemiyordum. \u015ea\u015f\u0131rmad\u0131m desem yalan olur. Resmen gene tipi de\u011fi\u015fti. Sa\u00e7lar\u0131na \u00e7ok merakl\u0131 olan \u00c7a\u011fatay&#8217;\u0131n oyunculuk yolunda yapmayaca\u011f\u0131 \u015fey yok gibi. \u0130\u015fte sanat\u00e7\u0131l\u0131k, oyunculuk bu olsa gerek.<\/p>\n<p>Leonardo DiCaprio&#8217;nun 2006 y\u0131l\u0131nda \u00e7ekti\u011fi The Departed (K\u00f6stebek) filminden diziye uyarlanan, senaryosu Ertan Kurtulan ve Toprak Karao\u011flu&#8217;nun yazd\u0131\u011f\u0131, &#8220;\u0130\u00c7ERDE&#8221;nin y\u00f6netmen koltu\u011funda Ulu\u00e7 Bayraktar oturuyor.<\/p>\n<p><img loading=\"lazy\" decoding=\"async\" class=\"alignnone size-full wp-image-15011\" src=\"http:\/\/balcilar-blog.com\/wp-content\/uploads\/2016\/08\/Cpm3S0SXgAA3xzN.jpg\" alt=\"Cpm3S0SXgAA3xzN\" width=\"562\" height=\"480\" srcset=\"https:\/\/balcilar-blog.com\/wp-content\/uploads\/2016\/08\/Cpm3S0SXgAA3xzN.jpg 562w, https:\/\/balcilar-blog.com\/wp-content\/uploads\/2016\/08\/Cpm3S0SXgAA3xzN-300x256.jpg 300w\" sizes=\"auto, (max-width: 562px) 100vw, 562px\" \/><\/p>\n<p>11 A\u011fustos sabah\u0131 dizinin \u00e7ekimlerine motor denildi. \u00c7a\u011fatay Ulusoy bamba\u015fka bir imaj ile kamera kar\u0131\u015f\u0131nda g\u00f6z\u00fckt\u00fc. Evet; Polis Akademisinde okuyan \u00f6\u011frenci Sarp Y\u0131lmaz.<\/p>\n<p><img loading=\"lazy\" decoding=\"async\" class=\"alignnone size-full wp-image-15021\" src=\"http:\/\/balcilar-blog.com\/wp-content\/uploads\/2016\/08\/Cp0QP3WXEAAOAQQ.jpg\" alt=\"Cp0QP3WXEAAOAQQ\" width=\"480\" height=\"489\" srcset=\"https:\/\/balcilar-blog.com\/wp-content\/uploads\/2016\/08\/Cp0QP3WXEAAOAQQ.jpg 480w, https:\/\/balcilar-blog.com\/wp-content\/uploads\/2016\/08\/Cp0QP3WXEAAOAQQ-294x300.jpg 294w\" sizes=\"auto, (max-width: 480px) 100vw, 480px\" \/><\/p>\n<p>Mezuniyet t\u00f6reni&#8230; Sarp Y\u0131lmaz Akademiyi birincilikle bitiriyor. Hi\u00e7 tan\u0131mad\u0131\u011f\u0131 karde\u015fi de ayn\u0131 okulda Mete. O da akademiyi ikincilikle bitiriyor. Kader onlar\u0131 ilk b\u00f6l\u00fcm\u00fcn sonunda, karde\u015f olduklar\u0131 ortaya \u00e7\u0131karacak!<\/p>\n<p><img loading=\"lazy\" decoding=\"async\" class=\"alignnone size-full wp-image-15020\" src=\"http:\/\/balcilar-blog.com\/wp-content\/uploads\/2016\/08\/Cp0PvjlWYAAaHt3.jpg\" alt=\"Cp0PvjlWYAAaHt3\" width=\"427\" height=\"640\" srcset=\"https:\/\/balcilar-blog.com\/wp-content\/uploads\/2016\/08\/Cp0PvjlWYAAaHt3.jpg 427w, https:\/\/balcilar-blog.com\/wp-content\/uploads\/2016\/08\/Cp0PvjlWYAAaHt3-200x300.jpg 200w\" sizes=\"auto, (max-width: 427px) 100vw, 427px\" \/><\/p>\n<p>Dizinin tan\u0131t\u0131m teaser\u0131 ay i\u00e7inde seyircisi ile bulu\u015facak! \u0130\u00e7erde&#8217;nin ilk b\u00f6l\u00fcm\u00fc de Eyl\u00fcl ay\u0131 i\u00e7inde ekranlarda olacakt\u0131r.<\/p>\n<p>Dizinin \u00e7ekimleri ba\u015flad\u0131\u011f\u0131 halde, dizinin oyuncu kadrosu ile ilgili Ay Yap\u0131m resmi bir a\u00e7\u0131klama yapmad\u0131.<\/p>\n<p>Al\u0131nan bilgiler twitterda yaz\u0131lan duyumlardan \u00f6\u011freniyoruz.<\/p>\n<p>\u0130\u015fte bilinen olan oyuncu Kadrosu:<\/p>\n<p>\u00c7a\u011fatay Ulusoy : Sarp Y\u0131lmaz<\/p>\n<p>Aras bulut \u0130ynemli : Umut (Mete) Y\u0131lmaz<\/p>\n<p>\u00c7etin Tekindor : Sarp ve Met&#8217;nin babalar\u0131 \u0130brahim Y\u0131lmaz<\/p>\n<p>Nihal Kolda\u015f : Anneleri Fusun Y\u0131lmaz<\/p>\n<p>Bensu Soral : Avukat Melek<\/p>\n<p>Ayr\u0131ca; R\u0131za Kocao\u011flu ve Mustafa U\u011furlu da rol al\u0131yor. (Hen\u00fcz rol da\u011f\u0131l\u0131m\u0131 bilinmiyor)<\/p>\n<p><img loading=\"lazy\" decoding=\"async\" class=\"alignnone size-full wp-image-15013\" src=\"http:\/\/balcilar-blog.com\/wp-content\/uploads\/2016\/08\/Aras-Bulut-\u0130ynemli-yeni-dizisi-2016-2017.png\" alt=\"Aras-Bulut-\u0130ynemli-yeni-dizisi-2016-2017\" width=\"578\" height=\"480\" srcset=\"https:\/\/balcilar-blog.com\/wp-content\/uploads\/2016\/08\/Aras-Bulut-\u0130ynemli-yeni-dizisi-2016-2017.png 578w, https:\/\/balcilar-blog.com\/wp-content\/uploads\/2016\/08\/Aras-Bulut-\u0130ynemli-yeni-dizisi-2016-2017-300x249.png 300w\" sizes=\"auto, (max-width: 578px) 100vw, 578px\" \/><\/p>\n<p>Aras Bulut \u0130ynemli, ilk g\u00fcn \u00e7ekimler ba\u015flar ba\u015flamaz, g\u00f6r\u00fcnmez kaza aya\u011f\u0131n\u0131 burkmu\u015f, \u00e7ekimler aksam\u0131\u015ft\u0131r. Daha sonra iyile\u015fir-iyile\u015fmez devam edecektir. Aras Bulut \u0130ynemli&#8217;nin yeni imaj\u0131n\u0131 tan\u0131t\u0131mda g\u00f6rece\u011fiz.<\/p>\n<p>\u00d6n\u00fcm\u00fczde g\u00fcnlerde Ay yap\u0131m geni\u015f bir a\u00e7\u0131klama yapacakt\u0131r.<\/p>\n<p>\u00c7a\u011fatay Ulusoy yeni imaj\u0131 ile ses getirecek, \u0130\u00e7erde dizisindeki Sarp Y\u0131lmaz karakteri ile ad\u0131ndan s\u0131k\u00e7a s\u00f6z ettirecektir.<\/p>\n<p>Ay Yap\u0131m&#8217;\u0131n \u0130\u00c7ERDE polisiye dizisi Show Tv ekranlar\u0131nda oldu\u011fu yaz\u0131lsa da net bir a\u00e7\u0131klama yok.<\/p>\n<p>T\u00fcm Ay Yap\u0131m ekibine ba\u015far\u0131lar diliyorum.<\/p>\n<p>Sayg\u0131lar ve sevgiler.<\/p>\n<p>Abdurrahman Balc\u0131lar<\/p>\n<p>Twitter:\u00a0<a href=\"https:\/\/twitter.com\/abbalcilar\">abdurrahman balc\u0131lar<\/a><a href=\"https:\/\/twitter.com\/abbalcilar\"><strong>@abbalcilar<\/strong><\/a><\/p>\n<p>Mail :\u00a0<a href=\"mailto:ab.balcilar@hotmail.com\">ab.balcilar@hotmail.com<\/a><\/p>\n<p>Blog:\u00a0<a href=\"http:\/\/t.co\/znqmIZgIqn\">blog.milliyet.com.tr\/cansever<\/a><\/p>\n<p>Blog:\u00a0<strong>balcilar-blog.com<\/strong><\/p>\n<p>&nbsp;<\/p>\n<p>&nbsp;<\/p>\n","protected":false},"excerpt":{"rendered":"<p>\u00c7a\u011fatay Ulusoy, Delibal sinema filminin bitiminden bu tarafa yeni dizisine haz\u0131rlan\u0131yordu. Ve \u00e7ekimler 11 A\u011fustosta ba\u015flad\u0131, &#8220;\u0130\u00c7ERDE&#8221; dizisindeki yeni imaj\u0131 ile polis Sarp ortaya \u00e7\u0131kt\u0131. Daha \u00f6nceki yaz\u0131lar\u0131mda \u00c7a\u011fatay Ulusoy yeni dizisinde bamba\u015fka bir imaja b\u00fcr\u00fcnece\u011fini yazm\u0131\u015ft\u0131m. Sakallar kesilecek, kirli sakal olacak ve sa\u00e7lar k\u0131salacak diye yazm\u0131\u015ft\u0131m. Sa\u00e7lar da k\u0131sald\u0131, sakal da&#8230; Sa\u00e7lar daha \u00f6nce [&hellip;]<\/p>\n","protected":false},"author":3,"featured_media":15014,"comment_status":"open","ping_status":"open","sticky":false,"template":"","format":"standard","meta":{"footnotes":""},"categories":[2],"tags":[533,15,1219],"class_list":["post-15010","post","type-post","status-publish","format-standard","has-post-thumbnail","hentry","category-tv-programlari","tag-aras-bulut-iynemli","tag-cagatay-ulusoy","tag-icerde"],"views":4054,"blog_post_layout_featured_media_urls":{"thumbnail":["https:\/\/balcilar-blog.com\/wp-content\/uploads\/2016\/08\/cats-\u0130\u00c7ERDE-150x150.jpg",150,150,true],"full":["https:\/\/balcilar-blog.com\/wp-content\/uploads\/2016\/08\/cats-\u0130\u00c7ERDE.jpg",640,445,false]},"categories_names":{"2":{"name":"TV Programlar\u0131","link":"https:\/\/balcilar-blog.com\/?cat=2"}},"tags_names":{"533":{"name":"Aras Bulut \u0130ynemli","link":"https:\/\/balcilar-blog.com\/?tag=aras-bulut-iynemli"},"15":{"name":"\u00e7a\u011fatay ulusoy","link":"https:\/\/balcilar-blog.com\/?tag=cagatay-ulusoy"},"1219":{"name":"\u0130\u00c7ERDE","link":"https:\/\/balcilar-blog.com\/?tag=icerde"}},"comments_number":"0","wpmagazine_modules_lite_featured_media_urls":{"thumbnail":["https:\/\/balcilar-blog.com\/wp-content\/uploads\/2016\/08\/cats-\u0130\u00c7ERDE-150x150.jpg",150,150,true],"cvmm-medium":["https:\/\/balcilar-blog.com\/wp-content\/uploads\/2016\/08\/cats-\u0130\u00c7ERDE.jpg",300,209,false],"cvmm-medium-plus":["https:\/\/balcilar-blog.com\/wp-content\/uploads\/2016\/08\/cats-\u0130\u00c7ERDE.jpg",298,207,false],"cvmm-portrait":["https:\/\/balcilar-blog.com\/wp-content\/uploads\/2016\/08\/cats-\u0130\u00c7ERDE.jpg",400,278,false],"cvmm-medium-square":["https:\/\/balcilar-blog.com\/wp-content\/uploads\/2016\/08\/cats-\u0130\u00c7ERDE.jpg",600,417,false],"cvmm-large":["https:\/\/balcilar-blog.com\/wp-content\/uploads\/2016\/08\/cats-\u0130\u00c7ERDE.jpg",640,445,false],"cvmm-small":["https:\/\/balcilar-blog.com\/wp-content\/uploads\/2016\/08\/cats-\u0130\u00c7ERDE.jpg",130,90,false],"full":["https:\/\/balcilar-blog.com\/wp-content\/uploads\/2016\/08\/cats-\u0130\u00c7ERDE.jpg",640,445,false]},"_links":{"self":[{"href":"https:\/\/balcilar-blog.com\/index.php?rest_route=\/wp\/v2\/posts\/15010","targetHints":{"allow":["GET"]}}],"collection":[{"href":"https:\/\/balcilar-blog.com\/index.php?rest_route=\/wp\/v2\/posts"}],"about":[{"href":"https:\/\/balcilar-blog.com\/index.php?rest_route=\/wp\/v2\/types\/post"}],"author":[{"embeddable":true,"href":"https:\/\/balcilar-blog.com\/index.php?rest_route=\/wp\/v2\/users\/3"}],"replies":[{"embeddable":true,"href":"https:\/\/balcilar-blog.com\/index.php?rest_route=%2Fwp%2Fv2%2Fcomments&post=15010"}],"version-history":[{"count":6,"href":"https:\/\/balcilar-blog.com\/index.php?rest_route=\/wp\/v2\/posts\/15010\/revisions"}],"predecessor-version":[{"id":15022,"href":"https:\/\/balcilar-blog.com\/index.php?rest_route=\/wp\/v2\/posts\/15010\/revisions\/15022"}],"wp:featuredmedia":[{"embeddable":true,"href":"https:\/\/balcilar-blog.com\/index.php?rest_route=\/wp\/v2\/media\/15014"}],"wp:attachment":[{"href":"https:\/\/balcilar-blog.com\/index.php?rest_route=%2Fwp%2Fv2%2Fmedia&parent=15010"}],"wp:term":[{"taxonomy":"category","embeddable":true,"href":"https:\/\/balcilar-blog.com\/index.php?rest_route=%2Fwp%2Fv2%2Fcategories&post=15010"},{"taxonomy":"post_tag","embeddable":true,"href":"https:\/\/balcilar-blog.com\/index.php?rest_route=%2Fwp%2Fv2%2Ftags&post=15010"}],"curies":[{"name":"wp","href":"https:\/\/api.w.org\/{rel}","templated":true}]}}