{"id":14990,"date":"2016-08-12T15:59:06","date_gmt":"2016-08-12T12:59:06","guid":{"rendered":"http:\/\/balcilar-blog.com\/?p=14990"},"modified":"2016-08-12T16:14:31","modified_gmt":"2016-08-12T13:14:31","slug":"kara-sevda-seul-odulleride-2-dalda-finale-kaldi","status":"publish","type":"post","link":"https:\/\/balcilar-blog.com\/?p=14990","title":{"rendered":"Kara Sevda Seul \u00f6d\u00fclleri&#8217;nde 2 dalda finale kald\u0131!"},"content":{"rendered":"<div id=\"Item.MessagePartBody\" class=\"_rp_L4\">\n<div id=\"Item.MessageUniqueBody\" class=\"_rp_M4 ms-font-weight-regular ms-font-color-neutralDark rpHighlightAllClass rpHighlightBodyClass\" tabindex=\"0\">\n<div class=\"rps_3245\">\n<div>\n<div>\n<div dir=\"ltr\">\n<div class=\"x_gmail_quote\">\n<div dir=\"ltr\">\n<p><img loading=\"lazy\" decoding=\"async\" class=\"alignnone size-full wp-image-14991\" src=\"http:\/\/balcilar-blog.com\/wp-content\/uploads\/2016\/08\/thumbnail_karasevda-1-Kopya.jpg\" alt=\"thumbnail_karasevda-1 - Kopya\" width=\"498\" height=\"480\" srcset=\"https:\/\/balcilar-blog.com\/wp-content\/uploads\/2016\/08\/thumbnail_karasevda-1-Kopya.jpg 498w, https:\/\/balcilar-blog.com\/wp-content\/uploads\/2016\/08\/thumbnail_karasevda-1-Kopya-300x289.jpg 300w\" sizes=\"auto, (max-width: 498px) 100vw, 498px\" \/><\/p>\n<p>Kara Sevda G\u00fcney Kore&#8217;de finalist oldu. Kara Sevda&#8217;n\u0131n Seul \u00d6d\u00fcllerinde iki dalda finale kald\u0131. Bir \u00f6nceki y\u0131l (5 Eyl\u00fcl 2014) gene Ay Yap\u0131m&#8217;\u0131n Medcezir, 9.Seul Drama \u00d6d\u00fclleri&#8217;nde G\u00fcm\u00fc\u015f \u00d6d\u00fcl alm\u0131\u015ft\u0131. \u00c7a\u011fatay Ulusoy&#8217;da En \u0130yi Oyuncu dal\u0131nda finale kalm\u0131\u015ft\u0131. Ge\u00e7en y\u0131l da Kara Para A\u015fk&#8217;taki rol\u00fc ile Engin Aky\u00fcrek &#8220;En \u0130yi Erkek Oyuncu \u00f6d\u00fcl\u00fcne lay\u0131k g\u00f6r\u00fclm\u00fc\u015ft\u00fc.<\/p>\n<p>Ay Yap\u0131m\u2019\u0131n yap\u0131mc\u0131l\u0131\u011f\u0131nda ger\u00e7ekle\u015fen Kara Sevda, uluslararas\u0131 dizi end\u00fcstrisinin b\u00fcy\u00fck ilgi g\u00f6sterdi\u011fi Seul Drama \u00d6d\u00fclleri\u2019nde 2 dalda finale kald\u0131! En \u0130yi Dizi kategorisinde \u00f6d\u00fcle aday olan Kara Sevda\u2019n\u0131n ba\u015frol oyuncusu Neslihan Atag\u00fcl de En iyi Kad\u0131n Oyuncu kategorisinde d\u00fcnyaca \u00fcnl\u00fc starlarla birlikte finalist oldu. Kazananlar 8 Eyl\u00fcl\u2019de Seul\u2019de d\u00fczenlenecek t\u00f6renle a\u00e7\u0131klanacak.<\/p>\n<p><img loading=\"lazy\" decoding=\"async\" class=\"alignnone size-full wp-image-14992\" src=\"http:\/\/balcilar-blog.com\/wp-content\/uploads\/2016\/08\/thumbnail_ks-1-Kopya.jpg\" alt=\"thumbnail_ks-1 - Kopya\" width=\"640\" height=\"427\" srcset=\"https:\/\/balcilar-blog.com\/wp-content\/uploads\/2016\/08\/thumbnail_ks-1-Kopya.jpg 640w, https:\/\/balcilar-blog.com\/wp-content\/uploads\/2016\/08\/thumbnail_ks-1-Kopya-300x200.jpg 300w\" sizes=\"auto, (max-width: 640px) 100vw, 640px\" \/><\/p>\n<p>Bu y\u0131l 10. kez d\u00fczenlenen Uluslararas\u0131 Seul Drama \u00d6d\u00fclleri, 2016 y\u0131l\u0131n\u0131n finalistlerini a\u00e7\u0131klad\u0131. 51 \u00fclkeden 265 ba\u015fvurunun yap\u0131ld\u0131\u011f\u0131 \u00f6d\u00fcl organizasyonunun \u00f6n elemelerinde 28 yap\u0131m ve 28 ki\u015fi finalist olmaya hak kazand\u0131. Ay Yap\u0131m\u2019\u0131n Star TV\u2019de ekrana gelen iddial\u0131 dizisi Kara Sevda da hem En \u0130yi Dizi hem de En \u0130yi Kad\u0131n Oyuncu kategorilerinde; sekt\u00f6r\u00fcn en prestjili organizasyonlar\u0131ndan biri olarak g\u00f6sterilen yar\u0131\u015fman\u0131n favorileri aras\u0131nda g\u00f6steriliyor.<\/p>\n<p><img loading=\"lazy\" decoding=\"async\" class=\"alignnone size-full wp-image-14993\" src=\"http:\/\/balcilar-blog.com\/wp-content\/uploads\/2016\/08\/thumbnail_ks2-Kopya.jpg\" alt=\"thumbnail_ks2 - Kopya\" width=\"422\" height=\"640\" srcset=\"https:\/\/balcilar-blog.com\/wp-content\/uploads\/2016\/08\/thumbnail_ks2-Kopya.jpg 422w, https:\/\/balcilar-blog.com\/wp-content\/uploads\/2016\/08\/thumbnail_ks2-Kopya-198x300.jpg 198w\" sizes=\"auto, (max-width: 422px) 100vw, 422px\" \/><\/p>\n<p>Ay Yap\u0131m yap\u0131mc\u0131l\u0131\u011f\u0131nda ger\u00e7ekle\u015fen; Burak \u00d6z\u00e7ivit, Neslihan Atag\u00fcl, Kaan Urganc\u0131o\u011flu ve Zerrin Tekindor\u2019un rol ald\u0131\u011f\u0131 Kara Sevda, En \u0130yi Dizi dal\u0131nda 7 yap\u0131mla yar\u0131\u015f\u0131yor. T\u00fcrkiye\u2019den K\u0131rg\u0131n \u00c7i\u00e7ekler\u2019in de aday oldu\u011fu drama kategorisinde \u00c7in\u2019den A Scholar Dream of Woman, Hong Kong\u2019dan Lord of Shangai, Brezilya\u2019dan Moses and the Ten Commandments, Arjantin\u2019den My Lovely Hope, Kolombiya\u2019dan The White Slave ve G\u00fcney Kore\u2019den The Roots of Throne dizileriyle yar\u0131\u015f\u0131yor.<\/p>\n<p>Amerika\u2019dan Orange is the New Black, \u0130ngiltere\u2019den War and Peace gibi iddial\u0131 yap\u0131mlar\u0131n yer ald\u0131\u011f\u0131 yar\u0131\u015fman\u0131n En \u0130yi Kad\u0131n Oyuncu kategorisindeki favori adaylar\u0131ndan biri de Neslihan Atag\u00fcl. Kara Sevda\u2019n\u0131n Nihan\u2019\u0131 olarak izleyicilerin sevgisini kazanan Neslihan Atag\u00fcl, T\u00fcrkiye\u2019de Downtown Abbey dizisiyle tan\u0131nan Lily James ve Orange is The New Black dizisin ba\u015frol oyuncusu Taylor Schilling gibi isimlerle yar\u0131\u015f\u0131yor.<\/p>\n<p>Daha \u00f6nce T\u00fcrkiye\u2019den <strong>Ezel<\/strong>\u2019e J\u00fcri \u00d6zel \u00d6d\u00fcl\u00fc, <strong>Medcezir<\/strong>\u2019e <strong>En iyi Dizi<\/strong>, <strong>Kara Para A\u015fk<\/strong>\u2019taki rol\u00fcyle de <strong>Engin Aky\u00fcrek<\/strong>\u2019e <strong>En \u0130yi Akt\u00f6r<\/strong> \u00f6d\u00fcl\u00fcn\u00fcn lay\u0131k g\u00f6r\u00fcld\u00fc\u011f\u00fc <strong>Seul Drama \u00d6d\u00fclleri<\/strong> bu y\u0131l 8 Eyl\u00fcl\u2019de ger\u00e7ekle\u015fecek \u00f6d\u00fcl t\u00f6reniyle sahiplerini bulacak.<\/p>\n<p>Bol \u015fans <strong>Kara Sevda<\/strong>&#8230; Bol \u015fans <strong>Neslihan Atag\u00fcl<\/strong>&#8230;<\/p>\n<p>Sayg\u0131lar ve sevgiler.<\/p>\n<p>Abdurrahman Balc\u0131lar<\/p>\n<p>Twitter:\u00a0<a href=\"https:\/\/twitter.com\/abbalcilar\">abdurrahman balc\u0131lar<\/a><a href=\"https:\/\/twitter.com\/abbalcilar\"><strong>@abbalcilar<\/strong><\/a><\/p>\n<p>Mail :\u00a0<a href=\"mailto:ab.balcilar@hotmail.com\">ab.balcilar@hotmail.com<\/a><\/p>\n<p>Blog:\u00a0<a href=\"http:\/\/t.co\/znqmIZgIqn\">blog.milliyet.com.tr\/cansever<\/a><\/p>\n<p>Blog:\u00a0<strong>balcilar-blog.com<\/strong><\/p>\n<p>Not: Haber ve G\u00f6rseller, Ay Yap\u0131m &#8211; Persona Sanat Bas\u0131n B\u00fclteni.<\/p>\n<p class=\"x_MsoNormal\" align=\"center\"><b><span lang=\"EN-US\">\u00a0<\/span><\/b><\/p>\n<p class=\"x_MsoNormal\">\n<\/div>\n<\/div>\n<\/div>\n<\/div>\n<\/div>\n<\/div>\n<\/div>\n<\/div>\n","protected":false},"excerpt":{"rendered":"<p>Kara Sevda G\u00fcney Kore&#8217;de finalist oldu. Kara Sevda&#8217;n\u0131n Seul \u00d6d\u00fcllerinde iki dalda finale kald\u0131. Bir \u00f6nceki y\u0131l (5 Eyl\u00fcl 2014) gene Ay Yap\u0131m&#8217;\u0131n Medcezir, 9.Seul Drama \u00d6d\u00fclleri&#8217;nde G\u00fcm\u00fc\u015f \u00d6d\u00fcl alm\u0131\u015ft\u0131. \u00c7a\u011fatay Ulusoy&#8217;da En \u0130yi Oyuncu dal\u0131nda finale kalm\u0131\u015ft\u0131. Ge\u00e7en y\u0131l da Kara Para A\u015fk&#8217;taki rol\u00fc ile Engin Aky\u00fcrek &#8220;En \u0130yi Erkek Oyuncu \u00f6d\u00fcl\u00fcne lay\u0131k g\u00f6r\u00fclm\u00fc\u015ft\u00fc. [&hellip;]<\/p>\n","protected":false},"author":3,"featured_media":14991,"comment_status":"open","ping_status":"open","sticky":false,"template":"","format":"standard","meta":{"footnotes":""},"categories":[2],"tags":[26,703,799,119,1218],"class_list":["post-14990","post","type-post","status-publish","format-standard","has-post-thumbnail","hentry","category-tv-programlari","tag-ay-yapim","tag-en-iyi-kadin-oyuncu","tag-kara-sevda","tag-neslihan-atagul","tag-uluslarasi-seul-drama-odulleri"],"views":3192,"blog_post_layout_featured_media_urls":{"thumbnail":["https:\/\/balcilar-blog.com\/wp-content\/uploads\/2016\/08\/thumbnail_karasevda-1-Kopya-150x150.jpg",150,150,true],"full":["https:\/\/balcilar-blog.com\/wp-content\/uploads\/2016\/08\/thumbnail_karasevda-1-Kopya.jpg",498,480,false]},"categories_names":{"2":{"name":"TV Programlar\u0131","link":"https:\/\/balcilar-blog.com\/?cat=2"}},"tags_names":{"26":{"name":"Ay Yap\u0131m","link":"https:\/\/balcilar-blog.com\/?tag=ay-yapim"},"703":{"name":"En iyi kad\u0131n oyuncu","link":"https:\/\/balcilar-blog.com\/?tag=en-iyi-kadin-oyuncu"},"799":{"name":"Kara Sevda","link":"https:\/\/balcilar-blog.com\/?tag=kara-sevda"},"119":{"name":"Neslihan Atag\u00fcl","link":"https:\/\/balcilar-blog.com\/?tag=neslihan-atagul"},"1218":{"name":"Uluslaras\u0131 Seul Drama \u00d6d\u00fclleri","link":"https:\/\/balcilar-blog.com\/?tag=uluslarasi-seul-drama-odulleri"}},"comments_number":"0","wpmagazine_modules_lite_featured_media_urls":{"thumbnail":["https:\/\/balcilar-blog.com\/wp-content\/uploads\/2016\/08\/thumbnail_karasevda-1-Kopya-150x150.jpg",150,150,true],"cvmm-medium":["https:\/\/balcilar-blog.com\/wp-content\/uploads\/2016\/08\/thumbnail_karasevda-1-Kopya.jpg",300,289,false],"cvmm-medium-plus":["https:\/\/balcilar-blog.com\/wp-content\/uploads\/2016\/08\/thumbnail_karasevda-1-Kopya.jpg",215,207,false],"cvmm-portrait":["https:\/\/balcilar-blog.com\/wp-content\/uploads\/2016\/08\/thumbnail_karasevda-1-Kopya.jpg",400,386,false],"cvmm-medium-square":["https:\/\/balcilar-blog.com\/wp-content\/uploads\/2016\/08\/thumbnail_karasevda-1-Kopya.jpg",498,480,false],"cvmm-large":["https:\/\/balcilar-blog.com\/wp-content\/uploads\/2016\/08\/thumbnail_karasevda-1-Kopya.jpg",498,480,false],"cvmm-small":["https:\/\/balcilar-blog.com\/wp-content\/uploads\/2016\/08\/thumbnail_karasevda-1-Kopya.jpg",99,95,false],"full":["https:\/\/balcilar-blog.com\/wp-content\/uploads\/2016\/08\/thumbnail_karasevda-1-Kopya.jpg",498,480,false]},"_links":{"self":[{"href":"https:\/\/balcilar-blog.com\/index.php?rest_route=\/wp\/v2\/posts\/14990","targetHints":{"allow":["GET"]}}],"collection":[{"href":"https:\/\/balcilar-blog.com\/index.php?rest_route=\/wp\/v2\/posts"}],"about":[{"href":"https:\/\/balcilar-blog.com\/index.php?rest_route=\/wp\/v2\/types\/post"}],"author":[{"embeddable":true,"href":"https:\/\/balcilar-blog.com\/index.php?rest_route=\/wp\/v2\/users\/3"}],"replies":[{"embeddable":true,"href":"https:\/\/balcilar-blog.com\/index.php?rest_route=%2Fwp%2Fv2%2Fcomments&post=14990"}],"version-history":[{"count":3,"href":"https:\/\/balcilar-blog.com\/index.php?rest_route=\/wp\/v2\/posts\/14990\/revisions"}],"predecessor-version":[{"id":14996,"href":"https:\/\/balcilar-blog.com\/index.php?rest_route=\/wp\/v2\/posts\/14990\/revisions\/14996"}],"wp:featuredmedia":[{"embeddable":true,"href":"https:\/\/balcilar-blog.com\/index.php?rest_route=\/wp\/v2\/media\/14991"}],"wp:attachment":[{"href":"https:\/\/balcilar-blog.com\/index.php?rest_route=%2Fwp%2Fv2%2Fmedia&parent=14990"}],"wp:term":[{"taxonomy":"category","embeddable":true,"href":"https:\/\/balcilar-blog.com\/index.php?rest_route=%2Fwp%2Fv2%2Fcategories&post=14990"},{"taxonomy":"post_tag","embeddable":true,"href":"https:\/\/balcilar-blog.com\/index.php?rest_route=%2Fwp%2Fv2%2Ftags&post=14990"}],"curies":[{"name":"wp","href":"https:\/\/api.w.org\/{rel}","templated":true}]}}