{"id":14975,"date":"2016-08-12T20:50:56","date_gmt":"2016-08-12T17:50:56","guid":{"rendered":"http:\/\/balcilar-blog.com\/?p=14975"},"modified":"2016-08-12T21:11:29","modified_gmt":"2016-08-12T18:11:29","slug":"yuksek-sosyete-kerem-cansu-aski-tamam-mert-ece-aski-kazaya-kurban","status":"publish","type":"post","link":"https:\/\/balcilar-blog.com\/?p=14975","title":{"rendered":"Y\u00fcksek Sosyete \/ Kerem &#8211; Cansu a\u015fk\u0131 tamam! Mert &#8211; Ece a\u015fk\u0131 kazaya kurban!"},"content":{"rendered":"<p><img loading=\"lazy\" decoding=\"async\" class=\"alignnone size-full wp-image-14979\" src=\"http:\/\/balcilar-blog.com\/wp-content\/uploads\/2016\/08\/CpmdbopWcAA4aO7.jpg\" alt=\"CpmdbopWcAA4aO7\" width=\"640\" height=\"360\" srcset=\"https:\/\/balcilar-blog.com\/wp-content\/uploads\/2016\/08\/CpmdbopWcAA4aO7.jpg 640w, https:\/\/balcilar-blog.com\/wp-content\/uploads\/2016\/08\/CpmdbopWcAA4aO7-300x169.jpg 300w\" sizes=\"auto, (max-width: 640px) 100vw, 640px\" \/><\/p>\n<p>Star Tv&#8217;nin yaz dizilerinden y\u00fcz ak\u0131 &#8220;Y\u00fcksek Sosyete&#8221; d\u00fcn ak\u015fam yine izleyicisini memnun etti. Reytinglerde bu memnuniyeti do\u011fruluyor. Total&#8217;de (4,73-18,31) ve AB&#8217;de (4,72-18,40) reyting puan\u0131 ile her iki kategoride birinci s\u0131rada yer ald\u0131\u011f\u0131n\u0131 g\u00f6r\u00fcyoruz.<\/p>\n<p>Ge\u00e7en b\u00f6l\u00fcmde iki ayr\u0131 d\u00fc\u011f\u00fcnde birlikte olan Kerem ile Cansu ve Mert ile Ece \u00e7ok mutlu oldular. Her iki sevgili de aralar\u0131nda s\u0131cak ili\u015fkiler ba\u015flam\u0131\u015ft\u0131.<\/p>\n<p>D\u00fc\u011f\u00fcnden ailesi bile birlikte ayr\u0131lan Cansu, Kerem&#8217;in arabas\u0131na biner, birlikte gelirler, her ikisi de \u00e7ok mutludur. Cansu yanl\u0131\u015f yapman\u0131n pi\u015fmanl\u0131\u011f\u0131 i\u00e7indedir. Kerem, yeni kurallar koyar. Bu gece ne olursa olsun birbirlerine d\u00fcr\u00fcst olacaklar, ailelerinden bahsetmeyeceklerdir. Kerem Cansu i\u00e7in bu geceyi unutulmaz k\u0131lmak ister. Anahtar kelime Elma&#8217;d\u0131r. Sessiz ve sakin bir yer i\u00e7in Kerem hayalindeki araziye g\u00f6t\u00fcr\u00fcr.<\/p>\n<p><img loading=\"lazy\" decoding=\"async\" class=\"alignnone size-full wp-image-14983\" src=\"http:\/\/balcilar-blog.com\/wp-content\/uploads\/2016\/08\/CpmOnLEW8AARMWi.jpg\" alt=\"CpmOnLEW8AARMWi\" width=\"480\" height=\"480\" srcset=\"https:\/\/balcilar-blog.com\/wp-content\/uploads\/2016\/08\/CpmOnLEW8AARMWi.jpg 480w, https:\/\/balcilar-blog.com\/wp-content\/uploads\/2016\/08\/CpmOnLEW8AARMWi-150x150.jpg 150w, https:\/\/balcilar-blog.com\/wp-content\/uploads\/2016\/08\/CpmOnLEW8AARMWi-300x300.jpg 300w\" sizes=\"auto, (max-width: 480px) 100vw, 480px\" \/><\/p>\n<p>Mert, \u00f6nce Kerem&#8217;i arar, d\u00fc\u011f\u00fcn hakk\u0131nda konu\u015fmak ister. Sonra da Ece&#8217;ye evine b\u0131rak\u0131r, Ece, gecenin \u015fokunu atlamaz, y\u00fcz\u00fc alak-pullakt\u0131r. Evde kendisini ev i\u015flerine verir. Mert&#8217;in dudaklar\u0131ndaki \u00f6p\u00fcc\u00fck izini temizlemek istercesine evi temizler. Mert&#8217;in yazd\u0131\u011f\u0131 notu okur. &#8220;Kalbinin sesine dinle, bak bakal\u0131m sana ne s\u00f6yleyecek.&#8221; Geceyi, Mert&#8217;in \u00f6p\u00fcc\u00fc\u011f\u00fcn\u00fc unutamaz. Asistan o, sen Mert&#8217;e a\u015f\u0131ks\u0131n diye sa\u00e7malar.<\/p>\n<p>D\u00fc\u011f\u00fcn d\u00f6n\u00fc\u015f\u00fc S\u00fcreyya Han\u0131m, Metin Beyi eve almaz, valizini hizmet\u00e7isi ile eline verir. Ne oluyor deyince S\u00fcreyya Han\u0131m sen metresine sor diyerek g\u00f6nderir. Metresi Metin&#8217;i \u00e7a\u011f\u0131r\u0131r. Serayya Han\u0131m Metin&#8217;i arkas\u0131ndan \u015fof\u00f6r\u00fc ile takip ettirir.<\/p>\n<p>Cansu, araziyi \u00e7ok be\u011fenir, bay\u0131lm\u0131\u015ft\u0131r. Kerem, buraya ev yapt\u0131raca\u011f\u0131n\u0131 s\u00f6yler. Hayalini anlat\u0131r.<\/p>\n<p><img loading=\"lazy\" decoding=\"async\" class=\"alignnone size-full wp-image-15002\" src=\"http:\/\/balcilar-blog.com\/wp-content\/uploads\/2016\/08\/Ekran-Al\u0131nt\u0131s\u0131Y.S.8.2.jpg\" alt=\"Ekran Al\u0131nt\u0131s\u0131Y.S.8.2\" width=\"640\" height=\"317\" srcset=\"https:\/\/balcilar-blog.com\/wp-content\/uploads\/2016\/08\/Ekran-Al\u0131nt\u0131s\u0131Y.S.8.2.jpg 640w, https:\/\/balcilar-blog.com\/wp-content\/uploads\/2016\/08\/Ekran-Al\u0131nt\u0131s\u0131Y.S.8.2-300x149.jpg 300w\" sizes=\"auto, (max-width: 640px) 100vw, 640px\" \/><\/p>\n<p>A\u011fac\u0131n alt\u0131nda diz dize otururlar. Kerem anlat\u0131r, Cansu onu dinler.\u00a0Saatlerce konu\u015furlar, ta ki annesi S\u00fcreyya Han\u0131m arayana kadar. Kerem, Cansu&#8217;nun telefonu kapat\u0131r.<\/p>\n<p><img loading=\"lazy\" decoding=\"async\" class=\"alignnone size-full wp-image-14980\" src=\"http:\/\/balcilar-blog.com\/wp-content\/uploads\/2016\/08\/CpmfkXkXgAAOuPW.jpg\" alt=\"CpmfkXkXgAAOuPW\" width=\"480\" height=\"480\" srcset=\"https:\/\/balcilar-blog.com\/wp-content\/uploads\/2016\/08\/CpmfkXkXgAAOuPW.jpg 480w, https:\/\/balcilar-blog.com\/wp-content\/uploads\/2016\/08\/CpmfkXkXgAAOuPW-150x150.jpg 150w, https:\/\/balcilar-blog.com\/wp-content\/uploads\/2016\/08\/CpmfkXkXgAAOuPW-300x300.jpg 300w\" sizes=\"auto, (max-width: 480px) 100vw, 480px\" \/><\/p>\n<p>Kerem dayanamaz, Ece&#8217;ye gelir. Ece&#8217;nin kendisini \u00f6pt\u00fc\u011f\u00fcnde neler hissetti\u011fini anlat\u0131r. Ece ben bir \u015fey hissetmedim dese de akl\u0131 kar\u0131\u015f\u0131kt\u0131r. Ben Mert&#8217;e a\u015f\u0131\u011f\u0131m deyiverir. Asistan yar\u0131n sabaha kadar m\u00fchlet verir.<\/p>\n<p><img loading=\"lazy\" decoding=\"async\" class=\"alignnone size-full wp-image-14985\" src=\"http:\/\/balcilar-blog.com\/wp-content\/uploads\/2016\/08\/CpmT-mYXEAEcEE2.jpg\" alt=\"CpmT-mYXEAEcEE2\" width=\"640\" height=\"360\" srcset=\"https:\/\/balcilar-blog.com\/wp-content\/uploads\/2016\/08\/CpmT-mYXEAEcEE2.jpg 640w, https:\/\/balcilar-blog.com\/wp-content\/uploads\/2016\/08\/CpmT-mYXEAEcEE2-300x169.jpg 300w\" sizes=\"auto, (max-width: 640px) 100vw, 640px\" \/><\/p>\n<p>Di\u011fer tarafta, Cansu ile Kerem araban\u0131n \u00f6n kaportas\u0131na oturup hayallerine devam eder. Cansu, Oliva&#8217;ya ba\u015flad\u0131\u011f\u0131 g\u00fcnk\u00fc bakt\u0131rd\u0131\u011f\u0131 fala anlat\u0131r. Ait oldu\u011fun yeri bul, a\u015fk seni bulacak. Demi\u015fti. O s\u0131rada y\u0131ld\u0131z kayar, her ikisi de ayn\u0131 dile\u011fi tutar.<\/p>\n<p><img loading=\"lazy\" decoding=\"async\" class=\"alignnone size-full wp-image-14986\" src=\"http:\/\/balcilar-blog.com\/wp-content\/uploads\/2016\/08\/CpmUj4pWgAA_kk3.jpg\" alt=\"CpmUj4pWgAA_kk3\" width=\"640\" height=\"360\" srcset=\"https:\/\/balcilar-blog.com\/wp-content\/uploads\/2016\/08\/CpmUj4pWgAA_kk3.jpg 640w, https:\/\/balcilar-blog.com\/wp-content\/uploads\/2016\/08\/CpmUj4pWgAA_kk3-300x169.jpg 300w\" sizes=\"auto, (max-width: 640px) 100vw, 640px\" \/><\/p>\n<p>Metin Bey, k\u0131z\u0131 Ela&#8217;y\u0131 n\u00fcfusuna almas\u0131 i\u00e7in Metresi I\u015f\u0131l \u0131srar eder. Kabul etmeyince oradan da kap\u0131 d\u0131\u015far\u0131 edilir. Otele gider. Haber S\u00fcrayya Han\u0131ma u\u00e7urulur.<\/p>\n<p><img loading=\"lazy\" decoding=\"async\" class=\"alignnone size-full wp-image-14977\" src=\"http:\/\/balcilar-blog.com\/wp-content\/uploads\/2016\/08\/Cpmc3z6WgAAlj34.jpg\" alt=\"Cpmc3z6WgAAlj34\" width=\"640\" height=\"360\" srcset=\"https:\/\/balcilar-blog.com\/wp-content\/uploads\/2016\/08\/Cpmc3z6WgAAlj34.jpg 640w, https:\/\/balcilar-blog.com\/wp-content\/uploads\/2016\/08\/Cpmc3z6WgAAlj34-300x169.jpg 300w\" sizes=\"auto, (max-width: 640px) 100vw, 640px\" \/><\/p>\n<p>Cansu, annesini anlat\u0131r. Abisini ve ablas\u0131n\u0131 ve babas\u0131n\u0131 anlat\u0131r. Her \u015feyin tam tersidir anlatt\u0131klar\u0131&#8230; Daha sonra denize girerler. Sonra da, radyoda \u00e7alan m\u00fczik e\u015fili\u011finde dans ederler.<\/p>\n<p><img loading=\"lazy\" decoding=\"async\" class=\"alignnone size-full wp-image-14978\" src=\"http:\/\/balcilar-blog.com\/wp-content\/uploads\/2016\/08\/CpmcBCIXEAE9GFs.jpg\" alt=\"CpmcBCIXEAE9GFs\" width=\"480\" height=\"480\" srcset=\"https:\/\/balcilar-blog.com\/wp-content\/uploads\/2016\/08\/CpmcBCIXEAE9GFs.jpg 480w, https:\/\/balcilar-blog.com\/wp-content\/uploads\/2016\/08\/CpmcBCIXEAE9GFs-150x150.jpg 150w, https:\/\/balcilar-blog.com\/wp-content\/uploads\/2016\/08\/CpmcBCIXEAE9GFs-300x300.jpg 300w\" sizes=\"auto, (max-width: 480px) 100vw, 480px\" \/><\/p>\n<p>Sabah\u0131n ilk \u0131\u015f\u0131klar\u0131na kadar sahilde koyun koyuna vakit ge\u00e7irirler. D\u00fcn gece onlar i\u00e7in unutulma olmu\u015ftur.<\/p>\n<p>Sabah kahvalt\u0131s\u0131 kul\u00fcbe sahibinden gelir. D\u00fcn gece tan\u0131\u015fm\u0131\u015flar. Cansu, ad\u0131n\u0131 Asl\u0131 oldu\u011funu s\u00f6yleyince, Kerem&#8217;e sen de Kerem olmal\u0131s\u0131n der. Al sana; &#8220;Kerem ile Asl\u0131&#8221; a\u015fk\u0131&#8230;<\/p>\n<p>Sabah Kerem Cansu&#8217;yu b\u0131rak\u0131r. Cansu eve taksi ile gider.<\/p>\n<p>Mert, Ece&#8217;nin kap\u0131s\u0131nda yatar. Sabah da ka\u00e7arcas\u0131na minib\u00fcste binen Ece&#8217;ye takip eder. Minib\u00fcs\u00fc durdurur. A\u011fz\u0131n\u0131 geleni s\u00f6yler, sonra da bana cevap vermezsen asla o geceki adam olmam, sana hayatta ba\u015far\u0131lar der ve terk eder.<\/p>\n<p><img loading=\"lazy\" decoding=\"async\" class=\"alignnone size-full wp-image-15001\" src=\"http:\/\/balcilar-blog.com\/wp-content\/uploads\/2016\/08\/Ekran-Al\u0131nt\u0131s\u0131Y.S.8.1.jpg\" alt=\"Ekran Al\u0131nt\u0131s\u0131Y.S.8.1\" width=\"640\" height=\"326\" srcset=\"https:\/\/balcilar-blog.com\/wp-content\/uploads\/2016\/08\/Ekran-Al\u0131nt\u0131s\u0131Y.S.8.1.jpg 640w, https:\/\/balcilar-blog.com\/wp-content\/uploads\/2016\/08\/Ekran-Al\u0131nt\u0131s\u0131Y.S.8.1-300x153.jpg 300w\" sizes=\"auto, (max-width: 640px) 100vw, 640px\" \/><\/p>\n<p>Kerem s\u0131r\u0131ls\u0131klam a\u015f\u0131k oldu\u011funu annesine anlat\u0131r. Annesi o\u011flunun kahve fal\u0131na bakar. Kerem d\u00fcn geceye d\u00fc\u015f\u00fcn\u00fcr. Dilek tutmas\u0131n\u0131 s\u00f6yler.<\/p>\n<p><img loading=\"lazy\" decoding=\"async\" class=\"alignnone size-full wp-image-14981\" src=\"http:\/\/balcilar-blog.com\/wp-content\/uploads\/2016\/08\/CpmkQ78WIAIc7mO.jpg\" alt=\"CpmkQ78WIAIc7mO\" width=\"480\" height=\"480\" srcset=\"https:\/\/balcilar-blog.com\/wp-content\/uploads\/2016\/08\/CpmkQ78WIAIc7mO.jpg 480w, https:\/\/balcilar-blog.com\/wp-content\/uploads\/2016\/08\/CpmkQ78WIAIc7mO-150x150.jpg 150w, https:\/\/balcilar-blog.com\/wp-content\/uploads\/2016\/08\/CpmkQ78WIAIc7mO-300x300.jpg 300w\" sizes=\"auto, (max-width: 480px) 100vw, 480px\" \/><\/p>\n<p>Cansu eve d\u00f6ner. Annesi ile kar\u015f\u0131la\u015f\u0131r. Aniden annesinin boynuna sar\u0131l\u0131r. \u00c7ok \u00f6z\u00fcr diler, benim i\u00e7in sevdi\u011fini kaybetti\u011fin i\u00e7in. \u015eimdi ben seni \u00e7ok iyi anl\u0131yorum. Bunca y\u0131l benden nefret etti\u011fini \u00e7ok iyi anlad\u0131m. Yana\u011f\u0131ndan \u00f6per ve ama seni asla af etmeyece\u011fim. \u00c7\u00fcnk\u00fc bu ailenin bir par\u00e7as\u0131 hissetti\u011fim tam 24 y\u0131l var.<\/p>\n<p>Mert, Ece&#8217;ye nispet yapar, di\u011fer bir sat\u0131c\u0131 personel k\u0131z ile ilgilenir. Bu ilgi Ece&#8217;ye \u00e7\u0131lg\u0131na d\u00f6nd\u00fcr\u00fcr, havu\u00e7lar\u0131 par\u00e7alar. Toplant\u0131 odas\u0131nda toplant\u0131 vard\u0131r. Kerem de gelmemi\u015ftir. Mert, telefon a\u00e7ar, sunumu sen yapacaks\u0131n. Kerem dayanamaz Avia&#8217;ya gelir. Mert de kuruldan ka\u00e7ar parka gider. Kerem, kurulu erteler.<\/p>\n<p>Cansu Ece&#8217;yi arar, o her zamanki elbise dolab\u0131ndad\u0131r. Cansu bulur, sar\u0131l\u0131r. Ece Cansu&#8217;ya af etmi\u015ftir.<\/p>\n<p><img loading=\"lazy\" decoding=\"async\" class=\"alignnone size-full wp-image-14984\" src=\"http:\/\/balcilar-blog.com\/wp-content\/uploads\/2016\/08\/CpmqNBYXgAE9WHa.jpg\" alt=\"CpmqNBYXgAE9WHa\" width=\"640\" height=\"360\" srcset=\"https:\/\/balcilar-blog.com\/wp-content\/uploads\/2016\/08\/CpmqNBYXgAE9WHa.jpg 640w, https:\/\/balcilar-blog.com\/wp-content\/uploads\/2016\/08\/CpmqNBYXgAE9WHa-300x169.jpg 300w\" sizes=\"auto, (max-width: 640px) 100vw, 640px\" \/><\/p>\n<p>Babaanne Bedia \u00c7alhan Oliva&#8217;ya gelir. Mert&#8217;i arar. Kurulun ertelendi\u011fini duyar, bir de gelen bir telefondan d\u00fc\u011f\u00fcne gitmedi\u011fini de \u00f6\u011frenir. Fenala\u015f\u0131r. \u0130mdad\u0131na Ece yeti\u015fir. Toparlay\u0131c\u0131 bir ila\u00e7 getir. Sonra da, d\u00fc\u015fen \u015fekeri i\u00e7in iki \u00e7e\u015fit tatl\u0131 ikram eder. Bedia Han\u0131m Ece&#8217;yi \u00e7ok sever, birlikte laflarlar. Belli ki, Bedia Han\u0131m Ece&#8217;ye \u00e7ok sevmi\u015ftir.<\/p>\n<p><img loading=\"lazy\" decoding=\"async\" class=\"alignnone size-full wp-image-15003\" src=\"http:\/\/balcilar-blog.com\/wp-content\/uploads\/2016\/08\/Ekran-Al\u0131nt\u0131s\u0131Y.S.8.4.jpg\" alt=\"Ekran Al\u0131nt\u0131s\u0131Y.S.8.4\" width=\"640\" height=\"313\" srcset=\"https:\/\/balcilar-blog.com\/wp-content\/uploads\/2016\/08\/Ekran-Al\u0131nt\u0131s\u0131Y.S.8.4.jpg 640w, https:\/\/balcilar-blog.com\/wp-content\/uploads\/2016\/08\/Ekran-Al\u0131nt\u0131s\u0131Y.S.8.4-300x147.jpg 300w\" sizes=\"auto, (max-width: 640px) 100vw, 640px\" \/><\/p>\n<p>Kerem Mert&#8217;in yan\u0131na parka gelir. Kurulu soran Mert&#8217;e erteledi\u011fini s\u00f6yler. Mert Ece ile ka\u00e7\u0131p kovalamacalar\u0131n\u0131 anlat\u0131r. Ece&#8217;nin kendisini \u00f6pt\u00fc\u011f\u00fcn\u00fc s\u00f6yler. O da bana a\u015f\u0131k, ama kafas\u0131 kar\u0131\u015f\u0131k.<\/p>\n<p><img loading=\"lazy\" decoding=\"async\" class=\"alignnone size-full wp-image-15004\" src=\"http:\/\/balcilar-blog.com\/wp-content\/uploads\/2016\/08\/Ekran-Al\u0131nt\u0131s\u0131Y.S.8.5.jpg\" alt=\"Ekran Al\u0131nt\u0131s\u0131Y.S.8.5\" width=\"640\" height=\"320\" srcset=\"https:\/\/balcilar-blog.com\/wp-content\/uploads\/2016\/08\/Ekran-Al\u0131nt\u0131s\u0131Y.S.8.5.jpg 640w, https:\/\/balcilar-blog.com\/wp-content\/uploads\/2016\/08\/Ekran-Al\u0131nt\u0131s\u0131Y.S.8.5-300x150.jpg 300w\" sizes=\"auto, (max-width: 640px) 100vw, 640px\" \/><\/p>\n<p>Bu g\u00fczel haberi alan Kerem, benim Cansu ile aramda tek bir engel var. Mert \u00c7alhan yalan\u0131. Onunla berber olacaksam ona yalan s\u00f6yleyemem. Ko\u015farak, Cansu&#8217;ya b\u00fct\u00fcn ger\u00e7ekleri anlatmaya gider. Mert, pe\u015finden yapmazs\u0131n, ikimizi de yakacaks\u0131n. O s\u0131rada sokakta \u00e7\u00f6pleri atan Cansu, Kerem ile kar\u015f\u0131 kar\u015f\u0131ya gelir. Cansu&#8217;nun ellerinden tutarak, Cansu d\u00fcn ya\u015fananlar\u0131n hepsi ger\u00e7ekti. Sen bana Kerem dedin ya&#8230; Ben ger\u00e7ekten&#8230; O s\u0131rada Mert de onlara do\u011fru ko\u015far, tam caddeyi ge\u00e7erken gelen araba ona \u00e7arpar. Kaportan\u0131n \u00fczerinden yere d\u00fc\u015fer.<\/p>\n<p><img loading=\"lazy\" decoding=\"async\" class=\"alignnone size-full wp-image-15000\" src=\"http:\/\/balcilar-blog.com\/wp-content\/uploads\/2016\/08\/Ekran-Al\u0131nt\u0131s\u0131Y.S.8.6.jpg\" alt=\"Ekran Al\u0131nt\u0131s\u0131Y.S.8.6\" width=\"640\" height=\"326\" srcset=\"https:\/\/balcilar-blog.com\/wp-content\/uploads\/2016\/08\/Ekran-Al\u0131nt\u0131s\u0131Y.S.8.6.jpg 640w, https:\/\/balcilar-blog.com\/wp-content\/uploads\/2016\/08\/Ekran-Al\u0131nt\u0131s\u0131Y.S.8.6-300x153.jpg 300w\" sizes=\"auto, (max-width: 640px) 100vw, 640px\" \/><\/p>\n<p>Olay\u0131 g\u00f6ren Cansu; Kerem diye ba\u011f\u0131r\u0131r ve 8.b\u00f6l\u00fcm burada sona erer.<\/p>\n<p><img loading=\"lazy\" decoding=\"async\" class=\"alignnone size-full wp-image-14987\" src=\"http:\/\/balcilar-blog.com\/wp-content\/uploads\/2016\/08\/Cpmvw5tWEAA1nLp.jpg-large.jpg\" alt=\"Cpmvw5tWEAA1nLp.jpg large\" width=\"480\" height=\"600\" srcset=\"https:\/\/balcilar-blog.com\/wp-content\/uploads\/2016\/08\/Cpmvw5tWEAA1nLp.jpg-large.jpg 480w, https:\/\/balcilar-blog.com\/wp-content\/uploads\/2016\/08\/Cpmvw5tWEAA1nLp.jpg-large-240x300.jpg 240w\" sizes=\"auto, (max-width: 480px) 100vw, 480px\" \/><\/p>\n<p>\u015eimdi ne olacak! Kerem tam ben Kerem&#8217;im diyemedi. Mert yaraland\u0131. Haftaya neler olaca\u011f\u0131n\u0131 merakla bekleyip g\u00f6rece\u011fiz.<\/p>\n<p>Bi Yap\u0131m &#8211; Burak Sa\u011fya\u015far&#8217;\u0131n, ba\u015f rollerini Hazar Erg\u00fc\u00e7l\u00fc (Cansu), Engin \u00d6zt\u00fcrk (Kerem), Meri\u00e7 Aral (Ece) ve Ozan Dolunay (Mert) oynad\u0131\u011f\u0131 &#8220;Y\u00fcksek Sosyete&#8221; ger\u00e7ekten Star Tv&#8217;nin y\u00fcz\u00fcn\u00fc g\u00fcld\u00fcr\u00fcyor. Gayet do\u011fal, ak\u0131c\u0131 ve de s\u0131k\u0131lmadan seyrediliyor.<\/p>\n<p>Keyifli Seyirler.<\/p>\n<p>Sayg\u0131lar ve sevgiler.<\/p>\n<p>Abdurrahman Balc\u0131lar<\/p>\n<p>Twitter:\u00a0<a href=\"https:\/\/twitter.com\/abbalcilar\">abdurrahman balc\u0131lar<\/a><a href=\"https:\/\/twitter.com\/abbalcilar\"><strong>@abbalcilar<\/strong><\/a><\/p>\n<p>Mail :\u00a0<a href=\"mailto:ab.balcilar@hotmail.com\">ab.balcilar@hotmail.com<\/a><\/p>\n<p>Blog:\u00a0<a href=\"http:\/\/t.co\/znqmIZgIqn\">blog.milliyet.com.tr\/cansever<\/a><\/p>\n<p>Blog:\u00a0<strong>balcilar-blog.com<\/strong><\/p>\n<p>Not: G\u00f6rseller YuksekSosyete Twitter sayfas\u0131ndan ve taraf\u0131mdan diziden kopyalanarak al\u0131nm\u0131\u015ft\u0131r.<\/p>\n<p>&nbsp;<\/p>\n","protected":false},"excerpt":{"rendered":"<p>Star Tv&#8217;nin yaz dizilerinden y\u00fcz ak\u0131 &#8220;Y\u00fcksek Sosyete&#8221; d\u00fcn ak\u015fam yine izleyicisini memnun etti. Reytinglerde bu memnuniyeti do\u011fruluyor. Total&#8217;de (4,73-18,31) ve AB&#8217;de (4,72-18,40) reyting puan\u0131 ile her iki kategoride birinci s\u0131rada yer ald\u0131\u011f\u0131n\u0131 g\u00f6r\u00fcyoruz. Ge\u00e7en b\u00f6l\u00fcmde iki ayr\u0131 d\u00fc\u011f\u00fcnde birlikte olan Kerem ile Cansu ve Mert ile Ece \u00e7ok mutlu oldular. Her iki sevgili de [&hellip;]<\/p>\n","protected":false},"author":3,"featured_media":14979,"comment_status":"open","ping_status":"open","sticky":false,"template":"","format":"standard","meta":{"footnotes":""},"categories":[2],"tags":[1140,25,1138],"class_list":["post-14975","post","type-post","status-publish","format-standard","has-post-thumbnail","hentry","category-tv-programlari","tag-bi-yapim","tag-star-tv","tag-yuksek-sosyete"],"views":6878,"blog_post_layout_featured_media_urls":{"thumbnail":["https:\/\/balcilar-blog.com\/wp-content\/uploads\/2016\/08\/CpmdbopWcAA4aO7-150x150.jpg",150,150,true],"full":["https:\/\/balcilar-blog.com\/wp-content\/uploads\/2016\/08\/CpmdbopWcAA4aO7.jpg",640,360,false]},"categories_names":{"2":{"name":"TV Programlar\u0131","link":"https:\/\/balcilar-blog.com\/?cat=2"}},"tags_names":{"1140":{"name":"Bi Yap\u0131m","link":"https:\/\/balcilar-blog.com\/?tag=bi-yapim"},"25":{"name":"Star Tv","link":"https:\/\/balcilar-blog.com\/?tag=star-tv"},"1138":{"name":"Y\u00fcksek Sosyete","link":"https:\/\/balcilar-blog.com\/?tag=yuksek-sosyete"}},"comments_number":"1","wpmagazine_modules_lite_featured_media_urls":{"thumbnail":["https:\/\/balcilar-blog.com\/wp-content\/uploads\/2016\/08\/CpmdbopWcAA4aO7-150x150.jpg",150,150,true],"cvmm-medium":["https:\/\/balcilar-blog.com\/wp-content\/uploads\/2016\/08\/CpmdbopWcAA4aO7.jpg",300,169,false],"cvmm-medium-plus":["https:\/\/balcilar-blog.com\/wp-content\/uploads\/2016\/08\/CpmdbopWcAA4aO7.jpg",305,172,false],"cvmm-portrait":["https:\/\/balcilar-blog.com\/wp-content\/uploads\/2016\/08\/CpmdbopWcAA4aO7.jpg",400,225,false],"cvmm-medium-square":["https:\/\/balcilar-blog.com\/wp-content\/uploads\/2016\/08\/CpmdbopWcAA4aO7.jpg",600,338,false],"cvmm-large":["https:\/\/balcilar-blog.com\/wp-content\/uploads\/2016\/08\/CpmdbopWcAA4aO7.jpg",640,360,false],"cvmm-small":["https:\/\/balcilar-blog.com\/wp-content\/uploads\/2016\/08\/CpmdbopWcAA4aO7.jpg",130,73,false],"full":["https:\/\/balcilar-blog.com\/wp-content\/uploads\/2016\/08\/CpmdbopWcAA4aO7.jpg",640,360,false]},"_links":{"self":[{"href":"https:\/\/balcilar-blog.com\/index.php?rest_route=\/wp\/v2\/posts\/14975","targetHints":{"allow":["GET"]}}],"collection":[{"href":"https:\/\/balcilar-blog.com\/index.php?rest_route=\/wp\/v2\/posts"}],"about":[{"href":"https:\/\/balcilar-blog.com\/index.php?rest_route=\/wp\/v2\/types\/post"}],"author":[{"embeddable":true,"href":"https:\/\/balcilar-blog.com\/index.php?rest_route=\/wp\/v2\/users\/3"}],"replies":[{"embeddable":true,"href":"https:\/\/balcilar-blog.com\/index.php?rest_route=%2Fwp%2Fv2%2Fcomments&post=14975"}],"version-history":[{"count":7,"href":"https:\/\/balcilar-blog.com\/index.php?rest_route=\/wp\/v2\/posts\/14975\/revisions"}],"predecessor-version":[{"id":15007,"href":"https:\/\/balcilar-blog.com\/index.php?rest_route=\/wp\/v2\/posts\/14975\/revisions\/15007"}],"wp:featuredmedia":[{"embeddable":true,"href":"https:\/\/balcilar-blog.com\/index.php?rest_route=\/wp\/v2\/media\/14979"}],"wp:attachment":[{"href":"https:\/\/balcilar-blog.com\/index.php?rest_route=%2Fwp%2Fv2%2Fmedia&parent=14975"}],"wp:term":[{"taxonomy":"category","embeddable":true,"href":"https:\/\/balcilar-blog.com\/index.php?rest_route=%2Fwp%2Fv2%2Fcategories&post=14975"},{"taxonomy":"post_tag","embeddable":true,"href":"https:\/\/balcilar-blog.com\/index.php?rest_route=%2Fwp%2Fv2%2Ftags&post=14975"}],"curies":[{"name":"wp","href":"https:\/\/api.w.org\/{rel}","templated":true}]}}