{"id":14931,"date":"2016-08-09T15:34:03","date_gmt":"2016-08-09T12:34:03","guid":{"rendered":"http:\/\/balcilar-blog.com\/?p=14931"},"modified":"2016-08-09T15:51:41","modified_gmt":"2016-08-09T12:51:41","slug":"kadir-dogulu-bana-sevmeyi-anlat-ile-ekranlarda","status":"publish","type":"post","link":"https:\/\/balcilar-blog.com\/?p=14931","title":{"rendered":"Kadir Do\u011fulu yeni dizi ile ekranlarda!"},"content":{"rendered":"<div><img loading=\"lazy\" decoding=\"async\" class=\"alignnone size-full wp-image-14932\" src=\"http:\/\/balcilar-blog.com\/wp-content\/uploads\/2016\/08\/BANA-SEVMEY\u0130-ANLAT.jpg\" alt=\"BANA SEVMEY\u0130 ANLAT\" width=\"640\" height=\"386\" srcset=\"https:\/\/balcilar-blog.com\/wp-content\/uploads\/2016\/08\/BANA-SEVMEY\u0130-ANLAT.jpg 640w, https:\/\/balcilar-blog.com\/wp-content\/uploads\/2016\/08\/BANA-SEVMEY\u0130-ANLAT-300x181.jpg 300w\" sizes=\"auto, (max-width: 640px) 100vw, 640px\" \/><\/div>\n<div><\/div>\n<div>\n<p>Ay Yap\u0131m imzal\u0131, ba\u015frollerini Kadir Do\u011fulu, Seda Bakan, Mustafa \u00dcst\u00fcnda\u011f, Dolunay Soysert\u2019in payla\u015ft\u0131\u011f\u0131 &#8220;Bana Sevmeyi Anlat&#8221;\u0131n ilk b\u00f6l\u00fcm fragman\u0131 FOX ekranlar\u0131ndan izleyiciyle bulu\u015ftu. Dizinin ilk b\u00f6l\u00fcm\u00fcnden ipu\u00e7lar\u0131n ekrana geldi\u011fi tan\u0131t\u0131m b\u00fcy\u00fck heyecan yaratt\u0131. \u00c7ekimleri t\u00fcm h\u0131z\u0131yla devam eden dizi A\u011fustos ay\u0131nda ekrana gelecek.<\/p>\n<p>Dizinin senaristli\u011fini Deniz Ak\u00e7ay, y\u00f6netmenli\u011fini ise Mesude Eraslan \u00fcstleniyor&#8230;<br \/>\nDizinin konusu k\u0131saca \u015f\u00f6yle:<\/p>\n<p>Almanya&#8217;da ya\u015fayan ve e\u015finden ayr\u0131ld\u0131ktan sonra bebe\u011fiyle baba evine d\u00f6nmek zorunda kalan Leyla (Seda Bakan) ile \u0130stanbul&#8217;da restoran i\u015fletmecili\u011fi yapan Alper&#8217;in (Kadir Do\u011fulu) kesi\u015fen hayatlar\u0131n\u0131 konu alan Bana Sevmeyi Anlat dizisinde,<br \/>\nLeyla&#8217;n\u0131n babas\u0131n\u0131n yak\u0131n arkada\u015f\u0131, g\u00fc\u00e7l\u00fc ve varl\u0131kl\u0131 bir karakter olan Ha\u015fmet&#8217;i ise Mustafa \u00dcst\u00fcnda\u011f canland\u0131r\u0131yor. Leyla, bebe\u011finin gelece\u011fi i\u00e7in Ha\u015fmet&#8217; le bir gelecek hayali kurarken t\u00fcm hayat\u0131n\u0131n alt \u00fcst olaca\u011f\u0131 bir gecede Alper (Kadir Do\u011fulu) ile tan\u0131\u015facak. Dolunay Soysert\u2019in canland\u0131raca\u011f\u0131 Canan karakteri ise t\u00fcm bu s\u00fcrecin yak\u0131n takip\u00e7isi olarak hikayenin d\u00fc\u011f\u00fcm noktalar\u0131nda gidi\u015fat\u0131 etkileyecek.<\/p>\n<p>Bana Sevmeyi Anlat, ilk b\u00f6l\u00fcmden sahneler:<\/p>\n<\/div>\n<div><\/div>\n<div><img loading=\"lazy\" decoding=\"async\" class=\"alignnone size-full wp-image-14933\" src=\"http:\/\/balcilar-blog.com\/wp-content\/uploads\/2016\/08\/BANA-SEVMEY\u0130-ANLAT-.jpg\" alt=\"BANA SEVMEY\u0130 ANLAT -\" width=\"640\" height=\"431\" srcset=\"https:\/\/balcilar-blog.com\/wp-content\/uploads\/2016\/08\/BANA-SEVMEY\u0130-ANLAT-.jpg 640w, https:\/\/balcilar-blog.com\/wp-content\/uploads\/2016\/08\/BANA-SEVMEY\u0130-ANLAT--300x202.jpg 300w\" sizes=\"auto, (max-width: 640px) 100vw, 640px\" \/><\/div>\n<div><\/div>\n<div><\/div>\n<div><img loading=\"lazy\" decoding=\"async\" class=\"alignnone size-full wp-image-14935\" src=\"http:\/\/balcilar-blog.com\/wp-content\/uploads\/2016\/08\/BANA-SEVMEY\u0130-ANLAT-2-2.jpg\" alt=\"BANA SEVMEY\u0130 ANLAT 2-2\" width=\"640\" height=\"419\" srcset=\"https:\/\/balcilar-blog.com\/wp-content\/uploads\/2016\/08\/BANA-SEVMEY\u0130-ANLAT-2-2.jpg 640w, https:\/\/balcilar-blog.com\/wp-content\/uploads\/2016\/08\/BANA-SEVMEY\u0130-ANLAT-2-2-300x196.jpg 300w\" sizes=\"auto, (max-width: 640px) 100vw, 640px\" \/><\/div>\n<div><\/div>\n<div><img loading=\"lazy\" decoding=\"async\" class=\"alignnone size-full wp-image-14936\" src=\"http:\/\/balcilar-blog.com\/wp-content\/uploads\/2016\/08\/BANA-SEVMEY\u0130-ANLAT-3-3.jpg\" alt=\"BANA SEVMEY\u0130 ANLAT 3-3\" width=\"640\" height=\"405\" srcset=\"https:\/\/balcilar-blog.com\/wp-content\/uploads\/2016\/08\/BANA-SEVMEY\u0130-ANLAT-3-3.jpg 640w, https:\/\/balcilar-blog.com\/wp-content\/uploads\/2016\/08\/BANA-SEVMEY\u0130-ANLAT-3-3-300x190.jpg 300w\" sizes=\"auto, (max-width: 640px) 100vw, 640px\" \/><\/div>\n<div><\/div>\n<div><img loading=\"lazy\" decoding=\"async\" class=\"alignnone size-full wp-image-14934\" src=\"http:\/\/balcilar-blog.com\/wp-content\/uploads\/2016\/08\/BANA-SEVMEY\u0130-ANLAT-1-1.jpg\" alt=\"BANA SEVMEY\u0130 ANLAT 1-1\" width=\"640\" height=\"424\" srcset=\"https:\/\/balcilar-blog.com\/wp-content\/uploads\/2016\/08\/BANA-SEVMEY\u0130-ANLAT-1-1.jpg 640w, https:\/\/balcilar-blog.com\/wp-content\/uploads\/2016\/08\/BANA-SEVMEY\u0130-ANLAT-1-1-300x199.jpg 300w\" sizes=\"auto, (max-width: 640px) 100vw, 640px\" \/><\/div>\n<div><\/div>\n<div>\n<p><img loading=\"lazy\" decoding=\"async\" class=\"alignnone size-full wp-image-14937\" src=\"http:\/\/balcilar-blog.com\/wp-content\/uploads\/2016\/08\/bana-sevmeyi-anlat4-4.jpg\" alt=\"bana-sevmeyi-anlat4-4\" width=\"640\" height=\"427\" srcset=\"https:\/\/balcilar-blog.com\/wp-content\/uploads\/2016\/08\/bana-sevmeyi-anlat4-4.jpg 640w, https:\/\/balcilar-blog.com\/wp-content\/uploads\/2016\/08\/bana-sevmeyi-anlat4-4-300x200.jpg 300w\" sizes=\"auto, (max-width: 640px) 100vw, 640px\" \/><\/p>\n<p>Kadir Do\u011funu ge\u00e7ti\u011fimiz Temmuz ay\u0131 i\u00e7inde Neslihan Atag\u00fcl ile d\u00fcnya evine girdi.<\/p>\n<\/div>\n<div><img loading=\"lazy\" decoding=\"async\" class=\"alignnone size-full wp-image-14938\" src=\"http:\/\/balcilar-blog.com\/wp-content\/uploads\/2016\/08\/neslihan-kadir-2.jpg\" alt=\"neslihan-kadir-2\" width=\"640\" height=\"361\" srcset=\"https:\/\/balcilar-blog.com\/wp-content\/uploads\/2016\/08\/neslihan-kadir-2.jpg 640w, https:\/\/balcilar-blog.com\/wp-content\/uploads\/2016\/08\/neslihan-kadir-2-300x169.jpg 300w\" sizes=\"auto, (max-width: 640px) 100vw, 640px\" \/><\/div>\n<div><\/div>\n<div>\n<p>\u015eimdi kar\u0131-koca ayr\u0131 ayr\u0131 dizilerde oynuyorlar. Neslihan Atag\u00fcl, Kara Sevda&#8217;da Burak \u00d6z\u00e7ivit ile oynuyorlar. Kadir Do\u011fulu da Bana Sevmeyi Anlat&#8217;ta Sade Balkan ile&#8230; Reytinglerde bakal\u0131m kim \u00f6nde olacak!<\/p>\n<p>&#8220;Bana Sevmeyi Anlat&#8221; A\u011fustos ay\u0131nda FOX ekranlar\u0131ndan izleyicisiyle bulu\u015facak.<\/p>\n<\/div>\n<div>\n<p>Sayg\u0131lar ve sevgiler.<\/p>\n<p>Abdurrahman Balc\u0131lar<\/p>\n<p>Twitter:\u00a0<a href=\"https:\/\/twitter.com\/abbalcilar\">abdurrahman balc\u0131lar<\/a><a href=\"https:\/\/twitter.com\/abbalcilar\"><strong>@abbalcilar<\/strong><\/a><\/p>\n<p>Mail :\u00a0<a href=\"mailto:ab.balcilar@hotmail.com\">ab.balcilar@hotmail.com<\/a><\/p>\n<p>Blog:\u00a0<a href=\"http:\/\/t.co\/znqmIZgIqn\">blog.milliyet.com.tr\/cansever<\/a><\/p>\n<p>Blog:\u00a0<strong>balcilar-blog.com<\/strong><\/p>\n<p>Not: Haber ve g\u00f6rseller Ay Yap\u0131m &#8211; Persona Sanat Bas\u0131n B\u00fclteni&#8217;ninden al\u0131nm\u0131\u015ft\u0131r.<\/p>\n<\/div>\n<div><\/div>\n","protected":false},"excerpt":{"rendered":"<p>Ay Yap\u0131m imzal\u0131, ba\u015frollerini Kadir Do\u011fulu, Seda Bakan, Mustafa \u00dcst\u00fcnda\u011f, Dolunay Soysert\u2019in payla\u015ft\u0131\u011f\u0131 &#8220;Bana Sevmeyi Anlat&#8221;\u0131n ilk b\u00f6l\u00fcm fragman\u0131 FOX ekranlar\u0131ndan izleyiciyle bulu\u015ftu. Dizinin ilk b\u00f6l\u00fcm\u00fcnden ipu\u00e7lar\u0131n ekrana geldi\u011fi tan\u0131t\u0131m b\u00fcy\u00fck heyecan yaratt\u0131. \u00c7ekimleri t\u00fcm h\u0131z\u0131yla devam eden dizi A\u011fustos ay\u0131nda ekrana gelecek. Dizinin senaristli\u011fini Deniz Ak\u00e7ay, y\u00f6netmenli\u011fini ise Mesude Eraslan \u00fcstleniyor&#8230; Dizinin konusu k\u0131saca [&hellip;]<\/p>\n","protected":false},"author":3,"featured_media":14932,"comment_status":"open","ping_status":"open","sticky":false,"template":"","format":"standard","meta":{"footnotes":""},"categories":[2],"tags":[1214,129,118,95,1025],"class_list":["post-14931","post","type-post","status-publish","format-standard","has-post-thumbnail","hentry","category-tv-programlari","tag-bana-sevmeyi-ogret","tag-fox-tv","tag-kadir-dogulu","tag-mustafa-ustundag","tag-seda-bakan"],"views":2915,"blog_post_layout_featured_media_urls":{"thumbnail":["https:\/\/balcilar-blog.com\/wp-content\/uploads\/2016\/08\/BANA-SEVMEY\u0130-ANLAT-150x150.jpg",150,150,true],"full":["https:\/\/balcilar-blog.com\/wp-content\/uploads\/2016\/08\/BANA-SEVMEY\u0130-ANLAT.jpg",640,386,false]},"categories_names":{"2":{"name":"TV Programlar\u0131","link":"https:\/\/balcilar-blog.com\/?cat=2"}},"tags_names":{"1214":{"name":"Bana Sevmeyi \u00d6\u011fret","link":"https:\/\/balcilar-blog.com\/?tag=bana-sevmeyi-ogret"},"129":{"name":"Fox Tv","link":"https:\/\/balcilar-blog.com\/?tag=fox-tv"},"118":{"name":"Kadir Do\u011fulu","link":"https:\/\/balcilar-blog.com\/?tag=kadir-dogulu"},"95":{"name":"Mustafa \u00dcst\u00fcnda\u011f","link":"https:\/\/balcilar-blog.com\/?tag=mustafa-ustundag"},"1025":{"name":"Seda Bakan","link":"https:\/\/balcilar-blog.com\/?tag=seda-bakan"}},"comments_number":"0","wpmagazine_modules_lite_featured_media_urls":{"thumbnail":["https:\/\/balcilar-blog.com\/wp-content\/uploads\/2016\/08\/BANA-SEVMEY\u0130-ANLAT-150x150.jpg",150,150,true],"cvmm-medium":["https:\/\/balcilar-blog.com\/wp-content\/uploads\/2016\/08\/BANA-SEVMEY\u0130-ANLAT.jpg",300,181,false],"cvmm-medium-plus":["https:\/\/balcilar-blog.com\/wp-content\/uploads\/2016\/08\/BANA-SEVMEY\u0130-ANLAT.jpg",305,184,false],"cvmm-portrait":["https:\/\/balcilar-blog.com\/wp-content\/uploads\/2016\/08\/BANA-SEVMEY\u0130-ANLAT.jpg",400,241,false],"cvmm-medium-square":["https:\/\/balcilar-blog.com\/wp-content\/uploads\/2016\/08\/BANA-SEVMEY\u0130-ANLAT.jpg",600,362,false],"cvmm-large":["https:\/\/balcilar-blog.com\/wp-content\/uploads\/2016\/08\/BANA-SEVMEY\u0130-ANLAT.jpg",640,386,false],"cvmm-small":["https:\/\/balcilar-blog.com\/wp-content\/uploads\/2016\/08\/BANA-SEVMEY\u0130-ANLAT.jpg",130,78,false],"full":["https:\/\/balcilar-blog.com\/wp-content\/uploads\/2016\/08\/BANA-SEVMEY\u0130-ANLAT.jpg",640,386,false]},"_links":{"self":[{"href":"https:\/\/balcilar-blog.com\/index.php?rest_route=\/wp\/v2\/posts\/14931","targetHints":{"allow":["GET"]}}],"collection":[{"href":"https:\/\/balcilar-blog.com\/index.php?rest_route=\/wp\/v2\/posts"}],"about":[{"href":"https:\/\/balcilar-blog.com\/index.php?rest_route=\/wp\/v2\/types\/post"}],"author":[{"embeddable":true,"href":"https:\/\/balcilar-blog.com\/index.php?rest_route=\/wp\/v2\/users\/3"}],"replies":[{"embeddable":true,"href":"https:\/\/balcilar-blog.com\/index.php?rest_route=%2Fwp%2Fv2%2Fcomments&post=14931"}],"version-history":[{"count":3,"href":"https:\/\/balcilar-blog.com\/index.php?rest_route=\/wp\/v2\/posts\/14931\/revisions"}],"predecessor-version":[{"id":14941,"href":"https:\/\/balcilar-blog.com\/index.php?rest_route=\/wp\/v2\/posts\/14931\/revisions\/14941"}],"wp:featuredmedia":[{"embeddable":true,"href":"https:\/\/balcilar-blog.com\/index.php?rest_route=\/wp\/v2\/media\/14932"}],"wp:attachment":[{"href":"https:\/\/balcilar-blog.com\/index.php?rest_route=%2Fwp%2Fv2%2Fmedia&parent=14931"}],"wp:term":[{"taxonomy":"category","embeddable":true,"href":"https:\/\/balcilar-blog.com\/index.php?rest_route=%2Fwp%2Fv2%2Fcategories&post=14931"},{"taxonomy":"post_tag","embeddable":true,"href":"https:\/\/balcilar-blog.com\/index.php?rest_route=%2Fwp%2Fv2%2Ftags&post=14931"}],"curies":[{"name":"wp","href":"https:\/\/api.w.org\/{rel}","templated":true}]}}