{"id":1487,"date":"2014-04-20T18:20:57","date_gmt":"2014-04-20T15:20:57","guid":{"rendered":"http:\/\/balcilar-blog.com\/?p=1487"},"modified":"2014-04-20T18:20:57","modified_gmt":"2014-04-20T15:20:57","slug":"kanal-d-calikusu-bitmesin","status":"publish","type":"post","link":"https:\/\/balcilar-blog.com\/?p=1487","title":{"rendered":"Kanal D. \/ \u201c\u00c7al\u0131ku\u015fu\u201d bitmesin!"},"content":{"rendered":"<div>\n<div>\n<h4>20 Nisan &#8217;14<\/h4>\n<\/div>\n<\/div>\n<div>\n<dl>\n<dt>Kategori<\/dt>\n<dd><strong><a href=\"http:\/\/blog.milliyet.com.tr\/tv-programlari\/Kategori\/?KategoriNo=351\">TV Programlar\u0131<\/a><\/strong><\/dd>\n<\/dl>\n<div>\n<div><img loading=\"lazy\" decoding=\"async\" alt=\"Kanal D. \/ \u201c\u00c7al\u0131ku\u015fu\u201d bitmesin!\" src=\"http:\/\/iblog.milliyet.com.tr\/imgroot\/blogv7\/Blog333\/2014\/04\/20\/52\/457677-3-4-4b7b3.jpg\" width=\"333\" height=\"240\" \/><\/p>\n<div>\u00a0<a href=\"http:\/\/blog.milliyet.com.tr\/AramaBlog\/?search=Re%C5%9Fat%20Nuri%20G%C3%BCntekin\" rel=\"external nofollow\">Re\u015fat Nuri G\u00fcntekin<\/a>\u2019in \u00f6l\u00fcms\u00fcz eserinden al\u0131nan, ba\u015frollerini <a href=\"http:\/\/blog.milliyet.com.tr\/AramaBlog\/?search=Burak%20%C3%96z%C3%A7ivit\" rel=\"external nofollow\">Burak \u00d6z\u00e7ivit<\/a> ve <a href=\"http:\/\/blog.milliyet.com.tr\/AramaBlog\/?search=Fahriye%20Evcen\" rel=\"external nofollow\">Fahriye Evcen<\/a>\u2019in oynad\u0131\u011f\u0131 \u201c<a href=\"http:\/\/blog.milliyet.com.tr\/AramaBlog\/?search=%C3%87al%C4%B1ku%C5%9Fu\" rel=\"external nofollow\">\u00c7al\u0131ku\u015fu<\/a>\u201d sezon ba\u015f\u0131nda iddial\u0131 olarak ba\u015flad\u0131. \u0130lk b\u00f6l\u00fcm\u00fc 24 Eyl\u00fcl\u2019de <a href=\"http:\/\/blog.milliyet.com.tr\/AramaBlog\/?search=Kanal%20D\" rel=\"external nofollow\">Kanal D<\/a>.de yay\u0131na giren diziyi, \u00e7ok istememe ra\u011fmen izleyememi\u015ftim. \u00c7\u00fcnk\u00fc, Sal\u0131 geceleri \u201cBir A\u015fk Hikayesi\u201d dizisini izliyordum. Prensip olarak, ilk b\u00f6l\u00fcmden izlemeye ba\u015flamad\u0131\u011f\u0131m dizileri seyretmem. \u00c7al\u0131ku\u015fu dizisinin be\u011feni ile izlendi\u011fini biliyorum.<\/div>\n<\/div>\n<div id=\"BlogDetail\">\n<p>Benim genelde televizyon dizileri \u00fczerine yazd\u0131\u011f\u0131m\u0131 bilen okuyucular\u0131m, bana defalarca neden \u201c\u00c7al\u0131ku\u015fu\u201d hakk\u0131nda yazmad\u0131\u011f\u0131m\u0131, hatta l\u00fctfen yazar m\u0131s\u0131n\u0131z diyerek rica dolu mailler att\u0131klar\u0131n\u0131 okuyordum. Seyretmedi\u011fim dizi hakk\u0131nda yazamayaca\u011f\u0131n\u0131 kibarca cevap vermi\u015fimdir.<\/p>\n<p>\u00c7al\u0131ku\u015fu\u2019nun kesin olarak final yapaca\u011f\u0131n\u0131, <a href=\"http:\/\/blog.milliyet.com.tr\/AramaBlog\/?search=%C4%B0lkay%20Do%C4%9Fan\" rel=\"external nofollow\">\u0130lkay Do\u011fan<\/a>\u2019\u0131n att\u0131\u011f\u0131 twitten \u00f6\u011frendim. Evet, 30.b\u00f6l\u00fcmde final yapaca\u011f\u0131z diyordu.<\/p>\n<p>Bana da baz\u0131 okuyucular\u0131m, \u00c7al\u0131ku\u015fu bitmesin diyerek mailler att\u0131lar, destek istediler.<\/p>\n<p>Bu konuda biz yazarlar\u0131n desek s\u00f6z\u00fcm\u00fcz ge\u00e7ersiz olsa da, ancak sizlerin sesini duyurabiliriz. Bu konuda sa\u011f olsun baz\u0131 yazar arkada\u015flar\u0131m\u0131z yazd\u0131lar.<\/p>\n<p>\u00d6nce neden final a\u015famas\u0131na geldi, k\u0131saca \u00f6zetleyelim.<\/p>\n<p><img decoding=\"async\" alt=\"\" src=\"https:\/\/encrypted-tbn0.gstatic.com\/images?q=tbn:ANd9GcSzSCldbQ9V5K7iij31AWKEMfOHf76S1glp8n74pPiAg3XbNShTOQ\" \/><\/p>\n<p>24 Eyl\u00fcl 2013 Sal\u0131 ak\u015fam\u0131 saat:20.00 yay\u0131n hayat\u0131na ba\u015flayan \u201c\u00c7al\u0131ku\u015fu\u201d izleyenleri taraf\u0131ndan \u00e7ok sevildi, reytinglerde de \u00fcst s\u0131ralarda yer ald\u0131. Ne olduysa \u201cK\u00fc\u00e7\u00fck a\u011fa\u201d dizisinin 28 Ocakta ba\u015flamas\u0131yla oldu. \u201c\u00c7al\u0131ku\u015fu\u201d\u00a0 saat:22.00 kayd\u0131r\u0131ld\u0131. \u00a0Nisan ba\u015f\u0131nda da, Per\u015fembe ak\u015fam\u0131 saat.20.00 al\u0131nd\u0131. Daha sonra da, ayn\u0131 gece 23.de yay\u0131nlanaca\u011f\u0131 s\u00f6ylendi. Dizinin reytinglerinde d\u00fc\u015fme ba\u015flad\u0131. Ge\u00e7 saatlerde ba\u015flayan, hafta ortas\u0131ndaki bir diziyi seyretmek uykusuz kalmakt\u0131. 17 Nisan Per\u015fembe ak\u015fam\u0131 reytinglerinde AB\u2019de 10.s\u0131rada, Total\u2019de 27.s\u0131rada yer alm\u0131\u015f. \u0130\u015fte bu reyting canavar\u0131 dizileri di\u015fleri aras\u0131nda \u00e7i\u011fniyor, sonra mideye indirip \u00f6\u011f\u00fct\u00fcyor.<\/p>\n<p>Reytingi d\u00fc\u015fen bir diziyi de kanal, final yapmas\u0131 i\u00e7in bask\u0131ya ba\u015fl\u0131yor, \u00f6nce yay\u0131n saati, sonra da yay\u0131n g\u00fcnleriyle oynuyor, finale zorluyor.<\/p>\n<p>Kanal D. \u201c\u00c7al\u0131ku\u015fu\u201d dizisini Cumartesi ak\u015famlar\u0131 saat 23.00 alm\u0131\u015f. Sebebi de Per\u015fembe ak\u015famlar\u0131 yeni dizisi \u201cPa\u015fa G\u00f6nl\u00fcm\u201d dizisini koymu\u015f. \u0130\u015f biti, bileti kesildi. Hal bu ki yap\u0131mc\u0131 kurulu\u015f, <a href=\"http:\/\/blog.milliyet.com.tr\/AramaBlog\/?search=Tims%20Prod%C3%BCksiyon\" rel=\"external nofollow\">Tims Prod\u00fcksiyon<\/a> diziyi ayakta tutmak i\u00e7in, kadrosuna daha \u00f6nce final yapan, \u201cBenim Hala Umudum Var\u201d dizisinin be\u011fenilen oyuncusu <a href=\"http:\/\/blog.milliyet.com.tr\/AramaBlog\/?search=%C5%9E%C3%BCkr%C3%BC%20%C3%96zy%C4%B1ld%C4%B1z\" rel=\"external nofollow\">\u015e\u00fckr\u00fc \u00d6zy\u0131ld\u0131z<\/a>\u2019 alm\u0131\u015ft\u0131. \u00c7ok da g\u00fczel gidecekti.<\/p>\n<p><img decoding=\"async\" alt=\"\" src=\"https:\/\/encrypted-tbn0.gstatic.com\/images?q=tbn:ANd9GcSupulZgPtnVOsWUO9j1H1vmNcHmyshE-wDpZyLbQU93g1zYQuU\" \/><\/p>\n<p>Ben b\u00fct\u00fcn \u201c\u00c7al\u0131ku\u015fu\u201d izleyenleri ve de sevenleri ad\u0131na \u00f6nce Yay\u0131nc\u0131 kurulu\u015f Kanal D.de ve Yap\u0131mc\u0131s\u0131 Timur Savc\u0131\u2019dan, dizinin 30.b\u00f6l\u00fcmde final yapmay\u0131p, devam\u0131 i\u00e7in \u00e7aba g\u00f6stermelerini, seyirciyi k\u00fcst\u00fcrmemelerini, izleyenleri ad\u0131na rica ediyorum.<\/p>\n<p>Seyircinin k\u00fcst\u00fcr\u00fclmemesi gerekti\u011fini en iyi bilen yay\u0131nc\u0131 kurulu\u015flard\u0131r.<\/p>\n<p>Unutmay\u0131n milyonlarca izleyici sayesinde ayaktas\u0131n\u0131z!<\/p>\n<p>Sayg\u0131lar ve sevgiler.<\/p>\n<p>Abdurrahman Balc\u0131lar<\/p>\n<p>Twitter: abdurrahman balc\u0131lar@abbalcilar<\/p>\n<p>Mail : <a href=\"mailto:ab.balcilar@hotmail.com\" target=\"_blank\">ab.balcilar@hotmail.com<\/a><\/p>\n<p>Blog: milliyet.com.tr\/cansever<\/p>\n<p>Blog: balcilar-blog.com<\/p>\n<p>Not: G\u00f6rseller internetten al\u0131nm\u0131\u015ft\u0131r.<\/p>\n<\/div>\n<\/div>\n<\/div>\n","protected":false},"excerpt":{"rendered":"<p>20 Nisan &#8217;14 Kategori TV Programlar\u0131 \u00a0Re\u015fat Nuri G\u00fcntekin\u2019in \u00f6l\u00fcms\u00fcz eserinden al\u0131nan, ba\u015frollerini Burak \u00d6z\u00e7ivit ve Fahriye Evcen\u2019in oynad\u0131\u011f\u0131 \u201c\u00c7al\u0131ku\u015fu\u201d sezon ba\u015f\u0131nda iddial\u0131 olarak ba\u015flad\u0131. \u0130lk b\u00f6l\u00fcm\u00fc 24 Eyl\u00fcl\u2019de Kanal D.de yay\u0131na giren diziyi, \u00e7ok istememe ra\u011fmen izleyememi\u015ftim. \u00c7\u00fcnk\u00fc, Sal\u0131 geceleri \u201cBir A\u015fk Hikayesi\u201d dizisini izliyordum. Prensip olarak, ilk b\u00f6l\u00fcmden izlemeye ba\u015flamad\u0131\u011f\u0131m dizileri seyretmem. \u00c7al\u0131ku\u015fu [&hellip;]<\/p>\n","protected":false},"author":3,"featured_media":0,"comment_status":"open","ping_status":"open","sticky":false,"template":"","format":"standard","meta":{"footnotes":""},"categories":[2],"tags":[409,407,408,91,64,410],"class_list":["post-1487","post","type-post","status-publish","format-standard","hentry","category-tv-programlari","tag-burak-ozcivit","tag-calikusu","tag-fahriye-evcen","tag-kanal-d","tag-sukru-ozyildiz","tag-tims-produksiyon"],"views":3732,"blog_post_layout_featured_media_urls":{"thumbnail":"","full":""},"categories_names":{"2":{"name":"TV Programlar\u0131","link":"https:\/\/balcilar-blog.com\/?cat=2"}},"tags_names":{"409":{"name":"Burak \u00d6z\u00e7ivit","link":"https:\/\/balcilar-blog.com\/?tag=burak-ozcivit"},"407":{"name":"\u00c7al\u0131ku\u015fu","link":"https:\/\/balcilar-blog.com\/?tag=calikusu"},"408":{"name":"Fahriye Evcen","link":"https:\/\/balcilar-blog.com\/?tag=fahriye-evcen"},"91":{"name":"Kanal D","link":"https:\/\/balcilar-blog.com\/?tag=kanal-d"},"64":{"name":"\u015e\u00fckr\u00fc \u00d6zy\u0131ld\u0131z","link":"https:\/\/balcilar-blog.com\/?tag=sukru-ozyildiz"},"410":{"name":"Tims Prod\u00fcksiyon","link":"https:\/\/balcilar-blog.com\/?tag=tims-produksiyon"}},"comments_number":"2","wpmagazine_modules_lite_featured_media_urls":{"thumbnail":"","cvmm-medium":"","cvmm-medium-plus":"","cvmm-portrait":"","cvmm-medium-square":"","cvmm-large":"","cvmm-small":"","full":""},"_links":{"self":[{"href":"https:\/\/balcilar-blog.com\/index.php?rest_route=\/wp\/v2\/posts\/1487","targetHints":{"allow":["GET"]}}],"collection":[{"href":"https:\/\/balcilar-blog.com\/index.php?rest_route=\/wp\/v2\/posts"}],"about":[{"href":"https:\/\/balcilar-blog.com\/index.php?rest_route=\/wp\/v2\/types\/post"}],"author":[{"embeddable":true,"href":"https:\/\/balcilar-blog.com\/index.php?rest_route=\/wp\/v2\/users\/3"}],"replies":[{"embeddable":true,"href":"https:\/\/balcilar-blog.com\/index.php?rest_route=%2Fwp%2Fv2%2Fcomments&post=1487"}],"version-history":[{"count":1,"href":"https:\/\/balcilar-blog.com\/index.php?rest_route=\/wp\/v2\/posts\/1487\/revisions"}],"predecessor-version":[{"id":1488,"href":"https:\/\/balcilar-blog.com\/index.php?rest_route=\/wp\/v2\/posts\/1487\/revisions\/1488"}],"wp:attachment":[{"href":"https:\/\/balcilar-blog.com\/index.php?rest_route=%2Fwp%2Fv2%2Fmedia&parent=1487"}],"wp:term":[{"taxonomy":"category","embeddable":true,"href":"https:\/\/balcilar-blog.com\/index.php?rest_route=%2Fwp%2Fv2%2Fcategories&post=1487"},{"taxonomy":"post_tag","embeddable":true,"href":"https:\/\/balcilar-blog.com\/index.php?rest_route=%2Fwp%2Fv2%2Ftags&post=1487"}],"curies":[{"name":"wp","href":"https:\/\/api.w.org\/{rel}","templated":true}]}}