{"id":14829,"date":"2016-08-01T14:24:57","date_gmt":"2016-08-01T11:24:57","guid":{"rendered":"http:\/\/balcilar-blog.com\/?p=14829"},"modified":"2016-08-01T15:26:29","modified_gmt":"2016-08-01T12:26:29","slug":"gecen-haftanin-25-31-temmuz-2016-en-cok-izlenen-dizileri","status":"publish","type":"post","link":"https:\/\/balcilar-blog.com\/?p=14829","title":{"rendered":"Ge\u00e7en Haftan\u0131n (25-31 Temmuz 2016) en \u00e7ok izlenen dizileri!"},"content":{"rendered":"<p><img loading=\"lazy\" decoding=\"async\" class=\"alignnone size-full wp-image-14839\" src=\"http:\/\/balcilar-blog.com\/wp-content\/uploads\/2016\/08\/cats-1-A\u011eUSTOS.jpg\" alt=\"cats 1 A\u011eUSTOS\" width=\"640\" height=\"358\" srcset=\"https:\/\/balcilar-blog.com\/wp-content\/uploads\/2016\/08\/cats-1-A\u011eUSTOS.jpg 640w, https:\/\/balcilar-blog.com\/wp-content\/uploads\/2016\/08\/cats-1-A\u011eUSTOS-300x168.jpg 300w\" sizes=\"auto, (max-width: 640px) 100vw, 640px\" \/><\/p>\n<p>TNS \u00f6l\u00e7\u00fcmlerine g\u00f6re haz\u0131rlad\u0131\u011f\u0131m <strong>25-31 Temmuz 2016<\/strong> Tarihleri aras\u0131nda ekranlar\u0131m\u0131za gelen, Total\u2019de ve AB\u2019de ilk ona giren, haftan\u0131n dizi karnesini a\u015fa\u011f\u0131da bilgilerinize sunuyorum.<\/p>\n<p>Bu hafta yaz dizileri kendi kanallar\u0131nda normale d\u00f6nd\u00fc gibi. Bo\u015fluklar gene dizilerin tekrarlar\u0131 ile dolduruldu.<\/p>\n<p>Total&#8217;de Star Tv&#8217;nin yaz dizisi, Y\u00fcksek Sosyete ald\u0131\u011f\u0131 5,14 puan ile 1.s\u0131rada yer ald\u0131. Total&#8217;nin 10.s\u0131ras\u0131nda ise, Kanal D&#8217;nin Kan\u0131t: Ate\u015f \u00dcst\u00fcnde 2.00 puanla yer alm\u0131\u015ft\u0131r.<\/p>\n<p>AB&#8217;nin ilk s\u0131ras\u0131nda gene Star Tv&#8217;nin Y\u00fcksek Sosyete 6.B\u00f6l\u00fcmde ald\u0131\u011f\u0131 4,92 reyting puan\u0131 ile ile yer ald\u0131. AB&#8217;de 10.s\u0131ras\u0131nda ise, Star Tv&#8217;nin Han\u0131m K\u00f6yl\u00fc 1,68 puan ile yer ald\u0131\u011f\u0131n\u0131 g\u00f6rd\u00fck.<\/p>\n<p>Kanal D&#8217;nin yeni dizilerinden, Serkan \u00c7ayo\u011flu ile Hande Do\u011fandemir&#8217;in ba\u015frol\u00fc oynad\u0131klar\u0131 &#8220;Hayat\u0131m\u0131n A\u015fk\u0131&#8221; 10.b\u00f6l\u00fcm ekranlar\u0131m\u0131za geldi. Ben diziye daha fazla ilgi bekliyordum. Gelmedi\u011fini g\u00f6rd\u00fcm. Reytingleri de olduk\u00e7a d\u00fc\u015f\u00fck. Total&#8217;de 2,38, AB&#8217;de 1,95 puan alm\u0131\u015f.<\/p>\n<p>Bu hafta ekranlara gelen G\u00fcl\u00fcmse Yeter 2.b\u00f6l\u00fcmleri ile ilk 5&#8217;e girmeyi ba\u015fard\u0131. Show Tv ekranlar\u0131nda yay\u0131nlanan diziye usta oyuncu Erdal \u00d6zya\u011fc\u0131lar g\u00fc\u00e7 kat\u0131yor. Gen\u00e7 ku\u015faktan Y\u0131lmaz Kunt ve Asl\u0131 Bekiro\u011flu ba\u015f rol\u00fc payla\u015f\u0131yorlar. Ayr\u0131ca Seray Kaya ve yak\u0131\u015f\u0131kl\u0131 oyuncu Pamir pekin diziye renk kat\u0131yorlar.<\/p>\n<p>Han\u0131m K\u00f6yl\u00fc, ger\u00e7ekten de reytinglerde dibe vurdu. Buna ekonomik nedenler de eklenince dizi bu ak\u015fam 13.b\u00f6l\u00fcmde erken final yap\u0131yor. Gold Film &#8211; Faruk Turgut bug\u00fcn twitter hesab\u0131nda att\u0131\u011f\u0131 tweette \u015f\u00f6yle yazd\u0131. &#8220;Han\u0131mk\u00f6yl\u00fc 13. Bl yay\u0131n\u0131yla sizlere veda edecek.Eme\u011fi ge\u00e7en herkese \u00e7ok te\u015fekk\u00fcr ederim.daha uzun s\u00fcrece\u011fini varsaym\u0131\u015ft\u0131k.k\u0131smet bu kadarm\u0131\u015f.&#8221;<\/p>\n<p><strong>Reyting Nedir?<\/strong><br \/>\nReyting, izleyici tercihlerine g\u00f6re ortaya \u00e7\u0131kan izlenme pay\u0131n\u0131n kanallara ve programlara payla\u015ft\u0131r\u0131lmas\u0131 ile olu\u015fan de\u011ferlendirmedir. Reyting de\u011ferlendirmesi kanallar ve reklam \u015firketleri ad\u0131na TNS taraf\u0131ndan ger\u00e7ekle\u015ftirilir. \u00d6l\u00e7me i\u015flemi yakla\u015f\u0131k 2200 haneye yerle\u015ftirilen ve gizli tutulan reyting \u00f6l\u00e7me cihazlar\u0131 ile elde edilir. Reyting sonu\u00e7lar\u0131, t\u00fcm g\u00fcn boyunca izlenen programlar\u0131n listelenmesine imkan verir.<\/p>\n<p><strong>\u00d6l\u00e7\u00fcmler nas\u0131l yap\u0131l\u0131yor ?<\/strong><\/p>\n<p>Ba\u011f\u0131ms\u0131z kurulu\u015f taraf\u0131ndan hesaplanan sonu\u00e7lar 3 kategoride hesaplan\u0131yor AB, Total ve ABC1 kategorileri sonu\u00e7lar\u0131nda share ve rating s\u0131ral\u0131 olarak 100 Tv program\u0131 g\u00fcnl\u00fck olarak payla\u015f\u0131l\u0131yor reklam verenler ve yap\u0131mc\u0131lar i\u00e7in \u00f6nemli yere sahip olan sonu\u00e7lar denek tv&#8217;lerde ki \u00f6l\u00e7\u00fcm cihazlar\u0131 vas\u0131tas\u0131yla istatistiki bilgileri al\u0131n\u0131yor.<\/p>\n<p>Bu hafta en \u00e7ok izlenen ilk ona giren dizlere g\u00f6z atal\u0131m. Bu s\u0131ralama sadece dizilerin reytingler y\u00fczdesine g\u00f6re en \u00e7ok izlenen dizilerin ilk 10\u2019da yer alanlar\u0131n\u0131 s\u0131ralamaya koyuyorum. Yar\u0131\u015fma, e\u011flence ve haber programlar\u0131 y\u00fczdeleri y\u00fcksek olsa da bu s\u0131ralamaya koymuyorum. Bu sadece dizilerin yar\u0131\u015f\u0131d\u0131r, en \u00e7ok izlenen dizilerin s\u0131ralamas\u0131d\u0131r. Bir nevi dizilerin karnesidir.<\/p>\n<p><strong>Ge\u00e7en Haftan\u0131n En \u00c7ok \u0130zlenen Dizileri:<\/strong><\/p>\n<p><strong>Total ilk 10 :<\/strong><\/p>\n<p>1.Y\u00fcksek Sosyete 6.B\u00f6l\u00fcm (Star Tv)&#8230;&#8230;&#8230;&#8230;&#8230;&#8230;&#8230;&#8230;5,14 &#8211; 18,87<\/p>\n<p>2.No:309 \u00d6zel 7.B\u00f6l\u00fcm (Fox Tv)&#8230;&#8230;&#8230;&#8230;&#8230;&#8230;&#8230;&#8230;&#8230;.4,85 &#8211; 17,51<\/p>\n<p>3.G\u00fcl\u00fcmse Yeter 2.B\u00f6l\u00fcm (Show Tv)&#8230;&#8230;&#8230;&#8230;&#8230;&#8230;&#8230;4,67 &#8211; 17,23<\/p>\n<p>4.A\u015fk Laftan Anlamaz 5.B\u00f6l\u00fcm (Show Tv)&#8230;&#8230;&#8230;&#8230;4,10 &#8211; 14,87<\/p>\n<p>5.Tatl\u0131 \u0130ntikam 17.B\u00f6l\u00fcm (Kanal D)&#8230;&#8230;&#8230;&#8230;&#8230;&#8230;&#8230;..3,45 &#8211; 14,73<\/p>\n<p>6.N&#8221;olur Ayr\u0131lmayal\u0131m 3.B\u00f6l\u00fcm (Fox Tv)&#8230;&#8230;&#8230;&#8230;.3,44 &#8211; 12,81<\/p>\n<p>7.Hayat Sevince G\u00fczel 7.B\u00f6l\u00fcm (Fox Tv&#8230;&#8230;&#8230;&#8230;&#8230;3,43 &#8211; 12,82<\/p>\n<p>8.Han\u0131m K\u00f6yl\u00fc 12.B\u00f6l\u00fcm (Star Tv)&#8230;&#8230;&#8230;&#8230;&#8230;&#8230;&#8230;.3,41 &#8211; 12,51<\/p>\n<p>9.Hayat\u0131m\u0131n A\u015fk\u0131 10.B\u00f6l\u00fcm (Kanal D)&#8230;&#8230;&#8230;&#8230;&#8230;..2,38 &#8211; 9,67<\/p>\n<p>10.Kan\u0131t: Ate\u015f \u00dcst\u00fcnde 3.B\u00f6l\u00fcm (Kanal D)&#8230;&#8230;&#8230;.2.00 &#8211; 7,42<\/p>\n<p>&nbsp;<\/p>\n<p><strong>AB\u2019de ilk 10 :<\/strong><\/p>\n<p>1.Y\u00fcksek Sosyete 6.B\u00f6l\u00fcm (Star Tv)&#8230;&#8230;&#8230;&#8230;&#8230;&#8230;..4,92 &#8211; 19,53<\/p>\n<p>2.No:309 7.B\u00f6l\u00fcm (Fox Tv)&#8230;&#8230;&#8230;&#8230;&#8230;&#8230;&#8230;&#8230;&#8230;&#8230;&#8230;4,69 &#8211; 17,69<\/p>\n<p>3.G\u00fcl\u00fcmse Yeter 2.B\u00f6l\u00fcm (Show Tv)&#8230;&#8230;&#8230;&#8230;&#8230;&#8230;3,75 &#8211; 14,98<\/p>\n<p>4.Tatl\u0131 \u0130ntikam 17.B\u00f6l\u00fcm (Kanal D)&#8230;&#8230;&#8230;&#8230;&#8230;&#8230;..3,48 &#8211; 14,40<\/p>\n<p>5.Hayat Sevince G\u00fczel 7.B\u00f6l\u00fcm (Fox Tv)&#8230;&#8230;&#8230;&#8230;3,38 &#8211; 13,35<\/p>\n<p>6.A\u015fk Laftan Anlamaz 5.B\u00f6l\u00fcm (Show Tv)&#8230;&#8230;&#8230;3,22 &#8211; 12,06<\/p>\n<p>7.N&#8221;olur Ayr\u0131lmayal\u0131m 3.B\u00f6l\u00fcm (Fox Tv)&#8230;&#8230;&#8230;..2,72 &#8211; 11,17<\/p>\n<p>8.Hayat\u0131m\u0131n A\u015fk\u0131 10.B\u00f6l\u00fcm (Kanal D)&#8230;&#8230;&#8230;&#8230;&#8230;.1,95 &#8211; 8,04<\/p>\n<p>9.Kan\u0131t: Ate\u015f \u00dcst\u00fcnde 3.B\u00f6l\u00fcm (Kanal D)&#8230;&#8230;&#8230;..1,89 &#8211; 7,44<\/p>\n<p>10.Han\u0131m K\u00f6yl\u00fc 12.B\u00f6l\u00fcm (Star Tv)&#8230;&#8230;&#8230;&#8230;&#8230;&#8230;..1,68 &#8211; 6,53<\/p>\n<p>&nbsp;<\/p>\n<p><strong>TOTAL ve AB Grubunda reytingleri en y\u00fcksek olan ilk 10 s\u0131ralamas\u0131 :<\/strong><\/p>\n<p><strong>1.Y\u00fcksek Sosyete :<\/strong> Star Tv&#8217;nin sevilen dizisi 6.b\u00f6l\u00fcm\u00fcnde Total&#8217;de ald\u0131\u011f\u0131 5,14 reyting puan\u0131 ile 1.s\u0131rada yer alm\u0131\u015ft\u0131r.<\/p>\n<p>Kerem ve Cansu g\u00f6l evinde mahsur kal\u0131rlar. Bu uzun gece ikili aras\u0131nda s\u00fcrpriz yak\u0131nla\u015fmalar\u0131n ve y\u00fczle\u015fmelerin gecesi olur. Olanlar\u0131 duyan Ece ise Mert&#8217;le ba\u015f ba\u015fa kal\u0131r. Onun k\u0131r\u0131lan kalbini onarmaya \u00e7al\u0131\u015fan Mert; kendine bile itiraf edemedi\u011fi duygular\u0131yla y\u00fczle\u015fir. B\u00f6ylece; d\u00f6rtl\u00fcm\u00fcz aras\u0131ndaki t\u00fcm dengeler de\u011fi\u015fir. Bu de\u011fi\u015fim; yeni itiraflar\u0131n da habercisidir. Cansu d\u00f6n\u00fc\u015fte Ece ile kald\u0131\u011f\u0131 evi terk eder. \u0130\u015f yerinde istifa dilek\u00e7esini Kerem&#8217;e verir. Ece ile aralar\u0131 bozulur. Ece onu af edecek mi?<\/p>\n<p><img loading=\"lazy\" decoding=\"async\" class=\"alignnone size-full wp-image-14836\" src=\"http:\/\/balcilar-blog.com\/wp-content\/uploads\/2016\/08\/yuksek-sosyete.jpg\" alt=\"yuksek-sosyete\" width=\"640\" height=\"427\" srcset=\"https:\/\/balcilar-blog.com\/wp-content\/uploads\/2016\/08\/yuksek-sosyete.jpg 640w, https:\/\/balcilar-blog.com\/wp-content\/uploads\/2016\/08\/yuksek-sosyete-300x200.jpg 300w\" sizes=\"auto, (max-width: 640px) 100vw, 640px\" \/><\/p>\n<p>&nbsp;<\/p>\n<p><strong>2.No:309 :<\/strong> Fox Tv&#8217;nin bu g\u00fczel a\u015fk dizisinin 7.b\u00f6l\u00fcm\u00fcnde Total&#8217;de ald\u0131\u011f\u0131 4,74 puanla 2.s\u0131rada yer alm\u0131\u015ft\u0131r.<\/p>\n<p>Lale ve Onur A\u011fva\u2019da aralar\u0131ndaki buzlar\u0131 eritmi\u015flerdir. Bu sefer onlar ailelerine oyun oynamaya karar verirler. Bu arada Onur\u2019un A\u011fva\u2019ya Lale ile gitti\u011fini \u00f6\u011frenen Pelinsu, Bet\u00fcl ve Erol ile bir tak\u0131m planlar i\u00e7erisine girer. Doktor Onur\u2019un Lale\u2019yi davet etti\u011fi organizasyona Erol ve Filiz de kat\u0131l\u0131r. Keyifli ge\u00e7en bu organizasyonda acaba onlar\u0131 ne gibi s\u00fcrprizler beklemektedir?<\/p>\n<p><img loading=\"lazy\" decoding=\"async\" class=\"alignnone size-full wp-image-14834\" src=\"http:\/\/balcilar-blog.com\/wp-content\/uploads\/2016\/08\/fft99_mf7397012.jpeg\" alt=\"fft99_mf7397012\" width=\"640\" height=\"355\" srcset=\"https:\/\/balcilar-blog.com\/wp-content\/uploads\/2016\/08\/fft99_mf7397012.jpeg 640w, https:\/\/balcilar-blog.com\/wp-content\/uploads\/2016\/08\/fft99_mf7397012-300x166.jpeg 300w\" sizes=\"auto, (max-width: 640px) 100vw, 640px\" \/><\/p>\n<p>&nbsp;<\/p>\n<p><strong>3.G\u00fcl\u00fcmse Yeter :<\/strong> Hen\u00fcz iki b\u00f6l\u00fcm ekranlara gelmesine ra\u011fmen dizi sevildi. Total&#8217;de ald\u0131\u011f\u0131 4,67 reyting puan\u0131 ile haftan\u0131n dizileri aras\u0131nda 3.s\u0131raya yerle\u015fti.<\/p>\n<p>Yasemin\u2019in Sarp\u2019\u0131n y\u0131llard\u0131r a\u015f\u0131k oldu\u011fu G\u00fcl\u2019\u00fcn karde\u015fi \u00e7\u0131kmas\u0131 i\u015fleri arap sa\u00e7\u0131na \u00e7evirirken, Sarp b\u00fct\u00fcn bu karga\u015fan\u0131n i\u00e7inde G\u00fcl\u2019e a\u00e7\u0131lmay\u0131 kafas\u0131na koyup onu yeme\u011fe \u00e7\u0131kartt\u0131. \u00d6te yandan, Yasemin\u2019in \u2018\u2019eski\u2019\u2019 kocas\u0131 Cem, Sarp ve Yasemin\u2019in tan\u0131\u015f\u0131kl\u0131\u011f\u0131ndan habersiz bir bi\u00e7imde Sarp\u2019a i\u015f teklif etti.<\/p>\n<p><img loading=\"lazy\" decoding=\"async\" class=\"alignnone size-full wp-image-14835\" src=\"http:\/\/balcilar-blog.com\/wp-content\/uploads\/2016\/08\/G\u00fcl\u00fcmse-Yeter-8.jpg\" alt=\"G\u00fcl\u00fcmse-Yeter-8\" width=\"640\" height=\"447\" srcset=\"https:\/\/balcilar-blog.com\/wp-content\/uploads\/2016\/08\/G\u00fcl\u00fcmse-Yeter-8.jpg 640w, https:\/\/balcilar-blog.com\/wp-content\/uploads\/2016\/08\/G\u00fcl\u00fcmse-Yeter-8-300x210.jpg 300w\" sizes=\"auto, (max-width: 640px) 100vw, 640px\" \/><\/p>\n<p>&nbsp;<\/p>\n<p><strong>4.A\u015fk Laftan Anlamaz :<\/strong> Bi Yap\u0131m&#8217;\u0131n Burak Deniz ile Hande Er\u00e7el&#8217;in ba\u015frol\u00fc oynad\u0131klar\u0131 dizinin 5.b\u00f6l\u00fcm\u00fcnde Total&#8217;de ald\u0131\u011f\u0131 4,10 puanla 4.s\u0131rada yer alm\u0131\u015ft\u0131r.<\/p>\n<p>A\u015fk Laftan Anlamaz\u201d\u0131n 5. b\u00f6l\u00fcm\u00fcnde; Hayat Murat&#8217;\u0131 Didem&#8217;le, Murat da Hayat&#8217;\u0131 Cenk&#8217;le g\u00f6rd\u00fckten sonra aralar\u0131nda buzdan duvarlar \u00f6r\u00fcl\u00fcr. \u00dcstelik Hayat ya\u015fad\u0131\u011f\u0131 k\u00f6t\u00fc olay\u0131 Murat&#8217;tan saklar. Didem ve Murat&#8217;\u0131n g\u00f6l evinde \u00e7ekilen samimi pozlar\u0131 gazeteleri doldurur. Azime bunun \u00fczerine heyecanlan\u0131r ve Didem&#8217;le tan\u0131\u015fmak ister. Murat ise son derece sinirlidir ve kendini aklamaya \u00e7al\u0131\u015f\u0131r. Sarte, konsept fikri i\u00e7in \u00e7al\u0131\u015fmalara devam etmektedir. Murat ve Doruk, tasar\u0131mc\u0131lardan gelen hi\u00e7bir fikri be\u011fenmedikleri i\u00e7in i\u015f ba\u015fa d\u00fc\u015fer. Tuval ve Hayat da ekibe dahil olur. Murat, Tuval sayesinde foto\u011fraflar\u0131 kimin bas\u0131na verdi\u011fini \u00f6\u011frenir. Doruk, Hayat&#8217;\u0131n ya\u015fad\u0131klar\u0131n\u0131 biliyordur. Bunu abisiyle payla\u015f\u0131p Cenk&#8217;in ger\u00e7ek y\u00fcz\u00fcn\u00fc g\u00f6sterecek midir?<\/p>\n<p><img loading=\"lazy\" decoding=\"async\" class=\"alignnone size-full wp-image-14833\" src=\"http:\/\/balcilar-blog.com\/wp-content\/uploads\/2016\/08\/a\u015fk-laftan-a.jpg\" alt=\"a\u015fk laftan a\" width=\"640\" height=\"361\" srcset=\"https:\/\/balcilar-blog.com\/wp-content\/uploads\/2016\/08\/a\u015fk-laftan-a.jpg 640w, https:\/\/balcilar-blog.com\/wp-content\/uploads\/2016\/08\/a\u015fk-laftan-a-300x169.jpg 300w\" sizes=\"auto, (max-width: 640px) 100vw, 640px\" \/><\/p>\n<p>&nbsp;<\/p>\n<p><strong>5.Tatl\u0131 \u0130ntikam :<\/strong> Sevilen dizinin 17.b\u00f6l\u00fcm\u00fcnde AB&#8217;de ald\u0131\u011f\u0131 3,75 ile 5.s\u0131rada yer alm\u0131\u015ft\u0131r.<\/p>\n<p>Pelin kim oldu\u011fu bilinmeyen birtak\u0131m adamlar taraf\u0131ndan ka\u00e7\u0131r\u0131l\u0131r. Sinan evinin kap\u0131s\u0131na kadar b\u0131rakt\u0131\u011f\u0131 Pelin\u2019in kay\u0131p oldu\u011funu \u00f6\u011frendi\u011finde deliye d\u00f6ner. R\u0131za ile hareket edip Pelin\u2019i aramaya ba\u015flar. Pelin\u2019i kim neden ka\u00e7\u0131rm\u0131\u015ft\u0131r? R\u0131za\u2019n\u0131n ihaleye girmesini istemeyen adamlar m\u0131? Pelin\u2019e \u00f6fkesi olan Ceyda m\u0131? Yoksa Sinan\u2019a tak\u0131nt\u0131l\u0131 hasta a\u015f\u0131k olan R\u00fczgar m\u0131?<\/p>\n<p><img loading=\"lazy\" decoding=\"async\" class=\"alignnone size-full wp-image-14837\" src=\"http:\/\/balcilar-blog.com\/wp-content\/uploads\/2016\/08\/tatli_intikam_17bolu.jpg\" alt=\"tatli_intikam_17bolu\" width=\"640\" height=\"341\" srcset=\"https:\/\/balcilar-blog.com\/wp-content\/uploads\/2016\/08\/tatli_intikam_17bolu.jpg 640w, https:\/\/balcilar-blog.com\/wp-content\/uploads\/2016\/08\/tatli_intikam_17bolu-300x160.jpg 300w\" sizes=\"auto, (max-width: 640px) 100vw, 640px\" \/><\/p>\n<p>&nbsp;<\/p>\n<p><strong>Her iki kategorinin ilk on&#8217;da yer alan dizileri :<\/strong><\/p>\n<p>Hayat Sevince G\u00fczel, Han\u0131m K\u00f6yl\u00fc, G\u00fcl\u00fcmse Yeter, Kan\u0131t: Ate\u015f \u00dcst\u00fcnde, No:309, A\u015fk Laftan Anlamaz, Y\u00fcksek Sosyete, N&#8221;olur Ayr\u0131lmayal\u0131m,Tatl\u0131 \u0130ntikam ve Hayat\u0131m\u0131n A\u015fk\u0131 her iki grupta yer alan diziler olmu\u015ftur.<\/p>\n<p><strong>Kanallara g\u00f6re s\u0131ralamaya g\u00f6z atarsak :<\/strong><\/p>\n<p>Total grubunda: Fox Tv ve Kanal D 3&#8217;er dizi. Star ve Show Tv iki\u015fer dizi ile yer alm\u0131\u015ft\u0131r.<\/p>\n<p>AB\u2019de ilk onda: Fox Tv ve Kanal D 3&#8217;er dizi. Star ve Show Tv iki\u015fer dizi ile yer alm\u0131\u015ft\u0131r.<\/p>\n<p>Bu haftan\u0131n kanal\u0131; Total&#8217;de ve AB&#8217;de 3&#8217;er ile Fox Tv ve Kanal D haftan\u0131n birincili\u011fini payla\u015fm\u0131\u015ft\u0131r.<\/p>\n<p>Ge\u00e7en haftaya g\u00f6re dizilerde biraz hareketlenme oldu. Hafta boyunca takip edebildi\u011fim 11 dizi g\u00f6sterime girdi. A\u011fustos ay\u0131 i\u00e7inde yeni diziler ve yeni sezonda devam edecek dizilerin yeni b\u00f6l\u00fcmlerinin \u00e7ekimlerine ba\u015flanacak. Sab\u0131rs\u0131zl\u0131kla; Kadir Do\u011fulu, K\u0131van\u00e7 Tatl\u0131tu\u011f, Halit Ergen\u00e7, Kenan \u0130mirzal\u0131o\u011flu ve \u00c7a\u011fatay Ulusoy&#8217;un yeni dizleri heyecanla bekleniyor. A\u011fustos sonundan itibaren ayr\u0131ca devam edegelen sezon dizileri kald\u0131klar\u0131 yerden yay\u0131nlar\u0131na devam edeceklerdir. Televizyonlar normal yay\u0131n ak\u0131\u015flar\u0131na d\u00f6neceklerdir. Eyl\u00fcl ay\u0131nda dizilerin reyting sava\u015flar\u0131 ba\u015flayacakt\u0131r.<\/p>\n<p>Sayg\u0131lar ve sevgiler.<\/p>\n<p>Abdurrahman Balc\u0131lar<\/p>\n<p>Twitter:\u00a0<a href=\"https:\/\/twitter.com\/abbalcilar\">abdurrahman balc\u0131lar<\/a><a href=\"https:\/\/twitter.com\/abbalcilar\"><strong>@abbalcilar<\/strong><\/a><\/p>\n<p>Mail :\u00a0<a href=\"mailto:ab.balcilar@hotmail.com\">ab.balcilar@hotmail.com<\/a><\/p>\n<p>Blog:\u00a0<a href=\"http:\/\/t.co\/znqmIZgIqn\">blog.milliyet.com.tr\/cansever<\/a><\/p>\n<p>Blog:\u00a0<strong>balcilar-blog.com<\/strong><\/p>\n<p>Not: G\u00f6rseller taraf\u0131mdan \u0130nternetten, s\u0131ralamalar dizi reytinglerine g\u00f6re yap\u0131lm\u0131\u015ft\u0131r.<\/p>\n","protected":false},"excerpt":{"rendered":"<p>TNS \u00f6l\u00e7\u00fcmlerine g\u00f6re haz\u0131rlad\u0131\u011f\u0131m 25-31 Temmuz 2016 Tarihleri aras\u0131nda ekranlar\u0131m\u0131za gelen, Total\u2019de ve AB\u2019de ilk ona giren, haftan\u0131n dizi karnesini a\u015fa\u011f\u0131da bilgilerinize sunuyorum. Bu hafta yaz dizileri kendi kanallar\u0131nda normale d\u00f6nd\u00fc gibi. Bo\u015fluklar gene dizilerin tekrarlar\u0131 ile dolduruldu. Total&#8217;de Star Tv&#8217;nin yaz dizisi, Y\u00fcksek Sosyete ald\u0131\u011f\u0131 5,14 puan ile 1.s\u0131rada yer ald\u0131. Total&#8217;nin 10.s\u0131ras\u0131nda ise, [&hellip;]<\/p>\n","protected":false},"author":3,"featured_media":14839,"comment_status":"open","ping_status":"open","sticky":false,"template":"","format":"standard","meta":{"footnotes":""},"categories":[2],"tags":[15,617,1207,80,1177,530,1138],"class_list":["post-14829","post","type-post","status-publish","format-standard","has-post-thumbnail","hentry","category-tv-programlari","tag-cagatay-ulusoy","tag-dizi-karnesi","tag-gulumse-yeter","tag-kivanc-tatlitug","tag-no309","tag-tns-olcumleri","tag-yuksek-sosyete"],"views":3086,"blog_post_layout_featured_media_urls":{"thumbnail":["https:\/\/balcilar-blog.com\/wp-content\/uploads\/2016\/08\/cats-1-A\u011eUSTOS-150x150.jpg",150,150,true],"full":["https:\/\/balcilar-blog.com\/wp-content\/uploads\/2016\/08\/cats-1-A\u011eUSTOS.jpg",640,358,false]},"categories_names":{"2":{"name":"TV Programlar\u0131","link":"https:\/\/balcilar-blog.com\/?cat=2"}},"tags_names":{"15":{"name":"\u00e7a\u011fatay ulusoy","link":"https:\/\/balcilar-blog.com\/?tag=cagatay-ulusoy"},"617":{"name":"Dizi Karnesi","link":"https:\/\/balcilar-blog.com\/?tag=dizi-karnesi"},"1207":{"name":"G\u00fcl\u00fcmse Yeter","link":"https:\/\/balcilar-blog.com\/?tag=gulumse-yeter"},"80":{"name":"K\u0131van\u00e7 Tatl\u0131tu\u011f","link":"https:\/\/balcilar-blog.com\/?tag=kivanc-tatlitug"},"1177":{"name":"No:309","link":"https:\/\/balcilar-blog.com\/?tag=no309"},"530":{"name":"TNS \u00f6l\u00e7\u00fcmleri","link":"https:\/\/balcilar-blog.com\/?tag=tns-olcumleri"},"1138":{"name":"Y\u00fcksek Sosyete","link":"https:\/\/balcilar-blog.com\/?tag=yuksek-sosyete"}},"comments_number":"0","wpmagazine_modules_lite_featured_media_urls":{"thumbnail":["https:\/\/balcilar-blog.com\/wp-content\/uploads\/2016\/08\/cats-1-A\u011eUSTOS-150x150.jpg",150,150,true],"cvmm-medium":["https:\/\/balcilar-blog.com\/wp-content\/uploads\/2016\/08\/cats-1-A\u011eUSTOS.jpg",300,168,false],"cvmm-medium-plus":["https:\/\/balcilar-blog.com\/wp-content\/uploads\/2016\/08\/cats-1-A\u011eUSTOS.jpg",305,171,false],"cvmm-portrait":["https:\/\/balcilar-blog.com\/wp-content\/uploads\/2016\/08\/cats-1-A\u011eUSTOS.jpg",400,224,false],"cvmm-medium-square":["https:\/\/balcilar-blog.com\/wp-content\/uploads\/2016\/08\/cats-1-A\u011eUSTOS.jpg",600,336,false],"cvmm-large":["https:\/\/balcilar-blog.com\/wp-content\/uploads\/2016\/08\/cats-1-A\u011eUSTOS.jpg",640,358,false],"cvmm-small":["https:\/\/balcilar-blog.com\/wp-content\/uploads\/2016\/08\/cats-1-A\u011eUSTOS.jpg",130,73,false],"full":["https:\/\/balcilar-blog.com\/wp-content\/uploads\/2016\/08\/cats-1-A\u011eUSTOS.jpg",640,358,false]},"_links":{"self":[{"href":"https:\/\/balcilar-blog.com\/index.php?rest_route=\/wp\/v2\/posts\/14829","targetHints":{"allow":["GET"]}}],"collection":[{"href":"https:\/\/balcilar-blog.com\/index.php?rest_route=\/wp\/v2\/posts"}],"about":[{"href":"https:\/\/balcilar-blog.com\/index.php?rest_route=\/wp\/v2\/types\/post"}],"author":[{"embeddable":true,"href":"https:\/\/balcilar-blog.com\/index.php?rest_route=\/wp\/v2\/users\/3"}],"replies":[{"embeddable":true,"href":"https:\/\/balcilar-blog.com\/index.php?rest_route=%2Fwp%2Fv2%2Fcomments&post=14829"}],"version-history":[{"count":6,"href":"https:\/\/balcilar-blog.com\/index.php?rest_route=\/wp\/v2\/posts\/14829\/revisions"}],"predecessor-version":[{"id":14842,"href":"https:\/\/balcilar-blog.com\/index.php?rest_route=\/wp\/v2\/posts\/14829\/revisions\/14842"}],"wp:featuredmedia":[{"embeddable":true,"href":"https:\/\/balcilar-blog.com\/index.php?rest_route=\/wp\/v2\/media\/14839"}],"wp:attachment":[{"href":"https:\/\/balcilar-blog.com\/index.php?rest_route=%2Fwp%2Fv2%2Fmedia&parent=14829"}],"wp:term":[{"taxonomy":"category","embeddable":true,"href":"https:\/\/balcilar-blog.com\/index.php?rest_route=%2Fwp%2Fv2%2Fcategories&post=14829"},{"taxonomy":"post_tag","embeddable":true,"href":"https:\/\/balcilar-blog.com\/index.php?rest_route=%2Fwp%2Fv2%2Ftags&post=14829"}],"curies":[{"name":"wp","href":"https:\/\/api.w.org\/{rel}","templated":true}]}}