{"id":14792,"date":"2016-07-28T12:01:56","date_gmt":"2016-07-28T09:01:56","guid":{"rendered":"http:\/\/balcilar-blog.com\/?p=14792"},"modified":"2016-07-28T12:29:34","modified_gmt":"2016-07-28T09:29:34","slug":"yuksek-sosyeteye-yeni-oyuncu-6-bolumde-neler-olacak","status":"publish","type":"post","link":"https:\/\/balcilar-blog.com\/?p=14792","title":{"rendered":"Y\u00fcksek Sosyete&#8217;ye yeni oyuncu, 6.B\u00f6l\u00fcmde neler olacak!"},"content":{"rendered":"<p><img loading=\"lazy\" decoding=\"async\" class=\"alignnone size-full wp-image-14796\" src=\"http:\/\/balcilar-blog.com\/wp-content\/uploads\/2016\/07\/Ekran-Al\u0131nt\u0131s\u0131Y.S.6.FR_.2.jpg\" alt=\"Ekran Al\u0131nt\u0131s\u0131Y.S.6.FR.2\" width=\"640\" height=\"369\" srcset=\"https:\/\/balcilar-blog.com\/wp-content\/uploads\/2016\/07\/Ekran-Al\u0131nt\u0131s\u0131Y.S.6.FR_.2.jpg 640w, https:\/\/balcilar-blog.com\/wp-content\/uploads\/2016\/07\/Ekran-Al\u0131nt\u0131s\u0131Y.S.6.FR_.2-300x173.jpg 300w\" sizes=\"auto, (max-width: 640px) 100vw, 640px\" \/><\/p>\n<p>Ece&#8217;nin kalbini kazanmaya \u00e7al\u0131\u015fan Mert ge\u00e7en b\u00f6l\u00fcmde g\u00f6l evine bir piknik d\u00fczenler. Kerem&#8217;den k\u00f6\u015fe bucak ka\u00e7an Cansu, Kerem&#8217;in evlenmeyece\u011fini \u00f6\u011frenen Ece&#8217;nin yalvarmalar\u0131na dayanamaz ve piknik teklifini kabul eder. B\u00f6ylece d\u00f6rt ki\u015fi hafta sonu pikni\u011fe giderler. \u00c7ok g\u00fczel ge\u00e7en piknik sonu h\u00fcsranla biter. Kerem&#8217;den ho\u015flanan Ece, arkada\u015f\u0131 Cansu ile onu el ele g\u00f6r\u00fcnce yanl\u0131\u015f anlar, g\u00f6l evini Mert ile hemen terk ederler. O ak\u015fam g\u00f6l evinde Kerem ile Cansu ba\u015f ba\u015fa kalm\u0131\u015flard\u0131.<\/p>\n<p>Bu ak\u015fam ekranlara gelecek 6.b\u00f6l\u00fcmde neler olacak? Cansu i\u015finden istifa dilek\u00e7esini M\u00fcd\u00fcr Mert&#8217;e verir. Cansu&#8217;nun da Kerem&#8217;den ho\u015fland\u0131\u011f\u0131n\u0131 \u00f6\u011frenen Ece, bu istifay\u0131 \u015fa\u015fk\u0131nl\u0131kla kar\u015f\u0131lar.<\/p>\n<p>&nbsp;<\/p>\n<p><img loading=\"lazy\" decoding=\"async\" class=\"alignnone size-full wp-image-14798\" src=\"http:\/\/balcilar-blog.com\/wp-content\/uploads\/2016\/07\/Ekran-Al\u0131nt\u0131s\u0131Y.S.FR_.6.5.jpg\" alt=\"Ekran Al\u0131nt\u0131s\u0131Y.S.FR.6.5\" width=\"640\" height=\"360\" srcset=\"https:\/\/balcilar-blog.com\/wp-content\/uploads\/2016\/07\/Ekran-Al\u0131nt\u0131s\u0131Y.S.FR_.6.5.jpg 640w, https:\/\/balcilar-blog.com\/wp-content\/uploads\/2016\/07\/Ekran-Al\u0131nt\u0131s\u0131Y.S.FR_.6.5-300x169.jpg 300w\" sizes=\"auto, (max-width: 640px) 100vw, 640px\" \/><\/p>\n<p>Mert Ece&#8217;ye; &#8220;Hayat\u0131mda ilk defe hi\u00e7 bir yere gitmeyece\u011fim, seni bekleyece\u011fim.&#8221; Diyerek Ece&#8217;ye a\u015fk\u0131n\u0131 itiraf eder.<\/p>\n<p><img loading=\"lazy\" decoding=\"async\" class=\"alignnone size-full wp-image-14797\" src=\"http:\/\/balcilar-blog.com\/wp-content\/uploads\/2016\/07\/Ekran-Al\u0131nt\u0131s\u0131Y.S.6.FR_.6.jpg\" alt=\"Ekran Al\u0131nt\u0131s\u0131Y.S.6.FR.6\" width=\"640\" height=\"366\" srcset=\"https:\/\/balcilar-blog.com\/wp-content\/uploads\/2016\/07\/Ekran-Al\u0131nt\u0131s\u0131Y.S.6.FR_.6.jpg 640w, https:\/\/balcilar-blog.com\/wp-content\/uploads\/2016\/07\/Ekran-Al\u0131nt\u0131s\u0131Y.S.6.FR_.6-300x172.jpg 300w\" sizes=\"auto, (max-width: 640px) 100vw, 640px\" \/><\/p>\n<p>Di\u011fer taraftan I\u015f\u0131l; &#8220;Benim kimsem yok, benim ailen sizsiniz diyerek&#8221; Metin&#8217;e duygusal s\u00f6m\u00fcr\u00fc yapar. Bedia Han\u0131m S\u00fcreyya Han\u0131ma; kocas\u0131 Metin&#8217;den bo\u015fanmas\u0131n\u0131 tavsiye eder.<\/p>\n<p>&nbsp;<\/p>\n<p><img loading=\"lazy\" decoding=\"async\" class=\"alignnone size-full wp-image-14795\" src=\"http:\/\/balcilar-blog.com\/wp-content\/uploads\/2016\/07\/Ekran-Al\u0131nt\u0131s\u0131Y.S.6.FR_.1.jpg\" alt=\"Ekran Al\u0131nt\u0131s\u0131Y.S.6.FR.1\" width=\"640\" height=\"368\" srcset=\"https:\/\/balcilar-blog.com\/wp-content\/uploads\/2016\/07\/Ekran-Al\u0131nt\u0131s\u0131Y.S.6.FR_.1.jpg 640w, https:\/\/balcilar-blog.com\/wp-content\/uploads\/2016\/07\/Ekran-Al\u0131nt\u0131s\u0131Y.S.6.FR_.1-300x173.jpg 300w\" sizes=\"auto, (max-width: 640px) 100vw, 640px\" \/><\/p>\n<p>Bu ak\u015famki b\u00f6l\u00fcmde diziye yeni kat\u0131lan Nihat Alt\u0131nkaya&#8217;y\u0131 g\u00f6rece\u011fiz. Daha \u00f6nce Binbir Gece, Menek\u015fe ile Halil, Kurtlar Vadisi Pusu, Dudaktan Kalbe, Yaprak D\u00f6k\u00fcm\u00fc, Kahramanlar, Unutulmaz, Tozlu Yollar ve Karaday\u0131 gibi bir \u00e7ok dizilerde rol alan Nihat Alt\u0131nkaya, \u2018Y\u00fcksek Sosyete\u2019ye dahil oldu. Nihat Alt\u0131nkaya 2012 y\u0131l\u0131nda yay\u0131nlanan Survivor \u00dcnl\u00fcler G\u00f6n\u00fcll\u00fcler yar\u0131\u015fmas\u0131nda da birinci olmu\u015ftu.<\/p>\n<p>Nihat Alt\u0131nkaya&#8217;n\u0131n \u00c7alhano\u011flu ailesine hangi karakter olarak girdi\u011fini bu ak\u015fam hep birlikte \u00f6\u011frenece\u011fiz.<\/p>\n<p>&nbsp;<\/p>\n<p><img loading=\"lazy\" decoding=\"async\" class=\"alignnone size-full wp-image-14794\" src=\"http:\/\/balcilar-blog.com\/wp-content\/uploads\/2016\/07\/Ekran-Al\u0131nt\u0131s\u0131Y\u0130S.6.FR_.4.jpg\" alt=\"Ekran Al\u0131nt\u0131s\u0131Y\u0130S.6.FR.4\" width=\"640\" height=\"371\" srcset=\"https:\/\/balcilar-blog.com\/wp-content\/uploads\/2016\/07\/Ekran-Al\u0131nt\u0131s\u0131Y\u0130S.6.FR_.4.jpg 640w, https:\/\/balcilar-blog.com\/wp-content\/uploads\/2016\/07\/Ekran-Al\u0131nt\u0131s\u0131Y\u0130S.6.FR_.4-300x174.jpg 300w\" sizes=\"auto, (max-width: 640px) 100vw, 640px\" \/><\/p>\n<p>Kerem&#8217;in Cansu&#8217;ya olan a\u015fk\u0131n\u0131 annesi Ay\u015fen Han\u0131m da fark eder. &#8220;Sen ger\u00e7ekten a\u015f\u0131k olmu\u015fsun!&#8221;<\/p>\n<p>Cansu&#8217;nun Kerem&#8217;e; &#8220;Madem her \u015fey buraya kadarm\u0131\u015f&#8221; diyerek, itiraf\u0131 ne olacak? Bu a\u015fk ba\u015flamadan bitecek mi?<\/p>\n<p>Bi Yap\u0131m&#8217;\u0131n sevilen dizisi Y\u00fcksek Sosyete&#8217;nin ba\u015f rollerinde; Hazar Erg\u00fc\u00e7l\u00fc, Engin \u00d6zt\u00fcrk, Meri\u00e7 Aral , Ozan Dolunay ve Z\u00fchal Olcay&#8217;\u0131n yer ald\u0131\u011f\u0131 6.B\u00f6l\u00fcm bu ak\u015fam Saat:20:00&#8217;de Star Tv ekranlar\u0131nda&#8230;<\/p>\n<p>Sayg\u0131lar ve sevgiler.<\/p>\n<p>Abdurrahman Balc\u0131lar<\/p>\n<p>Twitter:\u00a0<a href=\"https:\/\/twitter.com\/abbalcilar\">abdurrahman balc\u0131lar<\/a><a href=\"https:\/\/twitter.com\/abbalcilar\"><strong>@abbalcilar<\/strong><\/a><\/p>\n<p>Mail :\u00a0<a href=\"mailto:ab.balcilar@hotmail.com\">ab.balcilar@hotmail.com<\/a><\/p>\n<p>Blog:\u00a0<a href=\"http:\/\/t.co\/znqmIZgIqn\">blog.milliyet.com.tr\/cansever<\/a><\/p>\n<p>Blog:\u00a0<strong>balcilar-blog.com<\/strong><\/p>\n<p>&nbsp;<\/p>\n","protected":false},"excerpt":{"rendered":"<p>Ece&#8217;nin kalbini kazanmaya \u00e7al\u0131\u015fan Mert ge\u00e7en b\u00f6l\u00fcmde g\u00f6l evine bir piknik d\u00fczenler. Kerem&#8217;den k\u00f6\u015fe bucak ka\u00e7an Cansu, Kerem&#8217;in evlenmeyece\u011fini \u00f6\u011frenen Ece&#8217;nin yalvarmalar\u0131na dayanamaz ve piknik teklifini kabul eder. B\u00f6ylece d\u00f6rt ki\u015fi hafta sonu pikni\u011fe giderler. \u00c7ok g\u00fczel ge\u00e7en piknik sonu h\u00fcsranla biter. Kerem&#8217;den ho\u015flanan Ece, arkada\u015f\u0131 Cansu ile onu el ele g\u00f6r\u00fcnce yanl\u0131\u015f anlar, g\u00f6l [&hellip;]<\/p>\n","protected":false},"author":3,"featured_media":14796,"comment_status":"open","ping_status":"open","sticky":false,"template":"","format":"standard","meta":{"footnotes":""},"categories":[2],"tags":[1140,1139,30,25,1138],"class_list":["post-14792","post","type-post","status-publish","format-standard","has-post-thumbnail","hentry","category-tv-programlari","tag-bi-yapim","tag-engin-ozturk","tag-hazar-erguclu","tag-star-tv","tag-yuksek-sosyete"],"views":3648,"blog_post_layout_featured_media_urls":{"thumbnail":["https:\/\/balcilar-blog.com\/wp-content\/uploads\/2016\/07\/Ekran-Al\u0131nt\u0131s\u0131Y.S.6.FR_.2-150x150.jpg",150,150,true],"full":["https:\/\/balcilar-blog.com\/wp-content\/uploads\/2016\/07\/Ekran-Al\u0131nt\u0131s\u0131Y.S.6.FR_.2.jpg",640,369,false]},"categories_names":{"2":{"name":"TV Programlar\u0131","link":"https:\/\/balcilar-blog.com\/?cat=2"}},"tags_names":{"1140":{"name":"Bi Yap\u0131m","link":"https:\/\/balcilar-blog.com\/?tag=bi-yapim"},"1139":{"name":"Engin \u00d6zt\u00fcrk","link":"https:\/\/balcilar-blog.com\/?tag=engin-ozturk"},"30":{"name":"Hazar Erg\u00fc\u00e7l\u00fc","link":"https:\/\/balcilar-blog.com\/?tag=hazar-erguclu"},"25":{"name":"Star Tv","link":"https:\/\/balcilar-blog.com\/?tag=star-tv"},"1138":{"name":"Y\u00fcksek Sosyete","link":"https:\/\/balcilar-blog.com\/?tag=yuksek-sosyete"}},"comments_number":"0","wpmagazine_modules_lite_featured_media_urls":{"thumbnail":["https:\/\/balcilar-blog.com\/wp-content\/uploads\/2016\/07\/Ekran-Al\u0131nt\u0131s\u0131Y.S.6.FR_.2-150x150.jpg",150,150,true],"cvmm-medium":["https:\/\/balcilar-blog.com\/wp-content\/uploads\/2016\/07\/Ekran-Al\u0131nt\u0131s\u0131Y.S.6.FR_.2.jpg",300,173,false],"cvmm-medium-plus":["https:\/\/balcilar-blog.com\/wp-content\/uploads\/2016\/07\/Ekran-Al\u0131nt\u0131s\u0131Y.S.6.FR_.2.jpg",305,176,false],"cvmm-portrait":["https:\/\/balcilar-blog.com\/wp-content\/uploads\/2016\/07\/Ekran-Al\u0131nt\u0131s\u0131Y.S.6.FR_.2.jpg",400,231,false],"cvmm-medium-square":["https:\/\/balcilar-blog.com\/wp-content\/uploads\/2016\/07\/Ekran-Al\u0131nt\u0131s\u0131Y.S.6.FR_.2.jpg",600,346,false],"cvmm-large":["https:\/\/balcilar-blog.com\/wp-content\/uploads\/2016\/07\/Ekran-Al\u0131nt\u0131s\u0131Y.S.6.FR_.2.jpg",640,369,false],"cvmm-small":["https:\/\/balcilar-blog.com\/wp-content\/uploads\/2016\/07\/Ekran-Al\u0131nt\u0131s\u0131Y.S.6.FR_.2.jpg",130,75,false],"full":["https:\/\/balcilar-blog.com\/wp-content\/uploads\/2016\/07\/Ekran-Al\u0131nt\u0131s\u0131Y.S.6.FR_.2.jpg",640,369,false]},"_links":{"self":[{"href":"https:\/\/balcilar-blog.com\/index.php?rest_route=\/wp\/v2\/posts\/14792","targetHints":{"allow":["GET"]}}],"collection":[{"href":"https:\/\/balcilar-blog.com\/index.php?rest_route=\/wp\/v2\/posts"}],"about":[{"href":"https:\/\/balcilar-blog.com\/index.php?rest_route=\/wp\/v2\/types\/post"}],"author":[{"embeddable":true,"href":"https:\/\/balcilar-blog.com\/index.php?rest_route=\/wp\/v2\/users\/3"}],"replies":[{"embeddable":true,"href":"https:\/\/balcilar-blog.com\/index.php?rest_route=%2Fwp%2Fv2%2Fcomments&post=14792"}],"version-history":[{"count":4,"href":"https:\/\/balcilar-blog.com\/index.php?rest_route=\/wp\/v2\/posts\/14792\/revisions"}],"predecessor-version":[{"id":14801,"href":"https:\/\/balcilar-blog.com\/index.php?rest_route=\/wp\/v2\/posts\/14792\/revisions\/14801"}],"wp:featuredmedia":[{"embeddable":true,"href":"https:\/\/balcilar-blog.com\/index.php?rest_route=\/wp\/v2\/media\/14796"}],"wp:attachment":[{"href":"https:\/\/balcilar-blog.com\/index.php?rest_route=%2Fwp%2Fv2%2Fmedia&parent=14792"}],"wp:term":[{"taxonomy":"category","embeddable":true,"href":"https:\/\/balcilar-blog.com\/index.php?rest_route=%2Fwp%2Fv2%2Fcategories&post=14792"},{"taxonomy":"post_tag","embeddable":true,"href":"https:\/\/balcilar-blog.com\/index.php?rest_route=%2Fwp%2Fv2%2Ftags&post=14792"}],"curies":[{"name":"wp","href":"https:\/\/api.w.org\/{rel}","templated":true}]}}