{"id":14781,"date":"2016-07-25T22:27:43","date_gmt":"2016-07-25T19:27:43","guid":{"rendered":"http:\/\/balcilar-blog.com\/?p=14781"},"modified":"2016-07-25T22:32:16","modified_gmt":"2016-07-25T19:32:16","slug":"gecen-haftanin-18-24-temmuz-2016-en-cok-izlenen-dizileri","status":"publish","type":"post","link":"https:\/\/balcilar-blog.com\/?p=14781","title":{"rendered":"Ge\u00e7en Haftan\u0131n (18-24 Temmuz 2016) en \u00e7ok izlenen dizileri!"},"content":{"rendered":"<p><img loading=\"lazy\" decoding=\"async\" class=\"alignnone size-full wp-image-14787\" src=\"http:\/\/balcilar-blog.com\/wp-content\/uploads\/2016\/07\/cats-25-temmuz.jpg\" alt=\"cats 25 temmuz\" width=\"640\" height=\"361\" srcset=\"https:\/\/balcilar-blog.com\/wp-content\/uploads\/2016\/07\/cats-25-temmuz.jpg 640w, https:\/\/balcilar-blog.com\/wp-content\/uploads\/2016\/07\/cats-25-temmuz-300x169.jpg 300w\" sizes=\"auto, (max-width: 640px) 100vw, 640px\" \/><\/p>\n<p>TNS \u00f6l\u00e7\u00fcmlerine g\u00f6re haz\u0131rlad\u0131\u011f\u0131m <strong>18 &#8211; 24 Temmuz 2016<\/strong> Tarihleri aras\u0131nda ekranlar\u0131m\u0131za gelen, Total\u2019de ve AB\u2019de ilk ona giren, haftan\u0131n dizi karnesini a\u015fa\u011f\u0131da bilgilerinize sunuyorum.<\/p>\n<p>Bu hafta da darbenin arkas\u0131ndan kanallarda haberler \u00f6n plana \u00e7\u0131kt\u0131. Baz\u0131 dizilerde tekrarlar\u0131 ekranlara geldi. Bu hafta dizilerden her g\u00fcn en y\u00fcksek reyting alan bir diziyi ald\u0131m. Dolay\u0131siyle 7 dizi listeye girdi.<\/p>\n<p>Total&#8217;de Star Tv&#8217;nin yaz dizisi, Y\u00fcksek Sosyete ald\u0131\u011f\u0131 5,61 puan ile 1.s\u0131rada yer ald\u0131. Total&#8217;nin 7.s\u0131ras\u0131nda ise, Kanal D&#8217;nin Hayat\u0131m\u0131n A\u015fk\u0131 ald\u0131\u011f\u0131 2,54 puanla yer alm\u0131\u015ft\u0131r.<\/p>\n<p>AB&#8217;nin ilk s\u0131ras\u0131nda Star Tv&#8217;nin Y\u00fcksek Sosyete 5.B\u00f6l\u00fcmde ald\u0131\u011f\u0131 4,15 reyting puan\u0131 ile ile yer ald\u0131. AB&#8217;de 7.s\u0131ras\u0131nda ise, Hayat Sevince G\u00fczel Tekrar b\u00f6l\u00fcm\u00fc 2.21 puan ile yer ald\u0131.<\/p>\n<p>Serkan \u00c7ayo\u011flu ile Hande Do\u011fandemir&#8217;in yeni dizisi Hayat\u0131m\u0131n A\u015fk\u0131 9.b\u00f6l\u00fcm ekranlar\u0131m\u0131za geldi. Her iki kategoride de 3.s\u0131rada yer ald\u0131.<\/p>\n<p>Bu hafta ekranlara gelen \u00fc\u00e7 yeni dizi 2.b\u00f6l\u00fcmleri ile ilk yediye girmeyi ba\u015fard\u0131lar. Bu diziler, Show Tv&#8217;nin G\u00fcl\u00fcmse Yeter, Kanal D&#8217;nin Kan\u0131t: Ate\u015f \u00dcst\u00fcnde ve Fox Tv&#8217;nin N&#8221;Olur Ayr\u0131lmayal\u0131m dizileri oldu.<\/p>\n<p><strong>Reyting Nedir?<\/strong><br \/>\nReyting, izleyici tercihlerine g\u00f6re ortaya \u00e7\u0131kan izlenme pay\u0131n\u0131n kanallara ve programlara payla\u015ft\u0131r\u0131lmas\u0131 ile olu\u015fan de\u011ferlendirmedir. Reyting de\u011ferlendirmesi kanallar ve reklam \u015firketleri ad\u0131na TNS taraf\u0131ndan ger\u00e7ekle\u015ftirilir. \u00d6l\u00e7me i\u015flemi yakla\u015f\u0131k 2200 haneye yerle\u015ftirilen ve gizli tutulan reyting \u00f6l\u00e7me cihazlar\u0131 ile elde edilir. Reyting sonu\u00e7lar\u0131, t\u00fcm g\u00fcn boyunca izlenen programlar\u0131n listelenmesine imkan verir.<\/p>\n<p><strong>\u00d6l\u00e7\u00fcmler nas\u0131l yap\u0131l\u0131yor ?<\/strong><\/p>\n<p>Ba\u011f\u0131ms\u0131z kurulu\u015f taraf\u0131ndan hesaplanan sonu\u00e7lar 3 kategoride hesaplan\u0131yor AB, Total ve ABC1 kategorileri sonu\u00e7lar\u0131nda share ve rating s\u0131ral\u0131 olarak 100 Tv program\u0131 g\u00fcnl\u00fck olarak payla\u015f\u0131l\u0131yor reklam verenler ve yap\u0131mc\u0131lar i\u00e7in \u00f6nemli yere sahip olan sonu\u00e7lar denek tv&#8217;lerde ki \u00f6l\u00e7\u00fcm cihazlar\u0131 vas\u0131tas\u0131yla istatistiki bilgileri al\u0131n\u0131yor.<\/p>\n<p>Bu hafta en \u00e7ok izlenen ilk ona giren dizlere g\u00f6z atal\u0131m. Bu s\u0131ralama sadece dizilerin reytingler y\u00fczdesine g\u00f6re en \u00e7ok izlenen dizilerin ilk 10\u2019da yer alanlar\u0131n\u0131 s\u0131ralamaya koyuyorum. Yar\u0131\u015fma, e\u011flence ve haber programlar\u0131 y\u00fczdeleri y\u00fcksek olsa da bu s\u0131ralamaya koymuyorum. Bu sadece dizilerin yar\u0131\u015f\u0131d\u0131r, en \u00e7ok izlenen dizilerin s\u0131ralamas\u0131d\u0131r. Bir nevi dizilerin karnesidir.<\/p>\n<p><strong>Ge\u00e7en Haftan\u0131n En \u00c7ok \u0130zlenen Dizileri:<\/strong><\/p>\n<p><strong>Total ilk 7:<\/strong><\/p>\n<p>1.Y\u00fcksek Sosyete 5.B\u00f6l\u00fcm (Star Tv)&#8230;&#8230;&#8230;&#8230;&#8230;&#8230;&#8230;&#8230;5,61 &#8211; 20,01<\/p>\n<p>2.No:309 \u00d6zel 6.B\u00f6l\u00fcm Tekrar (Fox Tv)&#8230;&#8230;&#8230;&#8230;&#8230;.4,57 &#8211; 15,97<\/p>\n<p>3.Hayat Sevince G\u00fczel 6.B\u00f6l\u00fcm Tekrar (Fox Tv&#8230;.3,55 &#8211; 12,48<\/p>\n<p>4.Tatl\u0131 \u0130ntikam 16.B\u00f6l\u00fcm (Kanal D)&#8230;&#8230;&#8230;&#8230;&#8230;&#8230;&#8230;.3,22 &#8211; 13,89<\/p>\n<p>5.N&#8221;olur Ayr\u0131lmayal\u0131m 2.B\u00f6l\u00fcm (Fox Tv)&#8230;&#8230;&#8230;&#8230;.3,00 &#8211; 11,43<\/p>\n<p>6.Kan\u0131t: Ate\u015f \u00dcst\u00fcnde 2.B\u00f6l\u00fcm (Kanal D)&#8230;&#8230;&#8230;&#8230;2,59 &#8211; 9,52<\/p>\n<p>7.Hayat\u0131m\u0131n A\u015fk\u0131 9.B\u00f6l\u00fcm (Kanal D)&#8230;&#8230;&#8230;&#8230;&#8230;&#8230;..2,54 &#8211; 9,80<\/p>\n<p>&nbsp;<\/p>\n<p><strong>AB\u2019de ilk 7:<\/strong><\/p>\n<p>1.Y\u00fcksek Sosyete 5.B\u00f6l\u00fcm (Star Tv)&#8230;&#8230;&#8230;&#8230;&#8230;&#8230;..4,15 &#8211; 16,69<\/p>\n<p>2.Tatl\u0131 \u0130ntikam 16.B\u00f6l\u00fcm (Kanal D)&#8230;&#8230;&#8230;&#8230;&#8230;&#8230;..3,98 &#8211; 16,72<\/p>\n<p>3.No:309 6.B\u00f6l\u00fcm Tekrar (Fox Tv)&#8230;&#8230;&#8230;&#8230;&#8230;&#8230;&#8230;3,62 &#8211; 13,15<\/p>\n<p>4.Kan\u0131t: Ate\u015f \u00dcst\u00fcnde 2.B\u00f6l\u00fcm (Kanal D)&#8230;&#8230;&#8230;.3,08 &#8211; 11,96<\/p>\n<p>5.N&#8221;olur Ayr\u0131lmayal\u0131m 2.B\u00f6l\u00fcm (Fox Tv)&#8230;&#8230;&#8230;&#8230;2,46 &#8211; 9,23<\/p>\n<p>6.Hayat\u0131m\u0131n A\u015fk\u0131 9.B\u00f6l\u00fcm (Kanal D)&#8230;&#8230;&#8230;&#8230;&#8230;&#8230;.2,25 &#8211; 10,21<\/p>\n<p>7.Hayat Sevince G\u00fczel 6.B\u00f6l\u00fcm Tekrar (Fox Tv&#8230;2,21 &#8211; 7,80<\/p>\n<p>&nbsp;<\/p>\n<p><strong>TOTAL ve AB Grubunda reytingleri en y\u00fcksek olan ilk 4 s\u0131ralamas\u0131: \u00a0<\/strong>(Tekrar yay\u0131nlanan diziler dereceye al\u0131nmam\u0131\u015ft\u0131r)<\/p>\n<p><strong>1.Y\u00fcksek Sosyete :<\/strong> Star Tv&#8217;nin sevilen dizisi 5.b\u00f6l\u00fcm\u00fcnde Total&#8217;de ald\u0131\u011f\u0131 5,61 reyting puan\u0131 ile 1.s\u0131rada yer alm\u0131\u015ft\u0131r.<\/p>\n<p>Ece&#8217;nin g\u00f6nl\u00fcn\u00fc almaya \u00e7al\u0131\u015fan Mert; d\u00f6rtl\u00fcm\u00fcz i\u00e7in g\u00f6l kenar\u0131nda bir piknik ayarlar. Kerem&#8217;den k\u00f6\u015fe bucak ka\u00e7an Cansu, Kerem&#8217;in evlenmeyece\u011fini \u00f6\u011frenen Ece&#8217;nin yalvarmalar\u0131na dayanamaz ve piknik teklifini kabul eder. B\u00f6ylece d\u00f6rtl\u00fcm\u00fcz; s\u00fcrpriz yak\u0131nla\u015fmalar\u0131n habercisi bir pikni\u011fe do\u011fru yola \u00e7\u0131kar. \u00c7ok g\u00fczel bir mangal partisi yaparlar. Havuzda devam eden e\u011flence, Cancu&#8217;nun bo\u011fulma tehlikesi ge\u00e7irmesi ile k\u00f6t\u00fc biter. Ece, Kerem ile Cansu&#8217;yu el ele g\u00f6r\u00fcnce \u00e7\u0131lg\u0131na d\u00f6ner, Kerem ile Cansuyu g\u00f6l evinde b\u0131rakarak Mert ile d\u00f6nerler. Di\u011fer taraftan Metin, S\u00fcreyya&#8217;y\u0131 geri kazanmak i\u00e7in romantik jestlere ba\u015fvurur. Bu geli\u015fmelerden haberi olmayan I\u015f\u0131l ise S\u00fcreyya\u2019ya kar\u015f\u0131 verdi\u011fi sava\u015f\u0131 kazand\u0131\u011f\u0131n\u0131 d\u00fc\u015f\u00fcn\u00fcr. Ama iki kad\u0131n\u0131 da bekleyen k\u00f6t\u00fc bir s\u00fcrpriz vard\u0131r.<\/p>\n<p><img loading=\"lazy\" decoding=\"async\" class=\"alignnone size-full wp-image-14783\" src=\"http:\/\/balcilar-blog.com\/wp-content\/uploads\/2016\/07\/Cn4-A0AXYAAptek-1.jpg\" alt=\"Cn4-A0AXYAAptek\" width=\"640\" height=\"427\" srcset=\"https:\/\/balcilar-blog.com\/wp-content\/uploads\/2016\/07\/Cn4-A0AXYAAptek-1.jpg 640w, https:\/\/balcilar-blog.com\/wp-content\/uploads\/2016\/07\/Cn4-A0AXYAAptek-1-300x200.jpg 300w\" sizes=\"auto, (max-width: 640px) 100vw, 640px\" \/><\/p>\n<p>&nbsp;<\/p>\n<p><strong>2.Tatl\u0131 \u0130ntikam :<\/strong> Dizinin 16.b\u00f6l\u00fcm\u00fcnde AB&#8217;de ald\u0131\u011f\u0131 3,98 ile 2.s\u0131rada yer alm\u0131\u015ft\u0131r.<\/p>\n<p>R\u00fczgar, Sinan ile Pelin\u2019i dedesinin durumundan sorumlu tutar. \u00d6zellikle Pelin\u2019i su\u00e7lar. Dedenin hastal\u0131\u011f\u0131yla R\u00fczgar\u2019\u0131n ge\u00e7mi\u015fi ile ilgili baz\u0131 ger\u00e7ekler de ortaya \u00e7\u0131kmaya ba\u015flar.\u00a0Sinan ve B\u00fclent, restoran paras\u0131n\u0131 ararken kar\u015f\u0131lar\u0131na yeni bir engel \u00e7\u0131kar. Sinan ve Pelin b\u00fct\u00fcn bu olanlara ra\u011fmen a\u015fklar\u0131n\u0131 ya\u015famaya \u00e7al\u0131\u015f\u0131rken Pelin\u2019i k\u00f6t\u00fc bir son beklemektedir.<\/p>\n<p><img loading=\"lazy\" decoding=\"async\" class=\"alignnone size-full wp-image-14784\" src=\"http:\/\/balcilar-blog.com\/wp-content\/uploads\/2016\/07\/578dec9318c773124c7a03da.jpg\" alt=\"578dec9318c773124c7a03da\" width=\"640\" height=\"361\" srcset=\"https:\/\/balcilar-blog.com\/wp-content\/uploads\/2016\/07\/578dec9318c773124c7a03da.jpg 640w, https:\/\/balcilar-blog.com\/wp-content\/uploads\/2016\/07\/578dec9318c773124c7a03da-300x169.jpg 300w\" sizes=\"auto, (max-width: 640px) 100vw, 640px\" \/><\/p>\n<p>&nbsp;<\/p>\n<p><strong>3.Kan\u0131t: Ate\u015f \u00dcst\u00fcnde :<\/strong> Kanal D&#8217;nin yeni yaz dizisi Kan\u0131t, bu haftaki 2.b\u00f6l\u00fcm\u00fc ile AB&#8217;de ald\u0131\u011f\u0131 3,08 puanla 3.s\u0131rada yer alm\u0131\u015ft\u0131r.\u00a0Prof. Dr. Sevil Atasoy\u2019un g\u00fcndemdeki \u00f6nemli konular\u0131 yer ald\u0131\u011f\u0131 Kan\u0131t program\u0131n\u0131n ard\u0131ndan yeni bir yap\u0131m olarak ekranlara gelmeye ba\u015flayan Kan\u0131t: Ate\u015f \u00dcst\u00fcnde bir kez daha televizyon ba\u015f\u0131na kilitledi. \u0130lk b\u00f6l\u00fcm\u00fc ile sosyal medyay\u0131 sallayan yeni dizinin 2. b\u00f6l\u00fcm\u00fc bu ak\u015fam Kanal D\u2019de yay\u0131nland\u0131. Tansel \u00d6ngel, Ba\u015fak G\u00fcr\u00f6z ve Ahmet Olgun S\u00fcnear\u2019\u0131n ba\u015f rollerini payla\u015ft\u0131\u011f\u0131 dizide ya\u015fananlar nefes kesti.<\/p>\n<p><img loading=\"lazy\" decoding=\"async\" class=\"alignnone size-full wp-image-14785\" src=\"http:\/\/balcilar-blog.com\/wp-content\/uploads\/2016\/07\/578e2ca2ae784910f4921200.jpg\" alt=\"578e2ca2ae784910f4921200\" width=\"640\" height=\"384\" srcset=\"https:\/\/balcilar-blog.com\/wp-content\/uploads\/2016\/07\/578e2ca2ae784910f4921200.jpg 640w, https:\/\/balcilar-blog.com\/wp-content\/uploads\/2016\/07\/578e2ca2ae784910f4921200-300x180.jpg 300w\" sizes=\"auto, (max-width: 640px) 100vw, 640px\" \/><\/p>\n<p>&nbsp;<\/p>\n<p><strong>4.N&#8221;Olur ayr\u0131lmayal\u0131m :<\/strong> Fox Tv&#8217;nin yazl\u0131k dizisi &#8220;N&#8221;Olur Ayr\u0131lmayal\u0131m&#8221; bu hafta Total&#8217;de ald\u0131\u011f\u0131 3,00 reyting puan\u0131 ile 4.s\u0131rada yer alm\u0131\u015ft\u0131r. Yap\u0131mc\u0131l\u0131\u011f\u0131n\u0131 Osman S\u0131nav\u2019\u0131n, y\u00f6netmenli\u011fini ise o\u011flu Yusuf \u00d6mer S\u0131nav\u2019\u0131n \u00fcstlendi\u011fi N&#8217;olur Ayr\u0131lal\u0131m&#8217;\u0131n ba\u015frollerinde G\u00fcrgen \u00d6z, Nilay Duru, Aras Ayd\u0131n, Nilperi \u015eahinkaya gibi gen\u00e7 ve sevilen oyuncular bulunuyor. Birlikte olup ayr\u0131ld\u0131\u011f\u0131 her k\u0131z\u0131n, hayat\u0131n\u0131n a\u015fk\u0131yla evlendi\u011fine inan\u0131lan modern bir Telli Baba (Aras Ayd\u0131n) ve onu televizyon\u015fovuna d\u00f6n\u00fc\u015ft\u00fcrmeye \u00e7al\u0131\u015fan Turgay\u2019\u0131n (G\u00fcrgen \u00d6z) e\u011flenceli hikayesinin anlat\u0131ld\u0131\u011f\u0131 dizide, Nilay Duru\u2019nun canland\u0131rd\u0131\u011f\u0131 Azize karakteri ise, iki erkek aras\u0131nda hayat\u0131n\u0131n a\u015fk\u0131n\u0131 bulmaya \u00e7al\u0131\u015f\u0131yor.<\/p>\n<p><img loading=\"lazy\" decoding=\"async\" class=\"alignnone size-full wp-image-14786\" src=\"http:\/\/balcilar-blog.com\/wp-content\/uploads\/2016\/07\/1468154577-4378871.jpg\" alt=\"1468154577-4378871\" width=\"640\" height=\"410\" srcset=\"https:\/\/balcilar-blog.com\/wp-content\/uploads\/2016\/07\/1468154577-4378871.jpg 640w, https:\/\/balcilar-blog.com\/wp-content\/uploads\/2016\/07\/1468154577-4378871-300x192.jpg 300w\" sizes=\"auto, (max-width: 640px) 100vw, 640px\" \/><\/p>\n<p>&nbsp;<\/p>\n<p><strong>Her iki kategorinin ilk on&#8217;da yer alan dizileri :<\/strong><\/p>\n<p>Hayat Sevince G\u00fczel, Kan\u0131t: Ate\u015f \u00dcst\u00fcnde, \u015eahane Damat, No:309, Y\u00fcksek Sosyete, N&#8221;olur Ayr\u0131lmayal\u0131m,Tatl\u0131 \u0130ntikam ve Hayat\u0131m\u0131n A\u015fk\u0131 her iki grupta yer alan diziler olmu\u015ftur.<\/p>\n<p>&nbsp;<\/p>\n<p><strong>Kanallara g\u00f6re s\u0131ralamaya g\u00f6z atarsak :<\/strong><\/p>\n<p>Total grubunda: Fox Tv ve Kanal D 3 dizi. Star bir dizi ile yer alm\u0131\u015ft\u0131r.<\/p>\n<p>AB\u2019de ilk onda: Fox Tv ve Kanal D 3 dizi. Star bir dizi ile yer alm\u0131\u015ft\u0131r.<\/p>\n<p>Bu haftan\u0131n kanal\u0131; Total&#8217;de ve AB&#8217;de 3&#8217;er ile Fox Tv ve Kanal D haftan\u0131n birincili\u011fini alm\u0131\u015ft\u0131r.<\/p>\n<p>Ge\u00e7en hafta darbenin etkileri s\u00fcrd\u00fc. Kanallar\u0131n yay\u0131n ak\u0131\u015flar\u0131 bozuldu. Haberler kanallarda \u00f6ne \u00e7\u0131kt\u0131. Bu demokrasimize vurulan yumru\u011fun sars\u0131nt\u0131lar\u0131 yava\u015f yava\u015f ge\u00e7iyor. Televizyonlar normal yay\u0131n ak\u0131\u015flar\u0131n\u0131 k\u0131sa zamanda d\u00f6neceklerdir.<\/p>\n<p>&nbsp;<\/p>\n<p>Sayg\u0131lar ve sevgiler.<\/p>\n<p>Abdurrahman Balc\u0131lar<\/p>\n<p>Twitter:\u00a0<a href=\"https:\/\/twitter.com\/abbalcilar\">abdurrahman balc\u0131lar<\/a><a href=\"https:\/\/twitter.com\/abbalcilar\"><strong>@abbalcilar<\/strong><\/a><\/p>\n<p>Mail :\u00a0<a href=\"mailto:ab.balcilar@hotmail.com\">ab.balcilar@hotmail.com<\/a><\/p>\n<p>Blog:\u00a0<a href=\"http:\/\/t.co\/znqmIZgIqn\">blog.milliyet.com.tr\/cansever<\/a><\/p>\n<p>Blog:\u00a0<strong>balcilar-blog.com<\/strong><\/p>\n<p>Not: G\u00f6rseller taraf\u0131mdan \u0130nternetten, s\u0131ralamalar dizi reytinglerinden al\u0131nm\u0131\u015ft\u0131r.<\/p>\n<p>&nbsp;<\/p>\n","protected":false},"excerpt":{"rendered":"<p>TNS \u00f6l\u00e7\u00fcmlerine g\u00f6re haz\u0131rlad\u0131\u011f\u0131m 18 &#8211; 24 Temmuz 2016 Tarihleri aras\u0131nda ekranlar\u0131m\u0131za gelen, Total\u2019de ve AB\u2019de ilk ona giren, haftan\u0131n dizi karnesini a\u015fa\u011f\u0131da bilgilerinize sunuyorum. Bu hafta da darbenin arkas\u0131ndan kanallarda haberler \u00f6n plana \u00e7\u0131kt\u0131. Baz\u0131 dizilerde tekrarlar\u0131 ekranlara geldi. Bu hafta dizilerden her g\u00fcn en y\u00fcksek reyting alan bir diziyi ald\u0131m. Dolay\u0131siyle 7 dizi [&hellip;]<\/p>\n","protected":false},"author":3,"featured_media":14787,"comment_status":"open","ping_status":"open","sticky":false,"template":"","format":"standard","meta":{"footnotes":""},"categories":[2],"tags":[598,1203,1204,1007,530,1138],"class_list":["post-14781","post","type-post","status-publish","format-standard","has-post-thumbnail","hentry","category-tv-programlari","tag-dizilerin-karnesi","tag-kanit-ates-ustunde","tag-nolur-ayrilmayalim","tag-tatli-intikam","tag-tns-olcumleri","tag-yuksek-sosyete"],"views":3129,"blog_post_layout_featured_media_urls":{"thumbnail":["https:\/\/balcilar-blog.com\/wp-content\/uploads\/2016\/07\/cats-25-temmuz-150x150.jpg",150,150,true],"full":["https:\/\/balcilar-blog.com\/wp-content\/uploads\/2016\/07\/cats-25-temmuz.jpg",640,361,false]},"categories_names":{"2":{"name":"TV Programlar\u0131","link":"https:\/\/balcilar-blog.com\/?cat=2"}},"tags_names":{"598":{"name":"Dizilerin Karnesi","link":"https:\/\/balcilar-blog.com\/?tag=dizilerin-karnesi"},"1203":{"name":"Kan\u0131t: Ate\u015f \u00dcst\u00fcnde","link":"https:\/\/balcilar-blog.com\/?tag=kanit-ates-ustunde"},"1204":{"name":"N\"Olur Ayr\u0131lmayal\u0131m","link":"https:\/\/balcilar-blog.com\/?tag=nolur-ayrilmayalim"},"1007":{"name":"Tatl\u0131 \u0130ntikam","link":"https:\/\/balcilar-blog.com\/?tag=tatli-intikam"},"530":{"name":"TNS \u00f6l\u00e7\u00fcmleri","link":"https:\/\/balcilar-blog.com\/?tag=tns-olcumleri"},"1138":{"name":"Y\u00fcksek Sosyete","link":"https:\/\/balcilar-blog.com\/?tag=yuksek-sosyete"}},"comments_number":"0","wpmagazine_modules_lite_featured_media_urls":{"thumbnail":["https:\/\/balcilar-blog.com\/wp-content\/uploads\/2016\/07\/cats-25-temmuz-150x150.jpg",150,150,true],"cvmm-medium":["https:\/\/balcilar-blog.com\/wp-content\/uploads\/2016\/07\/cats-25-temmuz.jpg",300,169,false],"cvmm-medium-plus":["https:\/\/balcilar-blog.com\/wp-content\/uploads\/2016\/07\/cats-25-temmuz.jpg",305,172,false],"cvmm-portrait":["https:\/\/balcilar-blog.com\/wp-content\/uploads\/2016\/07\/cats-25-temmuz.jpg",400,226,false],"cvmm-medium-square":["https:\/\/balcilar-blog.com\/wp-content\/uploads\/2016\/07\/cats-25-temmuz.jpg",600,338,false],"cvmm-large":["https:\/\/balcilar-blog.com\/wp-content\/uploads\/2016\/07\/cats-25-temmuz.jpg",640,361,false],"cvmm-small":["https:\/\/balcilar-blog.com\/wp-content\/uploads\/2016\/07\/cats-25-temmuz.jpg",130,73,false],"full":["https:\/\/balcilar-blog.com\/wp-content\/uploads\/2016\/07\/cats-25-temmuz.jpg",640,361,false]},"_links":{"self":[{"href":"https:\/\/balcilar-blog.com\/index.php?rest_route=\/wp\/v2\/posts\/14781","targetHints":{"allow":["GET"]}}],"collection":[{"href":"https:\/\/balcilar-blog.com\/index.php?rest_route=\/wp\/v2\/posts"}],"about":[{"href":"https:\/\/balcilar-blog.com\/index.php?rest_route=\/wp\/v2\/types\/post"}],"author":[{"embeddable":true,"href":"https:\/\/balcilar-blog.com\/index.php?rest_route=\/wp\/v2\/users\/3"}],"replies":[{"embeddable":true,"href":"https:\/\/balcilar-blog.com\/index.php?rest_route=%2Fwp%2Fv2%2Fcomments&post=14781"}],"version-history":[{"count":4,"href":"https:\/\/balcilar-blog.com\/index.php?rest_route=\/wp\/v2\/posts\/14781\/revisions"}],"predecessor-version":[{"id":14790,"href":"https:\/\/balcilar-blog.com\/index.php?rest_route=\/wp\/v2\/posts\/14781\/revisions\/14790"}],"wp:featuredmedia":[{"embeddable":true,"href":"https:\/\/balcilar-blog.com\/index.php?rest_route=\/wp\/v2\/media\/14787"}],"wp:attachment":[{"href":"https:\/\/balcilar-blog.com\/index.php?rest_route=%2Fwp%2Fv2%2Fmedia&parent=14781"}],"wp:term":[{"taxonomy":"category","embeddable":true,"href":"https:\/\/balcilar-blog.com\/index.php?rest_route=%2Fwp%2Fv2%2Fcategories&post=14781"},{"taxonomy":"post_tag","embeddable":true,"href":"https:\/\/balcilar-blog.com\/index.php?rest_route=%2Fwp%2Fv2%2Ftags&post=14781"}],"curies":[{"name":"wp","href":"https:\/\/api.w.org\/{rel}","templated":true}]}}